{"id":27961,"date":"2025-03-08T20:24:37","date_gmt":"2025-03-08T20:24:37","guid":{"rendered":"https:\/\/www.letsportsrock.com\/?p=27961"},"modified":"2025-03-08T20:24:37","modified_gmt":"2025-03-08T20:24:37","slug":"ma-intorc-fostul-star-al-fcsb-si-a-reziliat-contractul-cu-fc-arges-pitesti-declarand-ca-va","status":"publish","type":"post","link":"https:\/\/www.letsportsrock.com\/?p=27961","title":{"rendered":"\u201eM\u0103 \u00eentorc\u201d \u2013 Fostul star al FCSB \u0219i-a reziliat contractul cu FC Arge\u0219 Pite\u0219ti, declar\u00e2nd c\u0103 va\u2026\u2026"},"content":{"rendered":"<div class=\"d79db4796efc26332eabfc3f5dafbc76\" data-index=\"1\" style=\"float: none; margin:10px 0 10px 0; text-align:center;\">\n<div class=\"hb-ad-inarticle\">\r\n    <div class=\"hb-ad-inner\"> \r\n    <div class=\"hbagency_cls\"  id=\"hbagency_space_111930\"><\/div><\/div> <\/div>\n<\/div>\n<p>\u201eM\u0103 \u00eentorc\u201d \u2013 Fostul star al FCSB \u0219i-a reziliat contractul cu FC Arge\u0219 Pite\u0219ti, declar\u00e2nd c\u0103 va\u2026\u2026<\/p>\n<p>&nbsp;<\/p>\n<p>Cristi T\u0103nase, fostul c\u0103pitan al FCSB, \u0219i-a reziliat contractul cu FC Arge\u0219 \u00een iulie 2022, dup\u0103 un an petrecut la clubul pite\u0219tean. Ulterior, el a declarat c\u0103 nu \u00ee\u0219i dore\u0219te s\u0103 evolueze \u00een Liga a 2-a \u0219i c\u0103 ia \u00een calcul retragerea din activitatea competi\u021bional\u0103, cu excep\u021bia cazului \u00een care prime\u0219te o ofert\u0103 de nerefuzat.<\/p>\n<p><img loading=\"lazy\" decoding=\"async\" class=\"alignnone size-medium wp-image-27965\" src=\"https:\/\/www.letsportsrock.com\/wp-content\/uploads\/2025\/03\/images-2025-03-08T212331.735-300x180.jpeg\" alt=\"\" width=\"300\" height=\"180\" srcset=\"https:\/\/www.letsportsrock.com\/wp-content\/uploads\/2025\/03\/images-2025-03-08T212331.735-300x180.jpeg 300w, https:\/\/www.letsportsrock.com\/wp-content\/uploads\/2025\/03\/images-2025-03-08T212331.735.jpeg 700w\" sizes=\"auto, (max-width: 300px) 100vw, 300px\" \/><\/p>\n<p>\u00cen ceea ce prive\u0219te Florinel Coman, un alt fost star al FCSB, acesta \u0219i-a reziliat contractul cu Al-Gharafa SC din Qatar \u00een decembrie 2024, men\u021bion\u00e2nd inten\u021bia de a reveni \u00een fotbalul rom\u00e2nesc. Declara\u021bia sa \u201eM\u0103 \u00eentorc\u201d a alimentat specula\u021biile privind o posibil\u0103 revenire la FCSB, clubul unde s-a consacrat.<\/p>\n<p>&nbsp;<\/p>\n<p>Un alt fost juc\u0103tor al FCSB, funda\u0219ul Marius Briceag, a revenit \u00een Rom\u00e2nia \u00een iunie 2024, semn\u00e2nd cu FC Arge\u0219 dup\u0103 o perioad\u0103 petrecut\u0103 la Korona Kielce \u00een Polonia. Transferul s\u0103u a fost oficializat la 1 iulie 2024.<\/p>\n<p>&nbsp;<\/p>\n<p>Aceste mi\u0219c\u0103ri subliniaz\u0103 tendin\u021ba unor fo\u0219ti juc\u0103tori ai FCSB de a reveni \u00een fotbalul rom\u00e2nesc, fie pentru a-\u0219i \u00eencheia cariera, fie pentru a-\u0219i relansa parcursul profesional.<\/p>\n\n<div style=\"font-size: 0px; height: 0px; line-height: 0px; margin: 0; padding: 0; clear: both;\"><\/div>","protected":false},"excerpt":{"rendered":"<p>\u201eM\u0103 \u00eentorc\u201d \u2013 Fostul star al FCSB \u0219i-a reziliat contractul cu FC Arge\u0219 Pite\u0219ti, declar\u00e2nd c\u0103 va\u2026\u2026 &nbsp; Cristi T\u0103nase, fostul c\u0103pitan al FCSB, \u0219i-a reziliat contractul cu FC Arge\u0219 \u00een iulie 2022, dup\u0103 un an petrecut la clubul pite\u0219tean. Ulterior, el a declarat c\u0103 nu \u00ee\u0219i dore\u0219te s\u0103 evolueze \u00een Liga a 2-a \u0219i [&hellip;]<\/p>\n","protected":false},"author":9,"featured_media":27962,"comment_status":"open","ping_status":"open","sticky":false,"template":"","format":"standard","meta":{"_jetpack_memberships_contains_paid_content":false,"footnotes":""},"categories":[276],"tags":[264],"class_list":["post-27961","post","type-post","status-publish","format-standard","has-post-thumbnail","hentry","category-fcsb","tag-fcsb"],"yoast_head":"<!-- This site is optimized with the Yoast SEO plugin v27.5 - https:\/\/yoast.com\/product\/yoast-seo-wordpress\/ -->\n<title>\u201eM\u0103 \u00eentorc\u201d \u2013 Fostul star al FCSB \u0219i-a reziliat contractul cu\u2026\u2026<\/title>\n<meta name=\"description\" content=\"\u201eM\u0103 \u00eentorc\u201d \u2013 Fostul star al FCSB \u0219i-a reziliat contractul cu FC Arge\u0219 Pite\u0219ti, declar\u00e2nd c\u0103 va\u2026\u2026...............\" \/>\n<meta name=\"robots\" content=\"index, follow, max-snippet:-1, max-image-preview:large, max-video-preview:-1\" \/>\n<link rel=\"canonical\" href=\"https:\/\/www.letsportsrock.com\/?p=27961\" \/>\n<meta property=\"og:locale\" content=\"en_US\" \/>\n<meta property=\"og:type\" content=\"article\" \/>\n<meta property=\"og:title\" content=\"\u201eM\u0103 \u00eentorc\u201d \u2013 Fostul star al FCSB \u0219i-a reziliat contractul cu\u2026\u2026\" \/>\n<meta property=\"og:description\" content=\"\u201eM\u0103 \u00eentorc\u201d \u2013 Fostul star al FCSB \u0219i-a reziliat contractul cu FC Arge\u0219 Pite\u0219ti, declar\u00e2nd c\u0103 va\u2026\u2026...............\" \/>\n<meta property=\"og:url\" content=\"https:\/\/www.letsportsrock.com\/?p=27961\" \/>\n<meta property=\"og:site_name\" content=\"letsportsrock\" \/>\n<meta property=\"article:published_time\" content=\"2025-03-08T20:24:37+00:00\" \/>\n<meta property=\"og:image\" content=\"https:\/\/www.letsportsrock.com\/wp-content\/uploads\/2025\/03\/images-2025-03-08T212307.928.jpeg\" \/>\n\t<meta property=\"og:image:width\" content=\"700\" \/>\n\t<meta property=\"og:image:height\" content=\"420\" \/>\n\t<meta property=\"og:image:type\" content=\"image\/jpeg\" \/>\n<meta name=\"author\" content=\"Paul Hembaor\" \/>\n<meta name=\"twitter:card\" content=\"summary_large_image\" \/>\n<meta name=\"twitter:label1\" content=\"Written by\" \/>\n\t<meta name=\"twitter:data1\" content=\"Paul Hembaor\" \/>\n\t<meta name=\"twitter:label2\" content=\"Est. reading time\" \/>\n\t<meta name=\"twitter:data2\" content=\"2 minutes\" \/>\n<script type=\"application\/ld+json\" class=\"yoast-schema-graph\">{\"@context\":\"https:\\\/\\\/schema.org\",\"@graph\":[{\"@type\":\"Article\",\"@id\":\"https:\\\/\\\/www.letsportsrock.com\\\/?p=27961#article\",\"isPartOf\":{\"@id\":\"https:\\\/\\\/www.letsportsrock.com\\\/?p=27961\"},\"author\":{\"name\":\"Paul Hembaor\",\"@id\":\"https:\\\/\\\/www.letsportsrock.com\\\/#\\\/schema\\\/person\\\/97aa0f336f5a3ca15a8ec7d78846f045\"},\"headline\":\"\u201eM\u0103 \u00eentorc\u201d \u2013 Fostul star al FCSB \u0219i-a reziliat contractul cu FC Arge\u0219 Pite\u0219ti, declar\u00e2nd c\u0103 va\u2026\u2026\",\"datePublished\":\"2025-03-08T20:24:37+00:00\",\"mainEntityOfPage\":{\"@id\":\"https:\\\/\\\/www.letsportsrock.com\\\/?p=27961\"},\"wordCount\":229,\"commentCount\":0,\"image\":{\"@id\":\"https:\\\/\\\/www.letsportsrock.com\\\/?p=27961#primaryimage\"},\"thumbnailUrl\":\"https:\\\/\\\/www.letsportsrock.com\\\/wp-content\\\/uploads\\\/2025\\\/03\\\/images-2025-03-08T212307.928.jpeg\",\"keywords\":[\"FCSB\"],\"articleSection\":[\"FCSB\"],\"inLanguage\":\"en-US\",\"potentialAction\":[{\"@type\":\"CommentAction\",\"name\":\"Comment\",\"target\":[\"https:\\\/\\\/www.letsportsrock.com\\\/?p=27961#respond\"]}]},{\"@type\":\"WebPage\",\"@id\":\"https:\\\/\\\/www.letsportsrock.com\\\/?p=27961\",\"url\":\"https:\\\/\\\/www.letsportsrock.com\\\/?p=27961\",\"name\":\"\u201eM\u0103 \u00eentorc\u201d \u2013 Fostul star al FCSB \u0219i-a reziliat contractul cu\u2026\u2026\",\"isPartOf\":{\"@id\":\"https:\\\/\\\/www.letsportsrock.com\\\/#website\"},\"primaryImageOfPage\":{\"@id\":\"https:\\\/\\\/www.letsportsrock.com\\\/?p=27961#primaryimage\"},\"image\":{\"@id\":\"https:\\\/\\\/www.letsportsrock.com\\\/?p=27961#primaryimage\"},\"thumbnailUrl\":\"https:\\\/\\\/www.letsportsrock.com\\\/wp-content\\\/uploads\\\/2025\\\/03\\\/images-2025-03-08T212307.928.jpeg\",\"datePublished\":\"2025-03-08T20:24:37+00:00\",\"author\":{\"@id\":\"https:\\\/\\\/www.letsportsrock.com\\\/#\\\/schema\\\/person\\\/97aa0f336f5a3ca15a8ec7d78846f045\"},\"description\":\"\u201eM\u0103 \u00eentorc\u201d \u2013 Fostul star al FCSB \u0219i-a reziliat contractul cu FC Arge\u0219 Pite\u0219ti, declar\u00e2nd c\u0103 va\u2026\u2026...............\",\"breadcrumb\":{\"@id\":\"https:\\\/\\\/www.letsportsrock.com\\\/?p=27961#breadcrumb\"},\"inLanguage\":\"en-US\",\"potentialAction\":[{\"@type\":\"ReadAction\",\"target\":[\"https:\\\/\\\/www.letsportsrock.com\\\/?p=27961\"]}]},{\"@type\":\"ImageObject\",\"inLanguage\":\"en-US\",\"@id\":\"https:\\\/\\\/www.letsportsrock.com\\\/?p=27961#primaryimage\",\"url\":\"https:\\\/\\\/www.letsportsrock.com\\\/wp-content\\\/uploads\\\/2025\\\/03\\\/images-2025-03-08T212307.928.jpeg\",\"contentUrl\":\"https:\\\/\\\/www.letsportsrock.com\\\/wp-content\\\/uploads\\\/2025\\\/03\\\/images-2025-03-08T212307.928.jpeg\",\"width\":700,\"height\":420},{\"@type\":\"BreadcrumbList\",\"@id\":\"https:\\\/\\\/www.letsportsrock.com\\\/?p=27961#breadcrumb\",\"itemListElement\":[{\"@type\":\"ListItem\",\"position\":1,\"name\":\"Home\",\"item\":\"https:\\\/\\\/www.letsportsrock.com\\\/\"},{\"@type\":\"ListItem\",\"position\":2,\"name\":\"\u201eM\u0103 \u00eentorc\u201d \u2013 Fostul star al FCSB \u0219i-a reziliat contractul cu FC Arge\u0219 Pite\u0219ti, declar\u00e2nd c\u0103 va\u2026\u2026\"}]},{\"@type\":\"WebSite\",\"@id\":\"https:\\\/\\\/www.letsportsrock.com\\\/#website\",\"url\":\"https:\\\/\\\/www.letsportsrock.com\\\/\",\"name\":\"letsportsrock\",\"description\":\"Sport News and Updates\",\"potentialAction\":[{\"@type\":\"SearchAction\",\"target\":{\"@type\":\"EntryPoint\",\"urlTemplate\":\"https:\\\/\\\/www.letsportsrock.com\\\/?s={search_term_string}\"},\"query-input\":{\"@type\":\"PropertyValueSpecification\",\"valueRequired\":true,\"valueName\":\"search_term_string\"}}],\"inLanguage\":\"en-US\"},{\"@type\":\"Person\",\"@id\":\"https:\\\/\\\/www.letsportsrock.com\\\/#\\\/schema\\\/person\\\/97aa0f336f5a3ca15a8ec7d78846f045\",\"name\":\"Paul Hembaor\",\"image\":{\"@type\":\"ImageObject\",\"inLanguage\":\"en-US\",\"@id\":\"https:\\\/\\\/secure.gravatar.com\\\/avatar\\\/0574929a03c152e8ea7939c31311f9ea2fe2e06139cd71e2d6e698c217219d60?s=96&d=mm&r=g\",\"url\":\"https:\\\/\\\/secure.gravatar.com\\\/avatar\\\/0574929a03c152e8ea7939c31311f9ea2fe2e06139cd71e2d6e698c217219d60?s=96&d=mm&r=g\",\"contentUrl\":\"https:\\\/\\\/secure.gravatar.com\\\/avatar\\\/0574929a03c152e8ea7939c31311f9ea2fe2e06139cd71e2d6e698c217219d60?s=96&d=mm&r=g\",\"caption\":\"Paul Hembaor\"},\"sameAs\":[\"https:\\\/\\\/www.letsportsrock.com\\\/wp-admin\\\/\"],\"url\":\"https:\\\/\\\/www.letsportsrock.com\\\/?author=9\"}]}<\/script>\n<!-- \/ Yoast SEO plugin. -->","yoast_head_json":{"title":"\u201eM\u0103 \u00eentorc\u201d \u2013 Fostul star al FCSB \u0219i-a reziliat contractul cu\u2026\u2026","description":"\u201eM\u0103 \u00eentorc\u201d \u2013 Fostul star al FCSB \u0219i-a reziliat contractul cu FC Arge\u0219 Pite\u0219ti, declar\u00e2nd c\u0103 va\u2026\u2026...............","robots":{"index":"index","follow":"follow","max-snippet":"max-snippet:-1","max-image-preview":"max-image-preview:large","max-video-preview":"max-video-preview:-1"},"canonical":"https:\/\/www.letsportsrock.com\/?p=27961","og_locale":"en_US","og_type":"article","og_title":"\u201eM\u0103 \u00eentorc\u201d \u2013 Fostul star al FCSB \u0219i-a reziliat contractul cu\u2026\u2026","og_description":"\u201eM\u0103 \u00eentorc\u201d \u2013 Fostul star al FCSB \u0219i-a reziliat contractul cu FC Arge\u0219 Pite\u0219ti, declar\u00e2nd c\u0103 va\u2026\u2026...............","og_url":"https:\/\/www.letsportsrock.com\/?p=27961","og_site_name":"letsportsrock","article_published_time":"2025-03-08T20:24:37+00:00","og_image":[{"width":700,"height":420,"url":"https:\/\/www.letsportsrock.com\/wp-content\/uploads\/2025\/03\/images-2025-03-08T212307.928.jpeg","type":"image\/jpeg"}],"author":"Paul Hembaor","twitter_card":"summary_large_image","twitter_misc":{"Written by":"Paul Hembaor","Est. reading time":"2 minutes"},"schema":{"@context":"https:\/\/schema.org","@graph":[{"@type":"Article","@id":"https:\/\/www.letsportsrock.com\/?p=27961#article","isPartOf":{"@id":"https:\/\/www.letsportsrock.com\/?p=27961"},"author":{"name":"Paul Hembaor","@id":"https:\/\/www.letsportsrock.com\/#\/schema\/person\/97aa0f336f5a3ca15a8ec7d78846f045"},"headline":"\u201eM\u0103 \u00eentorc\u201d \u2013 Fostul star al FCSB \u0219i-a reziliat contractul cu FC Arge\u0219 Pite\u0219ti, declar\u00e2nd c\u0103 va\u2026\u2026","datePublished":"2025-03-08T20:24:37+00:00","mainEntityOfPage":{"@id":"https:\/\/www.letsportsrock.com\/?p=27961"},"wordCount":229,"commentCount":0,"image":{"@id":"https:\/\/www.letsportsrock.com\/?p=27961#primaryimage"},"thumbnailUrl":"https:\/\/www.letsportsrock.com\/wp-content\/uploads\/2025\/03\/images-2025-03-08T212307.928.jpeg","keywords":["FCSB"],"articleSection":["FCSB"],"inLanguage":"en-US","potentialAction":[{"@type":"CommentAction","name":"Comment","target":["https:\/\/www.letsportsrock.com\/?p=27961#respond"]}]},{"@type":"WebPage","@id":"https:\/\/www.letsportsrock.com\/?p=27961","url":"https:\/\/www.letsportsrock.com\/?p=27961","name":"\u201eM\u0103 \u00eentorc\u201d \u2013 Fostul star al FCSB \u0219i-a reziliat contractul cu\u2026\u2026","isPartOf":{"@id":"https:\/\/www.letsportsrock.com\/#website"},"primaryImageOfPage":{"@id":"https:\/\/www.letsportsrock.com\/?p=27961#primaryimage"},"image":{"@id":"https:\/\/www.letsportsrock.com\/?p=27961#primaryimage"},"thumbnailUrl":"https:\/\/www.letsportsrock.com\/wp-content\/uploads\/2025\/03\/images-2025-03-08T212307.928.jpeg","datePublished":"2025-03-08T20:24:37+00:00","author":{"@id":"https:\/\/www.letsportsrock.com\/#\/schema\/person\/97aa0f336f5a3ca15a8ec7d78846f045"},"description":"\u201eM\u0103 \u00eentorc\u201d \u2013 Fostul star al FCSB \u0219i-a reziliat contractul cu FC Arge\u0219 Pite\u0219ti, declar\u00e2nd c\u0103 va\u2026\u2026...............","breadcrumb":{"@id":"https:\/\/www.letsportsrock.com\/?p=27961#breadcrumb"},"inLanguage":"en-US","potentialAction":[{"@type":"ReadAction","target":["https:\/\/www.letsportsrock.com\/?p=27961"]}]},{"@type":"ImageObject","inLanguage":"en-US","@id":"https:\/\/www.letsportsrock.com\/?p=27961#primaryimage","url":"https:\/\/www.letsportsrock.com\/wp-content\/uploads\/2025\/03\/images-2025-03-08T212307.928.jpeg","contentUrl":"https:\/\/www.letsportsrock.com\/wp-content\/uploads\/2025\/03\/images-2025-03-08T212307.928.jpeg","width":700,"height":420},{"@type":"BreadcrumbList","@id":"https:\/\/www.letsportsrock.com\/?p=27961#breadcrumb","itemListElement":[{"@type":"ListItem","position":1,"name":"Home","item":"https:\/\/www.letsportsrock.com\/"},{"@type":"ListItem","position":2,"name":"\u201eM\u0103 \u00eentorc\u201d \u2013 Fostul star al FCSB \u0219i-a reziliat contractul cu FC Arge\u0219 Pite\u0219ti, declar\u00e2nd c\u0103 va\u2026\u2026"}]},{"@type":"WebSite","@id":"https:\/\/www.letsportsrock.com\/#website","url":"https:\/\/www.letsportsrock.com\/","name":"letsportsrock","description":"Sport News and Updates","potentialAction":[{"@type":"SearchAction","target":{"@type":"EntryPoint","urlTemplate":"https:\/\/www.letsportsrock.com\/?s={search_term_string}"},"query-input":{"@type":"PropertyValueSpecification","valueRequired":true,"valueName":"search_term_string"}}],"inLanguage":"en-US"},{"@type":"Person","@id":"https:\/\/www.letsportsrock.com\/#\/schema\/person\/97aa0f336f5a3ca15a8ec7d78846f045","name":"Paul Hembaor","image":{"@type":"ImageObject","inLanguage":"en-US","@id":"https:\/\/secure.gravatar.com\/avatar\/0574929a03c152e8ea7939c31311f9ea2fe2e06139cd71e2d6e698c217219d60?s=96&d=mm&r=g","url":"https:\/\/secure.gravatar.com\/avatar\/0574929a03c152e8ea7939c31311f9ea2fe2e06139cd71e2d6e698c217219d60?s=96&d=mm&r=g","contentUrl":"https:\/\/secure.gravatar.com\/avatar\/0574929a03c152e8ea7939c31311f9ea2fe2e06139cd71e2d6e698c217219d60?s=96&d=mm&r=g","caption":"Paul Hembaor"},"sameAs":["https:\/\/www.letsportsrock.com\/wp-admin\/"],"url":"https:\/\/www.letsportsrock.com\/?author=9"}]}},"jetpack_featured_media_url":"https:\/\/www.letsportsrock.com\/wp-content\/uploads\/2025\/03\/images-2025-03-08T212307.928.jpeg","jetpack_sharing_enabled":true,"_links":{"self":[{"href":"https:\/\/www.letsportsrock.com\/index.php?rest_route=\/wp\/v2\/posts\/27961","targetHints":{"allow":["GET"]}}],"collection":[{"href":"https:\/\/www.letsportsrock.com\/index.php?rest_route=\/wp\/v2\/posts"}],"about":[{"href":"https:\/\/www.letsportsrock.com\/index.php?rest_route=\/wp\/v2\/types\/post"}],"author":[{"embeddable":true,"href":"https:\/\/www.letsportsrock.com\/index.php?rest_route=\/wp\/v2\/users\/9"}],"replies":[{"embeddable":true,"href":"https:\/\/www.letsportsrock.com\/index.php?rest_route=%2Fwp%2Fv2%2Fcomments&post=27961"}],"version-history":[{"count":1,"href":"https:\/\/www.letsportsrock.com\/index.php?rest_route=\/wp\/v2\/posts\/27961\/revisions"}],"predecessor-version":[{"id":27966,"href":"https:\/\/www.letsportsrock.com\/index.php?rest_route=\/wp\/v2\/posts\/27961\/revisions\/27966"}],"wp:featuredmedia":[{"embeddable":true,"href":"https:\/\/www.letsportsrock.com\/index.php?rest_route=\/wp\/v2\/media\/27962"}],"wp:attachment":[{"href":"https:\/\/www.letsportsrock.com\/index.php?rest_route=%2Fwp%2Fv2%2Fmedia&parent=27961"}],"wp:term":[{"taxonomy":"category","embeddable":true,"href":"https:\/\/www.letsportsrock.com\/index.php?rest_route=%2Fwp%2Fv2%2Fcategories&post=27961"},{"taxonomy":"post_tag","embeddable":true,"href":"https:\/\/www.letsportsrock.com\/index.php?rest_route=%2Fwp%2Fv2%2Ftags&post=27961"}],"curies":[{"name":"wp","href":"https:\/\/api.w.org\/{rel}","templated":true}]}}