{"id":28015,"date":"2025-03-08T21:48:20","date_gmt":"2025-03-08T21:48:20","guid":{"rendered":"https:\/\/www.letsportsrock.com\/?p=28015"},"modified":"2025-03-08T21:48:20","modified_gmt":"2025-03-08T21:48:20","slug":"convocat-in-premiera-la-nationala-ultimele-vesti","status":"publish","type":"post","link":"https:\/\/www.letsportsrock.com\/?p=28015","title":{"rendered":"Convocat \u00een premier\u0103 la Na\u021bional\u0103? Ultimele Ve\u0219ti&#8230;.."},"content":{"rendered":"<div class=\"d79db4796efc26332eabfc3f5dafbc76\" data-index=\"1\" style=\"float: none; margin:10px 0 10px 0; text-align:center;\">\n<div class=\"hb-ad-inarticle\">\r\n    <div class=\"hb-ad-inner\"> \r\n    <div class=\"hbagency_cls\"  id=\"hbagency_space_111930\"><\/div><\/div> <\/div>\n<\/div>\n<p>Convocat \u00een premier\u0103 la Na\u021bional\u0103? Ultimele Ve\u0219ti&#8230;..<\/p>\n<p>&nbsp;<\/p>\n<p>\u00cen ultimele zile, mai mul\u021bi fotbali\u0219ti au primit primele lor convoc\u0103ri la echipele na\u021bionale, eviden\u021biindu-se prin performan\u021bele lor remarcabile la nivel de club.<\/p>\n<p><img loading=\"lazy\" decoding=\"async\" class=\"alignnone size-medium wp-image-28019\" src=\"https:\/\/www.letsportsrock.com\/wp-content\/uploads\/2025\/03\/images-2025-03-08T224552.157-300x168.jpeg\" alt=\"\" width=\"300\" height=\"168\" srcset=\"https:\/\/www.letsportsrock.com\/wp-content\/uploads\/2025\/03\/images-2025-03-08T224552.157-300x168.jpeg 300w, https:\/\/www.letsportsrock.com\/wp-content\/uploads\/2025\/03\/images-2025-03-08T224552.157.jpeg 739w\" sizes=\"auto, (max-width: 300px) 100vw, 300px\" \/><\/p>\n<p>\u00cen Rom\u00e2nia, selec\u021bionerul Mircea Lucescu a decis s\u0103-l convoace \u00een premier\u0103 pe Victor Dican, mijloca\u0219ul de 23 de ani de la Farul Constan\u021ba. Aceast\u0103 decizie a venit dup\u0103 ce Adrian \u0218ut a fost nevoit s\u0103 se retrag\u0103 din lot din cauza unei accident\u0103ri. Dican, fost interna\u021bional U21 \u0219i participant la EURO 2023, a avut evolu\u021bii constante \u00een acest sezon, juc\u00e2nd \u00een toate cele 12 etape \u0219i marc\u00e2nd un gol pentru echipa sa de club.<\/p>\n<p>&nbsp;<\/p>\n<p>\u00cen Argentina, Giuliano Simeone, fiul antrenorului Diego Simeone, a fost convocat pentru prima dat\u0103 la na\u021bionala &#8220;pumelor&#8221;. Atacantul de 21 de ani de la Atletico Madrid a fost inclus \u00een lotul selec\u021bionerului Lionel Scaloni pentru meciul \u00eempotriva Peru, din preliminariile Cupei Mondiale 2026, dup\u0103 ce funda\u0219ii Nahuel Molina \u0219i Cristian Romero s-au accidentat. Giuliano devine astfel al doilea fiu al lui Diego Simeone care joac\u0103 pentru na\u021bionala Argentinei, dup\u0103 Giovanni Simeone de la Napoli.<\/p>\n<p>&nbsp;<\/p>\n<p>\u00cen Spania, Alejandro Grimaldo, funda\u0219ul st\u00e2nga al echipei Bayer Leverkusen, a fost convocat \u00een premier\u0103 la na\u021bionala iberic\u0103 pentru ultimele meciuri de calificare la Euro 2024 \u00eempotriva Ciprului \u0219i Georgiei. La 28 de ani, Grimaldo a impresionat prin evolu\u021biile sale \u00een Bundesliga, contribuind la ascensiunea echipei sale sub conducerea lui Xabi Alonso. De asemenea, mijloca\u0219ul Aleix Garcia de la Girona \u0219i Rodrigo Riquelme de la Atletico Madrid au primit primele lor convoc\u0103ri la echipa na\u021bional\u0103, fiind recompensa\u021bi pentru startul excelent de sezon \u00een La Liga.<\/p>\n<p>&nbsp;<\/p>\n<p>Aceste convoc\u0103ri reflect\u0103 recunoa\u0219terea muncii \u0219i dedic\u0103rii acestor juc\u0103tori la nivel de club, oferindu-le oportunitatea de a-\u0219i demonstra valoarea \u0219i la nivel interna\u021bional.<\/p>\n\n<div style=\"font-size: 0px; height: 0px; line-height: 0px; margin: 0; padding: 0; clear: both;\"><\/div>","protected":false},"excerpt":{"rendered":"<p>Convocat \u00een premier\u0103 la Na\u021bional\u0103? Ultimele Ve\u0219ti&#8230;.. &nbsp; \u00cen ultimele zile, mai mul\u021bi fotbali\u0219ti au primit primele lor convoc\u0103ri la echipele na\u021bionale, eviden\u021biindu-se prin performan\u021bele lor remarcabile la nivel de club. \u00cen Rom\u00e2nia, selec\u021bionerul Mircea Lucescu a decis s\u0103-l convoace \u00een premier\u0103 pe Victor Dican, mijloca\u0219ul de 23 de ani de la Farul Constan\u021ba. Aceast\u0103 [&hellip;]<\/p>\n","protected":false},"author":9,"featured_media":28016,"comment_status":"open","ping_status":"open","sticky":false,"template":"","format":"standard","meta":{"_jetpack_memberships_contains_paid_content":false,"footnotes":""},"categories":[1],"tags":[419],"class_list":["post-28015","post","type-post","status-publish","format-standard","has-post-thumbnail","hentry","category-uncategorized","tag-fc-dinamo-bucuresti"],"yoast_head":"<!-- This site is optimized with the Yoast SEO plugin v27.5 - https:\/\/yoast.com\/product\/yoast-seo-wordpress\/ -->\n<title>Convocat \u00een premier\u0103 la Na\u021bional\u0103? Ultimele Ve\u0219ti.....\u00a0<\/title>\n<meta name=\"description\" content=\"Convocat \u00een premier\u0103 la Na\u021bional\u0103? Ultimele Ve\u0219ti............................................................\" \/>\n<meta name=\"robots\" content=\"index, follow, max-snippet:-1, max-image-preview:large, max-video-preview:-1\" \/>\n<link rel=\"canonical\" href=\"https:\/\/www.letsportsrock.com\/?p=28015\" \/>\n<meta property=\"og:locale\" content=\"en_US\" \/>\n<meta property=\"og:type\" content=\"article\" \/>\n<meta property=\"og:title\" content=\"Convocat \u00een premier\u0103 la Na\u021bional\u0103? Ultimele Ve\u0219ti.....\u00a0\" \/>\n<meta property=\"og:description\" content=\"Convocat \u00een premier\u0103 la Na\u021bional\u0103? Ultimele Ve\u0219ti............................................................\" \/>\n<meta property=\"og:url\" content=\"https:\/\/www.letsportsrock.com\/?p=28015\" \/>\n<meta property=\"og:site_name\" content=\"letsportsrock\" \/>\n<meta property=\"article:published_time\" content=\"2025-03-08T21:48:20+00:00\" \/>\n<meta property=\"og:image\" content=\"https:\/\/www.letsportsrock.com\/wp-content\/uploads\/2025\/03\/images-2025-03-08T224544.528.jpeg\" \/>\n\t<meta property=\"og:image:width\" content=\"724\" \/>\n\t<meta property=\"og:image:height\" content=\"423\" \/>\n\t<meta property=\"og:image:type\" content=\"image\/jpeg\" \/>\n<meta name=\"author\" content=\"Paul Hembaor\" \/>\n<meta name=\"twitter:card\" content=\"summary_large_image\" \/>\n<meta name=\"twitter:label1\" content=\"Written by\" \/>\n\t<meta name=\"twitter:data1\" content=\"Paul Hembaor\" \/>\n\t<meta name=\"twitter:label2\" content=\"Est. reading time\" \/>\n\t<meta name=\"twitter:data2\" content=\"2 minutes\" \/>\n<script type=\"application\/ld+json\" class=\"yoast-schema-graph\">{\"@context\":\"https:\\\/\\\/schema.org\",\"@graph\":[{\"@type\":\"Article\",\"@id\":\"https:\\\/\\\/www.letsportsrock.com\\\/?p=28015#article\",\"isPartOf\":{\"@id\":\"https:\\\/\\\/www.letsportsrock.com\\\/?p=28015\"},\"author\":{\"name\":\"Paul Hembaor\",\"@id\":\"https:\\\/\\\/www.letsportsrock.com\\\/#\\\/schema\\\/person\\\/97aa0f336f5a3ca15a8ec7d78846f045\"},\"headline\":\"Convocat \u00een premier\u0103 la Na\u021bional\u0103? Ultimele Ve\u0219ti&#8230;..\",\"datePublished\":\"2025-03-08T21:48:20+00:00\",\"mainEntityOfPage\":{\"@id\":\"https:\\\/\\\/www.letsportsrock.com\\\/?p=28015\"},\"wordCount\":328,\"commentCount\":0,\"image\":{\"@id\":\"https:\\\/\\\/www.letsportsrock.com\\\/?p=28015#primaryimage\"},\"thumbnailUrl\":\"https:\\\/\\\/www.letsportsrock.com\\\/wp-content\\\/uploads\\\/2025\\\/03\\\/images-2025-03-08T224544.528.jpeg\",\"keywords\":[\"Fc Dinamo bucuresti\"],\"inLanguage\":\"en-US\",\"potentialAction\":[{\"@type\":\"CommentAction\",\"name\":\"Comment\",\"target\":[\"https:\\\/\\\/www.letsportsrock.com\\\/?p=28015#respond\"]}]},{\"@type\":\"WebPage\",\"@id\":\"https:\\\/\\\/www.letsportsrock.com\\\/?p=28015\",\"url\":\"https:\\\/\\\/www.letsportsrock.com\\\/?p=28015\",\"name\":\"Convocat \u00een premier\u0103 la Na\u021bional\u0103? Ultimele Ve\u0219ti.....\u00a0\",\"isPartOf\":{\"@id\":\"https:\\\/\\\/www.letsportsrock.com\\\/#website\"},\"primaryImageOfPage\":{\"@id\":\"https:\\\/\\\/www.letsportsrock.com\\\/?p=28015#primaryimage\"},\"image\":{\"@id\":\"https:\\\/\\\/www.letsportsrock.com\\\/?p=28015#primaryimage\"},\"thumbnailUrl\":\"https:\\\/\\\/www.letsportsrock.com\\\/wp-content\\\/uploads\\\/2025\\\/03\\\/images-2025-03-08T224544.528.jpeg\",\"datePublished\":\"2025-03-08T21:48:20+00:00\",\"author\":{\"@id\":\"https:\\\/\\\/www.letsportsrock.com\\\/#\\\/schema\\\/person\\\/97aa0f336f5a3ca15a8ec7d78846f045\"},\"description\":\"Convocat \u00een premier\u0103 la Na\u021bional\u0103? Ultimele Ve\u0219ti............................................................\",\"breadcrumb\":{\"@id\":\"https:\\\/\\\/www.letsportsrock.com\\\/?p=28015#breadcrumb\"},\"inLanguage\":\"en-US\",\"potentialAction\":[{\"@type\":\"ReadAction\",\"target\":[\"https:\\\/\\\/www.letsportsrock.com\\\/?p=28015\"]}]},{\"@type\":\"ImageObject\",\"inLanguage\":\"en-US\",\"@id\":\"https:\\\/\\\/www.letsportsrock.com\\\/?p=28015#primaryimage\",\"url\":\"https:\\\/\\\/www.letsportsrock.com\\\/wp-content\\\/uploads\\\/2025\\\/03\\\/images-2025-03-08T224544.528.jpeg\",\"contentUrl\":\"https:\\\/\\\/www.letsportsrock.com\\\/wp-content\\\/uploads\\\/2025\\\/03\\\/images-2025-03-08T224544.528.jpeg\",\"width\":724,\"height\":423},{\"@type\":\"BreadcrumbList\",\"@id\":\"https:\\\/\\\/www.letsportsrock.com\\\/?p=28015#breadcrumb\",\"itemListElement\":[{\"@type\":\"ListItem\",\"position\":1,\"name\":\"Home\",\"item\":\"https:\\\/\\\/www.letsportsrock.com\\\/\"},{\"@type\":\"ListItem\",\"position\":2,\"name\":\"Convocat \u00een premier\u0103 la Na\u021bional\u0103? Ultimele Ve\u0219ti&#8230;..\"}]},{\"@type\":\"WebSite\",\"@id\":\"https:\\\/\\\/www.letsportsrock.com\\\/#website\",\"url\":\"https:\\\/\\\/www.letsportsrock.com\\\/\",\"name\":\"letsportsrock\",\"description\":\"Sport News and Updates\",\"potentialAction\":[{\"@type\":\"SearchAction\",\"target\":{\"@type\":\"EntryPoint\",\"urlTemplate\":\"https:\\\/\\\/www.letsportsrock.com\\\/?s={search_term_string}\"},\"query-input\":{\"@type\":\"PropertyValueSpecification\",\"valueRequired\":true,\"valueName\":\"search_term_string\"}}],\"inLanguage\":\"en-US\"},{\"@type\":\"Person\",\"@id\":\"https:\\\/\\\/www.letsportsrock.com\\\/#\\\/schema\\\/person\\\/97aa0f336f5a3ca15a8ec7d78846f045\",\"name\":\"Paul Hembaor\",\"image\":{\"@type\":\"ImageObject\",\"inLanguage\":\"en-US\",\"@id\":\"https:\\\/\\\/secure.gravatar.com\\\/avatar\\\/0574929a03c152e8ea7939c31311f9ea2fe2e06139cd71e2d6e698c217219d60?s=96&d=mm&r=g\",\"url\":\"https:\\\/\\\/secure.gravatar.com\\\/avatar\\\/0574929a03c152e8ea7939c31311f9ea2fe2e06139cd71e2d6e698c217219d60?s=96&d=mm&r=g\",\"contentUrl\":\"https:\\\/\\\/secure.gravatar.com\\\/avatar\\\/0574929a03c152e8ea7939c31311f9ea2fe2e06139cd71e2d6e698c217219d60?s=96&d=mm&r=g\",\"caption\":\"Paul Hembaor\"},\"sameAs\":[\"https:\\\/\\\/www.letsportsrock.com\\\/wp-admin\\\/\"],\"url\":\"https:\\\/\\\/www.letsportsrock.com\\\/?author=9\"}]}<\/script>\n<!-- \/ Yoast SEO plugin. -->","yoast_head_json":{"title":"Convocat \u00een premier\u0103 la Na\u021bional\u0103? Ultimele Ve\u0219ti.....\u00a0","description":"Convocat \u00een premier\u0103 la Na\u021bional\u0103? Ultimele Ve\u0219ti............................................................","robots":{"index":"index","follow":"follow","max-snippet":"max-snippet:-1","max-image-preview":"max-image-preview:large","max-video-preview":"max-video-preview:-1"},"canonical":"https:\/\/www.letsportsrock.com\/?p=28015","og_locale":"en_US","og_type":"article","og_title":"Convocat \u00een premier\u0103 la Na\u021bional\u0103? Ultimele Ve\u0219ti.....\u00a0","og_description":"Convocat \u00een premier\u0103 la Na\u021bional\u0103? Ultimele Ve\u0219ti............................................................","og_url":"https:\/\/www.letsportsrock.com\/?p=28015","og_site_name":"letsportsrock","article_published_time":"2025-03-08T21:48:20+00:00","og_image":[{"width":724,"height":423,"url":"https:\/\/www.letsportsrock.com\/wp-content\/uploads\/2025\/03\/images-2025-03-08T224544.528.jpeg","type":"image\/jpeg"}],"author":"Paul Hembaor","twitter_card":"summary_large_image","twitter_misc":{"Written by":"Paul Hembaor","Est. reading time":"2 minutes"},"schema":{"@context":"https:\/\/schema.org","@graph":[{"@type":"Article","@id":"https:\/\/www.letsportsrock.com\/?p=28015#article","isPartOf":{"@id":"https:\/\/www.letsportsrock.com\/?p=28015"},"author":{"name":"Paul Hembaor","@id":"https:\/\/www.letsportsrock.com\/#\/schema\/person\/97aa0f336f5a3ca15a8ec7d78846f045"},"headline":"Convocat \u00een premier\u0103 la Na\u021bional\u0103? Ultimele Ve\u0219ti&#8230;..","datePublished":"2025-03-08T21:48:20+00:00","mainEntityOfPage":{"@id":"https:\/\/www.letsportsrock.com\/?p=28015"},"wordCount":328,"commentCount":0,"image":{"@id":"https:\/\/www.letsportsrock.com\/?p=28015#primaryimage"},"thumbnailUrl":"https:\/\/www.letsportsrock.com\/wp-content\/uploads\/2025\/03\/images-2025-03-08T224544.528.jpeg","keywords":["Fc Dinamo bucuresti"],"inLanguage":"en-US","potentialAction":[{"@type":"CommentAction","name":"Comment","target":["https:\/\/www.letsportsrock.com\/?p=28015#respond"]}]},{"@type":"WebPage","@id":"https:\/\/www.letsportsrock.com\/?p=28015","url":"https:\/\/www.letsportsrock.com\/?p=28015","name":"Convocat \u00een premier\u0103 la Na\u021bional\u0103? Ultimele Ve\u0219ti.....\u00a0","isPartOf":{"@id":"https:\/\/www.letsportsrock.com\/#website"},"primaryImageOfPage":{"@id":"https:\/\/www.letsportsrock.com\/?p=28015#primaryimage"},"image":{"@id":"https:\/\/www.letsportsrock.com\/?p=28015#primaryimage"},"thumbnailUrl":"https:\/\/www.letsportsrock.com\/wp-content\/uploads\/2025\/03\/images-2025-03-08T224544.528.jpeg","datePublished":"2025-03-08T21:48:20+00:00","author":{"@id":"https:\/\/www.letsportsrock.com\/#\/schema\/person\/97aa0f336f5a3ca15a8ec7d78846f045"},"description":"Convocat \u00een premier\u0103 la Na\u021bional\u0103? Ultimele Ve\u0219ti............................................................","breadcrumb":{"@id":"https:\/\/www.letsportsrock.com\/?p=28015#breadcrumb"},"inLanguage":"en-US","potentialAction":[{"@type":"ReadAction","target":["https:\/\/www.letsportsrock.com\/?p=28015"]}]},{"@type":"ImageObject","inLanguage":"en-US","@id":"https:\/\/www.letsportsrock.com\/?p=28015#primaryimage","url":"https:\/\/www.letsportsrock.com\/wp-content\/uploads\/2025\/03\/images-2025-03-08T224544.528.jpeg","contentUrl":"https:\/\/www.letsportsrock.com\/wp-content\/uploads\/2025\/03\/images-2025-03-08T224544.528.jpeg","width":724,"height":423},{"@type":"BreadcrumbList","@id":"https:\/\/www.letsportsrock.com\/?p=28015#breadcrumb","itemListElement":[{"@type":"ListItem","position":1,"name":"Home","item":"https:\/\/www.letsportsrock.com\/"},{"@type":"ListItem","position":2,"name":"Convocat \u00een premier\u0103 la Na\u021bional\u0103? Ultimele Ve\u0219ti&#8230;.."}]},{"@type":"WebSite","@id":"https:\/\/www.letsportsrock.com\/#website","url":"https:\/\/www.letsportsrock.com\/","name":"letsportsrock","description":"Sport News and Updates","potentialAction":[{"@type":"SearchAction","target":{"@type":"EntryPoint","urlTemplate":"https:\/\/www.letsportsrock.com\/?s={search_term_string}"},"query-input":{"@type":"PropertyValueSpecification","valueRequired":true,"valueName":"search_term_string"}}],"inLanguage":"en-US"},{"@type":"Person","@id":"https:\/\/www.letsportsrock.com\/#\/schema\/person\/97aa0f336f5a3ca15a8ec7d78846f045","name":"Paul Hembaor","image":{"@type":"ImageObject","inLanguage":"en-US","@id":"https:\/\/secure.gravatar.com\/avatar\/0574929a03c152e8ea7939c31311f9ea2fe2e06139cd71e2d6e698c217219d60?s=96&d=mm&r=g","url":"https:\/\/secure.gravatar.com\/avatar\/0574929a03c152e8ea7939c31311f9ea2fe2e06139cd71e2d6e698c217219d60?s=96&d=mm&r=g","contentUrl":"https:\/\/secure.gravatar.com\/avatar\/0574929a03c152e8ea7939c31311f9ea2fe2e06139cd71e2d6e698c217219d60?s=96&d=mm&r=g","caption":"Paul Hembaor"},"sameAs":["https:\/\/www.letsportsrock.com\/wp-admin\/"],"url":"https:\/\/www.letsportsrock.com\/?author=9"}]}},"jetpack_featured_media_url":"https:\/\/www.letsportsrock.com\/wp-content\/uploads\/2025\/03\/images-2025-03-08T224544.528.jpeg","jetpack_sharing_enabled":true,"_links":{"self":[{"href":"https:\/\/www.letsportsrock.com\/index.php?rest_route=\/wp\/v2\/posts\/28015","targetHints":{"allow":["GET"]}}],"collection":[{"href":"https:\/\/www.letsportsrock.com\/index.php?rest_route=\/wp\/v2\/posts"}],"about":[{"href":"https:\/\/www.letsportsrock.com\/index.php?rest_route=\/wp\/v2\/types\/post"}],"author":[{"embeddable":true,"href":"https:\/\/www.letsportsrock.com\/index.php?rest_route=\/wp\/v2\/users\/9"}],"replies":[{"embeddable":true,"href":"https:\/\/www.letsportsrock.com\/index.php?rest_route=%2Fwp%2Fv2%2Fcomments&post=28015"}],"version-history":[{"count":1,"href":"https:\/\/www.letsportsrock.com\/index.php?rest_route=\/wp\/v2\/posts\/28015\/revisions"}],"predecessor-version":[{"id":28020,"href":"https:\/\/www.letsportsrock.com\/index.php?rest_route=\/wp\/v2\/posts\/28015\/revisions\/28020"}],"wp:featuredmedia":[{"embeddable":true,"href":"https:\/\/www.letsportsrock.com\/index.php?rest_route=\/wp\/v2\/media\/28016"}],"wp:attachment":[{"href":"https:\/\/www.letsportsrock.com\/index.php?rest_route=%2Fwp%2Fv2%2Fmedia&parent=28015"}],"wp:term":[{"taxonomy":"category","embeddable":true,"href":"https:\/\/www.letsportsrock.com\/index.php?rest_route=%2Fwp%2Fv2%2Fcategories&post=28015"},{"taxonomy":"post_tag","embeddable":true,"href":"https:\/\/www.letsportsrock.com\/index.php?rest_route=%2Fwp%2Fv2%2Ftags&post=28015"}],"curies":[{"name":"wp","href":"https:\/\/api.w.org\/{rel}","templated":true}]}}