{"id":28075,"date":"2025-03-08T23:22:42","date_gmt":"2025-03-08T23:22:42","guid":{"rendered":"https:\/\/www.letsportsrock.com\/?p=28075"},"modified":"2025-03-08T23:22:42","modified_gmt":"2025-03-08T23:22:42","slug":"stiri-triste-proprietarul-fcsb-fc-steaua-bucuresti-george-becali-care-a-fost-dus-de-urgenta-la-spital-a","status":"publish","type":"post","link":"https:\/\/www.letsportsrock.com\/?p=28075","title":{"rendered":"\u0218TIRI TRISTE: Proprietarul FCSB FC Steaua Bucure\u0219ti, George Becali, care a fost dus de urgen\u021b\u0103 la spital, a\u2026"},"content":{"rendered":"<div class=\"d79db4796efc26332eabfc3f5dafbc76\" data-index=\"1\" style=\"float: none; margin:10px 0 10px 0; text-align:center;\">\n<div class=\"hb-ad-inarticle\">\r\n    <div class=\"hb-ad-inner\"> \r\n    <div class=\"hbagency_cls\"  id=\"hbagency_space_111930\"><\/div><\/div> <\/div>\n<\/div>\n<p>**\u0218TIRI TRISTE: Proprietarul FCSB, George Becali, Transportat de Urgen\u021b\u0103 la Spital**<\/p>\n<p>&nbsp;<\/p>\n<p>Ast\u0103zi, 9 martie 2025, o veste \u00eengrijor\u0103toare a \u0219ocat lumea sportului din Rom\u00e2nia. George Becali, patronul FCSB \u0219i al FC Steaua Bucure\u0219ti, a fost dus de urgen\u021b\u0103 la spital \u00een urma unui incident medical care a avut loc \u00een aceast\u0103 diminea\u021b\u0103. Conform informa\u021biilor oficiale, Becali a acuzat dureri severe \u0219i simptome alarmante, iar medicii au decis s\u0103-l transporte imediat la unitatea medical\u0103 pentru investiga\u021bii suplimentare.<\/p>\n<p>&nbsp;<\/p>\n<p>\u00cen acest moment, starea de s\u0103n\u0103tate a lui George Becali r\u0103m\u00e2ne necunoscut\u0103, iar familia acestuia a cerut respectarea intimit\u0103\u021bii \u00een aceast\u0103 perioad\u0103 dificil\u0103. Se \u0219tie doar c\u0103 afaceristul a fost \u00eenso\u021bit de apropia\u021bi \u0219i c\u0103 echipa sa medical\u0103 este al\u0103turi de el pentru a-i acorda cele mai bune \u00eengrijiri.<\/p>\n<p>&nbsp;<\/p>\n<p>George Becali, \u00een v\u00e2rst\u0103 de 67 de ani, este o figur\u0103 emblematic\u0103 \u00een fotbalul rom\u00e2nesc. De-a lungul anilor, el a fost un personaj controversat, dar \u0219i un investitor important pentru FCSB, clubul pe care l-a transformat \u00eentr-unul dintre cele mai titrate din Rom\u00e2nia. De asemenea, Becali este cunoscut pentru implicarea sa activ\u0103 \u00een politic\u0103 \u0219i pentru numeroasele sale ac\u021biuni caritabile.<\/p>\n<p>&nbsp;<\/p>\n<p>To\u021bi cei care \u00eel cunosc \u00ee\u0219i exprim\u0103 speran\u021ba c\u0103 George Becali va dep\u0103\u0219i aceast\u0103 perioad\u0103 dificil\u0103 \u0219i c\u0103 va reveni rapid la via\u021ba public\u0103. Fanii FCSB \u0219i ai fotbalului rom\u00e2nesc a\u0219teapt\u0103 cu sufletul la gur\u0103 ve\u0219ti bune despre starea sa de s\u0103n\u0103tate. \u00cen aceste momente de nelini\u0219te, \u00eentreaga \u021bar\u0103 se roag\u0103 pentru o recuperare rapid\u0103 \u0219i complet\u0103 a lui George Becali.<\/p>\n\n<div style=\"font-size: 0px; height: 0px; line-height: 0px; margin: 0; padding: 0; clear: both;\"><\/div>","protected":false},"excerpt":{"rendered":"<p>**\u0218TIRI TRISTE: Proprietarul FCSB, George Becali, Transportat de Urgen\u021b\u0103 la Spital** &nbsp; Ast\u0103zi, 9 martie 2025, o veste \u00eengrijor\u0103toare a \u0219ocat lumea sportului din Rom\u00e2nia. George Becali, patronul FCSB \u0219i al FC Steaua Bucure\u0219ti, a fost dus de urgen\u021b\u0103 la spital \u00een urma unui incident medical care a avut loc \u00een aceast\u0103 diminea\u021b\u0103. Conform informa\u021biilor [&hellip;]<\/p>\n","protected":false},"author":1,"featured_media":28076,"comment_status":"open","ping_status":"open","sticky":false,"template":"","format":"standard","meta":{"_jetpack_memberships_contains_paid_content":false,"footnotes":""},"categories":[1],"tags":[],"class_list":["post-28075","post","type-post","status-publish","format-standard","has-post-thumbnail","hentry","category-uncategorized"],"yoast_head":"<!-- This site is optimized with the Yoast SEO plugin v27.4 - https:\/\/yoast.com\/product\/yoast-seo-wordpress\/ -->\n<title>\u0218TIRI TRISTE: Proprietarul FCSB FC Steaua Bucure\u0219ti, George Becali, care a fost dus de urgen\u021b\u0103 la spital, a\u2026\u0218TIRI TRISTE: Proprietarul FCSB FC Steaua Bucure\u0219ti, George Becali, care a fost dus de urgen\u021b\u0103 la spital, a\u2026<\/title>\n<meta name=\"description\" content=\"\u0218TIRI TRISTE: Proprietarul FCSB FC Steaua Bucure\u0219ti, George Becali, care a fost dus de urgen\u021b\u0103 la spital, a\u2026\" \/>\n<meta name=\"robots\" content=\"index, follow, max-snippet:-1, max-image-preview:large, max-video-preview:-1\" \/>\n<link rel=\"canonical\" href=\"https:\/\/www.letsportsrock.com\/?p=28075\" \/>\n<meta property=\"og:locale\" content=\"en_US\" \/>\n<meta property=\"og:type\" content=\"article\" \/>\n<meta property=\"og:title\" content=\"\u0218TIRI TRISTE: Proprietarul FCSB FC Steaua Bucure\u0219ti, George Becali, care a fost dus de urgen\u021b\u0103 la spital, a\u2026\u0218TIRI TRISTE: Proprietarul FCSB FC Steaua Bucure\u0219ti, George Becali, care a fost dus de urgen\u021b\u0103 la spital, a\u2026\" \/>\n<meta property=\"og:description\" content=\"\u0218TIRI TRISTE: Proprietarul FCSB FC Steaua Bucure\u0219ti, George Becali, care a fost dus de urgen\u021b\u0103 la spital, a\u2026\" \/>\n<meta property=\"og:url\" content=\"https:\/\/www.letsportsrock.com\/?p=28075\" \/>\n<meta property=\"og:site_name\" content=\"letsportsrock\" \/>\n<meta property=\"article:published_time\" content=\"2025-03-08T23:22:42+00:00\" \/>\n<meta property=\"og:image\" content=\"https:\/\/www.letsportsrock.com\/wp-content\/uploads\/2025\/03\/images-2025-03-09T001858.522.jpeg\" \/>\n\t<meta property=\"og:image:width\" content=\"677\" \/>\n\t<meta property=\"og:image:height\" content=\"453\" \/>\n\t<meta property=\"og:image:type\" content=\"image\/jpeg\" \/>\n<meta name=\"author\" content=\"letsportsrock\" \/>\n<meta name=\"twitter:card\" content=\"summary_large_image\" \/>\n<meta name=\"twitter:label1\" content=\"Written by\" \/>\n\t<meta name=\"twitter:data1\" content=\"letsportsrock\" \/>\n\t<meta name=\"twitter:label2\" content=\"Est. reading time\" \/>\n\t<meta name=\"twitter:data2\" content=\"2 minutes\" \/>\n<script type=\"application\/ld+json\" class=\"yoast-schema-graph\">{\"@context\":\"https:\\\/\\\/schema.org\",\"@graph\":[{\"@type\":\"Article\",\"@id\":\"https:\\\/\\\/www.letsportsrock.com\\\/?p=28075#article\",\"isPartOf\":{\"@id\":\"https:\\\/\\\/www.letsportsrock.com\\\/?p=28075\"},\"author\":{\"name\":\"letsportsrock\",\"@id\":\"https:\\\/\\\/www.letsportsrock.com\\\/#\\\/schema\\\/person\\\/a454ac24e58b214ddd97e4b5afb0bf01\"},\"headline\":\"\u0218TIRI TRISTE: Proprietarul FCSB FC Steaua Bucure\u0219ti, George Becali, care a fost dus de urgen\u021b\u0103 la spital, a\u2026\",\"datePublished\":\"2025-03-08T23:22:42+00:00\",\"mainEntityOfPage\":{\"@id\":\"https:\\\/\\\/www.letsportsrock.com\\\/?p=28075\"},\"wordCount\":295,\"commentCount\":0,\"image\":{\"@id\":\"https:\\\/\\\/www.letsportsrock.com\\\/?p=28075#primaryimage\"},\"thumbnailUrl\":\"https:\\\/\\\/www.letsportsrock.com\\\/wp-content\\\/uploads\\\/2025\\\/03\\\/images-2025-03-09T001858.522.jpeg\",\"inLanguage\":\"en-US\",\"potentialAction\":[{\"@type\":\"CommentAction\",\"name\":\"Comment\",\"target\":[\"https:\\\/\\\/www.letsportsrock.com\\\/?p=28075#respond\"]}]},{\"@type\":\"WebPage\",\"@id\":\"https:\\\/\\\/www.letsportsrock.com\\\/?p=28075\",\"url\":\"https:\\\/\\\/www.letsportsrock.com\\\/?p=28075\",\"name\":\"\u0218TIRI TRISTE: Proprietarul FCSB FC Steaua Bucure\u0219ti, George Becali, care a fost dus de urgen\u021b\u0103 la spital, a\u2026\u0218TIRI TRISTE: Proprietarul FCSB FC Steaua Bucure\u0219ti, George Becali, care a fost dus de urgen\u021b\u0103 la spital, a\u2026\",\"isPartOf\":{\"@id\":\"https:\\\/\\\/www.letsportsrock.com\\\/#website\"},\"primaryImageOfPage\":{\"@id\":\"https:\\\/\\\/www.letsportsrock.com\\\/?p=28075#primaryimage\"},\"image\":{\"@id\":\"https:\\\/\\\/www.letsportsrock.com\\\/?p=28075#primaryimage\"},\"thumbnailUrl\":\"https:\\\/\\\/www.letsportsrock.com\\\/wp-content\\\/uploads\\\/2025\\\/03\\\/images-2025-03-09T001858.522.jpeg\",\"datePublished\":\"2025-03-08T23:22:42+00:00\",\"author\":{\"@id\":\"https:\\\/\\\/www.letsportsrock.com\\\/#\\\/schema\\\/person\\\/a454ac24e58b214ddd97e4b5afb0bf01\"},\"description\":\"\u0218TIRI TRISTE: Proprietarul FCSB FC Steaua Bucure\u0219ti, George Becali, care a fost dus de urgen\u021b\u0103 la spital, a\u2026\",\"breadcrumb\":{\"@id\":\"https:\\\/\\\/www.letsportsrock.com\\\/?p=28075#breadcrumb\"},\"inLanguage\":\"en-US\",\"potentialAction\":[{\"@type\":\"ReadAction\",\"target\":[\"https:\\\/\\\/www.letsportsrock.com\\\/?p=28075\"]}]},{\"@type\":\"ImageObject\",\"inLanguage\":\"en-US\",\"@id\":\"https:\\\/\\\/www.letsportsrock.com\\\/?p=28075#primaryimage\",\"url\":\"https:\\\/\\\/www.letsportsrock.com\\\/wp-content\\\/uploads\\\/2025\\\/03\\\/images-2025-03-09T001858.522.jpeg\",\"contentUrl\":\"https:\\\/\\\/www.letsportsrock.com\\\/wp-content\\\/uploads\\\/2025\\\/03\\\/images-2025-03-09T001858.522.jpeg\",\"width\":677,\"height\":453},{\"@type\":\"BreadcrumbList\",\"@id\":\"https:\\\/\\\/www.letsportsrock.com\\\/?p=28075#breadcrumb\",\"itemListElement\":[{\"@type\":\"ListItem\",\"position\":1,\"name\":\"Home\",\"item\":\"https:\\\/\\\/www.letsportsrock.com\\\/\"},{\"@type\":\"ListItem\",\"position\":2,\"name\":\"\u0218TIRI TRISTE: Proprietarul FCSB FC Steaua Bucure\u0219ti, George Becali, care a fost dus de urgen\u021b\u0103 la spital, a\u2026\"}]},{\"@type\":\"WebSite\",\"@id\":\"https:\\\/\\\/www.letsportsrock.com\\\/#website\",\"url\":\"https:\\\/\\\/www.letsportsrock.com\\\/\",\"name\":\"letsportsrock\",\"description\":\"Sport News and Updates\",\"potentialAction\":[{\"@type\":\"SearchAction\",\"target\":{\"@type\":\"EntryPoint\",\"urlTemplate\":\"https:\\\/\\\/www.letsportsrock.com\\\/?s={search_term_string}\"},\"query-input\":{\"@type\":\"PropertyValueSpecification\",\"valueRequired\":true,\"valueName\":\"search_term_string\"}}],\"inLanguage\":\"en-US\"},{\"@type\":\"Person\",\"@id\":\"https:\\\/\\\/www.letsportsrock.com\\\/#\\\/schema\\\/person\\\/a454ac24e58b214ddd97e4b5afb0bf01\",\"name\":\"letsportsrock\",\"image\":{\"@type\":\"ImageObject\",\"inLanguage\":\"en-US\",\"@id\":\"https:\\\/\\\/secure.gravatar.com\\\/avatar\\\/f8ef950cbb7574c0bc874094b8d307659bfe2d7aa4a9d26fa6917eff010748f9?s=96&d=mm&r=g\",\"url\":\"https:\\\/\\\/secure.gravatar.com\\\/avatar\\\/f8ef950cbb7574c0bc874094b8d307659bfe2d7aa4a9d26fa6917eff010748f9?s=96&d=mm&r=g\",\"contentUrl\":\"https:\\\/\\\/secure.gravatar.com\\\/avatar\\\/f8ef950cbb7574c0bc874094b8d307659bfe2d7aa4a9d26fa6917eff010748f9?s=96&d=mm&r=g\",\"caption\":\"letsportsrock\"},\"sameAs\":[\"https:\\\/\\\/www.letsportsrock.com\"],\"url\":\"https:\\\/\\\/www.letsportsrock.com\\\/?author=1\"}]}<\/script>\n<!-- \/ Yoast SEO plugin. -->","yoast_head_json":{"title":"\u0218TIRI TRISTE: Proprietarul FCSB FC Steaua Bucure\u0219ti, George Becali, care a fost dus de urgen\u021b\u0103 la spital, a\u2026\u0218TIRI TRISTE: Proprietarul FCSB FC Steaua Bucure\u0219ti, George Becali, care a fost dus de urgen\u021b\u0103 la spital, a\u2026","description":"\u0218TIRI TRISTE: Proprietarul FCSB FC Steaua Bucure\u0219ti, George Becali, care a fost dus de urgen\u021b\u0103 la spital, a\u2026","robots":{"index":"index","follow":"follow","max-snippet":"max-snippet:-1","max-image-preview":"max-image-preview:large","max-video-preview":"max-video-preview:-1"},"canonical":"https:\/\/www.letsportsrock.com\/?p=28075","og_locale":"en_US","og_type":"article","og_title":"\u0218TIRI TRISTE: Proprietarul FCSB FC Steaua Bucure\u0219ti, George Becali, care a fost dus de urgen\u021b\u0103 la spital, a\u2026\u0218TIRI TRISTE: Proprietarul FCSB FC Steaua Bucure\u0219ti, George Becali, care a fost dus de urgen\u021b\u0103 la spital, a\u2026","og_description":"\u0218TIRI TRISTE: Proprietarul FCSB FC Steaua Bucure\u0219ti, George Becali, care a fost dus de urgen\u021b\u0103 la spital, a\u2026","og_url":"https:\/\/www.letsportsrock.com\/?p=28075","og_site_name":"letsportsrock","article_published_time":"2025-03-08T23:22:42+00:00","og_image":[{"width":677,"height":453,"url":"https:\/\/www.letsportsrock.com\/wp-content\/uploads\/2025\/03\/images-2025-03-09T001858.522.jpeg","type":"image\/jpeg"}],"author":"letsportsrock","twitter_card":"summary_large_image","twitter_misc":{"Written by":"letsportsrock","Est. reading time":"2 minutes"},"schema":{"@context":"https:\/\/schema.org","@graph":[{"@type":"Article","@id":"https:\/\/www.letsportsrock.com\/?p=28075#article","isPartOf":{"@id":"https:\/\/www.letsportsrock.com\/?p=28075"},"author":{"name":"letsportsrock","@id":"https:\/\/www.letsportsrock.com\/#\/schema\/person\/a454ac24e58b214ddd97e4b5afb0bf01"},"headline":"\u0218TIRI TRISTE: Proprietarul FCSB FC Steaua Bucure\u0219ti, George Becali, care a fost dus de urgen\u021b\u0103 la spital, a\u2026","datePublished":"2025-03-08T23:22:42+00:00","mainEntityOfPage":{"@id":"https:\/\/www.letsportsrock.com\/?p=28075"},"wordCount":295,"commentCount":0,"image":{"@id":"https:\/\/www.letsportsrock.com\/?p=28075#primaryimage"},"thumbnailUrl":"https:\/\/www.letsportsrock.com\/wp-content\/uploads\/2025\/03\/images-2025-03-09T001858.522.jpeg","inLanguage":"en-US","potentialAction":[{"@type":"CommentAction","name":"Comment","target":["https:\/\/www.letsportsrock.com\/?p=28075#respond"]}]},{"@type":"WebPage","@id":"https:\/\/www.letsportsrock.com\/?p=28075","url":"https:\/\/www.letsportsrock.com\/?p=28075","name":"\u0218TIRI TRISTE: Proprietarul FCSB FC Steaua Bucure\u0219ti, George Becali, care a fost dus de urgen\u021b\u0103 la spital, a\u2026\u0218TIRI TRISTE: Proprietarul FCSB FC Steaua Bucure\u0219ti, George Becali, care a fost dus de urgen\u021b\u0103 la spital, a\u2026","isPartOf":{"@id":"https:\/\/www.letsportsrock.com\/#website"},"primaryImageOfPage":{"@id":"https:\/\/www.letsportsrock.com\/?p=28075#primaryimage"},"image":{"@id":"https:\/\/www.letsportsrock.com\/?p=28075#primaryimage"},"thumbnailUrl":"https:\/\/www.letsportsrock.com\/wp-content\/uploads\/2025\/03\/images-2025-03-09T001858.522.jpeg","datePublished":"2025-03-08T23:22:42+00:00","author":{"@id":"https:\/\/www.letsportsrock.com\/#\/schema\/person\/a454ac24e58b214ddd97e4b5afb0bf01"},"description":"\u0218TIRI TRISTE: Proprietarul FCSB FC Steaua Bucure\u0219ti, George Becali, care a fost dus de urgen\u021b\u0103 la spital, a\u2026","breadcrumb":{"@id":"https:\/\/www.letsportsrock.com\/?p=28075#breadcrumb"},"inLanguage":"en-US","potentialAction":[{"@type":"ReadAction","target":["https:\/\/www.letsportsrock.com\/?p=28075"]}]},{"@type":"ImageObject","inLanguage":"en-US","@id":"https:\/\/www.letsportsrock.com\/?p=28075#primaryimage","url":"https:\/\/www.letsportsrock.com\/wp-content\/uploads\/2025\/03\/images-2025-03-09T001858.522.jpeg","contentUrl":"https:\/\/www.letsportsrock.com\/wp-content\/uploads\/2025\/03\/images-2025-03-09T001858.522.jpeg","width":677,"height":453},{"@type":"BreadcrumbList","@id":"https:\/\/www.letsportsrock.com\/?p=28075#breadcrumb","itemListElement":[{"@type":"ListItem","position":1,"name":"Home","item":"https:\/\/www.letsportsrock.com\/"},{"@type":"ListItem","position":2,"name":"\u0218TIRI TRISTE: Proprietarul FCSB FC Steaua Bucure\u0219ti, George Becali, care a fost dus de urgen\u021b\u0103 la spital, a\u2026"}]},{"@type":"WebSite","@id":"https:\/\/www.letsportsrock.com\/#website","url":"https:\/\/www.letsportsrock.com\/","name":"letsportsrock","description":"Sport News and Updates","potentialAction":[{"@type":"SearchAction","target":{"@type":"EntryPoint","urlTemplate":"https:\/\/www.letsportsrock.com\/?s={search_term_string}"},"query-input":{"@type":"PropertyValueSpecification","valueRequired":true,"valueName":"search_term_string"}}],"inLanguage":"en-US"},{"@type":"Person","@id":"https:\/\/www.letsportsrock.com\/#\/schema\/person\/a454ac24e58b214ddd97e4b5afb0bf01","name":"letsportsrock","image":{"@type":"ImageObject","inLanguage":"en-US","@id":"https:\/\/secure.gravatar.com\/avatar\/f8ef950cbb7574c0bc874094b8d307659bfe2d7aa4a9d26fa6917eff010748f9?s=96&d=mm&r=g","url":"https:\/\/secure.gravatar.com\/avatar\/f8ef950cbb7574c0bc874094b8d307659bfe2d7aa4a9d26fa6917eff010748f9?s=96&d=mm&r=g","contentUrl":"https:\/\/secure.gravatar.com\/avatar\/f8ef950cbb7574c0bc874094b8d307659bfe2d7aa4a9d26fa6917eff010748f9?s=96&d=mm&r=g","caption":"letsportsrock"},"sameAs":["https:\/\/www.letsportsrock.com"],"url":"https:\/\/www.letsportsrock.com\/?author=1"}]}},"jetpack_featured_media_url":"https:\/\/www.letsportsrock.com\/wp-content\/uploads\/2025\/03\/images-2025-03-09T001858.522.jpeg","jetpack_sharing_enabled":true,"_links":{"self":[{"href":"https:\/\/www.letsportsrock.com\/index.php?rest_route=\/wp\/v2\/posts\/28075","targetHints":{"allow":["GET"]}}],"collection":[{"href":"https:\/\/www.letsportsrock.com\/index.php?rest_route=\/wp\/v2\/posts"}],"about":[{"href":"https:\/\/www.letsportsrock.com\/index.php?rest_route=\/wp\/v2\/types\/post"}],"author":[{"embeddable":true,"href":"https:\/\/www.letsportsrock.com\/index.php?rest_route=\/wp\/v2\/users\/1"}],"replies":[{"embeddable":true,"href":"https:\/\/www.letsportsrock.com\/index.php?rest_route=%2Fwp%2Fv2%2Fcomments&post=28075"}],"version-history":[{"count":1,"href":"https:\/\/www.letsportsrock.com\/index.php?rest_route=\/wp\/v2\/posts\/28075\/revisions"}],"predecessor-version":[{"id":28077,"href":"https:\/\/www.letsportsrock.com\/index.php?rest_route=\/wp\/v2\/posts\/28075\/revisions\/28077"}],"wp:featuredmedia":[{"embeddable":true,"href":"https:\/\/www.letsportsrock.com\/index.php?rest_route=\/wp\/v2\/media\/28076"}],"wp:attachment":[{"href":"https:\/\/www.letsportsrock.com\/index.php?rest_route=%2Fwp%2Fv2%2Fmedia&parent=28075"}],"wp:term":[{"taxonomy":"category","embeddable":true,"href":"https:\/\/www.letsportsrock.com\/index.php?rest_route=%2Fwp%2Fv2%2Fcategories&post=28075"},{"taxonomy":"post_tag","embeddable":true,"href":"https:\/\/www.letsportsrock.com\/index.php?rest_route=%2Fwp%2Fv2%2Ftags&post=28075"}],"curies":[{"name":"wp","href":"https:\/\/api.w.org\/{rel}","templated":true}]}}