{"id":30341,"date":"2025-03-20T08:29:04","date_gmt":"2025-03-20T08:29:04","guid":{"rendered":"https:\/\/www.letsportsrock.com\/?p=30341"},"modified":"2025-03-20T08:29:04","modified_gmt":"2025-03-20T08:29:04","slug":"la-revedere-dupa-o-perioada-de-contributii-semnificative-la-echipa-talentatul-astrit-selmani-si-a-incheiat-oficial-colaborarea-cu-fc-dinamo-bucuresti-anuntand-semnarea-unui-nou-contract-cu","status":"publish","type":"post","link":"https:\/\/www.letsportsrock.com\/?p=30341","title":{"rendered":"La revedere: Dup\u0103 o perioad\u0103 de contribu\u021bii semnificative la echip\u0103, talentatul Astrit Selmani \u0219i-a \u00eencheiat oficial colaborarea cu FC Dinamo Bucure\u0219ti, anun\u021b\u00e2nd semnarea unui nou contract cu\u2026\u2026."},"content":{"rendered":"<div class=\"d79db4796efc26332eabfc3f5dafbc76\" data-index=\"1\" style=\"float: none; margin:10px 0 10px 0; text-align:center;\">\n<div class=\"hb-ad-inarticle\">\r\n    <div class=\"hb-ad-inner\"> \r\n    <div class=\"hbagency_cls\"  id=\"hbagency_space_111930\"><\/div><\/div> <\/div>\n<\/div>\n<p>La revedere: Dup\u0103 o perioad\u0103 de contribu\u021bii semnificative la echip\u0103, talentatul Astrit Selmani \u0219i-a \u00eencheiat oficial colaborarea cu FC Dinamo Bucure\u0219ti, anun\u021b\u00e2nd semnarea unui nou contract cu\u2026\u2026.<\/p>\n<p>&nbsp;<\/p>\n<p>\u00cen ultimele luni, au existat discu\u021bii privind prelungirea contractului atacantului kosovar Astrit Selmani cu FC Dinamo Bucure\u0219ti. La \u00eenceputul lunii ianuarie 2025, surse precum Antena Sport au raportat c\u0103 Selmani \u0219i oficialii clubului au ajuns la un acord pentru extinderea contractului p\u00e2n\u0103 \u00een 2027, oferindu-i un salariu de aproximativ 20.000 de euro pe lun\u0103.<\/p>\n<p><img loading=\"lazy\" decoding=\"async\" class=\"alignnone size-medium wp-image-30344\" src=\"https:\/\/www.letsportsrock.com\/wp-content\/uploads\/2025\/03\/images-5-11-300x188.jpeg\" alt=\"\" width=\"300\" height=\"188\" srcset=\"https:\/\/www.letsportsrock.com\/wp-content\/uploads\/2025\/03\/images-5-11-300x188.jpeg 300w, https:\/\/www.letsportsrock.com\/wp-content\/uploads\/2025\/03\/images-5-11.jpeg 700w\" sizes=\"auto, (max-width: 300px) 100vw, 300px\" \/><\/p>\n<p>Cu toate acestea, la data de 8 ianuarie 2025, Selmani a declarat c\u0103, de\u0219i se simte bine la Dinamo, nu a semnat \u00eenc\u0103 prelungirea contractului \u0219i c\u0103 negocierile nu erau \u00eentr-un stadiu avansat. El a subliniat importan\u021ba sus\u021binerii fanilor \u0219i dorin\u021ba de a continua s\u0103 contribuie la succesul echipei.<\/p>\n<p>&nbsp;<\/p>\n<p>P\u00e2n\u0103 la data de 20 martie 2025, nu exist\u0103 informa\u021bii oficiale despre semnarea unui nou contract sau despre transferul lui Astrit Selmani la un alt club. Prin urmare, orice \u0219tire despre \u00eencheierea colabor\u0103rii sale cu FC Dinamo Bucure\u0219ti \u0219i semnarea unui nou contract cu alt\u0103 echip\u0103 r\u0103m\u00e2ne la nivel de specula\u021bie.<\/p>\n\n<div style=\"font-size: 0px; height: 0px; line-height: 0px; margin: 0; padding: 0; clear: both;\"><\/div>","protected":false},"excerpt":{"rendered":"<p>La revedere: Dup\u0103 o perioad\u0103 de contribu\u021bii semnificative la echip\u0103, talentatul Astrit Selmani \u0219i-a \u00eencheiat oficial colaborarea cu FC Dinamo Bucure\u0219ti, anun\u021b\u00e2nd semnarea unui nou contract cu\u2026\u2026. &nbsp; \u00cen ultimele luni, au existat discu\u021bii privind prelungirea contractului atacantului kosovar Astrit Selmani cu FC Dinamo Bucure\u0219ti. La \u00eenceputul lunii ianuarie 2025, surse precum Antena Sport au [&hellip;]<\/p>\n","protected":false},"author":9,"featured_media":30342,"comment_status":"open","ping_status":"open","sticky":false,"template":"","format":"standard","meta":{"_jetpack_memberships_contains_paid_content":false,"footnotes":""},"categories":[1],"tags":[419],"class_list":["post-30341","post","type-post","status-publish","format-standard","has-post-thumbnail","hentry","category-uncategorized","tag-fc-dinamo-bucuresti"],"yoast_head":"<!-- This site is optimized with the Yoast SEO plugin v27.4 - https:\/\/yoast.com\/product\/yoast-seo-wordpress\/ -->\n<title>La revedere: Dup\u0103 o perioad\u0103 de contribu\u021bii semnificative la\u2026.\u00a0<\/title>\n<meta name=\"description\" content=\"La revedere: Dup\u0103 o perioad\u0103 de contribu\u021bii semnificative la echip\u0103, talentatul Astrit Selmani \u0219i-a \u00eencheiat\u2026\u2026.\u00a0\" \/>\n<meta name=\"robots\" content=\"index, follow, max-snippet:-1, max-image-preview:large, max-video-preview:-1\" \/>\n<link rel=\"canonical\" href=\"https:\/\/www.letsportsrock.com\/?p=30341\" \/>\n<meta property=\"og:locale\" content=\"en_US\" \/>\n<meta property=\"og:type\" content=\"article\" \/>\n<meta property=\"og:title\" content=\"La revedere: Dup\u0103 o perioad\u0103 de contribu\u021bii semnificative la\u2026.\u00a0\" \/>\n<meta property=\"og:description\" content=\"La revedere: Dup\u0103 o perioad\u0103 de contribu\u021bii semnificative la echip\u0103, talentatul Astrit Selmani \u0219i-a \u00eencheiat\u2026\u2026.\u00a0\" \/>\n<meta property=\"og:url\" content=\"https:\/\/www.letsportsrock.com\/?p=30341\" \/>\n<meta property=\"og:site_name\" content=\"letsportsrock\" \/>\n<meta property=\"article:published_time\" content=\"2025-03-20T08:29:04+00:00\" \/>\n<meta property=\"og:image\" content=\"https:\/\/www.letsportsrock.com\/wp-content\/uploads\/2025\/03\/images-4-14.jpeg\" \/>\n\t<meta property=\"og:image:width\" content=\"679\" \/>\n\t<meta property=\"og:image:height\" content=\"452\" \/>\n\t<meta property=\"og:image:type\" content=\"image\/jpeg\" \/>\n<meta name=\"author\" content=\"Paul Hembaor\" \/>\n<meta name=\"twitter:card\" content=\"summary_large_image\" \/>\n<meta name=\"twitter:label1\" content=\"Written by\" \/>\n\t<meta name=\"twitter:data1\" content=\"Paul Hembaor\" \/>\n\t<meta name=\"twitter:label2\" content=\"Est. reading time\" \/>\n\t<meta name=\"twitter:data2\" content=\"1 minute\" \/>\n<script type=\"application\/ld+json\" class=\"yoast-schema-graph\">{\"@context\":\"https:\\\/\\\/schema.org\",\"@graph\":[{\"@type\":\"Article\",\"@id\":\"https:\\\/\\\/www.letsportsrock.com\\\/?p=30341#article\",\"isPartOf\":{\"@id\":\"https:\\\/\\\/www.letsportsrock.com\\\/?p=30341\"},\"author\":{\"name\":\"Paul Hembaor\",\"@id\":\"https:\\\/\\\/www.letsportsrock.com\\\/#\\\/schema\\\/person\\\/97aa0f336f5a3ca15a8ec7d78846f045\"},\"headline\":\"La revedere: Dup\u0103 o perioad\u0103 de contribu\u021bii semnificative la echip\u0103, talentatul Astrit Selmani \u0219i-a \u00eencheiat oficial colaborarea cu FC Dinamo Bucure\u0219ti, anun\u021b\u00e2nd semnarea unui nou contract cu\u2026\u2026.\",\"datePublished\":\"2025-03-20T08:29:04+00:00\",\"mainEntityOfPage\":{\"@id\":\"https:\\\/\\\/www.letsportsrock.com\\\/?p=30341\"},\"wordCount\":223,\"commentCount\":0,\"image\":{\"@id\":\"https:\\\/\\\/www.letsportsrock.com\\\/?p=30341#primaryimage\"},\"thumbnailUrl\":\"https:\\\/\\\/www.letsportsrock.com\\\/wp-content\\\/uploads\\\/2025\\\/03\\\/images-4-14.jpeg\",\"keywords\":[\"Fc Dinamo bucuresti\"],\"inLanguage\":\"en-US\",\"potentialAction\":[{\"@type\":\"CommentAction\",\"name\":\"Comment\",\"target\":[\"https:\\\/\\\/www.letsportsrock.com\\\/?p=30341#respond\"]}]},{\"@type\":\"WebPage\",\"@id\":\"https:\\\/\\\/www.letsportsrock.com\\\/?p=30341\",\"url\":\"https:\\\/\\\/www.letsportsrock.com\\\/?p=30341\",\"name\":\"La revedere: Dup\u0103 o perioad\u0103 de contribu\u021bii semnificative la\u2026.\u00a0\",\"isPartOf\":{\"@id\":\"https:\\\/\\\/www.letsportsrock.com\\\/#website\"},\"primaryImageOfPage\":{\"@id\":\"https:\\\/\\\/www.letsportsrock.com\\\/?p=30341#primaryimage\"},\"image\":{\"@id\":\"https:\\\/\\\/www.letsportsrock.com\\\/?p=30341#primaryimage\"},\"thumbnailUrl\":\"https:\\\/\\\/www.letsportsrock.com\\\/wp-content\\\/uploads\\\/2025\\\/03\\\/images-4-14.jpeg\",\"datePublished\":\"2025-03-20T08:29:04+00:00\",\"author\":{\"@id\":\"https:\\\/\\\/www.letsportsrock.com\\\/#\\\/schema\\\/person\\\/97aa0f336f5a3ca15a8ec7d78846f045\"},\"description\":\"La revedere: Dup\u0103 o perioad\u0103 de contribu\u021bii semnificative la echip\u0103, talentatul Astrit Selmani \u0219i-a \u00eencheiat\u2026\u2026.\u00a0\",\"breadcrumb\":{\"@id\":\"https:\\\/\\\/www.letsportsrock.com\\\/?p=30341#breadcrumb\"},\"inLanguage\":\"en-US\",\"potentialAction\":[{\"@type\":\"ReadAction\",\"target\":[\"https:\\\/\\\/www.letsportsrock.com\\\/?p=30341\"]}]},{\"@type\":\"ImageObject\",\"inLanguage\":\"en-US\",\"@id\":\"https:\\\/\\\/www.letsportsrock.com\\\/?p=30341#primaryimage\",\"url\":\"https:\\\/\\\/www.letsportsrock.com\\\/wp-content\\\/uploads\\\/2025\\\/03\\\/images-4-14.jpeg\",\"contentUrl\":\"https:\\\/\\\/www.letsportsrock.com\\\/wp-content\\\/uploads\\\/2025\\\/03\\\/images-4-14.jpeg\",\"width\":679,\"height\":452},{\"@type\":\"BreadcrumbList\",\"@id\":\"https:\\\/\\\/www.letsportsrock.com\\\/?p=30341#breadcrumb\",\"itemListElement\":[{\"@type\":\"ListItem\",\"position\":1,\"name\":\"Home\",\"item\":\"https:\\\/\\\/www.letsportsrock.com\\\/\"},{\"@type\":\"ListItem\",\"position\":2,\"name\":\"La revedere: Dup\u0103 o perioad\u0103 de contribu\u021bii semnificative la echip\u0103, talentatul Astrit Selmani \u0219i-a \u00eencheiat oficial colaborarea cu FC Dinamo Bucure\u0219ti, anun\u021b\u00e2nd semnarea unui nou contract cu\u2026\u2026.\"}]},{\"@type\":\"WebSite\",\"@id\":\"https:\\\/\\\/www.letsportsrock.com\\\/#website\",\"url\":\"https:\\\/\\\/www.letsportsrock.com\\\/\",\"name\":\"letsportsrock\",\"description\":\"Sport News and Updates\",\"potentialAction\":[{\"@type\":\"SearchAction\",\"target\":{\"@type\":\"EntryPoint\",\"urlTemplate\":\"https:\\\/\\\/www.letsportsrock.com\\\/?s={search_term_string}\"},\"query-input\":{\"@type\":\"PropertyValueSpecification\",\"valueRequired\":true,\"valueName\":\"search_term_string\"}}],\"inLanguage\":\"en-US\"},{\"@type\":\"Person\",\"@id\":\"https:\\\/\\\/www.letsportsrock.com\\\/#\\\/schema\\\/person\\\/97aa0f336f5a3ca15a8ec7d78846f045\",\"name\":\"Paul Hembaor\",\"image\":{\"@type\":\"ImageObject\",\"inLanguage\":\"en-US\",\"@id\":\"https:\\\/\\\/secure.gravatar.com\\\/avatar\\\/0574929a03c152e8ea7939c31311f9ea2fe2e06139cd71e2d6e698c217219d60?s=96&d=mm&r=g\",\"url\":\"https:\\\/\\\/secure.gravatar.com\\\/avatar\\\/0574929a03c152e8ea7939c31311f9ea2fe2e06139cd71e2d6e698c217219d60?s=96&d=mm&r=g\",\"contentUrl\":\"https:\\\/\\\/secure.gravatar.com\\\/avatar\\\/0574929a03c152e8ea7939c31311f9ea2fe2e06139cd71e2d6e698c217219d60?s=96&d=mm&r=g\",\"caption\":\"Paul Hembaor\"},\"sameAs\":[\"https:\\\/\\\/www.letsportsrock.com\\\/wp-admin\\\/\"],\"url\":\"https:\\\/\\\/www.letsportsrock.com\\\/?author=9\"}]}<\/script>\n<!-- \/ Yoast SEO plugin. -->","yoast_head_json":{"title":"La revedere: Dup\u0103 o perioad\u0103 de contribu\u021bii semnificative la\u2026.\u00a0","description":"La revedere: Dup\u0103 o perioad\u0103 de contribu\u021bii semnificative la echip\u0103, talentatul Astrit Selmani \u0219i-a \u00eencheiat\u2026\u2026.\u00a0","robots":{"index":"index","follow":"follow","max-snippet":"max-snippet:-1","max-image-preview":"max-image-preview:large","max-video-preview":"max-video-preview:-1"},"canonical":"https:\/\/www.letsportsrock.com\/?p=30341","og_locale":"en_US","og_type":"article","og_title":"La revedere: Dup\u0103 o perioad\u0103 de contribu\u021bii semnificative la\u2026.\u00a0","og_description":"La revedere: Dup\u0103 o perioad\u0103 de contribu\u021bii semnificative la echip\u0103, talentatul Astrit Selmani \u0219i-a \u00eencheiat\u2026\u2026.\u00a0","og_url":"https:\/\/www.letsportsrock.com\/?p=30341","og_site_name":"letsportsrock","article_published_time":"2025-03-20T08:29:04+00:00","og_image":[{"width":679,"height":452,"url":"https:\/\/www.letsportsrock.com\/wp-content\/uploads\/2025\/03\/images-4-14.jpeg","type":"image\/jpeg"}],"author":"Paul Hembaor","twitter_card":"summary_large_image","twitter_misc":{"Written by":"Paul Hembaor","Est. reading time":"1 minute"},"schema":{"@context":"https:\/\/schema.org","@graph":[{"@type":"Article","@id":"https:\/\/www.letsportsrock.com\/?p=30341#article","isPartOf":{"@id":"https:\/\/www.letsportsrock.com\/?p=30341"},"author":{"name":"Paul Hembaor","@id":"https:\/\/www.letsportsrock.com\/#\/schema\/person\/97aa0f336f5a3ca15a8ec7d78846f045"},"headline":"La revedere: Dup\u0103 o perioad\u0103 de contribu\u021bii semnificative la echip\u0103, talentatul Astrit Selmani \u0219i-a \u00eencheiat oficial colaborarea cu FC Dinamo Bucure\u0219ti, anun\u021b\u00e2nd semnarea unui nou contract cu\u2026\u2026.","datePublished":"2025-03-20T08:29:04+00:00","mainEntityOfPage":{"@id":"https:\/\/www.letsportsrock.com\/?p=30341"},"wordCount":223,"commentCount":0,"image":{"@id":"https:\/\/www.letsportsrock.com\/?p=30341#primaryimage"},"thumbnailUrl":"https:\/\/www.letsportsrock.com\/wp-content\/uploads\/2025\/03\/images-4-14.jpeg","keywords":["Fc Dinamo bucuresti"],"inLanguage":"en-US","potentialAction":[{"@type":"CommentAction","name":"Comment","target":["https:\/\/www.letsportsrock.com\/?p=30341#respond"]}]},{"@type":"WebPage","@id":"https:\/\/www.letsportsrock.com\/?p=30341","url":"https:\/\/www.letsportsrock.com\/?p=30341","name":"La revedere: Dup\u0103 o perioad\u0103 de contribu\u021bii semnificative la\u2026.\u00a0","isPartOf":{"@id":"https:\/\/www.letsportsrock.com\/#website"},"primaryImageOfPage":{"@id":"https:\/\/www.letsportsrock.com\/?p=30341#primaryimage"},"image":{"@id":"https:\/\/www.letsportsrock.com\/?p=30341#primaryimage"},"thumbnailUrl":"https:\/\/www.letsportsrock.com\/wp-content\/uploads\/2025\/03\/images-4-14.jpeg","datePublished":"2025-03-20T08:29:04+00:00","author":{"@id":"https:\/\/www.letsportsrock.com\/#\/schema\/person\/97aa0f336f5a3ca15a8ec7d78846f045"},"description":"La revedere: Dup\u0103 o perioad\u0103 de contribu\u021bii semnificative la echip\u0103, talentatul Astrit Selmani \u0219i-a \u00eencheiat\u2026\u2026.\u00a0","breadcrumb":{"@id":"https:\/\/www.letsportsrock.com\/?p=30341#breadcrumb"},"inLanguage":"en-US","potentialAction":[{"@type":"ReadAction","target":["https:\/\/www.letsportsrock.com\/?p=30341"]}]},{"@type":"ImageObject","inLanguage":"en-US","@id":"https:\/\/www.letsportsrock.com\/?p=30341#primaryimage","url":"https:\/\/www.letsportsrock.com\/wp-content\/uploads\/2025\/03\/images-4-14.jpeg","contentUrl":"https:\/\/www.letsportsrock.com\/wp-content\/uploads\/2025\/03\/images-4-14.jpeg","width":679,"height":452},{"@type":"BreadcrumbList","@id":"https:\/\/www.letsportsrock.com\/?p=30341#breadcrumb","itemListElement":[{"@type":"ListItem","position":1,"name":"Home","item":"https:\/\/www.letsportsrock.com\/"},{"@type":"ListItem","position":2,"name":"La revedere: Dup\u0103 o perioad\u0103 de contribu\u021bii semnificative la echip\u0103, talentatul Astrit Selmani \u0219i-a \u00eencheiat oficial colaborarea cu FC Dinamo Bucure\u0219ti, anun\u021b\u00e2nd semnarea unui nou contract cu\u2026\u2026."}]},{"@type":"WebSite","@id":"https:\/\/www.letsportsrock.com\/#website","url":"https:\/\/www.letsportsrock.com\/","name":"letsportsrock","description":"Sport News and Updates","potentialAction":[{"@type":"SearchAction","target":{"@type":"EntryPoint","urlTemplate":"https:\/\/www.letsportsrock.com\/?s={search_term_string}"},"query-input":{"@type":"PropertyValueSpecification","valueRequired":true,"valueName":"search_term_string"}}],"inLanguage":"en-US"},{"@type":"Person","@id":"https:\/\/www.letsportsrock.com\/#\/schema\/person\/97aa0f336f5a3ca15a8ec7d78846f045","name":"Paul Hembaor","image":{"@type":"ImageObject","inLanguage":"en-US","@id":"https:\/\/secure.gravatar.com\/avatar\/0574929a03c152e8ea7939c31311f9ea2fe2e06139cd71e2d6e698c217219d60?s=96&d=mm&r=g","url":"https:\/\/secure.gravatar.com\/avatar\/0574929a03c152e8ea7939c31311f9ea2fe2e06139cd71e2d6e698c217219d60?s=96&d=mm&r=g","contentUrl":"https:\/\/secure.gravatar.com\/avatar\/0574929a03c152e8ea7939c31311f9ea2fe2e06139cd71e2d6e698c217219d60?s=96&d=mm&r=g","caption":"Paul Hembaor"},"sameAs":["https:\/\/www.letsportsrock.com\/wp-admin\/"],"url":"https:\/\/www.letsportsrock.com\/?author=9"}]}},"jetpack_featured_media_url":"https:\/\/www.letsportsrock.com\/wp-content\/uploads\/2025\/03\/images-4-14.jpeg","jetpack_sharing_enabled":true,"_links":{"self":[{"href":"https:\/\/www.letsportsrock.com\/index.php?rest_route=\/wp\/v2\/posts\/30341","targetHints":{"allow":["GET"]}}],"collection":[{"href":"https:\/\/www.letsportsrock.com\/index.php?rest_route=\/wp\/v2\/posts"}],"about":[{"href":"https:\/\/www.letsportsrock.com\/index.php?rest_route=\/wp\/v2\/types\/post"}],"author":[{"embeddable":true,"href":"https:\/\/www.letsportsrock.com\/index.php?rest_route=\/wp\/v2\/users\/9"}],"replies":[{"embeddable":true,"href":"https:\/\/www.letsportsrock.com\/index.php?rest_route=%2Fwp%2Fv2%2Fcomments&post=30341"}],"version-history":[{"count":1,"href":"https:\/\/www.letsportsrock.com\/index.php?rest_route=\/wp\/v2\/posts\/30341\/revisions"}],"predecessor-version":[{"id":30345,"href":"https:\/\/www.letsportsrock.com\/index.php?rest_route=\/wp\/v2\/posts\/30341\/revisions\/30345"}],"wp:featuredmedia":[{"embeddable":true,"href":"https:\/\/www.letsportsrock.com\/index.php?rest_route=\/wp\/v2\/media\/30342"}],"wp:attachment":[{"href":"https:\/\/www.letsportsrock.com\/index.php?rest_route=%2Fwp%2Fv2%2Fmedia&parent=30341"}],"wp:term":[{"taxonomy":"category","embeddable":true,"href":"https:\/\/www.letsportsrock.com\/index.php?rest_route=%2Fwp%2Fv2%2Fcategories&post=30341"},{"taxonomy":"post_tag","embeddable":true,"href":"https:\/\/www.letsportsrock.com\/index.php?rest_route=%2Fwp%2Fv2%2Ftags&post=30341"}],"curies":[{"name":"wp","href":"https:\/\/api.w.org\/{rel}","templated":true}]}}