{"id":30604,"date":"2025-03-21T21:25:02","date_gmt":"2025-03-21T21:25:02","guid":{"rendered":"https:\/\/www.letsportsrock.com\/?p=30604"},"modified":"2025-03-21T21:25:02","modified_gmt":"2025-03-21T21:25:02","slug":"imi-pare-rau-ca-am-plecat-georgi-milanov-pleaca-de-la-dinamo-bucuresti-dupa-ce-a-fost","status":"publish","type":"post","link":"https:\/\/www.letsportsrock.com\/?p=30604","title":{"rendered":"\u00cemi pare r\u0103u c\u0103 am plecat: Georgi Milanov pleac\u0103 de la Dinamo Bucure\u015fti dup\u0103 ce a fost&#8230;."},"content":{"rendered":"<div class=\"d79db4796efc26332eabfc3f5dafbc76\" data-index=\"1\" style=\"float: none; margin:10px 0 10px 0; text-align:center;\">\n<div class=\"hb-ad-inarticle\">\r\n    <div class=\"hb-ad-inner\"> \r\n    <div class=\"hbagency_cls\"  id=\"hbagency_space_111930\"><\/div><\/div> <\/div>\n<\/div>\n<p>\u00cemi pare r\u0103u c\u0103 am plecat: Georgi Milanov pleac\u0103 de la Dinamo Bucure\u015fti dup\u0103 ce a fost&#8230;.<\/p>\n<p>&nbsp;<\/p>\n<p>\u00cemi pare r\u0103u c\u0103 am plecat: Georgi Milanov pleac\u0103 de la Dinamo Bucure\u015fti dup\u0103 ce a fost un juc\u0103tor de seam\u0103 care a reprezentat cu m\u00e2ndrie echipa, aduc\u00e2nd pasiune, determinare \u0219i creativitate pe teren. \u00cen ultimii ani, contribu\u021bia sa la evolu\u021bia clubului a fost de necontestat. De la debutul s\u0103u promi\u021b\u0103tor p\u00e2n\u0103 la momentele de glorie, Milanov a demonstrat un spirit de lupt\u0103tor \u0219i o dorin\u021b\u0103 constant\u0103 de a se autodep\u0103\u0219i. Fanii au apreciat at\u00e2t abilit\u0103\u021bile sale tehnice, c\u00e2t \u0219i atitudinea pozitiv\u0103, care a inspirat nu doar colegii de echip\u0103, ci \u0219i t\u00e2n\u0103ra genera\u021bie de fotbali\u0219ti.<\/p>\n<p><img loading=\"lazy\" decoding=\"async\" class=\"alignnone size-medium wp-image-30611\" src=\"https:\/\/www.letsportsrock.com\/wp-content\/uploads\/2025\/03\/images-29-5-300x168.jpeg\" alt=\"\" width=\"300\" height=\"168\" srcset=\"https:\/\/www.letsportsrock.com\/wp-content\/uploads\/2025\/03\/images-29-5-300x168.jpeg 300w, https:\/\/www.letsportsrock.com\/wp-content\/uploads\/2025\/03\/images-29-5.jpeg 535w\" sizes=\"auto, (max-width: 300px) 100vw, 300px\" \/><\/p>\n<p>Decizia de a p\u0103r\u0103si Dinamo Bucure\u015fti vine \u00eentr-un moment de schimbare pentru club, care caut\u0103 s\u0103-\u0219i redefineasc\u0103 identitatea \u0219i s\u0103 se reinventeze pe plan sportiv. Mul\u021bi se \u00eentreab\u0103 ce urmeaz\u0103 pentru cariera lui Milanov, \u00eens\u0103 cert este c\u0103 impactul s\u0103u va r\u0103m\u00e2ne semnificativ. \u00centr-o perioad\u0103 marcat\u0103 de provoc\u0103ri, el a fost un exemplu de profesionalism \u0219i dedicare.<\/p>\n<p>&nbsp;<\/p>\n<p>Anun\u021bul plec\u0103rii sale este o pierdere pentru Dinamo, dar o nou\u0103 etap\u0103 \u00eencepe pentru juc\u0103tor, care va avea \u0219ansa s\u0103-\u0219i dovedeasc\u0103 valoarea \u00een alte medii. \u00cei ur\u0103m succes \u00een toate proiectele viitoare \u0219i sper\u0103m c\u0103 va continua s\u0103 inspire prin performan\u021bele sale remarcabile. Succesul s\u0103u continu\u0103.<\/p>\n\n<div style=\"font-size: 0px; height: 0px; line-height: 0px; margin: 0; padding: 0; clear: both;\"><\/div>","protected":false},"excerpt":{"rendered":"<p>\u00cemi pare r\u0103u c\u0103 am plecat: Georgi Milanov pleac\u0103 de la Dinamo Bucure\u015fti dup\u0103 ce a fost&#8230;. &nbsp; \u00cemi pare r\u0103u c\u0103 am plecat: Georgi Milanov pleac\u0103 de la Dinamo Bucure\u015fti dup\u0103 ce a fost un juc\u0103tor de seam\u0103 care a reprezentat cu m\u00e2ndrie echipa, aduc\u00e2nd pasiune, determinare \u0219i creativitate pe teren. \u00cen ultimii ani, [&hellip;]<\/p>\n","protected":false},"author":9,"featured_media":30610,"comment_status":"open","ping_status":"open","sticky":false,"template":"","format":"standard","meta":{"_jetpack_memberships_contains_paid_content":false,"footnotes":""},"categories":[1],"tags":[419],"class_list":["post-30604","post","type-post","status-publish","format-standard","has-post-thumbnail","hentry","category-uncategorized","tag-fc-dinamo-bucuresti"],"yoast_head":"<!-- This site is optimized with the Yoast SEO plugin v27.4 - https:\/\/yoast.com\/product\/yoast-seo-wordpress\/ -->\n<title>\u00cemi pare r\u0103u c\u0103 am plecat: Georgi Milanov pleac\u0103 de la Dinamo....<\/title>\n<meta name=\"description\" content=\"\u00cemi pare r\u0103u c\u0103 am plecat: Georgi Milanov pleac\u0103 de la Dinamo Bucure\u015fti dup\u0103 ce a fost..........................\" \/>\n<meta name=\"robots\" content=\"index, follow, max-snippet:-1, max-image-preview:large, max-video-preview:-1\" \/>\n<link rel=\"canonical\" href=\"https:\/\/www.letsportsrock.com\/?p=30604\" \/>\n<meta property=\"og:locale\" content=\"en_US\" \/>\n<meta property=\"og:type\" content=\"article\" \/>\n<meta property=\"og:title\" content=\"\u00cemi pare r\u0103u c\u0103 am plecat: Georgi Milanov pleac\u0103 de la Dinamo....\" \/>\n<meta property=\"og:description\" content=\"\u00cemi pare r\u0103u c\u0103 am plecat: Georgi Milanov pleac\u0103 de la Dinamo Bucure\u015fti dup\u0103 ce a fost..........................\" \/>\n<meta property=\"og:url\" content=\"https:\/\/www.letsportsrock.com\/?p=30604\" \/>\n<meta property=\"og:site_name\" content=\"letsportsrock\" \/>\n<meta property=\"article:published_time\" content=\"2025-03-21T21:25:02+00:00\" \/>\n<meta property=\"og:image\" content=\"https:\/\/www.letsportsrock.com\/wp-content\/uploads\/2025\/03\/images-28-4.jpeg\" \/>\n\t<meta property=\"og:image:width\" content=\"730\" \/>\n\t<meta property=\"og:image:height\" content=\"420\" \/>\n\t<meta property=\"og:image:type\" content=\"image\/jpeg\" \/>\n<meta name=\"author\" content=\"Paul Hembaor\" \/>\n<meta name=\"twitter:card\" content=\"summary_large_image\" \/>\n<meta name=\"twitter:label1\" content=\"Written by\" \/>\n\t<meta name=\"twitter:data1\" content=\"Paul Hembaor\" \/>\n\t<meta name=\"twitter:label2\" content=\"Est. reading time\" \/>\n\t<meta name=\"twitter:data2\" content=\"2 minutes\" \/>\n<script type=\"application\/ld+json\" class=\"yoast-schema-graph\">{\"@context\":\"https:\\\/\\\/schema.org\",\"@graph\":[{\"@type\":\"Article\",\"@id\":\"https:\\\/\\\/www.letsportsrock.com\\\/?p=30604#article\",\"isPartOf\":{\"@id\":\"https:\\\/\\\/www.letsportsrock.com\\\/?p=30604\"},\"author\":{\"name\":\"Paul Hembaor\",\"@id\":\"https:\\\/\\\/www.letsportsrock.com\\\/#\\\/schema\\\/person\\\/97aa0f336f5a3ca15a8ec7d78846f045\"},\"headline\":\"\u00cemi pare r\u0103u c\u0103 am plecat: Georgi Milanov pleac\u0103 de la Dinamo Bucure\u015fti dup\u0103 ce a fost&#8230;.\",\"datePublished\":\"2025-03-21T21:25:02+00:00\",\"mainEntityOfPage\":{\"@id\":\"https:\\\/\\\/www.letsportsrock.com\\\/?p=30604\"},\"wordCount\":277,\"commentCount\":0,\"image\":{\"@id\":\"https:\\\/\\\/www.letsportsrock.com\\\/?p=30604#primaryimage\"},\"thumbnailUrl\":\"https:\\\/\\\/www.letsportsrock.com\\\/wp-content\\\/uploads\\\/2025\\\/03\\\/images-28-4.jpeg\",\"keywords\":[\"Fc Dinamo bucuresti\"],\"inLanguage\":\"en-US\",\"potentialAction\":[{\"@type\":\"CommentAction\",\"name\":\"Comment\",\"target\":[\"https:\\\/\\\/www.letsportsrock.com\\\/?p=30604#respond\"]}]},{\"@type\":\"WebPage\",\"@id\":\"https:\\\/\\\/www.letsportsrock.com\\\/?p=30604\",\"url\":\"https:\\\/\\\/www.letsportsrock.com\\\/?p=30604\",\"name\":\"\u00cemi pare r\u0103u c\u0103 am plecat: Georgi Milanov pleac\u0103 de la Dinamo....\",\"isPartOf\":{\"@id\":\"https:\\\/\\\/www.letsportsrock.com\\\/#website\"},\"primaryImageOfPage\":{\"@id\":\"https:\\\/\\\/www.letsportsrock.com\\\/?p=30604#primaryimage\"},\"image\":{\"@id\":\"https:\\\/\\\/www.letsportsrock.com\\\/?p=30604#primaryimage\"},\"thumbnailUrl\":\"https:\\\/\\\/www.letsportsrock.com\\\/wp-content\\\/uploads\\\/2025\\\/03\\\/images-28-4.jpeg\",\"datePublished\":\"2025-03-21T21:25:02+00:00\",\"author\":{\"@id\":\"https:\\\/\\\/www.letsportsrock.com\\\/#\\\/schema\\\/person\\\/97aa0f336f5a3ca15a8ec7d78846f045\"},\"description\":\"\u00cemi pare r\u0103u c\u0103 am plecat: Georgi Milanov pleac\u0103 de la Dinamo Bucure\u015fti dup\u0103 ce a fost..........................\",\"breadcrumb\":{\"@id\":\"https:\\\/\\\/www.letsportsrock.com\\\/?p=30604#breadcrumb\"},\"inLanguage\":\"en-US\",\"potentialAction\":[{\"@type\":\"ReadAction\",\"target\":[\"https:\\\/\\\/www.letsportsrock.com\\\/?p=30604\"]}]},{\"@type\":\"ImageObject\",\"inLanguage\":\"en-US\",\"@id\":\"https:\\\/\\\/www.letsportsrock.com\\\/?p=30604#primaryimage\",\"url\":\"https:\\\/\\\/www.letsportsrock.com\\\/wp-content\\\/uploads\\\/2025\\\/03\\\/images-28-4.jpeg\",\"contentUrl\":\"https:\\\/\\\/www.letsportsrock.com\\\/wp-content\\\/uploads\\\/2025\\\/03\\\/images-28-4.jpeg\",\"width\":730,\"height\":420},{\"@type\":\"BreadcrumbList\",\"@id\":\"https:\\\/\\\/www.letsportsrock.com\\\/?p=30604#breadcrumb\",\"itemListElement\":[{\"@type\":\"ListItem\",\"position\":1,\"name\":\"Home\",\"item\":\"https:\\\/\\\/www.letsportsrock.com\\\/\"},{\"@type\":\"ListItem\",\"position\":2,\"name\":\"\u00cemi pare r\u0103u c\u0103 am plecat: Georgi Milanov pleac\u0103 de la Dinamo Bucure\u015fti dup\u0103 ce a fost&#8230;.\"}]},{\"@type\":\"WebSite\",\"@id\":\"https:\\\/\\\/www.letsportsrock.com\\\/#website\",\"url\":\"https:\\\/\\\/www.letsportsrock.com\\\/\",\"name\":\"letsportsrock\",\"description\":\"Sport News and Updates\",\"potentialAction\":[{\"@type\":\"SearchAction\",\"target\":{\"@type\":\"EntryPoint\",\"urlTemplate\":\"https:\\\/\\\/www.letsportsrock.com\\\/?s={search_term_string}\"},\"query-input\":{\"@type\":\"PropertyValueSpecification\",\"valueRequired\":true,\"valueName\":\"search_term_string\"}}],\"inLanguage\":\"en-US\"},{\"@type\":\"Person\",\"@id\":\"https:\\\/\\\/www.letsportsrock.com\\\/#\\\/schema\\\/person\\\/97aa0f336f5a3ca15a8ec7d78846f045\",\"name\":\"Paul Hembaor\",\"image\":{\"@type\":\"ImageObject\",\"inLanguage\":\"en-US\",\"@id\":\"https:\\\/\\\/secure.gravatar.com\\\/avatar\\\/0574929a03c152e8ea7939c31311f9ea2fe2e06139cd71e2d6e698c217219d60?s=96&d=mm&r=g\",\"url\":\"https:\\\/\\\/secure.gravatar.com\\\/avatar\\\/0574929a03c152e8ea7939c31311f9ea2fe2e06139cd71e2d6e698c217219d60?s=96&d=mm&r=g\",\"contentUrl\":\"https:\\\/\\\/secure.gravatar.com\\\/avatar\\\/0574929a03c152e8ea7939c31311f9ea2fe2e06139cd71e2d6e698c217219d60?s=96&d=mm&r=g\",\"caption\":\"Paul Hembaor\"},\"sameAs\":[\"https:\\\/\\\/www.letsportsrock.com\\\/wp-admin\\\/\"],\"url\":\"https:\\\/\\\/www.letsportsrock.com\\\/?author=9\"}]}<\/script>\n<!-- \/ Yoast SEO plugin. -->","yoast_head_json":{"title":"\u00cemi pare r\u0103u c\u0103 am plecat: Georgi Milanov pleac\u0103 de la Dinamo....","description":"\u00cemi pare r\u0103u c\u0103 am plecat: Georgi Milanov pleac\u0103 de la Dinamo Bucure\u015fti dup\u0103 ce a fost..........................","robots":{"index":"index","follow":"follow","max-snippet":"max-snippet:-1","max-image-preview":"max-image-preview:large","max-video-preview":"max-video-preview:-1"},"canonical":"https:\/\/www.letsportsrock.com\/?p=30604","og_locale":"en_US","og_type":"article","og_title":"\u00cemi pare r\u0103u c\u0103 am plecat: Georgi Milanov pleac\u0103 de la Dinamo....","og_description":"\u00cemi pare r\u0103u c\u0103 am plecat: Georgi Milanov pleac\u0103 de la Dinamo Bucure\u015fti dup\u0103 ce a fost..........................","og_url":"https:\/\/www.letsportsrock.com\/?p=30604","og_site_name":"letsportsrock","article_published_time":"2025-03-21T21:25:02+00:00","og_image":[{"width":730,"height":420,"url":"https:\/\/www.letsportsrock.com\/wp-content\/uploads\/2025\/03\/images-28-4.jpeg","type":"image\/jpeg"}],"author":"Paul Hembaor","twitter_card":"summary_large_image","twitter_misc":{"Written by":"Paul Hembaor","Est. reading time":"2 minutes"},"schema":{"@context":"https:\/\/schema.org","@graph":[{"@type":"Article","@id":"https:\/\/www.letsportsrock.com\/?p=30604#article","isPartOf":{"@id":"https:\/\/www.letsportsrock.com\/?p=30604"},"author":{"name":"Paul Hembaor","@id":"https:\/\/www.letsportsrock.com\/#\/schema\/person\/97aa0f336f5a3ca15a8ec7d78846f045"},"headline":"\u00cemi pare r\u0103u c\u0103 am plecat: Georgi Milanov pleac\u0103 de la Dinamo Bucure\u015fti dup\u0103 ce a fost&#8230;.","datePublished":"2025-03-21T21:25:02+00:00","mainEntityOfPage":{"@id":"https:\/\/www.letsportsrock.com\/?p=30604"},"wordCount":277,"commentCount":0,"image":{"@id":"https:\/\/www.letsportsrock.com\/?p=30604#primaryimage"},"thumbnailUrl":"https:\/\/www.letsportsrock.com\/wp-content\/uploads\/2025\/03\/images-28-4.jpeg","keywords":["Fc Dinamo bucuresti"],"inLanguage":"en-US","potentialAction":[{"@type":"CommentAction","name":"Comment","target":["https:\/\/www.letsportsrock.com\/?p=30604#respond"]}]},{"@type":"WebPage","@id":"https:\/\/www.letsportsrock.com\/?p=30604","url":"https:\/\/www.letsportsrock.com\/?p=30604","name":"\u00cemi pare r\u0103u c\u0103 am plecat: Georgi Milanov pleac\u0103 de la Dinamo....","isPartOf":{"@id":"https:\/\/www.letsportsrock.com\/#website"},"primaryImageOfPage":{"@id":"https:\/\/www.letsportsrock.com\/?p=30604#primaryimage"},"image":{"@id":"https:\/\/www.letsportsrock.com\/?p=30604#primaryimage"},"thumbnailUrl":"https:\/\/www.letsportsrock.com\/wp-content\/uploads\/2025\/03\/images-28-4.jpeg","datePublished":"2025-03-21T21:25:02+00:00","author":{"@id":"https:\/\/www.letsportsrock.com\/#\/schema\/person\/97aa0f336f5a3ca15a8ec7d78846f045"},"description":"\u00cemi pare r\u0103u c\u0103 am plecat: Georgi Milanov pleac\u0103 de la Dinamo Bucure\u015fti dup\u0103 ce a fost..........................","breadcrumb":{"@id":"https:\/\/www.letsportsrock.com\/?p=30604#breadcrumb"},"inLanguage":"en-US","potentialAction":[{"@type":"ReadAction","target":["https:\/\/www.letsportsrock.com\/?p=30604"]}]},{"@type":"ImageObject","inLanguage":"en-US","@id":"https:\/\/www.letsportsrock.com\/?p=30604#primaryimage","url":"https:\/\/www.letsportsrock.com\/wp-content\/uploads\/2025\/03\/images-28-4.jpeg","contentUrl":"https:\/\/www.letsportsrock.com\/wp-content\/uploads\/2025\/03\/images-28-4.jpeg","width":730,"height":420},{"@type":"BreadcrumbList","@id":"https:\/\/www.letsportsrock.com\/?p=30604#breadcrumb","itemListElement":[{"@type":"ListItem","position":1,"name":"Home","item":"https:\/\/www.letsportsrock.com\/"},{"@type":"ListItem","position":2,"name":"\u00cemi pare r\u0103u c\u0103 am plecat: Georgi Milanov pleac\u0103 de la Dinamo Bucure\u015fti dup\u0103 ce a fost&#8230;."}]},{"@type":"WebSite","@id":"https:\/\/www.letsportsrock.com\/#website","url":"https:\/\/www.letsportsrock.com\/","name":"letsportsrock","description":"Sport News and Updates","potentialAction":[{"@type":"SearchAction","target":{"@type":"EntryPoint","urlTemplate":"https:\/\/www.letsportsrock.com\/?s={search_term_string}"},"query-input":{"@type":"PropertyValueSpecification","valueRequired":true,"valueName":"search_term_string"}}],"inLanguage":"en-US"},{"@type":"Person","@id":"https:\/\/www.letsportsrock.com\/#\/schema\/person\/97aa0f336f5a3ca15a8ec7d78846f045","name":"Paul Hembaor","image":{"@type":"ImageObject","inLanguage":"en-US","@id":"https:\/\/secure.gravatar.com\/avatar\/0574929a03c152e8ea7939c31311f9ea2fe2e06139cd71e2d6e698c217219d60?s=96&d=mm&r=g","url":"https:\/\/secure.gravatar.com\/avatar\/0574929a03c152e8ea7939c31311f9ea2fe2e06139cd71e2d6e698c217219d60?s=96&d=mm&r=g","contentUrl":"https:\/\/secure.gravatar.com\/avatar\/0574929a03c152e8ea7939c31311f9ea2fe2e06139cd71e2d6e698c217219d60?s=96&d=mm&r=g","caption":"Paul Hembaor"},"sameAs":["https:\/\/www.letsportsrock.com\/wp-admin\/"],"url":"https:\/\/www.letsportsrock.com\/?author=9"}]}},"jetpack_featured_media_url":"https:\/\/www.letsportsrock.com\/wp-content\/uploads\/2025\/03\/images-28-4.jpeg","jetpack_sharing_enabled":true,"_links":{"self":[{"href":"https:\/\/www.letsportsrock.com\/index.php?rest_route=\/wp\/v2\/posts\/30604","targetHints":{"allow":["GET"]}}],"collection":[{"href":"https:\/\/www.letsportsrock.com\/index.php?rest_route=\/wp\/v2\/posts"}],"about":[{"href":"https:\/\/www.letsportsrock.com\/index.php?rest_route=\/wp\/v2\/types\/post"}],"author":[{"embeddable":true,"href":"https:\/\/www.letsportsrock.com\/index.php?rest_route=\/wp\/v2\/users\/9"}],"replies":[{"embeddable":true,"href":"https:\/\/www.letsportsrock.com\/index.php?rest_route=%2Fwp%2Fv2%2Fcomments&post=30604"}],"version-history":[{"count":1,"href":"https:\/\/www.letsportsrock.com\/index.php?rest_route=\/wp\/v2\/posts\/30604\/revisions"}],"predecessor-version":[{"id":30612,"href":"https:\/\/www.letsportsrock.com\/index.php?rest_route=\/wp\/v2\/posts\/30604\/revisions\/30612"}],"wp:featuredmedia":[{"embeddable":true,"href":"https:\/\/www.letsportsrock.com\/index.php?rest_route=\/wp\/v2\/media\/30610"}],"wp:attachment":[{"href":"https:\/\/www.letsportsrock.com\/index.php?rest_route=%2Fwp%2Fv2%2Fmedia&parent=30604"}],"wp:term":[{"taxonomy":"category","embeddable":true,"href":"https:\/\/www.letsportsrock.com\/index.php?rest_route=%2Fwp%2Fv2%2Fcategories&post=30604"},{"taxonomy":"post_tag","embeddable":true,"href":"https:\/\/www.letsportsrock.com\/index.php?rest_route=%2Fwp%2Fv2%2Ftags&post=30604"}],"curies":[{"name":"wp","href":"https:\/\/api.w.org\/{rel}","templated":true}]}}