{"id":33924,"date":"2025-04-08T06:38:02","date_gmt":"2025-04-08T06:38:02","guid":{"rendered":"https:\/\/www.letsportsrock.com\/?p=33924"},"modified":"2025-04-08T06:38:02","modified_gmt":"2025-04-08T06:38:02","slug":"ma-intorc-fostul-star-atacant-de-la-dinamo-bucuresti-si-a-reziliat-contractul-cu-al-gharafa-sc-declarand-ca-va","status":"publish","type":"post","link":"https:\/\/www.letsportsrock.com\/?p=33924","title":{"rendered":"M\u0103 \u00eentorc\u201d. Fostul star atacant de la Dinamo Bucure\u0219ti \u0219i-a reziliat contractul cu Al-Gharafa SC, declar\u00e2nd c\u0103 va\u2026\u2026."},"content":{"rendered":"<div class=\"d79db4796efc26332eabfc3f5dafbc76\" data-index=\"1\" style=\"float: none; margin:10px 0 10px 0; text-align:center;\">\n<div class=\"hb-ad-inarticle\">\r\n    <div class=\"hb-ad-inner\"> \r\n    <div class=\"hbagency_cls\"  id=\"hbagency_space_111930\"><\/div><\/div> <\/div>\n<\/div>\n<p>\u201eM\u0103 \u00eentorc\u201d. Fostul star atacant de la FCSB, despre care se \u0219tia c\u0103 joac\u0103 la clubul din Qatar Al-Gharafa SC, a anun\u021bat recent c\u0103 \u0219i-a reziliat contractul cu echipa din Golf. \u00centr-o declara\u021bie public\u0103, juc\u0103torul a men\u021bionat c\u0103 are de g\u00e2nd s\u0103 revin\u0103 \u00een fotbalul rom\u00e2nesc \u0219i s\u0103 \u00ee\u0219i continue cariera \u00een \u021bara natal\u0103. Decizia de a rezilia \u00een\u021belegerea cu Al-Gharafa SC vine dup\u0103 o perioad\u0103 mai pu\u021bin productiv\u0103 la echipa din Qatar, iar fostul juc\u0103tor al FCSB-ului a subliniat c\u0103 \u00ee\u0219i dore\u0219te s\u0103 \u00ee\u0219i reg\u0103seasc\u0103 forma fizic\u0103 \u0219i s\u0103 joace \u00eentr-un campionat cu care este familiarizat, cum este Liga 1 din Rom\u00e2nia.<\/p>\n<p>&nbsp;<\/p>\n<p>Acesta nu a precizat \u00een mod concret echipele cu care ar fi \u00een discu\u021bii, dar a l\u0103sat s\u0103 se \u00een\u021beleag\u0103 c\u0103 are oferte interesante din partea unor cluburi din Rom\u00e2nia, care sunt dornice s\u0103 \u00eei pun\u0103 experien\u021ba la dispozi\u021bie. R\u0103m\u00e2ne de v\u0103zut dac\u0103 se va \u00eentoarce la FCSB sau va alege o alt\u0103 echip\u0103 din Liga 1. Este un pas important \u00een cariera sa, iar fanii din Rom\u00e2nia sper\u0103 s\u0103-l re\u00eent\u00e2lneasc\u0103 pe terenul de fotbal, acolo unde a l\u0103sat amintiri frumoase.<\/p>\n<p>&nbsp;<\/p>\n<p>&nbsp;<\/p>\n\n<div style=\"font-size: 0px; height: 0px; line-height: 0px; margin: 0; padding: 0; clear: both;\"><\/div>","protected":false},"excerpt":{"rendered":"<p>\u201eM\u0103 \u00eentorc\u201d. Fostul star atacant de la FCSB, despre care se \u0219tia c\u0103 joac\u0103 la clubul din Qatar Al-Gharafa SC, a anun\u021bat recent c\u0103 \u0219i-a reziliat contractul cu echipa din Golf. \u00centr-o declara\u021bie public\u0103, juc\u0103torul a men\u021bionat c\u0103 are de g\u00e2nd s\u0103 revin\u0103 \u00een fotbalul rom\u00e2nesc \u0219i s\u0103 \u00ee\u0219i continue cariera \u00een \u021bara natal\u0103. Decizia [&hellip;]<\/p>\n","protected":false},"author":5,"featured_media":33927,"comment_status":"open","ping_status":"open","sticky":false,"template":"","format":"standard","meta":{"_jetpack_memberships_contains_paid_content":false,"footnotes":""},"categories":[1],"tags":[395],"class_list":["post-33924","post","type-post","status-publish","format-standard","has-post-thumbnail","hentry","category-uncategorized","tag-dinamo-bucuresti"],"yoast_head":"<!-- This site is optimized with the Yoast SEO plugin v27.4 - https:\/\/yoast.com\/product\/yoast-seo-wordpress\/ -->\n<title>M\u0103 \u00eentorc\u201d. Fostul star atacant de la Dinamo Bucure\u0219ti \u0219i-a reziliat contractul cu Al-Gharafa SC, declar\u00e2nd c\u0103 va\u2026\u2026.<\/title>\n<meta name=\"description\" content=\"M\u0103 \u00eentorc\u201d. Fostul star atacant de la Dinamo Bucure\u0219ti \u0219i-a reziliat contractul cu Al-Gharafa SC, declar\u00e2nd c\u0103 va\u2026\u2026.\" \/>\n<meta name=\"robots\" content=\"index, follow, max-snippet:-1, max-image-preview:large, max-video-preview:-1\" \/>\n<link rel=\"canonical\" href=\"https:\/\/www.letsportsrock.com\/?p=33924\" \/>\n<meta property=\"og:locale\" content=\"en_US\" \/>\n<meta property=\"og:type\" content=\"article\" \/>\n<meta property=\"og:title\" content=\"M\u0103 \u00eentorc\u201d. Fostul star atacant de la Dinamo Bucure\u0219ti \u0219i-a reziliat contractul cu Al-Gharafa SC, declar\u00e2nd c\u0103 va\u2026\u2026.\" \/>\n<meta property=\"og:description\" content=\"M\u0103 \u00eentorc\u201d. Fostul star atacant de la Dinamo Bucure\u0219ti \u0219i-a reziliat contractul cu Al-Gharafa SC, declar\u00e2nd c\u0103 va\u2026\u2026.\" \/>\n<meta property=\"og:url\" content=\"https:\/\/www.letsportsrock.com\/?p=33924\" \/>\n<meta property=\"og:site_name\" content=\"letsportsrock\" \/>\n<meta property=\"article:published_time\" content=\"2025-04-08T06:38:02+00:00\" \/>\n<meta property=\"og:image\" content=\"https:\/\/www.letsportsrock.com\/wp-content\/uploads\/2025\/04\/images-99-3.jpeg\" \/>\n\t<meta property=\"og:image:width\" content=\"500\" \/>\n\t<meta property=\"og:image:height\" content=\"335\" \/>\n\t<meta property=\"og:image:type\" content=\"image\/jpeg\" \/>\n<meta name=\"author\" content=\"Commy Msuurshima\" \/>\n<meta name=\"twitter:card\" content=\"summary_large_image\" \/>\n<meta name=\"twitter:label1\" content=\"Written by\" \/>\n\t<meta name=\"twitter:data1\" content=\"Commy Msuurshima\" \/>\n\t<meta name=\"twitter:label2\" content=\"Est. reading time\" \/>\n\t<meta name=\"twitter:data2\" content=\"2 minutes\" \/>\n<script type=\"application\/ld+json\" class=\"yoast-schema-graph\">{\"@context\":\"https:\\\/\\\/schema.org\",\"@graph\":[{\"@type\":\"Article\",\"@id\":\"https:\\\/\\\/www.letsportsrock.com\\\/?p=33924#article\",\"isPartOf\":{\"@id\":\"https:\\\/\\\/www.letsportsrock.com\\\/?p=33924\"},\"author\":{\"name\":\"Commy Msuurshima\",\"@id\":\"https:\\\/\\\/www.letsportsrock.com\\\/#\\\/schema\\\/person\\\/48a7d50d6b0e142e624de09fb01c90ed\"},\"headline\":\"M\u0103 \u00eentorc\u201d. Fostul star atacant de la Dinamo Bucure\u0219ti \u0219i-a reziliat contractul cu Al-Gharafa SC, declar\u00e2nd c\u0103 va\u2026\u2026.\",\"datePublished\":\"2025-04-08T06:38:02+00:00\",\"mainEntityOfPage\":{\"@id\":\"https:\\\/\\\/www.letsportsrock.com\\\/?p=33924\"},\"wordCount\":231,\"commentCount\":0,\"image\":{\"@id\":\"https:\\\/\\\/www.letsportsrock.com\\\/?p=33924#primaryimage\"},\"thumbnailUrl\":\"https:\\\/\\\/www.letsportsrock.com\\\/wp-content\\\/uploads\\\/2025\\\/04\\\/images-99-3.jpeg\",\"keywords\":[\"Dinamo Bucuresti\"],\"inLanguage\":\"en-US\",\"potentialAction\":[{\"@type\":\"CommentAction\",\"name\":\"Comment\",\"target\":[\"https:\\\/\\\/www.letsportsrock.com\\\/?p=33924#respond\"]}]},{\"@type\":\"WebPage\",\"@id\":\"https:\\\/\\\/www.letsportsrock.com\\\/?p=33924\",\"url\":\"https:\\\/\\\/www.letsportsrock.com\\\/?p=33924\",\"name\":\"M\u0103 \u00eentorc\u201d. Fostul star atacant de la Dinamo Bucure\u0219ti \u0219i-a reziliat contractul cu Al-Gharafa SC, declar\u00e2nd c\u0103 va\u2026\u2026.\",\"isPartOf\":{\"@id\":\"https:\\\/\\\/www.letsportsrock.com\\\/#website\"},\"primaryImageOfPage\":{\"@id\":\"https:\\\/\\\/www.letsportsrock.com\\\/?p=33924#primaryimage\"},\"image\":{\"@id\":\"https:\\\/\\\/www.letsportsrock.com\\\/?p=33924#primaryimage\"},\"thumbnailUrl\":\"https:\\\/\\\/www.letsportsrock.com\\\/wp-content\\\/uploads\\\/2025\\\/04\\\/images-99-3.jpeg\",\"datePublished\":\"2025-04-08T06:38:02+00:00\",\"author\":{\"@id\":\"https:\\\/\\\/www.letsportsrock.com\\\/#\\\/schema\\\/person\\\/48a7d50d6b0e142e624de09fb01c90ed\"},\"description\":\"M\u0103 \u00eentorc\u201d. Fostul star atacant de la Dinamo Bucure\u0219ti \u0219i-a reziliat contractul cu Al-Gharafa SC, declar\u00e2nd c\u0103 va\u2026\u2026.\",\"breadcrumb\":{\"@id\":\"https:\\\/\\\/www.letsportsrock.com\\\/?p=33924#breadcrumb\"},\"inLanguage\":\"en-US\",\"potentialAction\":[{\"@type\":\"ReadAction\",\"target\":[\"https:\\\/\\\/www.letsportsrock.com\\\/?p=33924\"]}]},{\"@type\":\"ImageObject\",\"inLanguage\":\"en-US\",\"@id\":\"https:\\\/\\\/www.letsportsrock.com\\\/?p=33924#primaryimage\",\"url\":\"https:\\\/\\\/www.letsportsrock.com\\\/wp-content\\\/uploads\\\/2025\\\/04\\\/images-99-3.jpeg\",\"contentUrl\":\"https:\\\/\\\/www.letsportsrock.com\\\/wp-content\\\/uploads\\\/2025\\\/04\\\/images-99-3.jpeg\",\"width\":500,\"height\":335},{\"@type\":\"BreadcrumbList\",\"@id\":\"https:\\\/\\\/www.letsportsrock.com\\\/?p=33924#breadcrumb\",\"itemListElement\":[{\"@type\":\"ListItem\",\"position\":1,\"name\":\"Home\",\"item\":\"https:\\\/\\\/www.letsportsrock.com\\\/\"},{\"@type\":\"ListItem\",\"position\":2,\"name\":\"M\u0103 \u00eentorc\u201d. Fostul star atacant de la Dinamo Bucure\u0219ti \u0219i-a reziliat contractul cu Al-Gharafa SC, declar\u00e2nd c\u0103 va\u2026\u2026.\"}]},{\"@type\":\"WebSite\",\"@id\":\"https:\\\/\\\/www.letsportsrock.com\\\/#website\",\"url\":\"https:\\\/\\\/www.letsportsrock.com\\\/\",\"name\":\"letsportsrock\",\"description\":\"Sport News and Updates\",\"potentialAction\":[{\"@type\":\"SearchAction\",\"target\":{\"@type\":\"EntryPoint\",\"urlTemplate\":\"https:\\\/\\\/www.letsportsrock.com\\\/?s={search_term_string}\"},\"query-input\":{\"@type\":\"PropertyValueSpecification\",\"valueRequired\":true,\"valueName\":\"search_term_string\"}}],\"inLanguage\":\"en-US\"},{\"@type\":\"Person\",\"@id\":\"https:\\\/\\\/www.letsportsrock.com\\\/#\\\/schema\\\/person\\\/48a7d50d6b0e142e624de09fb01c90ed\",\"name\":\"Commy Msuurshima\",\"image\":{\"@type\":\"ImageObject\",\"inLanguage\":\"en-US\",\"@id\":\"https:\\\/\\\/secure.gravatar.com\\\/avatar\\\/93ebd91bfe49a370e03292e81b65e6f106b4c734b18cac41570aa99a1503b409?s=96&d=mm&r=g\",\"url\":\"https:\\\/\\\/secure.gravatar.com\\\/avatar\\\/93ebd91bfe49a370e03292e81b65e6f106b4c734b18cac41570aa99a1503b409?s=96&d=mm&r=g\",\"contentUrl\":\"https:\\\/\\\/secure.gravatar.com\\\/avatar\\\/93ebd91bfe49a370e03292e81b65e6f106b4c734b18cac41570aa99a1503b409?s=96&d=mm&r=g\",\"caption\":\"Commy Msuurshima\"},\"sameAs\":[\"http:\\\/\\\/Letsportsrock.com\"],\"url\":\"https:\\\/\\\/www.letsportsrock.com\\\/?author=5\"}]}<\/script>\n<!-- \/ Yoast SEO plugin. -->","yoast_head_json":{"title":"M\u0103 \u00eentorc\u201d. Fostul star atacant de la Dinamo Bucure\u0219ti \u0219i-a reziliat contractul cu Al-Gharafa SC, declar\u00e2nd c\u0103 va\u2026\u2026.","description":"M\u0103 \u00eentorc\u201d. Fostul star atacant de la Dinamo Bucure\u0219ti \u0219i-a reziliat contractul cu Al-Gharafa SC, declar\u00e2nd c\u0103 va\u2026\u2026.","robots":{"index":"index","follow":"follow","max-snippet":"max-snippet:-1","max-image-preview":"max-image-preview:large","max-video-preview":"max-video-preview:-1"},"canonical":"https:\/\/www.letsportsrock.com\/?p=33924","og_locale":"en_US","og_type":"article","og_title":"M\u0103 \u00eentorc\u201d. Fostul star atacant de la Dinamo Bucure\u0219ti \u0219i-a reziliat contractul cu Al-Gharafa SC, declar\u00e2nd c\u0103 va\u2026\u2026.","og_description":"M\u0103 \u00eentorc\u201d. Fostul star atacant de la Dinamo Bucure\u0219ti \u0219i-a reziliat contractul cu Al-Gharafa SC, declar\u00e2nd c\u0103 va\u2026\u2026.","og_url":"https:\/\/www.letsportsrock.com\/?p=33924","og_site_name":"letsportsrock","article_published_time":"2025-04-08T06:38:02+00:00","og_image":[{"width":500,"height":335,"url":"https:\/\/www.letsportsrock.com\/wp-content\/uploads\/2025\/04\/images-99-3.jpeg","type":"image\/jpeg"}],"author":"Commy Msuurshima","twitter_card":"summary_large_image","twitter_misc":{"Written by":"Commy Msuurshima","Est. reading time":"2 minutes"},"schema":{"@context":"https:\/\/schema.org","@graph":[{"@type":"Article","@id":"https:\/\/www.letsportsrock.com\/?p=33924#article","isPartOf":{"@id":"https:\/\/www.letsportsrock.com\/?p=33924"},"author":{"name":"Commy Msuurshima","@id":"https:\/\/www.letsportsrock.com\/#\/schema\/person\/48a7d50d6b0e142e624de09fb01c90ed"},"headline":"M\u0103 \u00eentorc\u201d. Fostul star atacant de la Dinamo Bucure\u0219ti \u0219i-a reziliat contractul cu Al-Gharafa SC, declar\u00e2nd c\u0103 va\u2026\u2026.","datePublished":"2025-04-08T06:38:02+00:00","mainEntityOfPage":{"@id":"https:\/\/www.letsportsrock.com\/?p=33924"},"wordCount":231,"commentCount":0,"image":{"@id":"https:\/\/www.letsportsrock.com\/?p=33924#primaryimage"},"thumbnailUrl":"https:\/\/www.letsportsrock.com\/wp-content\/uploads\/2025\/04\/images-99-3.jpeg","keywords":["Dinamo Bucuresti"],"inLanguage":"en-US","potentialAction":[{"@type":"CommentAction","name":"Comment","target":["https:\/\/www.letsportsrock.com\/?p=33924#respond"]}]},{"@type":"WebPage","@id":"https:\/\/www.letsportsrock.com\/?p=33924","url":"https:\/\/www.letsportsrock.com\/?p=33924","name":"M\u0103 \u00eentorc\u201d. Fostul star atacant de la Dinamo Bucure\u0219ti \u0219i-a reziliat contractul cu Al-Gharafa SC, declar\u00e2nd c\u0103 va\u2026\u2026.","isPartOf":{"@id":"https:\/\/www.letsportsrock.com\/#website"},"primaryImageOfPage":{"@id":"https:\/\/www.letsportsrock.com\/?p=33924#primaryimage"},"image":{"@id":"https:\/\/www.letsportsrock.com\/?p=33924#primaryimage"},"thumbnailUrl":"https:\/\/www.letsportsrock.com\/wp-content\/uploads\/2025\/04\/images-99-3.jpeg","datePublished":"2025-04-08T06:38:02+00:00","author":{"@id":"https:\/\/www.letsportsrock.com\/#\/schema\/person\/48a7d50d6b0e142e624de09fb01c90ed"},"description":"M\u0103 \u00eentorc\u201d. Fostul star atacant de la Dinamo Bucure\u0219ti \u0219i-a reziliat contractul cu Al-Gharafa SC, declar\u00e2nd c\u0103 va\u2026\u2026.","breadcrumb":{"@id":"https:\/\/www.letsportsrock.com\/?p=33924#breadcrumb"},"inLanguage":"en-US","potentialAction":[{"@type":"ReadAction","target":["https:\/\/www.letsportsrock.com\/?p=33924"]}]},{"@type":"ImageObject","inLanguage":"en-US","@id":"https:\/\/www.letsportsrock.com\/?p=33924#primaryimage","url":"https:\/\/www.letsportsrock.com\/wp-content\/uploads\/2025\/04\/images-99-3.jpeg","contentUrl":"https:\/\/www.letsportsrock.com\/wp-content\/uploads\/2025\/04\/images-99-3.jpeg","width":500,"height":335},{"@type":"BreadcrumbList","@id":"https:\/\/www.letsportsrock.com\/?p=33924#breadcrumb","itemListElement":[{"@type":"ListItem","position":1,"name":"Home","item":"https:\/\/www.letsportsrock.com\/"},{"@type":"ListItem","position":2,"name":"M\u0103 \u00eentorc\u201d. Fostul star atacant de la Dinamo Bucure\u0219ti \u0219i-a reziliat contractul cu Al-Gharafa SC, declar\u00e2nd c\u0103 va\u2026\u2026."}]},{"@type":"WebSite","@id":"https:\/\/www.letsportsrock.com\/#website","url":"https:\/\/www.letsportsrock.com\/","name":"letsportsrock","description":"Sport News and Updates","potentialAction":[{"@type":"SearchAction","target":{"@type":"EntryPoint","urlTemplate":"https:\/\/www.letsportsrock.com\/?s={search_term_string}"},"query-input":{"@type":"PropertyValueSpecification","valueRequired":true,"valueName":"search_term_string"}}],"inLanguage":"en-US"},{"@type":"Person","@id":"https:\/\/www.letsportsrock.com\/#\/schema\/person\/48a7d50d6b0e142e624de09fb01c90ed","name":"Commy Msuurshima","image":{"@type":"ImageObject","inLanguage":"en-US","@id":"https:\/\/secure.gravatar.com\/avatar\/93ebd91bfe49a370e03292e81b65e6f106b4c734b18cac41570aa99a1503b409?s=96&d=mm&r=g","url":"https:\/\/secure.gravatar.com\/avatar\/93ebd91bfe49a370e03292e81b65e6f106b4c734b18cac41570aa99a1503b409?s=96&d=mm&r=g","contentUrl":"https:\/\/secure.gravatar.com\/avatar\/93ebd91bfe49a370e03292e81b65e6f106b4c734b18cac41570aa99a1503b409?s=96&d=mm&r=g","caption":"Commy Msuurshima"},"sameAs":["http:\/\/Letsportsrock.com"],"url":"https:\/\/www.letsportsrock.com\/?author=5"}]}},"jetpack_featured_media_url":"https:\/\/www.letsportsrock.com\/wp-content\/uploads\/2025\/04\/images-99-3.jpeg","jetpack_sharing_enabled":true,"_links":{"self":[{"href":"https:\/\/www.letsportsrock.com\/index.php?rest_route=\/wp\/v2\/posts\/33924","targetHints":{"allow":["GET"]}}],"collection":[{"href":"https:\/\/www.letsportsrock.com\/index.php?rest_route=\/wp\/v2\/posts"}],"about":[{"href":"https:\/\/www.letsportsrock.com\/index.php?rest_route=\/wp\/v2\/types\/post"}],"author":[{"embeddable":true,"href":"https:\/\/www.letsportsrock.com\/index.php?rest_route=\/wp\/v2\/users\/5"}],"replies":[{"embeddable":true,"href":"https:\/\/www.letsportsrock.com\/index.php?rest_route=%2Fwp%2Fv2%2Fcomments&post=33924"}],"version-history":[{"count":1,"href":"https:\/\/www.letsportsrock.com\/index.php?rest_route=\/wp\/v2\/posts\/33924\/revisions"}],"predecessor-version":[{"id":33928,"href":"https:\/\/www.letsportsrock.com\/index.php?rest_route=\/wp\/v2\/posts\/33924\/revisions\/33928"}],"wp:featuredmedia":[{"embeddable":true,"href":"https:\/\/www.letsportsrock.com\/index.php?rest_route=\/wp\/v2\/media\/33927"}],"wp:attachment":[{"href":"https:\/\/www.letsportsrock.com\/index.php?rest_route=%2Fwp%2Fv2%2Fmedia&parent=33924"}],"wp:term":[{"taxonomy":"category","embeddable":true,"href":"https:\/\/www.letsportsrock.com\/index.php?rest_route=%2Fwp%2Fv2%2Fcategories&post=33924"},{"taxonomy":"post_tag","embeddable":true,"href":"https:\/\/www.letsportsrock.com\/index.php?rest_route=%2Fwp%2Fv2%2Ftags&post=33924"}],"curies":[{"name":"wp","href":"https:\/\/api.w.org\/{rel}","templated":true}]}}