{"id":36750,"date":"2025-04-30T21:31:37","date_gmt":"2025-04-30T21:31:37","guid":{"rendered":"https:\/\/www.letsportsrock.com\/?p=36750"},"modified":"2025-04-30T21:31:37","modified_gmt":"2025-04-30T21:31:37","slug":"stire-de-ultima-ora-starul-principal-de-la-cfr-cluj-confirma-ca-vrea-sa-se-intoarca","status":"publish","type":"post","link":"https:\/\/www.letsportsrock.com\/?p=36750","title":{"rendered":"\u0218tire de ultim\u0103 or\u0103: Starul principal de la CFR Cluj confirm\u0103 c\u0103 vrea s\u0103 se \u00eentoarc\u0103&#8230;"},"content":{"rendered":"<div class=\"d79db4796efc26332eabfc3f5dafbc76\" data-index=\"1\" style=\"float: none; margin:10px 0 10px 0; text-align:center;\">\n<div class=\"hb-ad-inarticle\">\r\n    <div class=\"hb-ad-inner\"> \r\n    <div class=\"hbagency_cls\"  id=\"hbagency_space_111930\"><\/div><\/div> <\/div>\n<\/div>\n<p>**\u0218tire de ultim\u0103 or\u0103: Starul principal de la CFR Cluj confirm\u0103 c\u0103 vrea s\u0103 se \u00eentoarc\u0103**<\/p>\n<p>&nbsp;<\/p>\n<p>Unul dintre cei mai aprecia\u021bi juc\u0103tori care au evoluat \u00een tricoul celor de la CFR Cluj a f\u0103cut un anun\u021b surprinz\u0103tor. Fotbalistul a confirmat c\u0103 \u00ee\u0219i dore\u0219te o revenire spectaculoas\u0103 \u00een Gruia, acolo unde a cunoscut cele mai mari succese din carier\u0103. \u00centr-un interviu recent, acesta a declarat c\u0103 CFR Cluj va r\u0103m\u00e2ne mereu \u201eacas\u0103\u201d pentru el \u0219i c\u0103 a p\u0103strat o leg\u0103tur\u0103 special\u0103 cu clubul, suporterii \u0219i ora\u0219ul.<\/p>\n<p>&nbsp;<\/p>\n<p>\u201eAm avut momente de neuitat la Cluj \u0219i simt c\u0103 mai am ceva de oferit acestui club. Dac\u0103 va exista o oportunitate, mi-ar pl\u0103cea s\u0103 m\u0103 \u00eentorc\u201d, a spus juc\u0103torul. Conducerea echipei nu a oferit momentan o reac\u021bie oficial\u0103, \u00eens\u0103 surse din cadrul clubului sus\u021bin c\u0103 un eventual transfer este luat \u00een calcul.<\/p>\n<p>&nbsp;<\/p>\n<p>Fanii CFR-ului au reac\u021bionat cu entuziasm la veste, umpl\u00e2nd re\u021belele de socializare cu mesaje de sus\u021binere. Revenirea starului ar putea aduce un plus important de experien\u021b\u0103 \u0219i motiva\u021bie echipei, mai ales \u00eentr-un sezon \u00een care CFR Cluj \u00ee\u0219i propune s\u0103 c\u00e2\u0219tige din nou titlul \u00een Superliga Rom\u00e2niei.<\/p>\n\n<div style=\"font-size: 0px; height: 0px; line-height: 0px; margin: 0; padding: 0; clear: both;\"><\/div>","protected":false},"excerpt":{"rendered":"<p>**\u0218tire de ultim\u0103 or\u0103: Starul principal de la CFR Cluj confirm\u0103 c\u0103 vrea s\u0103 se \u00eentoarc\u0103** &nbsp; Unul dintre cei mai aprecia\u021bi juc\u0103tori care au evoluat \u00een tricoul celor de la CFR Cluj a f\u0103cut un anun\u021b surprinz\u0103tor. Fotbalistul a confirmat c\u0103 \u00ee\u0219i dore\u0219te o revenire spectaculoas\u0103 \u00een Gruia, acolo unde a cunoscut cele mai [&hellip;]<\/p>\n","protected":false},"author":1,"featured_media":36751,"comment_status":"open","ping_status":"open","sticky":false,"template":"","format":"standard","meta":{"_jetpack_memberships_contains_paid_content":false,"footnotes":""},"categories":[1],"tags":[],"class_list":["post-36750","post","type-post","status-publish","format-standard","has-post-thumbnail","hentry","category-uncategorized"],"yoast_head":"<!-- This site is optimized with the Yoast SEO plugin v27.4 - https:\/\/yoast.com\/product\/yoast-seo-wordpress\/ -->\n<title>\u0218tire de ultim\u0103 or\u0103: Starul principal de la CFR Cluj confirm\u0103 c\u0103 vrea s\u0103 se \u00eentoarc\u0103...<\/title>\n<meta name=\"description\" content=\"\u0218tire de ultim\u0103 or\u0103: Starul principal de la CFR Cluj confirm\u0103 c\u0103 vrea s\u0103 se \u00eentoarc\u0103........................\" \/>\n<meta name=\"robots\" content=\"index, follow, max-snippet:-1, max-image-preview:large, max-video-preview:-1\" \/>\n<link rel=\"canonical\" href=\"https:\/\/www.letsportsrock.com\/?p=36750\" \/>\n<meta property=\"og:locale\" content=\"en_US\" \/>\n<meta property=\"og:type\" content=\"article\" \/>\n<meta property=\"og:title\" content=\"\u0218tire de ultim\u0103 or\u0103: Starul principal de la CFR Cluj confirm\u0103 c\u0103 vrea s\u0103 se \u00eentoarc\u0103...\" \/>\n<meta property=\"og:description\" content=\"\u0218tire de ultim\u0103 or\u0103: Starul principal de la CFR Cluj confirm\u0103 c\u0103 vrea s\u0103 se \u00eentoarc\u0103........................\" \/>\n<meta property=\"og:url\" content=\"https:\/\/www.letsportsrock.com\/?p=36750\" \/>\n<meta property=\"og:site_name\" content=\"letsportsrock\" \/>\n<meta property=\"article:published_time\" content=\"2025-04-30T21:31:37+00:00\" \/>\n<meta property=\"og:image\" content=\"https:\/\/www.letsportsrock.com\/wp-content\/uploads\/2025\/04\/images-2025-04-30T222956.142.jpeg\" \/>\n\t<meta property=\"og:image:width\" content=\"739\" \/>\n\t<meta property=\"og:image:height\" content=\"415\" \/>\n\t<meta property=\"og:image:type\" content=\"image\/jpeg\" \/>\n<meta name=\"author\" content=\"letsportsrock\" \/>\n<meta name=\"twitter:card\" content=\"summary_large_image\" \/>\n<meta name=\"twitter:label1\" content=\"Written by\" \/>\n\t<meta name=\"twitter:data1\" content=\"letsportsrock\" \/>\n\t<meta name=\"twitter:label2\" content=\"Est. reading time\" \/>\n\t<meta name=\"twitter:data2\" content=\"2 minutes\" \/>\n<script type=\"application\/ld+json\" class=\"yoast-schema-graph\">{\"@context\":\"https:\\\/\\\/schema.org\",\"@graph\":[{\"@type\":\"Article\",\"@id\":\"https:\\\/\\\/www.letsportsrock.com\\\/?p=36750#article\",\"isPartOf\":{\"@id\":\"https:\\\/\\\/www.letsportsrock.com\\\/?p=36750\"},\"author\":{\"name\":\"letsportsrock\",\"@id\":\"https:\\\/\\\/www.letsportsrock.com\\\/#\\\/schema\\\/person\\\/a454ac24e58b214ddd97e4b5afb0bf01\"},\"headline\":\"\u0218tire de ultim\u0103 or\u0103: Starul principal de la CFR Cluj confirm\u0103 c\u0103 vrea s\u0103 se \u00eentoarc\u0103&#8230;\",\"datePublished\":\"2025-04-30T21:31:37+00:00\",\"mainEntityOfPage\":{\"@id\":\"https:\\\/\\\/www.letsportsrock.com\\\/?p=36750\"},\"wordCount\":225,\"commentCount\":0,\"image\":{\"@id\":\"https:\\\/\\\/www.letsportsrock.com\\\/?p=36750#primaryimage\"},\"thumbnailUrl\":\"https:\\\/\\\/www.letsportsrock.com\\\/wp-content\\\/uploads\\\/2025\\\/04\\\/images-2025-04-30T222956.142.jpeg\",\"inLanguage\":\"en-US\",\"potentialAction\":[{\"@type\":\"CommentAction\",\"name\":\"Comment\",\"target\":[\"https:\\\/\\\/www.letsportsrock.com\\\/?p=36750#respond\"]}]},{\"@type\":\"WebPage\",\"@id\":\"https:\\\/\\\/www.letsportsrock.com\\\/?p=36750\",\"url\":\"https:\\\/\\\/www.letsportsrock.com\\\/?p=36750\",\"name\":\"\u0218tire de ultim\u0103 or\u0103: Starul principal de la CFR Cluj confirm\u0103 c\u0103 vrea s\u0103 se \u00eentoarc\u0103...\",\"isPartOf\":{\"@id\":\"https:\\\/\\\/www.letsportsrock.com\\\/#website\"},\"primaryImageOfPage\":{\"@id\":\"https:\\\/\\\/www.letsportsrock.com\\\/?p=36750#primaryimage\"},\"image\":{\"@id\":\"https:\\\/\\\/www.letsportsrock.com\\\/?p=36750#primaryimage\"},\"thumbnailUrl\":\"https:\\\/\\\/www.letsportsrock.com\\\/wp-content\\\/uploads\\\/2025\\\/04\\\/images-2025-04-30T222956.142.jpeg\",\"datePublished\":\"2025-04-30T21:31:37+00:00\",\"author\":{\"@id\":\"https:\\\/\\\/www.letsportsrock.com\\\/#\\\/schema\\\/person\\\/a454ac24e58b214ddd97e4b5afb0bf01\"},\"description\":\"\u0218tire de ultim\u0103 or\u0103: Starul principal de la CFR Cluj confirm\u0103 c\u0103 vrea s\u0103 se \u00eentoarc\u0103........................\",\"breadcrumb\":{\"@id\":\"https:\\\/\\\/www.letsportsrock.com\\\/?p=36750#breadcrumb\"},\"inLanguage\":\"en-US\",\"potentialAction\":[{\"@type\":\"ReadAction\",\"target\":[\"https:\\\/\\\/www.letsportsrock.com\\\/?p=36750\"]}]},{\"@type\":\"ImageObject\",\"inLanguage\":\"en-US\",\"@id\":\"https:\\\/\\\/www.letsportsrock.com\\\/?p=36750#primaryimage\",\"url\":\"https:\\\/\\\/www.letsportsrock.com\\\/wp-content\\\/uploads\\\/2025\\\/04\\\/images-2025-04-30T222956.142.jpeg\",\"contentUrl\":\"https:\\\/\\\/www.letsportsrock.com\\\/wp-content\\\/uploads\\\/2025\\\/04\\\/images-2025-04-30T222956.142.jpeg\",\"width\":739,\"height\":415},{\"@type\":\"BreadcrumbList\",\"@id\":\"https:\\\/\\\/www.letsportsrock.com\\\/?p=36750#breadcrumb\",\"itemListElement\":[{\"@type\":\"ListItem\",\"position\":1,\"name\":\"Home\",\"item\":\"https:\\\/\\\/www.letsportsrock.com\\\/\"},{\"@type\":\"ListItem\",\"position\":2,\"name\":\"\u0218tire de ultim\u0103 or\u0103: Starul principal de la CFR Cluj confirm\u0103 c\u0103 vrea s\u0103 se \u00eentoarc\u0103&#8230;\"}]},{\"@type\":\"WebSite\",\"@id\":\"https:\\\/\\\/www.letsportsrock.com\\\/#website\",\"url\":\"https:\\\/\\\/www.letsportsrock.com\\\/\",\"name\":\"letsportsrock\",\"description\":\"Sport News and Updates\",\"potentialAction\":[{\"@type\":\"SearchAction\",\"target\":{\"@type\":\"EntryPoint\",\"urlTemplate\":\"https:\\\/\\\/www.letsportsrock.com\\\/?s={search_term_string}\"},\"query-input\":{\"@type\":\"PropertyValueSpecification\",\"valueRequired\":true,\"valueName\":\"search_term_string\"}}],\"inLanguage\":\"en-US\"},{\"@type\":\"Person\",\"@id\":\"https:\\\/\\\/www.letsportsrock.com\\\/#\\\/schema\\\/person\\\/a454ac24e58b214ddd97e4b5afb0bf01\",\"name\":\"letsportsrock\",\"image\":{\"@type\":\"ImageObject\",\"inLanguage\":\"en-US\",\"@id\":\"https:\\\/\\\/secure.gravatar.com\\\/avatar\\\/f8ef950cbb7574c0bc874094b8d307659bfe2d7aa4a9d26fa6917eff010748f9?s=96&d=mm&r=g\",\"url\":\"https:\\\/\\\/secure.gravatar.com\\\/avatar\\\/f8ef950cbb7574c0bc874094b8d307659bfe2d7aa4a9d26fa6917eff010748f9?s=96&d=mm&r=g\",\"contentUrl\":\"https:\\\/\\\/secure.gravatar.com\\\/avatar\\\/f8ef950cbb7574c0bc874094b8d307659bfe2d7aa4a9d26fa6917eff010748f9?s=96&d=mm&r=g\",\"caption\":\"letsportsrock\"},\"sameAs\":[\"https:\\\/\\\/www.letsportsrock.com\"],\"url\":\"https:\\\/\\\/www.letsportsrock.com\\\/?author=1\"}]}<\/script>\n<!-- \/ Yoast SEO plugin. -->","yoast_head_json":{"title":"\u0218tire de ultim\u0103 or\u0103: Starul principal de la CFR Cluj confirm\u0103 c\u0103 vrea s\u0103 se \u00eentoarc\u0103...","description":"\u0218tire de ultim\u0103 or\u0103: Starul principal de la CFR Cluj confirm\u0103 c\u0103 vrea s\u0103 se \u00eentoarc\u0103........................","robots":{"index":"index","follow":"follow","max-snippet":"max-snippet:-1","max-image-preview":"max-image-preview:large","max-video-preview":"max-video-preview:-1"},"canonical":"https:\/\/www.letsportsrock.com\/?p=36750","og_locale":"en_US","og_type":"article","og_title":"\u0218tire de ultim\u0103 or\u0103: Starul principal de la CFR Cluj confirm\u0103 c\u0103 vrea s\u0103 se \u00eentoarc\u0103...","og_description":"\u0218tire de ultim\u0103 or\u0103: Starul principal de la CFR Cluj confirm\u0103 c\u0103 vrea s\u0103 se \u00eentoarc\u0103........................","og_url":"https:\/\/www.letsportsrock.com\/?p=36750","og_site_name":"letsportsrock","article_published_time":"2025-04-30T21:31:37+00:00","og_image":[{"width":739,"height":415,"url":"https:\/\/www.letsportsrock.com\/wp-content\/uploads\/2025\/04\/images-2025-04-30T222956.142.jpeg","type":"image\/jpeg"}],"author":"letsportsrock","twitter_card":"summary_large_image","twitter_misc":{"Written by":"letsportsrock","Est. reading time":"2 minutes"},"schema":{"@context":"https:\/\/schema.org","@graph":[{"@type":"Article","@id":"https:\/\/www.letsportsrock.com\/?p=36750#article","isPartOf":{"@id":"https:\/\/www.letsportsrock.com\/?p=36750"},"author":{"name":"letsportsrock","@id":"https:\/\/www.letsportsrock.com\/#\/schema\/person\/a454ac24e58b214ddd97e4b5afb0bf01"},"headline":"\u0218tire de ultim\u0103 or\u0103: Starul principal de la CFR Cluj confirm\u0103 c\u0103 vrea s\u0103 se \u00eentoarc\u0103&#8230;","datePublished":"2025-04-30T21:31:37+00:00","mainEntityOfPage":{"@id":"https:\/\/www.letsportsrock.com\/?p=36750"},"wordCount":225,"commentCount":0,"image":{"@id":"https:\/\/www.letsportsrock.com\/?p=36750#primaryimage"},"thumbnailUrl":"https:\/\/www.letsportsrock.com\/wp-content\/uploads\/2025\/04\/images-2025-04-30T222956.142.jpeg","inLanguage":"en-US","potentialAction":[{"@type":"CommentAction","name":"Comment","target":["https:\/\/www.letsportsrock.com\/?p=36750#respond"]}]},{"@type":"WebPage","@id":"https:\/\/www.letsportsrock.com\/?p=36750","url":"https:\/\/www.letsportsrock.com\/?p=36750","name":"\u0218tire de ultim\u0103 or\u0103: Starul principal de la CFR Cluj confirm\u0103 c\u0103 vrea s\u0103 se \u00eentoarc\u0103...","isPartOf":{"@id":"https:\/\/www.letsportsrock.com\/#website"},"primaryImageOfPage":{"@id":"https:\/\/www.letsportsrock.com\/?p=36750#primaryimage"},"image":{"@id":"https:\/\/www.letsportsrock.com\/?p=36750#primaryimage"},"thumbnailUrl":"https:\/\/www.letsportsrock.com\/wp-content\/uploads\/2025\/04\/images-2025-04-30T222956.142.jpeg","datePublished":"2025-04-30T21:31:37+00:00","author":{"@id":"https:\/\/www.letsportsrock.com\/#\/schema\/person\/a454ac24e58b214ddd97e4b5afb0bf01"},"description":"\u0218tire de ultim\u0103 or\u0103: Starul principal de la CFR Cluj confirm\u0103 c\u0103 vrea s\u0103 se \u00eentoarc\u0103........................","breadcrumb":{"@id":"https:\/\/www.letsportsrock.com\/?p=36750#breadcrumb"},"inLanguage":"en-US","potentialAction":[{"@type":"ReadAction","target":["https:\/\/www.letsportsrock.com\/?p=36750"]}]},{"@type":"ImageObject","inLanguage":"en-US","@id":"https:\/\/www.letsportsrock.com\/?p=36750#primaryimage","url":"https:\/\/www.letsportsrock.com\/wp-content\/uploads\/2025\/04\/images-2025-04-30T222956.142.jpeg","contentUrl":"https:\/\/www.letsportsrock.com\/wp-content\/uploads\/2025\/04\/images-2025-04-30T222956.142.jpeg","width":739,"height":415},{"@type":"BreadcrumbList","@id":"https:\/\/www.letsportsrock.com\/?p=36750#breadcrumb","itemListElement":[{"@type":"ListItem","position":1,"name":"Home","item":"https:\/\/www.letsportsrock.com\/"},{"@type":"ListItem","position":2,"name":"\u0218tire de ultim\u0103 or\u0103: Starul principal de la CFR Cluj confirm\u0103 c\u0103 vrea s\u0103 se \u00eentoarc\u0103&#8230;"}]},{"@type":"WebSite","@id":"https:\/\/www.letsportsrock.com\/#website","url":"https:\/\/www.letsportsrock.com\/","name":"letsportsrock","description":"Sport News and Updates","potentialAction":[{"@type":"SearchAction","target":{"@type":"EntryPoint","urlTemplate":"https:\/\/www.letsportsrock.com\/?s={search_term_string}"},"query-input":{"@type":"PropertyValueSpecification","valueRequired":true,"valueName":"search_term_string"}}],"inLanguage":"en-US"},{"@type":"Person","@id":"https:\/\/www.letsportsrock.com\/#\/schema\/person\/a454ac24e58b214ddd97e4b5afb0bf01","name":"letsportsrock","image":{"@type":"ImageObject","inLanguage":"en-US","@id":"https:\/\/secure.gravatar.com\/avatar\/f8ef950cbb7574c0bc874094b8d307659bfe2d7aa4a9d26fa6917eff010748f9?s=96&d=mm&r=g","url":"https:\/\/secure.gravatar.com\/avatar\/f8ef950cbb7574c0bc874094b8d307659bfe2d7aa4a9d26fa6917eff010748f9?s=96&d=mm&r=g","contentUrl":"https:\/\/secure.gravatar.com\/avatar\/f8ef950cbb7574c0bc874094b8d307659bfe2d7aa4a9d26fa6917eff010748f9?s=96&d=mm&r=g","caption":"letsportsrock"},"sameAs":["https:\/\/www.letsportsrock.com"],"url":"https:\/\/www.letsportsrock.com\/?author=1"}]}},"jetpack_featured_media_url":"https:\/\/www.letsportsrock.com\/wp-content\/uploads\/2025\/04\/images-2025-04-30T222956.142.jpeg","jetpack_sharing_enabled":true,"_links":{"self":[{"href":"https:\/\/www.letsportsrock.com\/index.php?rest_route=\/wp\/v2\/posts\/36750","targetHints":{"allow":["GET"]}}],"collection":[{"href":"https:\/\/www.letsportsrock.com\/index.php?rest_route=\/wp\/v2\/posts"}],"about":[{"href":"https:\/\/www.letsportsrock.com\/index.php?rest_route=\/wp\/v2\/types\/post"}],"author":[{"embeddable":true,"href":"https:\/\/www.letsportsrock.com\/index.php?rest_route=\/wp\/v2\/users\/1"}],"replies":[{"embeddable":true,"href":"https:\/\/www.letsportsrock.com\/index.php?rest_route=%2Fwp%2Fv2%2Fcomments&post=36750"}],"version-history":[{"count":1,"href":"https:\/\/www.letsportsrock.com\/index.php?rest_route=\/wp\/v2\/posts\/36750\/revisions"}],"predecessor-version":[{"id":36752,"href":"https:\/\/www.letsportsrock.com\/index.php?rest_route=\/wp\/v2\/posts\/36750\/revisions\/36752"}],"wp:featuredmedia":[{"embeddable":true,"href":"https:\/\/www.letsportsrock.com\/index.php?rest_route=\/wp\/v2\/media\/36751"}],"wp:attachment":[{"href":"https:\/\/www.letsportsrock.com\/index.php?rest_route=%2Fwp%2Fv2%2Fmedia&parent=36750"}],"wp:term":[{"taxonomy":"category","embeddable":true,"href":"https:\/\/www.letsportsrock.com\/index.php?rest_route=%2Fwp%2Fv2%2Fcategories&post=36750"},{"taxonomy":"post_tag","embeddable":true,"href":"https:\/\/www.letsportsrock.com\/index.php?rest_route=%2Fwp%2Fv2%2Ftags&post=36750"}],"curies":[{"name":"wp","href":"https:\/\/api.w.org\/{rel}","templated":true}]}}