{"id":37402,"date":"2025-05-03T01:44:15","date_gmt":"2025-05-03T01:44:15","guid":{"rendered":"https:\/\/www.letsportsrock.com\/?p=37402"},"modified":"2025-05-03T01:44:15","modified_gmt":"2025-05-03T01:44:15","slug":"odihneste-te-in-pace-lumea-fotbalului-profesionist-este-din-nou-in-doliu-deoarece-a-pierdut-fostul-antrenor-principal-al-fc-dinamo-bucuresti-intr-un-accident-fatal","status":"publish","type":"post","link":"https:\/\/www.letsportsrock.com\/?p=37402","title":{"rendered":"Odihne\u0219te-te \u00een pace: Lumea fotbalului profesionist este din nou \u00een doliu, deoarece a pierdut fostul antrenor principal al FC Dinamo Bucure\u0219ti \u00eentr-un accident fatal&#8230;"},"content":{"rendered":"<div class=\"d79db4796efc26332eabfc3f5dafbc76\" data-index=\"1\" style=\"float: none; margin:10px 0 10px 0; text-align:center;\">\n<div class=\"hb-ad-inarticle\">\r\n    <div class=\"hb-ad-inner\"> \r\n    <div class=\"hbagency_cls\"  id=\"hbagency_space_111930\"><\/div><\/div> <\/div>\n<\/div>\n<p>**Odihne\u0219te-te \u00een pace: Lumea fotbalului profesionist, din nou \u00een doliu**<\/p>\n<p>&nbsp;<\/p>\n<p>Lumea fotbalului rom\u00e2nesc este zguduit\u0103 de o nou\u0103 tragedie. Fostul antrenor principal al echipei FC Dinamo Bucure\u0219ti a decedat \u00eentr-un accident fatal, l\u0103s\u00e2nd \u00een urm\u0103 o mare de durere \u0219i triste\u021be \u00een r\u00e2ndul suporterilor, colegilor \u0219i fo\u0219tilor elevi. Potrivit informa\u021biilor preliminare, accidentul s-a petrecut \u00een cursul zilei de ieri, \u00een condi\u021bii \u00eenc\u0103 neelucidate complet, iar impactul a fost devastator.<\/p>\n<p>&nbsp;<\/p>\n<p>Antrenorul, cunoscut pentru devotamentul s\u0103u fa\u021b\u0103 de sport \u0219i contribu\u021bia semnificativ\u0103 la dezvoltarea tinerelor talente din fotbalul rom\u00e2nesc, a fost o figur\u0103 emblematic\u0103 pentru Dinamo, dar \u0219i pentru alte echipe pe care le-a condus cu profesionalism \u0219i pasiune. Numero\u0219i juc\u0103tori \u0219i oameni din lumea sportului \u0219i-au exprimat regretul profund pe re\u021belele sociale, transmi\u021b\u00e2nd condolean\u021be familiei \u00eendurerate.<\/p>\n<p>&nbsp;<\/p>\n<p>Plecarea sa prematur\u0103 las\u0103 un gol imens \u00een fotbalul rom\u00e2nesc. Ne amintim de el nu doar ca de un tehnician valoros, ci \u0219i ca de un om deosebit, respectat pentru integritatea \u0219i seriozitatea sa. Odihneasc\u0103-se \u00een pace! Rom\u00e2nia pierde ast\u0103zi nu doar un antrenor, ci o legend\u0103 a spor<\/p>\n<p>tului.<\/p>\n\n<div style=\"font-size: 0px; height: 0px; line-height: 0px; margin: 0; padding: 0; clear: both;\"><\/div>","protected":false},"excerpt":{"rendered":"<p>**Odihne\u0219te-te \u00een pace: Lumea fotbalului profesionist, din nou \u00een doliu** &nbsp; Lumea fotbalului rom\u00e2nesc este zguduit\u0103 de o nou\u0103 tragedie. Fostul antrenor principal al echipei FC Dinamo Bucure\u0219ti a decedat \u00eentr-un accident fatal, l\u0103s\u00e2nd \u00een urm\u0103 o mare de durere \u0219i triste\u021be \u00een r\u00e2ndul suporterilor, colegilor \u0219i fo\u0219tilor elevi. Potrivit informa\u021biilor preliminare, accidentul s-a petrecut [&hellip;]<\/p>\n","protected":false},"author":1,"featured_media":37403,"comment_status":"open","ping_status":"open","sticky":false,"template":"","format":"standard","meta":{"_jetpack_memberships_contains_paid_content":false,"footnotes":""},"categories":[1],"tags":[],"class_list":["post-37402","post","type-post","status-publish","format-standard","has-post-thumbnail","hentry","category-uncategorized"],"yoast_head":"<!-- This site is optimized with the Yoast SEO plugin v27.5 - https:\/\/yoast.com\/product\/yoast-seo-wordpress\/ -->\n<title>Odihne\u0219te-te \u00een pace: Lumea fotbalului profesionist este din nou \u00een doliu, deoarece a pierdut fostul antrenor principal al FC Dinamo Bucure\u0219ti \u00eentr-un accident fatal...<\/title>\n<meta name=\"description\" content=\"Odihne\u0219te-te \u00een pace: Lumea fotbalului profesionist este din nou \u00een doliu, deoarece a pierdut fostul antrenor principal al FC Dinamo Bucure\u0219ti \u00eentr-un accident fatal...\" \/>\n<meta name=\"robots\" content=\"index, follow, max-snippet:-1, max-image-preview:large, max-video-preview:-1\" \/>\n<link rel=\"canonical\" href=\"https:\/\/www.letsportsrock.com\/?p=37402\" \/>\n<meta property=\"og:locale\" content=\"en_US\" \/>\n<meta property=\"og:type\" content=\"article\" \/>\n<meta property=\"og:title\" content=\"Odihne\u0219te-te \u00een pace: Lumea fotbalului profesionist este din nou \u00een doliu, deoarece a pierdut fostul antrenor principal al FC Dinamo Bucure\u0219ti \u00eentr-un accident fatal...\" \/>\n<meta property=\"og:description\" content=\"Odihne\u0219te-te \u00een pace: Lumea fotbalului profesionist este din nou \u00een doliu, deoarece a pierdut fostul antrenor principal al FC Dinamo Bucure\u0219ti \u00eentr-un accident fatal...\" \/>\n<meta property=\"og:url\" content=\"https:\/\/www.letsportsrock.com\/?p=37402\" \/>\n<meta property=\"og:site_name\" content=\"letsportsrock\" \/>\n<meta property=\"article:published_time\" content=\"2025-05-03T01:44:15+00:00\" \/>\n<meta property=\"og:image\" content=\"https:\/\/www.letsportsrock.com\/wp-content\/uploads\/2025\/05\/images-2025-05-03T024231.886.jpeg\" \/>\n\t<meta property=\"og:image:width\" content=\"678\" \/>\n\t<meta property=\"og:image:height\" content=\"452\" \/>\n\t<meta property=\"og:image:type\" content=\"image\/jpeg\" \/>\n<meta name=\"author\" content=\"letsportsrock\" \/>\n<meta name=\"twitter:card\" content=\"summary_large_image\" \/>\n<meta name=\"twitter:label1\" content=\"Written by\" \/>\n\t<meta name=\"twitter:data1\" content=\"letsportsrock\" \/>\n\t<meta name=\"twitter:label2\" content=\"Est. reading time\" \/>\n\t<meta name=\"twitter:data2\" content=\"1 minute\" \/>\n<script type=\"application\/ld+json\" class=\"yoast-schema-graph\">{\"@context\":\"https:\\\/\\\/schema.org\",\"@graph\":[{\"@type\":\"Article\",\"@id\":\"https:\\\/\\\/www.letsportsrock.com\\\/?p=37402#article\",\"isPartOf\":{\"@id\":\"https:\\\/\\\/www.letsportsrock.com\\\/?p=37402\"},\"author\":{\"name\":\"letsportsrock\",\"@id\":\"https:\\\/\\\/www.letsportsrock.com\\\/#\\\/schema\\\/person\\\/a454ac24e58b214ddd97e4b5afb0bf01\"},\"headline\":\"Odihne\u0219te-te \u00een pace: Lumea fotbalului profesionist este din nou \u00een doliu, deoarece a pierdut fostul antrenor principal al FC Dinamo Bucure\u0219ti \u00eentr-un accident fatal&#8230;\",\"datePublished\":\"2025-05-03T01:44:15+00:00\",\"mainEntityOfPage\":{\"@id\":\"https:\\\/\\\/www.letsportsrock.com\\\/?p=37402\"},\"wordCount\":226,\"commentCount\":0,\"image\":{\"@id\":\"https:\\\/\\\/www.letsportsrock.com\\\/?p=37402#primaryimage\"},\"thumbnailUrl\":\"https:\\\/\\\/www.letsportsrock.com\\\/wp-content\\\/uploads\\\/2025\\\/05\\\/images-2025-05-03T024231.886.jpeg\",\"inLanguage\":\"en-US\",\"potentialAction\":[{\"@type\":\"CommentAction\",\"name\":\"Comment\",\"target\":[\"https:\\\/\\\/www.letsportsrock.com\\\/?p=37402#respond\"]}]},{\"@type\":\"WebPage\",\"@id\":\"https:\\\/\\\/www.letsportsrock.com\\\/?p=37402\",\"url\":\"https:\\\/\\\/www.letsportsrock.com\\\/?p=37402\",\"name\":\"Odihne\u0219te-te \u00een pace: Lumea fotbalului profesionist este din nou \u00een doliu, deoarece a pierdut fostul antrenor principal al FC Dinamo Bucure\u0219ti \u00eentr-un accident fatal...\",\"isPartOf\":{\"@id\":\"https:\\\/\\\/www.letsportsrock.com\\\/#website\"},\"primaryImageOfPage\":{\"@id\":\"https:\\\/\\\/www.letsportsrock.com\\\/?p=37402#primaryimage\"},\"image\":{\"@id\":\"https:\\\/\\\/www.letsportsrock.com\\\/?p=37402#primaryimage\"},\"thumbnailUrl\":\"https:\\\/\\\/www.letsportsrock.com\\\/wp-content\\\/uploads\\\/2025\\\/05\\\/images-2025-05-03T024231.886.jpeg\",\"datePublished\":\"2025-05-03T01:44:15+00:00\",\"author\":{\"@id\":\"https:\\\/\\\/www.letsportsrock.com\\\/#\\\/schema\\\/person\\\/a454ac24e58b214ddd97e4b5afb0bf01\"},\"description\":\"Odihne\u0219te-te \u00een pace: Lumea fotbalului profesionist este din nou \u00een doliu, deoarece a pierdut fostul antrenor principal al FC Dinamo Bucure\u0219ti \u00eentr-un accident fatal...\",\"breadcrumb\":{\"@id\":\"https:\\\/\\\/www.letsportsrock.com\\\/?p=37402#breadcrumb\"},\"inLanguage\":\"en-US\",\"potentialAction\":[{\"@type\":\"ReadAction\",\"target\":[\"https:\\\/\\\/www.letsportsrock.com\\\/?p=37402\"]}]},{\"@type\":\"ImageObject\",\"inLanguage\":\"en-US\",\"@id\":\"https:\\\/\\\/www.letsportsrock.com\\\/?p=37402#primaryimage\",\"url\":\"https:\\\/\\\/www.letsportsrock.com\\\/wp-content\\\/uploads\\\/2025\\\/05\\\/images-2025-05-03T024231.886.jpeg\",\"contentUrl\":\"https:\\\/\\\/www.letsportsrock.com\\\/wp-content\\\/uploads\\\/2025\\\/05\\\/images-2025-05-03T024231.886.jpeg\",\"width\":678,\"height\":452},{\"@type\":\"BreadcrumbList\",\"@id\":\"https:\\\/\\\/www.letsportsrock.com\\\/?p=37402#breadcrumb\",\"itemListElement\":[{\"@type\":\"ListItem\",\"position\":1,\"name\":\"Home\",\"item\":\"https:\\\/\\\/www.letsportsrock.com\\\/\"},{\"@type\":\"ListItem\",\"position\":2,\"name\":\"Odihne\u0219te-te \u00een pace: Lumea fotbalului profesionist este din nou \u00een doliu, deoarece a pierdut fostul antrenor principal al FC Dinamo Bucure\u0219ti \u00eentr-un accident fatal&#8230;\"}]},{\"@type\":\"WebSite\",\"@id\":\"https:\\\/\\\/www.letsportsrock.com\\\/#website\",\"url\":\"https:\\\/\\\/www.letsportsrock.com\\\/\",\"name\":\"letsportsrock\",\"description\":\"Sport News and Updates\",\"potentialAction\":[{\"@type\":\"SearchAction\",\"target\":{\"@type\":\"EntryPoint\",\"urlTemplate\":\"https:\\\/\\\/www.letsportsrock.com\\\/?s={search_term_string}\"},\"query-input\":{\"@type\":\"PropertyValueSpecification\",\"valueRequired\":true,\"valueName\":\"search_term_string\"}}],\"inLanguage\":\"en-US\"},{\"@type\":\"Person\",\"@id\":\"https:\\\/\\\/www.letsportsrock.com\\\/#\\\/schema\\\/person\\\/a454ac24e58b214ddd97e4b5afb0bf01\",\"name\":\"letsportsrock\",\"image\":{\"@type\":\"ImageObject\",\"inLanguage\":\"en-US\",\"@id\":\"https:\\\/\\\/secure.gravatar.com\\\/avatar\\\/f8ef950cbb7574c0bc874094b8d307659bfe2d7aa4a9d26fa6917eff010748f9?s=96&d=mm&r=g\",\"url\":\"https:\\\/\\\/secure.gravatar.com\\\/avatar\\\/f8ef950cbb7574c0bc874094b8d307659bfe2d7aa4a9d26fa6917eff010748f9?s=96&d=mm&r=g\",\"contentUrl\":\"https:\\\/\\\/secure.gravatar.com\\\/avatar\\\/f8ef950cbb7574c0bc874094b8d307659bfe2d7aa4a9d26fa6917eff010748f9?s=96&d=mm&r=g\",\"caption\":\"letsportsrock\"},\"sameAs\":[\"https:\\\/\\\/www.letsportsrock.com\"],\"url\":\"https:\\\/\\\/www.letsportsrock.com\\\/?author=1\"}]}<\/script>\n<!-- \/ Yoast SEO plugin. -->","yoast_head_json":{"title":"Odihne\u0219te-te \u00een pace: Lumea fotbalului profesionist este din nou \u00een doliu, deoarece a pierdut fostul antrenor principal al FC Dinamo Bucure\u0219ti \u00eentr-un accident fatal...","description":"Odihne\u0219te-te \u00een pace: Lumea fotbalului profesionist este din nou \u00een doliu, deoarece a pierdut fostul antrenor principal al FC Dinamo Bucure\u0219ti \u00eentr-un accident fatal...","robots":{"index":"index","follow":"follow","max-snippet":"max-snippet:-1","max-image-preview":"max-image-preview:large","max-video-preview":"max-video-preview:-1"},"canonical":"https:\/\/www.letsportsrock.com\/?p=37402","og_locale":"en_US","og_type":"article","og_title":"Odihne\u0219te-te \u00een pace: Lumea fotbalului profesionist este din nou \u00een doliu, deoarece a pierdut fostul antrenor principal al FC Dinamo Bucure\u0219ti \u00eentr-un accident fatal...","og_description":"Odihne\u0219te-te \u00een pace: Lumea fotbalului profesionist este din nou \u00een doliu, deoarece a pierdut fostul antrenor principal al FC Dinamo Bucure\u0219ti \u00eentr-un accident fatal...","og_url":"https:\/\/www.letsportsrock.com\/?p=37402","og_site_name":"letsportsrock","article_published_time":"2025-05-03T01:44:15+00:00","og_image":[{"width":678,"height":452,"url":"https:\/\/www.letsportsrock.com\/wp-content\/uploads\/2025\/05\/images-2025-05-03T024231.886.jpeg","type":"image\/jpeg"}],"author":"letsportsrock","twitter_card":"summary_large_image","twitter_misc":{"Written by":"letsportsrock","Est. reading time":"1 minute"},"schema":{"@context":"https:\/\/schema.org","@graph":[{"@type":"Article","@id":"https:\/\/www.letsportsrock.com\/?p=37402#article","isPartOf":{"@id":"https:\/\/www.letsportsrock.com\/?p=37402"},"author":{"name":"letsportsrock","@id":"https:\/\/www.letsportsrock.com\/#\/schema\/person\/a454ac24e58b214ddd97e4b5afb0bf01"},"headline":"Odihne\u0219te-te \u00een pace: Lumea fotbalului profesionist este din nou \u00een doliu, deoarece a pierdut fostul antrenor principal al FC Dinamo Bucure\u0219ti \u00eentr-un accident fatal&#8230;","datePublished":"2025-05-03T01:44:15+00:00","mainEntityOfPage":{"@id":"https:\/\/www.letsportsrock.com\/?p=37402"},"wordCount":226,"commentCount":0,"image":{"@id":"https:\/\/www.letsportsrock.com\/?p=37402#primaryimage"},"thumbnailUrl":"https:\/\/www.letsportsrock.com\/wp-content\/uploads\/2025\/05\/images-2025-05-03T024231.886.jpeg","inLanguage":"en-US","potentialAction":[{"@type":"CommentAction","name":"Comment","target":["https:\/\/www.letsportsrock.com\/?p=37402#respond"]}]},{"@type":"WebPage","@id":"https:\/\/www.letsportsrock.com\/?p=37402","url":"https:\/\/www.letsportsrock.com\/?p=37402","name":"Odihne\u0219te-te \u00een pace: Lumea fotbalului profesionist este din nou \u00een doliu, deoarece a pierdut fostul antrenor principal al FC Dinamo Bucure\u0219ti \u00eentr-un accident fatal...","isPartOf":{"@id":"https:\/\/www.letsportsrock.com\/#website"},"primaryImageOfPage":{"@id":"https:\/\/www.letsportsrock.com\/?p=37402#primaryimage"},"image":{"@id":"https:\/\/www.letsportsrock.com\/?p=37402#primaryimage"},"thumbnailUrl":"https:\/\/www.letsportsrock.com\/wp-content\/uploads\/2025\/05\/images-2025-05-03T024231.886.jpeg","datePublished":"2025-05-03T01:44:15+00:00","author":{"@id":"https:\/\/www.letsportsrock.com\/#\/schema\/person\/a454ac24e58b214ddd97e4b5afb0bf01"},"description":"Odihne\u0219te-te \u00een pace: Lumea fotbalului profesionist este din nou \u00een doliu, deoarece a pierdut fostul antrenor principal al FC Dinamo Bucure\u0219ti \u00eentr-un accident fatal...","breadcrumb":{"@id":"https:\/\/www.letsportsrock.com\/?p=37402#breadcrumb"},"inLanguage":"en-US","potentialAction":[{"@type":"ReadAction","target":["https:\/\/www.letsportsrock.com\/?p=37402"]}]},{"@type":"ImageObject","inLanguage":"en-US","@id":"https:\/\/www.letsportsrock.com\/?p=37402#primaryimage","url":"https:\/\/www.letsportsrock.com\/wp-content\/uploads\/2025\/05\/images-2025-05-03T024231.886.jpeg","contentUrl":"https:\/\/www.letsportsrock.com\/wp-content\/uploads\/2025\/05\/images-2025-05-03T024231.886.jpeg","width":678,"height":452},{"@type":"BreadcrumbList","@id":"https:\/\/www.letsportsrock.com\/?p=37402#breadcrumb","itemListElement":[{"@type":"ListItem","position":1,"name":"Home","item":"https:\/\/www.letsportsrock.com\/"},{"@type":"ListItem","position":2,"name":"Odihne\u0219te-te \u00een pace: Lumea fotbalului profesionist este din nou \u00een doliu, deoarece a pierdut fostul antrenor principal al FC Dinamo Bucure\u0219ti \u00eentr-un accident fatal&#8230;"}]},{"@type":"WebSite","@id":"https:\/\/www.letsportsrock.com\/#website","url":"https:\/\/www.letsportsrock.com\/","name":"letsportsrock","description":"Sport News and Updates","potentialAction":[{"@type":"SearchAction","target":{"@type":"EntryPoint","urlTemplate":"https:\/\/www.letsportsrock.com\/?s={search_term_string}"},"query-input":{"@type":"PropertyValueSpecification","valueRequired":true,"valueName":"search_term_string"}}],"inLanguage":"en-US"},{"@type":"Person","@id":"https:\/\/www.letsportsrock.com\/#\/schema\/person\/a454ac24e58b214ddd97e4b5afb0bf01","name":"letsportsrock","image":{"@type":"ImageObject","inLanguage":"en-US","@id":"https:\/\/secure.gravatar.com\/avatar\/f8ef950cbb7574c0bc874094b8d307659bfe2d7aa4a9d26fa6917eff010748f9?s=96&d=mm&r=g","url":"https:\/\/secure.gravatar.com\/avatar\/f8ef950cbb7574c0bc874094b8d307659bfe2d7aa4a9d26fa6917eff010748f9?s=96&d=mm&r=g","contentUrl":"https:\/\/secure.gravatar.com\/avatar\/f8ef950cbb7574c0bc874094b8d307659bfe2d7aa4a9d26fa6917eff010748f9?s=96&d=mm&r=g","caption":"letsportsrock"},"sameAs":["https:\/\/www.letsportsrock.com"],"url":"https:\/\/www.letsportsrock.com\/?author=1"}]}},"jetpack_featured_media_url":"https:\/\/www.letsportsrock.com\/wp-content\/uploads\/2025\/05\/images-2025-05-03T024231.886.jpeg","jetpack_sharing_enabled":true,"_links":{"self":[{"href":"https:\/\/www.letsportsrock.com\/index.php?rest_route=\/wp\/v2\/posts\/37402","targetHints":{"allow":["GET"]}}],"collection":[{"href":"https:\/\/www.letsportsrock.com\/index.php?rest_route=\/wp\/v2\/posts"}],"about":[{"href":"https:\/\/www.letsportsrock.com\/index.php?rest_route=\/wp\/v2\/types\/post"}],"author":[{"embeddable":true,"href":"https:\/\/www.letsportsrock.com\/index.php?rest_route=\/wp\/v2\/users\/1"}],"replies":[{"embeddable":true,"href":"https:\/\/www.letsportsrock.com\/index.php?rest_route=%2Fwp%2Fv2%2Fcomments&post=37402"}],"version-history":[{"count":1,"href":"https:\/\/www.letsportsrock.com\/index.php?rest_route=\/wp\/v2\/posts\/37402\/revisions"}],"predecessor-version":[{"id":37404,"href":"https:\/\/www.letsportsrock.com\/index.php?rest_route=\/wp\/v2\/posts\/37402\/revisions\/37404"}],"wp:featuredmedia":[{"embeddable":true,"href":"https:\/\/www.letsportsrock.com\/index.php?rest_route=\/wp\/v2\/media\/37403"}],"wp:attachment":[{"href":"https:\/\/www.letsportsrock.com\/index.php?rest_route=%2Fwp%2Fv2%2Fmedia&parent=37402"}],"wp:term":[{"taxonomy":"category","embeddable":true,"href":"https:\/\/www.letsportsrock.com\/index.php?rest_route=%2Fwp%2Fv2%2Fcategories&post=37402"},{"taxonomy":"post_tag","embeddable":true,"href":"https:\/\/www.letsportsrock.com\/index.php?rest_route=%2Fwp%2Fv2%2Ftags&post=37402"}],"curies":[{"name":"wp","href":"https:\/\/api.w.org\/{rel}","templated":true}]}}