{"id":37603,"date":"2025-05-04T00:04:01","date_gmt":"2025-05-04T00:04:01","guid":{"rendered":"https:\/\/www.letsportsrock.com\/?p=37603"},"modified":"2025-05-04T00:04:01","modified_gmt":"2025-05-04T00:04:01","slug":"chiar-acum-starul-de-top-al-lui-fc-dinamo-bucuresti-confirma-ca-vrea-sa-se-intoarca","status":"publish","type":"post","link":"https:\/\/www.letsportsrock.com\/?p=37603","title":{"rendered":"Chiar acum: Starul de top al lui FC Dinamo Bucure\u0219ti confirm\u0103 c\u0103 vrea s\u0103 se \u00eentoarc\u0103\u201d"},"content":{"rendered":"<div class=\"d79db4796efc26332eabfc3f5dafbc76\" data-index=\"1\" style=\"float: none; margin:10px 0 10px 0; text-align:center;\">\n<div class=\"hb-ad-inarticle\">\r\n    <div class=\"hb-ad-inner\"> \r\n    <div class=\"hbagency_cls\"  id=\"hbagency_space_111930\"><\/div><\/div> <\/div>\n<\/div>\n<p>**Chiar acum: Starul de top al lui FC Dinamo Bucure\u0219ti confirm\u0103 c\u0103 vrea s\u0103 se \u00eentoarc\u0103**<\/p>\n<p>&nbsp;<\/p>\n<p>Un fost star al lui Dinamo Bucure\u0219ti a f\u0103cut un anun\u021b surprinz\u0103tor: *\u201eI\u2019m coming back\u201d*. Dup\u0103 ce \u0219i-a \u00eencheiat contractul cu FC Voluntari, atacantul este preg\u0103tit pentru o revenire de senza\u021bie. De\u0219i destina\u021bia sa exact\u0103 nu a fost confirmat\u0103, tot mai multe surse indic\u0103 un posibil transfer \u00eenapoi la Dinamo Bucure\u0219ti, echipa unde a avut cele mai mari performan\u021be. Suporterii dinamovi\u0219ti sunt \u00eenc\u00e2nta\u021bi de posibilitatea ca fostul lor golgheter s\u0103 revin\u0103 \u0219i s\u0103 ajute clubul \u00een lupta pentru promovare sau men\u021binerea \u00een Liga 1. Oficialii clubului urmeaz\u0103 s\u0103 confirme mutarea \u00een zilele urm\u0103toare. ([Check For Me][1])<\/p>\n<p>&nbsp;<\/p>\n<p>Aceast\u0103 revenire ar putea marca \u00eenceputul unei noi ere pentru Dinamo, care se afl\u0103 \u00eentr-un proces de reconstruc\u021bie dup\u0103 o perioad\u0103 dificil\u0103. Clubul a anun\u021bat recent semnarea unui contract pe patru ani cu Ionel D\u0103nciulescu, una dintre cele mai mari legende ale clubului, ceea ce a entuziasmat suporterii \u0219i a \u00eent\u0103rit \u00eencrederea \u00een proiectul de revitalizare al echipei. ([Check For Me][2])<\/p>\n<p>&nbsp;<\/p>\n<p>\u00cen plus, Dinamo caut\u0103 solu\u021bii pentru \u00eent\u0103rirea lotului, iar transferul unui interna\u021bional rom\u00e2n este \u00een discu\u021bie. Antrenorul Zeljko Kopic a confirmat interesul pentru Ionu\u021b Nedelcearu, funda\u0219ul central al echipei na\u021bionale, care ar putea s\u0103 aduc\u0103 un plus de experien\u021b\u0103 \u0219i calitate defensivei echipei. ([Gazeta Sporturilor &#8211; GSP][3])<\/p>\n<p>&nbsp;<\/p>\n<p>\u00cen concluzie, FC Dinamo Bucure\u0219ti se afl\u0103 \u00eentr-o perioad\u0103 de schimb\u0103ri majore, iar revenirea fostului star al echipei ar putea reprezenta un pas important \u00een reconstruc\u021bia clubului \u0219i \u00een atingerea obiectivelor ambi\u021bioase pentru viitor.<\/p>\n<p>&nbsp;<\/p>\n<p>&nbsp;<\/p>\n\n<div style=\"font-size: 0px; height: 0px; line-height: 0px; margin: 0; padding: 0; clear: both;\"><\/div>","protected":false},"excerpt":{"rendered":"<p>**Chiar acum: Starul de top al lui FC Dinamo Bucure\u0219ti confirm\u0103 c\u0103 vrea s\u0103 se \u00eentoarc\u0103** &nbsp; Un fost star al lui Dinamo Bucure\u0219ti a f\u0103cut un anun\u021b surprinz\u0103tor: *\u201eI\u2019m coming back\u201d*. Dup\u0103 ce \u0219i-a \u00eencheiat contractul cu FC Voluntari, atacantul este preg\u0103tit pentru o revenire de senza\u021bie. De\u0219i destina\u021bia sa exact\u0103 nu a fost [&hellip;]<\/p>\n","protected":false},"author":1,"featured_media":37604,"comment_status":"open","ping_status":"open","sticky":false,"template":"","format":"standard","meta":{"_jetpack_memberships_contains_paid_content":false,"footnotes":""},"categories":[1],"tags":[],"class_list":["post-37603","post","type-post","status-publish","format-standard","has-post-thumbnail","hentry","category-uncategorized"],"yoast_head":"<!-- This site is optimized with the Yoast SEO plugin v27.4 - https:\/\/yoast.com\/product\/yoast-seo-wordpress\/ -->\n<title>Chiar acum: Starul de top al lui FC Dinamo Bucure\u0219ti confirm\u0103 c\u0103 vrea s\u0103 se \u00eentoarc\u0103\u201d<\/title>\n<meta name=\"description\" content=\"Chiar acum: Starul de top al lui FC Dinamo Bucure\u0219ti confirm\u0103 c\u0103 vrea s\u0103 se \u00eentoarc\u0103\u201d\" \/>\n<meta name=\"robots\" content=\"index, follow, max-snippet:-1, max-image-preview:large, max-video-preview:-1\" \/>\n<link rel=\"canonical\" href=\"https:\/\/www.letsportsrock.com\/?p=37603\" \/>\n<meta property=\"og:locale\" content=\"en_US\" \/>\n<meta property=\"og:type\" content=\"article\" \/>\n<meta property=\"og:title\" content=\"Chiar acum: Starul de top al lui FC Dinamo Bucure\u0219ti confirm\u0103 c\u0103 vrea s\u0103 se \u00eentoarc\u0103\u201d\" \/>\n<meta property=\"og:description\" content=\"Chiar acum: Starul de top al lui FC Dinamo Bucure\u0219ti confirm\u0103 c\u0103 vrea s\u0103 se \u00eentoarc\u0103\u201d\" \/>\n<meta property=\"og:url\" content=\"https:\/\/www.letsportsrock.com\/?p=37603\" \/>\n<meta property=\"og:site_name\" content=\"letsportsrock\" \/>\n<meta property=\"article:published_time\" content=\"2025-05-04T00:04:01+00:00\" \/>\n<meta property=\"og:image\" content=\"https:\/\/www.letsportsrock.com\/wp-content\/uploads\/2025\/05\/images-2025-05-04T010136.225.jpeg\" \/>\n\t<meta property=\"og:image:width\" content=\"663\" \/>\n\t<meta property=\"og:image:height\" content=\"463\" \/>\n\t<meta property=\"og:image:type\" content=\"image\/jpeg\" \/>\n<meta name=\"author\" content=\"letsportsrock\" \/>\n<meta name=\"twitter:card\" content=\"summary_large_image\" \/>\n<meta name=\"twitter:label1\" content=\"Written by\" \/>\n\t<meta name=\"twitter:data1\" content=\"letsportsrock\" \/>\n\t<meta name=\"twitter:label2\" content=\"Est. reading time\" \/>\n\t<meta name=\"twitter:data2\" content=\"2 minutes\" \/>\n<script type=\"application\/ld+json\" class=\"yoast-schema-graph\">{\"@context\":\"https:\\\/\\\/schema.org\",\"@graph\":[{\"@type\":\"Article\",\"@id\":\"https:\\\/\\\/www.letsportsrock.com\\\/?p=37603#article\",\"isPartOf\":{\"@id\":\"https:\\\/\\\/www.letsportsrock.com\\\/?p=37603\"},\"author\":{\"name\":\"letsportsrock\",\"@id\":\"https:\\\/\\\/www.letsportsrock.com\\\/#\\\/schema\\\/person\\\/a454ac24e58b214ddd97e4b5afb0bf01\"},\"headline\":\"Chiar acum: Starul de top al lui FC Dinamo Bucure\u0219ti confirm\u0103 c\u0103 vrea s\u0103 se \u00eentoarc\u0103\u201d\",\"datePublished\":\"2025-05-04T00:04:01+00:00\",\"mainEntityOfPage\":{\"@id\":\"https:\\\/\\\/www.letsportsrock.com\\\/?p=37603\"},\"wordCount\":307,\"commentCount\":0,\"image\":{\"@id\":\"https:\\\/\\\/www.letsportsrock.com\\\/?p=37603#primaryimage\"},\"thumbnailUrl\":\"https:\\\/\\\/www.letsportsrock.com\\\/wp-content\\\/uploads\\\/2025\\\/05\\\/images-2025-05-04T010136.225.jpeg\",\"inLanguage\":\"en-US\",\"potentialAction\":[{\"@type\":\"CommentAction\",\"name\":\"Comment\",\"target\":[\"https:\\\/\\\/www.letsportsrock.com\\\/?p=37603#respond\"]}]},{\"@type\":\"WebPage\",\"@id\":\"https:\\\/\\\/www.letsportsrock.com\\\/?p=37603\",\"url\":\"https:\\\/\\\/www.letsportsrock.com\\\/?p=37603\",\"name\":\"Chiar acum: Starul de top al lui FC Dinamo Bucure\u0219ti confirm\u0103 c\u0103 vrea s\u0103 se \u00eentoarc\u0103\u201d\",\"isPartOf\":{\"@id\":\"https:\\\/\\\/www.letsportsrock.com\\\/#website\"},\"primaryImageOfPage\":{\"@id\":\"https:\\\/\\\/www.letsportsrock.com\\\/?p=37603#primaryimage\"},\"image\":{\"@id\":\"https:\\\/\\\/www.letsportsrock.com\\\/?p=37603#primaryimage\"},\"thumbnailUrl\":\"https:\\\/\\\/www.letsportsrock.com\\\/wp-content\\\/uploads\\\/2025\\\/05\\\/images-2025-05-04T010136.225.jpeg\",\"datePublished\":\"2025-05-04T00:04:01+00:00\",\"author\":{\"@id\":\"https:\\\/\\\/www.letsportsrock.com\\\/#\\\/schema\\\/person\\\/a454ac24e58b214ddd97e4b5afb0bf01\"},\"description\":\"Chiar acum: Starul de top al lui FC Dinamo Bucure\u0219ti confirm\u0103 c\u0103 vrea s\u0103 se \u00eentoarc\u0103\u201d\",\"breadcrumb\":{\"@id\":\"https:\\\/\\\/www.letsportsrock.com\\\/?p=37603#breadcrumb\"},\"inLanguage\":\"en-US\",\"potentialAction\":[{\"@type\":\"ReadAction\",\"target\":[\"https:\\\/\\\/www.letsportsrock.com\\\/?p=37603\"]}]},{\"@type\":\"ImageObject\",\"inLanguage\":\"en-US\",\"@id\":\"https:\\\/\\\/www.letsportsrock.com\\\/?p=37603#primaryimage\",\"url\":\"https:\\\/\\\/www.letsportsrock.com\\\/wp-content\\\/uploads\\\/2025\\\/05\\\/images-2025-05-04T010136.225.jpeg\",\"contentUrl\":\"https:\\\/\\\/www.letsportsrock.com\\\/wp-content\\\/uploads\\\/2025\\\/05\\\/images-2025-05-04T010136.225.jpeg\",\"width\":663,\"height\":463},{\"@type\":\"BreadcrumbList\",\"@id\":\"https:\\\/\\\/www.letsportsrock.com\\\/?p=37603#breadcrumb\",\"itemListElement\":[{\"@type\":\"ListItem\",\"position\":1,\"name\":\"Home\",\"item\":\"https:\\\/\\\/www.letsportsrock.com\\\/\"},{\"@type\":\"ListItem\",\"position\":2,\"name\":\"Chiar acum: Starul de top al lui FC Dinamo Bucure\u0219ti confirm\u0103 c\u0103 vrea s\u0103 se \u00eentoarc\u0103\u201d\"}]},{\"@type\":\"WebSite\",\"@id\":\"https:\\\/\\\/www.letsportsrock.com\\\/#website\",\"url\":\"https:\\\/\\\/www.letsportsrock.com\\\/\",\"name\":\"letsportsrock\",\"description\":\"Sport News and Updates\",\"potentialAction\":[{\"@type\":\"SearchAction\",\"target\":{\"@type\":\"EntryPoint\",\"urlTemplate\":\"https:\\\/\\\/www.letsportsrock.com\\\/?s={search_term_string}\"},\"query-input\":{\"@type\":\"PropertyValueSpecification\",\"valueRequired\":true,\"valueName\":\"search_term_string\"}}],\"inLanguage\":\"en-US\"},{\"@type\":\"Person\",\"@id\":\"https:\\\/\\\/www.letsportsrock.com\\\/#\\\/schema\\\/person\\\/a454ac24e58b214ddd97e4b5afb0bf01\",\"name\":\"letsportsrock\",\"image\":{\"@type\":\"ImageObject\",\"inLanguage\":\"en-US\",\"@id\":\"https:\\\/\\\/secure.gravatar.com\\\/avatar\\\/f8ef950cbb7574c0bc874094b8d307659bfe2d7aa4a9d26fa6917eff010748f9?s=96&d=mm&r=g\",\"url\":\"https:\\\/\\\/secure.gravatar.com\\\/avatar\\\/f8ef950cbb7574c0bc874094b8d307659bfe2d7aa4a9d26fa6917eff010748f9?s=96&d=mm&r=g\",\"contentUrl\":\"https:\\\/\\\/secure.gravatar.com\\\/avatar\\\/f8ef950cbb7574c0bc874094b8d307659bfe2d7aa4a9d26fa6917eff010748f9?s=96&d=mm&r=g\",\"caption\":\"letsportsrock\"},\"sameAs\":[\"https:\\\/\\\/www.letsportsrock.com\"],\"url\":\"https:\\\/\\\/www.letsportsrock.com\\\/?author=1\"}]}<\/script>\n<!-- \/ Yoast SEO plugin. -->","yoast_head_json":{"title":"Chiar acum: Starul de top al lui FC Dinamo Bucure\u0219ti confirm\u0103 c\u0103 vrea s\u0103 se \u00eentoarc\u0103\u201d","description":"Chiar acum: Starul de top al lui FC Dinamo Bucure\u0219ti confirm\u0103 c\u0103 vrea s\u0103 se \u00eentoarc\u0103\u201d","robots":{"index":"index","follow":"follow","max-snippet":"max-snippet:-1","max-image-preview":"max-image-preview:large","max-video-preview":"max-video-preview:-1"},"canonical":"https:\/\/www.letsportsrock.com\/?p=37603","og_locale":"en_US","og_type":"article","og_title":"Chiar acum: Starul de top al lui FC Dinamo Bucure\u0219ti confirm\u0103 c\u0103 vrea s\u0103 se \u00eentoarc\u0103\u201d","og_description":"Chiar acum: Starul de top al lui FC Dinamo Bucure\u0219ti confirm\u0103 c\u0103 vrea s\u0103 se \u00eentoarc\u0103\u201d","og_url":"https:\/\/www.letsportsrock.com\/?p=37603","og_site_name":"letsportsrock","article_published_time":"2025-05-04T00:04:01+00:00","og_image":[{"width":663,"height":463,"url":"https:\/\/www.letsportsrock.com\/wp-content\/uploads\/2025\/05\/images-2025-05-04T010136.225.jpeg","type":"image\/jpeg"}],"author":"letsportsrock","twitter_card":"summary_large_image","twitter_misc":{"Written by":"letsportsrock","Est. reading time":"2 minutes"},"schema":{"@context":"https:\/\/schema.org","@graph":[{"@type":"Article","@id":"https:\/\/www.letsportsrock.com\/?p=37603#article","isPartOf":{"@id":"https:\/\/www.letsportsrock.com\/?p=37603"},"author":{"name":"letsportsrock","@id":"https:\/\/www.letsportsrock.com\/#\/schema\/person\/a454ac24e58b214ddd97e4b5afb0bf01"},"headline":"Chiar acum: Starul de top al lui FC Dinamo Bucure\u0219ti confirm\u0103 c\u0103 vrea s\u0103 se \u00eentoarc\u0103\u201d","datePublished":"2025-05-04T00:04:01+00:00","mainEntityOfPage":{"@id":"https:\/\/www.letsportsrock.com\/?p=37603"},"wordCount":307,"commentCount":0,"image":{"@id":"https:\/\/www.letsportsrock.com\/?p=37603#primaryimage"},"thumbnailUrl":"https:\/\/www.letsportsrock.com\/wp-content\/uploads\/2025\/05\/images-2025-05-04T010136.225.jpeg","inLanguage":"en-US","potentialAction":[{"@type":"CommentAction","name":"Comment","target":["https:\/\/www.letsportsrock.com\/?p=37603#respond"]}]},{"@type":"WebPage","@id":"https:\/\/www.letsportsrock.com\/?p=37603","url":"https:\/\/www.letsportsrock.com\/?p=37603","name":"Chiar acum: Starul de top al lui FC Dinamo Bucure\u0219ti confirm\u0103 c\u0103 vrea s\u0103 se \u00eentoarc\u0103\u201d","isPartOf":{"@id":"https:\/\/www.letsportsrock.com\/#website"},"primaryImageOfPage":{"@id":"https:\/\/www.letsportsrock.com\/?p=37603#primaryimage"},"image":{"@id":"https:\/\/www.letsportsrock.com\/?p=37603#primaryimage"},"thumbnailUrl":"https:\/\/www.letsportsrock.com\/wp-content\/uploads\/2025\/05\/images-2025-05-04T010136.225.jpeg","datePublished":"2025-05-04T00:04:01+00:00","author":{"@id":"https:\/\/www.letsportsrock.com\/#\/schema\/person\/a454ac24e58b214ddd97e4b5afb0bf01"},"description":"Chiar acum: Starul de top al lui FC Dinamo Bucure\u0219ti confirm\u0103 c\u0103 vrea s\u0103 se \u00eentoarc\u0103\u201d","breadcrumb":{"@id":"https:\/\/www.letsportsrock.com\/?p=37603#breadcrumb"},"inLanguage":"en-US","potentialAction":[{"@type":"ReadAction","target":["https:\/\/www.letsportsrock.com\/?p=37603"]}]},{"@type":"ImageObject","inLanguage":"en-US","@id":"https:\/\/www.letsportsrock.com\/?p=37603#primaryimage","url":"https:\/\/www.letsportsrock.com\/wp-content\/uploads\/2025\/05\/images-2025-05-04T010136.225.jpeg","contentUrl":"https:\/\/www.letsportsrock.com\/wp-content\/uploads\/2025\/05\/images-2025-05-04T010136.225.jpeg","width":663,"height":463},{"@type":"BreadcrumbList","@id":"https:\/\/www.letsportsrock.com\/?p=37603#breadcrumb","itemListElement":[{"@type":"ListItem","position":1,"name":"Home","item":"https:\/\/www.letsportsrock.com\/"},{"@type":"ListItem","position":2,"name":"Chiar acum: Starul de top al lui FC Dinamo Bucure\u0219ti confirm\u0103 c\u0103 vrea s\u0103 se \u00eentoarc\u0103\u201d"}]},{"@type":"WebSite","@id":"https:\/\/www.letsportsrock.com\/#website","url":"https:\/\/www.letsportsrock.com\/","name":"letsportsrock","description":"Sport News and Updates","potentialAction":[{"@type":"SearchAction","target":{"@type":"EntryPoint","urlTemplate":"https:\/\/www.letsportsrock.com\/?s={search_term_string}"},"query-input":{"@type":"PropertyValueSpecification","valueRequired":true,"valueName":"search_term_string"}}],"inLanguage":"en-US"},{"@type":"Person","@id":"https:\/\/www.letsportsrock.com\/#\/schema\/person\/a454ac24e58b214ddd97e4b5afb0bf01","name":"letsportsrock","image":{"@type":"ImageObject","inLanguage":"en-US","@id":"https:\/\/secure.gravatar.com\/avatar\/f8ef950cbb7574c0bc874094b8d307659bfe2d7aa4a9d26fa6917eff010748f9?s=96&d=mm&r=g","url":"https:\/\/secure.gravatar.com\/avatar\/f8ef950cbb7574c0bc874094b8d307659bfe2d7aa4a9d26fa6917eff010748f9?s=96&d=mm&r=g","contentUrl":"https:\/\/secure.gravatar.com\/avatar\/f8ef950cbb7574c0bc874094b8d307659bfe2d7aa4a9d26fa6917eff010748f9?s=96&d=mm&r=g","caption":"letsportsrock"},"sameAs":["https:\/\/www.letsportsrock.com"],"url":"https:\/\/www.letsportsrock.com\/?author=1"}]}},"jetpack_featured_media_url":"https:\/\/www.letsportsrock.com\/wp-content\/uploads\/2025\/05\/images-2025-05-04T010136.225.jpeg","jetpack_sharing_enabled":true,"_links":{"self":[{"href":"https:\/\/www.letsportsrock.com\/index.php?rest_route=\/wp\/v2\/posts\/37603","targetHints":{"allow":["GET"]}}],"collection":[{"href":"https:\/\/www.letsportsrock.com\/index.php?rest_route=\/wp\/v2\/posts"}],"about":[{"href":"https:\/\/www.letsportsrock.com\/index.php?rest_route=\/wp\/v2\/types\/post"}],"author":[{"embeddable":true,"href":"https:\/\/www.letsportsrock.com\/index.php?rest_route=\/wp\/v2\/users\/1"}],"replies":[{"embeddable":true,"href":"https:\/\/www.letsportsrock.com\/index.php?rest_route=%2Fwp%2Fv2%2Fcomments&post=37603"}],"version-history":[{"count":1,"href":"https:\/\/www.letsportsrock.com\/index.php?rest_route=\/wp\/v2\/posts\/37603\/revisions"}],"predecessor-version":[{"id":37605,"href":"https:\/\/www.letsportsrock.com\/index.php?rest_route=\/wp\/v2\/posts\/37603\/revisions\/37605"}],"wp:featuredmedia":[{"embeddable":true,"href":"https:\/\/www.letsportsrock.com\/index.php?rest_route=\/wp\/v2\/media\/37604"}],"wp:attachment":[{"href":"https:\/\/www.letsportsrock.com\/index.php?rest_route=%2Fwp%2Fv2%2Fmedia&parent=37603"}],"wp:term":[{"taxonomy":"category","embeddable":true,"href":"https:\/\/www.letsportsrock.com\/index.php?rest_route=%2Fwp%2Fv2%2Fcategories&post=37603"},{"taxonomy":"post_tag","embeddable":true,"href":"https:\/\/www.letsportsrock.com\/index.php?rest_route=%2Fwp%2Fv2%2Ftags&post=37603"}],"curies":[{"name":"wp","href":"https:\/\/api.w.org\/{rel}","templated":true}]}}