{"id":37936,"date":"2025-05-05T21:49:03","date_gmt":"2025-05-05T21:49:03","guid":{"rendered":"https:\/\/www.letsportsrock.com\/?p=37936"},"modified":"2025-05-05T21:49:03","modified_gmt":"2025-05-05T21:49:03","slug":"unabhangig-von-der-liga-vfl-vor-grosem-kader-umbau","status":"publish","type":"post","link":"https:\/\/www.letsportsrock.com\/?p=37936","title":{"rendered":"Unabh\u00e4ngig von der Liga: VfL vor gro\u00dfem Kader-Umbau&#8230;"},"content":{"rendered":"<div class=\"d79db4796efc26332eabfc3f5dafbc76\" data-index=\"1\" style=\"float: none; margin:10px 0 10px 0; text-align:center;\">\n<div class=\"hb-ad-inarticle\">\r\n    <div class=\"hb-ad-inner\"> \r\n    <div class=\"hbagency_cls\"  id=\"hbagency_space_111930\"><\/div><\/div> <\/div>\n<\/div>\n<p>Unabh\u00e4ngig von der Liga: VfL vor gro\u00dfem Kader-Umbau&#8230;<\/p>\n<p>&nbsp;<\/p>\n<p>Der VfL plant f\u00fcr die kommende Saison einen umfassenden Umbruch im Kader \u2013 und das unabh\u00e4ngig davon, ob der Klassenerhalt gelingt oder nicht. Schon jetzt zeichnet sich ab: Zahlreiche Abg\u00e4nge stehen bevor, ebenso wie gezielte Verst\u00e4rkungen auf Schl\u00fcsselpositionen. Dabei stehen sowohl erfahrene Spieler als auch junge Talente im Fokus der Kaderplanung.<\/p>\n<p><img loading=\"lazy\" decoding=\"async\" class=\"alignnone size-medium wp-image-37938\" src=\"https:\/\/www.letsportsrock.com\/wp-content\/uploads\/2025\/05\/images-2025-05-05T224743.348-300x194.jpeg\" alt=\"\" width=\"300\" height=\"194\" srcset=\"https:\/\/www.letsportsrock.com\/wp-content\/uploads\/2025\/05\/images-2025-05-05T224743.348-300x194.jpeg 300w, https:\/\/www.letsportsrock.com\/wp-content\/uploads\/2025\/05\/images-2025-05-05T224743.348.jpeg 596w\" sizes=\"auto, (max-width: 300px) 100vw, 300px\" \/><\/p>\n<p>Die Verantwortlichen wollen den Umbruch nutzen, um neue Impulse zu setzen und die Mannschaft strategisch neu auszurichten. Finanzielle Flexibilit\u00e4t, Leihen und abl\u00f6sefreie Transfers spielen dabei eine zentrale Rolle. Ziel ist es, eine konkurrenzf\u00e4hige und zukunftsf\u00e4hige Mannschaft aufzustellen \u2013 unabh\u00e4ngig von der Ligazugeh\u00f6rigkeit.<\/p>\n<p>&nbsp;<\/p>\n<p>Fazit: Der VfL sendet ein klares Signal: Die Zukunft beginnt jetzt \u2013 mit frischem Personal und neuer sportlicher Ausrichtung.<\/p>\n\n<div style=\"font-size: 0px; height: 0px; line-height: 0px; margin: 0; padding: 0; clear: both;\"><\/div>","protected":false},"excerpt":{"rendered":"<p>Unabh\u00e4ngig von der Liga: VfL vor gro\u00dfem Kader-Umbau&#8230; &nbsp; Der VfL plant f\u00fcr die kommende Saison einen umfassenden Umbruch im Kader \u2013 und das unabh\u00e4ngig davon, ob der Klassenerhalt gelingt oder nicht. Schon jetzt zeichnet sich ab: Zahlreiche Abg\u00e4nge stehen bevor, ebenso wie gezielte Verst\u00e4rkungen auf Schl\u00fcsselpositionen. Dabei stehen sowohl erfahrene Spieler als auch junge [&hellip;]<\/p>\n","protected":false},"author":15,"featured_media":37937,"comment_status":"open","ping_status":"open","sticky":false,"template":"","format":"standard","meta":{"_jetpack_memberships_contains_paid_content":false,"footnotes":""},"categories":[1],"tags":[653],"class_list":["post-37936","post","type-post","status-publish","format-standard","has-post-thumbnail","hentry","category-uncategorized","tag-vfl-bochum"],"yoast_head":"<!-- This site is optimized with the Yoast SEO plugin v27.5 - https:\/\/yoast.com\/product\/yoast-seo-wordpress\/ -->\n<title>Unabh\u00e4ngig von der Liga: VfL vor gro\u00dfem Kader-Umbau... - letsportsrock<\/title>\n<meta name=\"description\" content=\"Unabh\u00e4ngig von der Liga: VfL vor gro\u00dfem Kader-Umbau...........................................................\" \/>\n<meta name=\"robots\" content=\"index, follow, max-snippet:-1, max-image-preview:large, max-video-preview:-1\" \/>\n<link rel=\"canonical\" href=\"https:\/\/www.letsportsrock.com\/?p=37936\" \/>\n<meta property=\"og:locale\" content=\"en_US\" \/>\n<meta property=\"og:type\" content=\"article\" \/>\n<meta property=\"og:title\" content=\"Unabh\u00e4ngig von der Liga: VfL vor gro\u00dfem Kader-Umbau... - letsportsrock\" \/>\n<meta property=\"og:description\" content=\"Unabh\u00e4ngig von der Liga: VfL vor gro\u00dfem Kader-Umbau...........................................................\" \/>\n<meta property=\"og:url\" content=\"https:\/\/www.letsportsrock.com\/?p=37936\" \/>\n<meta property=\"og:site_name\" content=\"letsportsrock\" \/>\n<meta property=\"article:published_time\" content=\"2025-05-05T21:49:03+00:00\" \/>\n<meta property=\"og:image\" content=\"https:\/\/www.letsportsrock.com\/wp-content\/uploads\/2025\/05\/images-2025-05-05T224726.091.jpeg\" \/>\n\t<meta property=\"og:image:width\" content=\"540\" \/>\n\t<meta property=\"og:image:height\" content=\"432\" \/>\n\t<meta property=\"og:image:type\" content=\"image\/jpeg\" \/>\n<meta name=\"author\" content=\"Amos Nabizo\" \/>\n<meta name=\"twitter:card\" content=\"summary_large_image\" \/>\n<meta name=\"twitter:label1\" content=\"Written by\" \/>\n\t<meta name=\"twitter:data1\" content=\"Amos Nabizo\" \/>\n\t<meta name=\"twitter:label2\" content=\"Est. reading time\" \/>\n\t<meta name=\"twitter:data2\" content=\"1 minute\" \/>\n<script type=\"application\/ld+json\" class=\"yoast-schema-graph\">{\"@context\":\"https:\\\/\\\/schema.org\",\"@graph\":[{\"@type\":\"Article\",\"@id\":\"https:\\\/\\\/www.letsportsrock.com\\\/?p=37936#article\",\"isPartOf\":{\"@id\":\"https:\\\/\\\/www.letsportsrock.com\\\/?p=37936\"},\"author\":{\"name\":\"Amos Nabizo\",\"@id\":\"https:\\\/\\\/www.letsportsrock.com\\\/#\\\/schema\\\/person\\\/044479f72bdbd75f9523e745d3be6c30\"},\"headline\":\"Unabh\u00e4ngig von der Liga: VfL vor gro\u00dfem Kader-Umbau&#8230;\",\"datePublished\":\"2025-05-05T21:49:03+00:00\",\"mainEntityOfPage\":{\"@id\":\"https:\\\/\\\/www.letsportsrock.com\\\/?p=37936\"},\"wordCount\":142,\"commentCount\":0,\"image\":{\"@id\":\"https:\\\/\\\/www.letsportsrock.com\\\/?p=37936#primaryimage\"},\"thumbnailUrl\":\"https:\\\/\\\/www.letsportsrock.com\\\/wp-content\\\/uploads\\\/2025\\\/05\\\/images-2025-05-05T224726.091.jpeg\",\"keywords\":[\"Vfl Bochum\"],\"inLanguage\":\"en-US\",\"potentialAction\":[{\"@type\":\"CommentAction\",\"name\":\"Comment\",\"target\":[\"https:\\\/\\\/www.letsportsrock.com\\\/?p=37936#respond\"]}]},{\"@type\":\"WebPage\",\"@id\":\"https:\\\/\\\/www.letsportsrock.com\\\/?p=37936\",\"url\":\"https:\\\/\\\/www.letsportsrock.com\\\/?p=37936\",\"name\":\"Unabh\u00e4ngig von der Liga: VfL vor gro\u00dfem Kader-Umbau... - letsportsrock\",\"isPartOf\":{\"@id\":\"https:\\\/\\\/www.letsportsrock.com\\\/#website\"},\"primaryImageOfPage\":{\"@id\":\"https:\\\/\\\/www.letsportsrock.com\\\/?p=37936#primaryimage\"},\"image\":{\"@id\":\"https:\\\/\\\/www.letsportsrock.com\\\/?p=37936#primaryimage\"},\"thumbnailUrl\":\"https:\\\/\\\/www.letsportsrock.com\\\/wp-content\\\/uploads\\\/2025\\\/05\\\/images-2025-05-05T224726.091.jpeg\",\"datePublished\":\"2025-05-05T21:49:03+00:00\",\"author\":{\"@id\":\"https:\\\/\\\/www.letsportsrock.com\\\/#\\\/schema\\\/person\\\/044479f72bdbd75f9523e745d3be6c30\"},\"description\":\"Unabh\u00e4ngig von der Liga: VfL vor gro\u00dfem Kader-Umbau...........................................................\",\"breadcrumb\":{\"@id\":\"https:\\\/\\\/www.letsportsrock.com\\\/?p=37936#breadcrumb\"},\"inLanguage\":\"en-US\",\"potentialAction\":[{\"@type\":\"ReadAction\",\"target\":[\"https:\\\/\\\/www.letsportsrock.com\\\/?p=37936\"]}]},{\"@type\":\"ImageObject\",\"inLanguage\":\"en-US\",\"@id\":\"https:\\\/\\\/www.letsportsrock.com\\\/?p=37936#primaryimage\",\"url\":\"https:\\\/\\\/www.letsportsrock.com\\\/wp-content\\\/uploads\\\/2025\\\/05\\\/images-2025-05-05T224726.091.jpeg\",\"contentUrl\":\"https:\\\/\\\/www.letsportsrock.com\\\/wp-content\\\/uploads\\\/2025\\\/05\\\/images-2025-05-05T224726.091.jpeg\",\"width\":540,\"height\":432},{\"@type\":\"BreadcrumbList\",\"@id\":\"https:\\\/\\\/www.letsportsrock.com\\\/?p=37936#breadcrumb\",\"itemListElement\":[{\"@type\":\"ListItem\",\"position\":1,\"name\":\"Home\",\"item\":\"https:\\\/\\\/www.letsportsrock.com\\\/\"},{\"@type\":\"ListItem\",\"position\":2,\"name\":\"Unabh\u00e4ngig von der Liga: VfL vor gro\u00dfem Kader-Umbau&#8230;\"}]},{\"@type\":\"WebSite\",\"@id\":\"https:\\\/\\\/www.letsportsrock.com\\\/#website\",\"url\":\"https:\\\/\\\/www.letsportsrock.com\\\/\",\"name\":\"letsportsrock\",\"description\":\"Sport News and Updates\",\"potentialAction\":[{\"@type\":\"SearchAction\",\"target\":{\"@type\":\"EntryPoint\",\"urlTemplate\":\"https:\\\/\\\/www.letsportsrock.com\\\/?s={search_term_string}\"},\"query-input\":{\"@type\":\"PropertyValueSpecification\",\"valueRequired\":true,\"valueName\":\"search_term_string\"}}],\"inLanguage\":\"en-US\"},{\"@type\":\"Person\",\"@id\":\"https:\\\/\\\/www.letsportsrock.com\\\/#\\\/schema\\\/person\\\/044479f72bdbd75f9523e745d3be6c30\",\"name\":\"Amos Nabizo\",\"image\":{\"@type\":\"ImageObject\",\"inLanguage\":\"en-US\",\"@id\":\"https:\\\/\\\/secure.gravatar.com\\\/avatar\\\/d569857c07d3899c6ca842ffea32daa1672c05549833530fe37e68ae7b521ba4?s=96&d=mm&r=g\",\"url\":\"https:\\\/\\\/secure.gravatar.com\\\/avatar\\\/d569857c07d3899c6ca842ffea32daa1672c05549833530fe37e68ae7b521ba4?s=96&d=mm&r=g\",\"contentUrl\":\"https:\\\/\\\/secure.gravatar.com\\\/avatar\\\/d569857c07d3899c6ca842ffea32daa1672c05549833530fe37e68ae7b521ba4?s=96&d=mm&r=g\",\"caption\":\"Amos Nabizo\"},\"sameAs\":[\"https:\\\/\\\/www.letsportsrock.com\\\/wp-admin\\\/\"],\"url\":\"https:\\\/\\\/www.letsportsrock.com\\\/?author=15\"}]}<\/script>\n<!-- \/ Yoast SEO plugin. -->","yoast_head_json":{"title":"Unabh\u00e4ngig von der Liga: VfL vor gro\u00dfem Kader-Umbau... - letsportsrock","description":"Unabh\u00e4ngig von der Liga: VfL vor gro\u00dfem Kader-Umbau...........................................................","robots":{"index":"index","follow":"follow","max-snippet":"max-snippet:-1","max-image-preview":"max-image-preview:large","max-video-preview":"max-video-preview:-1"},"canonical":"https:\/\/www.letsportsrock.com\/?p=37936","og_locale":"en_US","og_type":"article","og_title":"Unabh\u00e4ngig von der Liga: VfL vor gro\u00dfem Kader-Umbau... - letsportsrock","og_description":"Unabh\u00e4ngig von der Liga: VfL vor gro\u00dfem Kader-Umbau...........................................................","og_url":"https:\/\/www.letsportsrock.com\/?p=37936","og_site_name":"letsportsrock","article_published_time":"2025-05-05T21:49:03+00:00","og_image":[{"width":540,"height":432,"url":"https:\/\/www.letsportsrock.com\/wp-content\/uploads\/2025\/05\/images-2025-05-05T224726.091.jpeg","type":"image\/jpeg"}],"author":"Amos Nabizo","twitter_card":"summary_large_image","twitter_misc":{"Written by":"Amos Nabizo","Est. reading time":"1 minute"},"schema":{"@context":"https:\/\/schema.org","@graph":[{"@type":"Article","@id":"https:\/\/www.letsportsrock.com\/?p=37936#article","isPartOf":{"@id":"https:\/\/www.letsportsrock.com\/?p=37936"},"author":{"name":"Amos Nabizo","@id":"https:\/\/www.letsportsrock.com\/#\/schema\/person\/044479f72bdbd75f9523e745d3be6c30"},"headline":"Unabh\u00e4ngig von der Liga: VfL vor gro\u00dfem Kader-Umbau&#8230;","datePublished":"2025-05-05T21:49:03+00:00","mainEntityOfPage":{"@id":"https:\/\/www.letsportsrock.com\/?p=37936"},"wordCount":142,"commentCount":0,"image":{"@id":"https:\/\/www.letsportsrock.com\/?p=37936#primaryimage"},"thumbnailUrl":"https:\/\/www.letsportsrock.com\/wp-content\/uploads\/2025\/05\/images-2025-05-05T224726.091.jpeg","keywords":["Vfl Bochum"],"inLanguage":"en-US","potentialAction":[{"@type":"CommentAction","name":"Comment","target":["https:\/\/www.letsportsrock.com\/?p=37936#respond"]}]},{"@type":"WebPage","@id":"https:\/\/www.letsportsrock.com\/?p=37936","url":"https:\/\/www.letsportsrock.com\/?p=37936","name":"Unabh\u00e4ngig von der Liga: VfL vor gro\u00dfem Kader-Umbau... - letsportsrock","isPartOf":{"@id":"https:\/\/www.letsportsrock.com\/#website"},"primaryImageOfPage":{"@id":"https:\/\/www.letsportsrock.com\/?p=37936#primaryimage"},"image":{"@id":"https:\/\/www.letsportsrock.com\/?p=37936#primaryimage"},"thumbnailUrl":"https:\/\/www.letsportsrock.com\/wp-content\/uploads\/2025\/05\/images-2025-05-05T224726.091.jpeg","datePublished":"2025-05-05T21:49:03+00:00","author":{"@id":"https:\/\/www.letsportsrock.com\/#\/schema\/person\/044479f72bdbd75f9523e745d3be6c30"},"description":"Unabh\u00e4ngig von der Liga: VfL vor gro\u00dfem Kader-Umbau...........................................................","breadcrumb":{"@id":"https:\/\/www.letsportsrock.com\/?p=37936#breadcrumb"},"inLanguage":"en-US","potentialAction":[{"@type":"ReadAction","target":["https:\/\/www.letsportsrock.com\/?p=37936"]}]},{"@type":"ImageObject","inLanguage":"en-US","@id":"https:\/\/www.letsportsrock.com\/?p=37936#primaryimage","url":"https:\/\/www.letsportsrock.com\/wp-content\/uploads\/2025\/05\/images-2025-05-05T224726.091.jpeg","contentUrl":"https:\/\/www.letsportsrock.com\/wp-content\/uploads\/2025\/05\/images-2025-05-05T224726.091.jpeg","width":540,"height":432},{"@type":"BreadcrumbList","@id":"https:\/\/www.letsportsrock.com\/?p=37936#breadcrumb","itemListElement":[{"@type":"ListItem","position":1,"name":"Home","item":"https:\/\/www.letsportsrock.com\/"},{"@type":"ListItem","position":2,"name":"Unabh\u00e4ngig von der Liga: VfL vor gro\u00dfem Kader-Umbau&#8230;"}]},{"@type":"WebSite","@id":"https:\/\/www.letsportsrock.com\/#website","url":"https:\/\/www.letsportsrock.com\/","name":"letsportsrock","description":"Sport News and Updates","potentialAction":[{"@type":"SearchAction","target":{"@type":"EntryPoint","urlTemplate":"https:\/\/www.letsportsrock.com\/?s={search_term_string}"},"query-input":{"@type":"PropertyValueSpecification","valueRequired":true,"valueName":"search_term_string"}}],"inLanguage":"en-US"},{"@type":"Person","@id":"https:\/\/www.letsportsrock.com\/#\/schema\/person\/044479f72bdbd75f9523e745d3be6c30","name":"Amos Nabizo","image":{"@type":"ImageObject","inLanguage":"en-US","@id":"https:\/\/secure.gravatar.com\/avatar\/d569857c07d3899c6ca842ffea32daa1672c05549833530fe37e68ae7b521ba4?s=96&d=mm&r=g","url":"https:\/\/secure.gravatar.com\/avatar\/d569857c07d3899c6ca842ffea32daa1672c05549833530fe37e68ae7b521ba4?s=96&d=mm&r=g","contentUrl":"https:\/\/secure.gravatar.com\/avatar\/d569857c07d3899c6ca842ffea32daa1672c05549833530fe37e68ae7b521ba4?s=96&d=mm&r=g","caption":"Amos Nabizo"},"sameAs":["https:\/\/www.letsportsrock.com\/wp-admin\/"],"url":"https:\/\/www.letsportsrock.com\/?author=15"}]}},"jetpack_featured_media_url":"https:\/\/www.letsportsrock.com\/wp-content\/uploads\/2025\/05\/images-2025-05-05T224726.091.jpeg","jetpack_sharing_enabled":true,"_links":{"self":[{"href":"https:\/\/www.letsportsrock.com\/index.php?rest_route=\/wp\/v2\/posts\/37936","targetHints":{"allow":["GET"]}}],"collection":[{"href":"https:\/\/www.letsportsrock.com\/index.php?rest_route=\/wp\/v2\/posts"}],"about":[{"href":"https:\/\/www.letsportsrock.com\/index.php?rest_route=\/wp\/v2\/types\/post"}],"author":[{"embeddable":true,"href":"https:\/\/www.letsportsrock.com\/index.php?rest_route=\/wp\/v2\/users\/15"}],"replies":[{"embeddable":true,"href":"https:\/\/www.letsportsrock.com\/index.php?rest_route=%2Fwp%2Fv2%2Fcomments&post=37936"}],"version-history":[{"count":1,"href":"https:\/\/www.letsportsrock.com\/index.php?rest_route=\/wp\/v2\/posts\/37936\/revisions"}],"predecessor-version":[{"id":37939,"href":"https:\/\/www.letsportsrock.com\/index.php?rest_route=\/wp\/v2\/posts\/37936\/revisions\/37939"}],"wp:featuredmedia":[{"embeddable":true,"href":"https:\/\/www.letsportsrock.com\/index.php?rest_route=\/wp\/v2\/media\/37937"}],"wp:attachment":[{"href":"https:\/\/www.letsportsrock.com\/index.php?rest_route=%2Fwp%2Fv2%2Fmedia&parent=37936"}],"wp:term":[{"taxonomy":"category","embeddable":true,"href":"https:\/\/www.letsportsrock.com\/index.php?rest_route=%2Fwp%2Fv2%2Fcategories&post=37936"},{"taxonomy":"post_tag","embeddable":true,"href":"https:\/\/www.letsportsrock.com\/index.php?rest_route=%2Fwp%2Fv2%2Ftags&post=37936"}],"curies":[{"name":"wp","href":"https:\/\/api.w.org\/{rel}","templated":true}]}}