{"id":38900,"date":"2025-05-11T18:31:21","date_gmt":"2025-05-11T18:31:21","guid":{"rendered":"https:\/\/www.letsportsrock.com\/?p=38900"},"modified":"2025-05-11T18:31:21","modified_gmt":"2025-05-11T18:31:21","slug":"discutia-purtata-de-mircea-lucescu-cu-sefii-lui-dinamo-vin-sa-ajut-si-sa-le-dau-un-imbold-jucatorilor","status":"publish","type":"post","link":"https:\/\/www.letsportsrock.com\/?p=38900","title":{"rendered":"Discu\u021bia purtat\u0103 de Mircea Lucescu cu \u0219efii lui Dinamo: \u201dVin s\u0103 ajut \u0219i s\u0103 le dau un imbold juc\u0103torilor\u201d&#8230;&#8230;"},"content":{"rendered":"<div class=\"d79db4796efc26332eabfc3f5dafbc76\" data-index=\"1\" style=\"float: none; margin:10px 0 10px 0; text-align:center;\">\n<div class=\"hb-ad-inarticle\">\r\n    <div class=\"hb-ad-inner\"> \r\n    <div class=\"hbagency_cls\"  id=\"hbagency_space_111930\"><\/div><\/div> <\/div>\n<\/div>\n<p>Discu\u021bia purtat\u0103 de Mircea Lucescu cu \u0219efii lui Dinamo: \u201dVin s\u0103 ajut \u0219i s\u0103 le dau un imbold juc\u0103torilor\u201d&#8230;&#8230;<\/p>\n<p>&nbsp;<\/p>\n<p>Mircea Lucescu, una dintre cele mai respectate figuri din fotbalul rom\u00e2nesc, a avut recent o discu\u021bie important\u0103 cu conducerea clubului Dinamo Bucure\u0219ti, \u00een contextul situa\u021biei dificile prin care trece echipa. Fostul antrenor al lui Dinamo \u0219i al echipelor de top din Europa a declarat c\u0103 este dispus s\u0103 revin\u0103 \u00een jurul clubului, \u00eentr-un rol consultativ sau motiva\u021bional, pentru a sus\u021bine moralul juc\u0103torilor \u0219i a contribui cu experien\u021ba sa vast\u0103.<img loading=\"lazy\" decoding=\"async\" class=\"alignnone size-medium wp-image-38902\" src=\"https:\/\/www.letsportsrock.com\/wp-content\/uploads\/2025\/05\/Mircea-Lucescu-exasperat-de-jandarmi-inainte-de-Rapid-Bucuresti-Dinamo-Bucuresti-300x169.webp\" alt=\"\" width=\"300\" height=\"169\" srcset=\"https:\/\/www.letsportsrock.com\/wp-content\/uploads\/2025\/05\/Mircea-Lucescu-exasperat-de-jandarmi-inainte-de-Rapid-Bucuresti-Dinamo-Bucuresti-300x169.webp 300w, https:\/\/www.letsportsrock.com\/wp-content\/uploads\/2025\/05\/Mircea-Lucescu-exasperat-de-jandarmi-inainte-de-Rapid-Bucuresti-Dinamo-Bucuresti-1024x576.webp 1024w, https:\/\/www.letsportsrock.com\/wp-content\/uploads\/2025\/05\/Mircea-Lucescu-exasperat-de-jandarmi-inainte-de-Rapid-Bucuresti-Dinamo-Bucuresti-768x432.webp 768w, https:\/\/www.letsportsrock.com\/wp-content\/uploads\/2025\/05\/Mircea-Lucescu-exasperat-de-jandarmi-inainte-de-Rapid-Bucuresti-Dinamo-Bucuresti.webp 1280w\" sizes=\"auto, (max-width: 300px) 100vw, 300px\" \/><\/p>\n<p>\u201eVin s\u0103 ajut \u0219i s\u0103 le dau un imbold juc\u0103torilor. E important s\u0103 simt\u0103 sprijin, mai ales \u00een momentele grele. Dinamo este un simbol al fotbalului rom\u00e2nesc \u0219i nu poate fi l\u0103sat s\u0103 se piard\u0103,\u201d a spus Lucescu. El nu \u0219i-a exprimat dorin\u021ba de a reveni pe banca tehnic\u0103, dar a subliniat c\u0103 implicarea moral\u0103 \u0219i strategic\u0103 poate face diferen\u021ba \u00eentr-o perioad\u0103 de criz\u0103.<\/p>\n<p>Oficialii clubului au salutat ini\u021biativa \u0219i au precizat c\u0103 prezen\u021ba lui Mircea Lucescu \u00een jurul echipei ar putea fi un factor decisiv \u00een revitalizarea spiritului dinamovist. Suporterii, la r\u00e2ndul lor, au primit vestea cu entuziasm, sper\u00e2nd c\u0103 influen\u021ba lui &#8220;Il Luce&#8221; va aduce stabilitate \u0219i \u00eencredere echipei.<\/p>\n\n<div style=\"font-size: 0px; height: 0px; line-height: 0px; margin: 0; padding: 0; clear: both;\"><\/div>","protected":false},"excerpt":{"rendered":"<p>Discu\u021bia purtat\u0103 de Mircea Lucescu cu \u0219efii lui Dinamo: \u201dVin s\u0103 ajut \u0219i s\u0103 le dau un imbold juc\u0103torilor\u201d&#8230;&#8230; &nbsp; Mircea Lucescu, una dintre cele mai respectate figuri din fotbalul rom\u00e2nesc, a avut recent o discu\u021bie important\u0103 cu conducerea clubului Dinamo Bucure\u0219ti, \u00een contextul situa\u021biei dificile prin care trece echipa. Fostul antrenor al lui Dinamo [&hellip;]<\/p>\n","protected":false},"author":9,"featured_media":38901,"comment_status":"open","ping_status":"open","sticky":false,"template":"","format":"standard","meta":{"_jetpack_memberships_contains_paid_content":false,"footnotes":""},"categories":[1],"tags":[640],"class_list":["post-38900","post","type-post","status-publish","format-standard","has-post-thumbnail","hentry","category-uncategorized","tag-fan-andrei-ivan"],"yoast_head":"<!-- This site is optimized with the Yoast SEO plugin v27.4 - https:\/\/yoast.com\/product\/yoast-seo-wordpress\/ -->\n<title>Discu\u021bia purtat\u0103 de Mircea Lucescu cu \u0219efii lui Dinamo: \u201dVin s\u0103 ajut \u0219i s\u0103 le dau un imbold juc\u0103torilor\u201d......<\/title>\n<meta name=\"description\" content=\"Discu\u021bia purtat\u0103 de Mircea Lucescu cu \u0219efii lui Dinamo: \u201dVin s\u0103 ajut \u0219i s\u0103 le dau un imbold juc\u0103torilor\u201d......\" \/>\n<meta name=\"robots\" content=\"index, follow, max-snippet:-1, max-image-preview:large, max-video-preview:-1\" \/>\n<link rel=\"canonical\" href=\"https:\/\/www.letsportsrock.com\/?p=38900\" \/>\n<meta property=\"og:locale\" content=\"en_US\" \/>\n<meta property=\"og:type\" content=\"article\" \/>\n<meta property=\"og:title\" content=\"Discu\u021bia purtat\u0103 de Mircea Lucescu cu \u0219efii lui Dinamo: \u201dVin s\u0103 ajut \u0219i s\u0103 le dau un imbold juc\u0103torilor\u201d......\" \/>\n<meta property=\"og:description\" content=\"Discu\u021bia purtat\u0103 de Mircea Lucescu cu \u0219efii lui Dinamo: \u201dVin s\u0103 ajut \u0219i s\u0103 le dau un imbold juc\u0103torilor\u201d......\" \/>\n<meta property=\"og:url\" content=\"https:\/\/www.letsportsrock.com\/?p=38900\" \/>\n<meta property=\"og:site_name\" content=\"letsportsrock\" \/>\n<meta property=\"article:published_time\" content=\"2025-05-11T18:31:21+00:00\" \/>\n<meta property=\"og:image\" content=\"https:\/\/www.letsportsrock.com\/wp-content\/uploads\/2025\/05\/Verdictul-lui-Mircea-Lucescu-dupa-Rapid-FCSB-0-0-in-doar-3-cuvinte-scaled-e1740955630208-1400x798-1.webp\" \/>\n\t<meta property=\"og:image:width\" content=\"1280\" \/>\n\t<meta property=\"og:image:height\" content=\"720\" \/>\n\t<meta property=\"og:image:type\" content=\"image\/webp\" \/>\n<meta name=\"author\" content=\"Paul Hembaor\" \/>\n<meta name=\"twitter:card\" content=\"summary_large_image\" \/>\n<meta name=\"twitter:label1\" content=\"Written by\" \/>\n\t<meta name=\"twitter:data1\" content=\"Paul Hembaor\" \/>\n\t<meta name=\"twitter:label2\" content=\"Est. reading time\" \/>\n\t<meta name=\"twitter:data2\" content=\"2 minutes\" \/>\n<script type=\"application\/ld+json\" class=\"yoast-schema-graph\">{\"@context\":\"https:\\\/\\\/schema.org\",\"@graph\":[{\"@type\":\"Article\",\"@id\":\"https:\\\/\\\/www.letsportsrock.com\\\/?p=38900#article\",\"isPartOf\":{\"@id\":\"https:\\\/\\\/www.letsportsrock.com\\\/?p=38900\"},\"author\":{\"name\":\"Paul Hembaor\",\"@id\":\"https:\\\/\\\/www.letsportsrock.com\\\/#\\\/schema\\\/person\\\/97aa0f336f5a3ca15a8ec7d78846f045\"},\"headline\":\"Discu\u021bia purtat\u0103 de Mircea Lucescu cu \u0219efii lui Dinamo: \u201dVin s\u0103 ajut \u0219i s\u0103 le dau un imbold juc\u0103torilor\u201d&#8230;&#8230;\",\"datePublished\":\"2025-05-11T18:31:21+00:00\",\"mainEntityOfPage\":{\"@id\":\"https:\\\/\\\/www.letsportsrock.com\\\/?p=38900\"},\"wordCount\":241,\"commentCount\":0,\"image\":{\"@id\":\"https:\\\/\\\/www.letsportsrock.com\\\/?p=38900#primaryimage\"},\"thumbnailUrl\":\"https:\\\/\\\/www.letsportsrock.com\\\/wp-content\\\/uploads\\\/2025\\\/05\\\/Verdictul-lui-Mircea-Lucescu-dupa-Rapid-FCSB-0-0-in-doar-3-cuvinte-scaled-e1740955630208-1400x798-1.webp\",\"keywords\":[\"Fan Andrei Ivan\"],\"inLanguage\":\"en-US\",\"potentialAction\":[{\"@type\":\"CommentAction\",\"name\":\"Comment\",\"target\":[\"https:\\\/\\\/www.letsportsrock.com\\\/?p=38900#respond\"]}]},{\"@type\":\"WebPage\",\"@id\":\"https:\\\/\\\/www.letsportsrock.com\\\/?p=38900\",\"url\":\"https:\\\/\\\/www.letsportsrock.com\\\/?p=38900\",\"name\":\"Discu\u021bia purtat\u0103 de Mircea Lucescu cu \u0219efii lui Dinamo: \u201dVin s\u0103 ajut \u0219i s\u0103 le dau un imbold juc\u0103torilor\u201d......\",\"isPartOf\":{\"@id\":\"https:\\\/\\\/www.letsportsrock.com\\\/#website\"},\"primaryImageOfPage\":{\"@id\":\"https:\\\/\\\/www.letsportsrock.com\\\/?p=38900#primaryimage\"},\"image\":{\"@id\":\"https:\\\/\\\/www.letsportsrock.com\\\/?p=38900#primaryimage\"},\"thumbnailUrl\":\"https:\\\/\\\/www.letsportsrock.com\\\/wp-content\\\/uploads\\\/2025\\\/05\\\/Verdictul-lui-Mircea-Lucescu-dupa-Rapid-FCSB-0-0-in-doar-3-cuvinte-scaled-e1740955630208-1400x798-1.webp\",\"datePublished\":\"2025-05-11T18:31:21+00:00\",\"author\":{\"@id\":\"https:\\\/\\\/www.letsportsrock.com\\\/#\\\/schema\\\/person\\\/97aa0f336f5a3ca15a8ec7d78846f045\"},\"description\":\"Discu\u021bia purtat\u0103 de Mircea Lucescu cu \u0219efii lui Dinamo: \u201dVin s\u0103 ajut \u0219i s\u0103 le dau un imbold juc\u0103torilor\u201d......\",\"breadcrumb\":{\"@id\":\"https:\\\/\\\/www.letsportsrock.com\\\/?p=38900#breadcrumb\"},\"inLanguage\":\"en-US\",\"potentialAction\":[{\"@type\":\"ReadAction\",\"target\":[\"https:\\\/\\\/www.letsportsrock.com\\\/?p=38900\"]}]},{\"@type\":\"ImageObject\",\"inLanguage\":\"en-US\",\"@id\":\"https:\\\/\\\/www.letsportsrock.com\\\/?p=38900#primaryimage\",\"url\":\"https:\\\/\\\/www.letsportsrock.com\\\/wp-content\\\/uploads\\\/2025\\\/05\\\/Verdictul-lui-Mircea-Lucescu-dupa-Rapid-FCSB-0-0-in-doar-3-cuvinte-scaled-e1740955630208-1400x798-1.webp\",\"contentUrl\":\"https:\\\/\\\/www.letsportsrock.com\\\/wp-content\\\/uploads\\\/2025\\\/05\\\/Verdictul-lui-Mircea-Lucescu-dupa-Rapid-FCSB-0-0-in-doar-3-cuvinte-scaled-e1740955630208-1400x798-1.webp\",\"width\":1280,\"height\":720},{\"@type\":\"BreadcrumbList\",\"@id\":\"https:\\\/\\\/www.letsportsrock.com\\\/?p=38900#breadcrumb\",\"itemListElement\":[{\"@type\":\"ListItem\",\"position\":1,\"name\":\"Home\",\"item\":\"https:\\\/\\\/www.letsportsrock.com\\\/\"},{\"@type\":\"ListItem\",\"position\":2,\"name\":\"Discu\u021bia purtat\u0103 de Mircea Lucescu cu \u0219efii lui Dinamo: \u201dVin s\u0103 ajut \u0219i s\u0103 le dau un imbold juc\u0103torilor\u201d&#8230;&#8230;\"}]},{\"@type\":\"WebSite\",\"@id\":\"https:\\\/\\\/www.letsportsrock.com\\\/#website\",\"url\":\"https:\\\/\\\/www.letsportsrock.com\\\/\",\"name\":\"letsportsrock\",\"description\":\"Sport News and Updates\",\"potentialAction\":[{\"@type\":\"SearchAction\",\"target\":{\"@type\":\"EntryPoint\",\"urlTemplate\":\"https:\\\/\\\/www.letsportsrock.com\\\/?s={search_term_string}\"},\"query-input\":{\"@type\":\"PropertyValueSpecification\",\"valueRequired\":true,\"valueName\":\"search_term_string\"}}],\"inLanguage\":\"en-US\"},{\"@type\":\"Person\",\"@id\":\"https:\\\/\\\/www.letsportsrock.com\\\/#\\\/schema\\\/person\\\/97aa0f336f5a3ca15a8ec7d78846f045\",\"name\":\"Paul Hembaor\",\"image\":{\"@type\":\"ImageObject\",\"inLanguage\":\"en-US\",\"@id\":\"https:\\\/\\\/secure.gravatar.com\\\/avatar\\\/0574929a03c152e8ea7939c31311f9ea2fe2e06139cd71e2d6e698c217219d60?s=96&d=mm&r=g\",\"url\":\"https:\\\/\\\/secure.gravatar.com\\\/avatar\\\/0574929a03c152e8ea7939c31311f9ea2fe2e06139cd71e2d6e698c217219d60?s=96&d=mm&r=g\",\"contentUrl\":\"https:\\\/\\\/secure.gravatar.com\\\/avatar\\\/0574929a03c152e8ea7939c31311f9ea2fe2e06139cd71e2d6e698c217219d60?s=96&d=mm&r=g\",\"caption\":\"Paul Hembaor\"},\"sameAs\":[\"https:\\\/\\\/www.letsportsrock.com\\\/wp-admin\\\/\"],\"url\":\"https:\\\/\\\/www.letsportsrock.com\\\/?author=9\"}]}<\/script>\n<!-- \/ Yoast SEO plugin. -->","yoast_head_json":{"title":"Discu\u021bia purtat\u0103 de Mircea Lucescu cu \u0219efii lui Dinamo: \u201dVin s\u0103 ajut \u0219i s\u0103 le dau un imbold juc\u0103torilor\u201d......","description":"Discu\u021bia purtat\u0103 de Mircea Lucescu cu \u0219efii lui Dinamo: \u201dVin s\u0103 ajut \u0219i s\u0103 le dau un imbold juc\u0103torilor\u201d......","robots":{"index":"index","follow":"follow","max-snippet":"max-snippet:-1","max-image-preview":"max-image-preview:large","max-video-preview":"max-video-preview:-1"},"canonical":"https:\/\/www.letsportsrock.com\/?p=38900","og_locale":"en_US","og_type":"article","og_title":"Discu\u021bia purtat\u0103 de Mircea Lucescu cu \u0219efii lui Dinamo: \u201dVin s\u0103 ajut \u0219i s\u0103 le dau un imbold juc\u0103torilor\u201d......","og_description":"Discu\u021bia purtat\u0103 de Mircea Lucescu cu \u0219efii lui Dinamo: \u201dVin s\u0103 ajut \u0219i s\u0103 le dau un imbold juc\u0103torilor\u201d......","og_url":"https:\/\/www.letsportsrock.com\/?p=38900","og_site_name":"letsportsrock","article_published_time":"2025-05-11T18:31:21+00:00","og_image":[{"width":1280,"height":720,"url":"https:\/\/www.letsportsrock.com\/wp-content\/uploads\/2025\/05\/Verdictul-lui-Mircea-Lucescu-dupa-Rapid-FCSB-0-0-in-doar-3-cuvinte-scaled-e1740955630208-1400x798-1.webp","type":"image\/webp"}],"author":"Paul Hembaor","twitter_card":"summary_large_image","twitter_misc":{"Written by":"Paul Hembaor","Est. reading time":"2 minutes"},"schema":{"@context":"https:\/\/schema.org","@graph":[{"@type":"Article","@id":"https:\/\/www.letsportsrock.com\/?p=38900#article","isPartOf":{"@id":"https:\/\/www.letsportsrock.com\/?p=38900"},"author":{"name":"Paul Hembaor","@id":"https:\/\/www.letsportsrock.com\/#\/schema\/person\/97aa0f336f5a3ca15a8ec7d78846f045"},"headline":"Discu\u021bia purtat\u0103 de Mircea Lucescu cu \u0219efii lui Dinamo: \u201dVin s\u0103 ajut \u0219i s\u0103 le dau un imbold juc\u0103torilor\u201d&#8230;&#8230;","datePublished":"2025-05-11T18:31:21+00:00","mainEntityOfPage":{"@id":"https:\/\/www.letsportsrock.com\/?p=38900"},"wordCount":241,"commentCount":0,"image":{"@id":"https:\/\/www.letsportsrock.com\/?p=38900#primaryimage"},"thumbnailUrl":"https:\/\/www.letsportsrock.com\/wp-content\/uploads\/2025\/05\/Verdictul-lui-Mircea-Lucescu-dupa-Rapid-FCSB-0-0-in-doar-3-cuvinte-scaled-e1740955630208-1400x798-1.webp","keywords":["Fan Andrei Ivan"],"inLanguage":"en-US","potentialAction":[{"@type":"CommentAction","name":"Comment","target":["https:\/\/www.letsportsrock.com\/?p=38900#respond"]}]},{"@type":"WebPage","@id":"https:\/\/www.letsportsrock.com\/?p=38900","url":"https:\/\/www.letsportsrock.com\/?p=38900","name":"Discu\u021bia purtat\u0103 de Mircea Lucescu cu \u0219efii lui Dinamo: \u201dVin s\u0103 ajut \u0219i s\u0103 le dau un imbold juc\u0103torilor\u201d......","isPartOf":{"@id":"https:\/\/www.letsportsrock.com\/#website"},"primaryImageOfPage":{"@id":"https:\/\/www.letsportsrock.com\/?p=38900#primaryimage"},"image":{"@id":"https:\/\/www.letsportsrock.com\/?p=38900#primaryimage"},"thumbnailUrl":"https:\/\/www.letsportsrock.com\/wp-content\/uploads\/2025\/05\/Verdictul-lui-Mircea-Lucescu-dupa-Rapid-FCSB-0-0-in-doar-3-cuvinte-scaled-e1740955630208-1400x798-1.webp","datePublished":"2025-05-11T18:31:21+00:00","author":{"@id":"https:\/\/www.letsportsrock.com\/#\/schema\/person\/97aa0f336f5a3ca15a8ec7d78846f045"},"description":"Discu\u021bia purtat\u0103 de Mircea Lucescu cu \u0219efii lui Dinamo: \u201dVin s\u0103 ajut \u0219i s\u0103 le dau un imbold juc\u0103torilor\u201d......","breadcrumb":{"@id":"https:\/\/www.letsportsrock.com\/?p=38900#breadcrumb"},"inLanguage":"en-US","potentialAction":[{"@type":"ReadAction","target":["https:\/\/www.letsportsrock.com\/?p=38900"]}]},{"@type":"ImageObject","inLanguage":"en-US","@id":"https:\/\/www.letsportsrock.com\/?p=38900#primaryimage","url":"https:\/\/www.letsportsrock.com\/wp-content\/uploads\/2025\/05\/Verdictul-lui-Mircea-Lucescu-dupa-Rapid-FCSB-0-0-in-doar-3-cuvinte-scaled-e1740955630208-1400x798-1.webp","contentUrl":"https:\/\/www.letsportsrock.com\/wp-content\/uploads\/2025\/05\/Verdictul-lui-Mircea-Lucescu-dupa-Rapid-FCSB-0-0-in-doar-3-cuvinte-scaled-e1740955630208-1400x798-1.webp","width":1280,"height":720},{"@type":"BreadcrumbList","@id":"https:\/\/www.letsportsrock.com\/?p=38900#breadcrumb","itemListElement":[{"@type":"ListItem","position":1,"name":"Home","item":"https:\/\/www.letsportsrock.com\/"},{"@type":"ListItem","position":2,"name":"Discu\u021bia purtat\u0103 de Mircea Lucescu cu \u0219efii lui Dinamo: \u201dVin s\u0103 ajut \u0219i s\u0103 le dau un imbold juc\u0103torilor\u201d&#8230;&#8230;"}]},{"@type":"WebSite","@id":"https:\/\/www.letsportsrock.com\/#website","url":"https:\/\/www.letsportsrock.com\/","name":"letsportsrock","description":"Sport News and Updates","potentialAction":[{"@type":"SearchAction","target":{"@type":"EntryPoint","urlTemplate":"https:\/\/www.letsportsrock.com\/?s={search_term_string}"},"query-input":{"@type":"PropertyValueSpecification","valueRequired":true,"valueName":"search_term_string"}}],"inLanguage":"en-US"},{"@type":"Person","@id":"https:\/\/www.letsportsrock.com\/#\/schema\/person\/97aa0f336f5a3ca15a8ec7d78846f045","name":"Paul Hembaor","image":{"@type":"ImageObject","inLanguage":"en-US","@id":"https:\/\/secure.gravatar.com\/avatar\/0574929a03c152e8ea7939c31311f9ea2fe2e06139cd71e2d6e698c217219d60?s=96&d=mm&r=g","url":"https:\/\/secure.gravatar.com\/avatar\/0574929a03c152e8ea7939c31311f9ea2fe2e06139cd71e2d6e698c217219d60?s=96&d=mm&r=g","contentUrl":"https:\/\/secure.gravatar.com\/avatar\/0574929a03c152e8ea7939c31311f9ea2fe2e06139cd71e2d6e698c217219d60?s=96&d=mm&r=g","caption":"Paul Hembaor"},"sameAs":["https:\/\/www.letsportsrock.com\/wp-admin\/"],"url":"https:\/\/www.letsportsrock.com\/?author=9"}]}},"jetpack_featured_media_url":"https:\/\/www.letsportsrock.com\/wp-content\/uploads\/2025\/05\/Verdictul-lui-Mircea-Lucescu-dupa-Rapid-FCSB-0-0-in-doar-3-cuvinte-scaled-e1740955630208-1400x798-1.webp","jetpack_sharing_enabled":true,"_links":{"self":[{"href":"https:\/\/www.letsportsrock.com\/index.php?rest_route=\/wp\/v2\/posts\/38900","targetHints":{"allow":["GET"]}}],"collection":[{"href":"https:\/\/www.letsportsrock.com\/index.php?rest_route=\/wp\/v2\/posts"}],"about":[{"href":"https:\/\/www.letsportsrock.com\/index.php?rest_route=\/wp\/v2\/types\/post"}],"author":[{"embeddable":true,"href":"https:\/\/www.letsportsrock.com\/index.php?rest_route=\/wp\/v2\/users\/9"}],"replies":[{"embeddable":true,"href":"https:\/\/www.letsportsrock.com\/index.php?rest_route=%2Fwp%2Fv2%2Fcomments&post=38900"}],"version-history":[{"count":1,"href":"https:\/\/www.letsportsrock.com\/index.php?rest_route=\/wp\/v2\/posts\/38900\/revisions"}],"predecessor-version":[{"id":38903,"href":"https:\/\/www.letsportsrock.com\/index.php?rest_route=\/wp\/v2\/posts\/38900\/revisions\/38903"}],"wp:featuredmedia":[{"embeddable":true,"href":"https:\/\/www.letsportsrock.com\/index.php?rest_route=\/wp\/v2\/media\/38901"}],"wp:attachment":[{"href":"https:\/\/www.letsportsrock.com\/index.php?rest_route=%2Fwp%2Fv2%2Fmedia&parent=38900"}],"wp:term":[{"taxonomy":"category","embeddable":true,"href":"https:\/\/www.letsportsrock.com\/index.php?rest_route=%2Fwp%2Fv2%2Fcategories&post=38900"},{"taxonomy":"post_tag","embeddable":true,"href":"https:\/\/www.letsportsrock.com\/index.php?rest_route=%2Fwp%2Fv2%2Ftags&post=38900"}],"curies":[{"name":"wp","href":"https:\/\/api.w.org\/{rel}","templated":true}]}}