{"id":38908,"date":"2025-05-11T18:43:03","date_gmt":"2025-05-11T18:43:03","guid":{"rendered":"https:\/\/www.letsportsrock.com\/?p=38908"},"modified":"2025-05-11T18:43:03","modified_gmt":"2025-05-11T18:43:03","slug":"mihai-rotaru-si-mirel-radoi-au-dat-lovitura-dupa-ce-au-reusit-sa-aduca-doi-atacanti-pentru-sezonul-viitor-citeste-mai-mult","status":"publish","type":"post","link":"https:\/\/www.letsportsrock.com\/?p=38908","title":{"rendered":"Mihai Rotaru \u0219i Mirel R\u0103doi au dat lovitura, dup\u0103 ce au reu\u0219it s\u0103 aduc\u0103 doi atacan\u021bi pentru sezonul viitor&#8230;&#8230;Cite\u0219te mai mult"},"content":{"rendered":"<div class=\"d79db4796efc26332eabfc3f5dafbc76\" data-index=\"1\" style=\"float: none; margin:10px 0 10px 0; text-align:center;\">\n<div class=\"hb-ad-inarticle\">\r\n    <div class=\"hb-ad-inner\"> \r\n    <div class=\"hbagency_cls\"  id=\"hbagency_space_111930\"><\/div><\/div> <\/div>\n<\/div>\n<p>Mihai Rotaru \u0219i Mirel R\u0103doi au dat lovitura, dup\u0103 ce au reu\u0219it s\u0103 aduc\u0103 doi atacan\u021bi pentru sezonul viitor&#8230;&#8230;Cite\u0219te mai mult <\/p>\n<p>Mihai Rotaru \u0219i Mirel R\u0103doi au dat o adev\u0103rat\u0103 lovitur\u0103 pe pia\u021ba transferurilor, reu\u0219ind s\u0103 aduc\u0103 doi atacan\u021bi importan\u021bi pentru sezonul viitor, cu scopul clar de a \u00eent\u0103ri linia ofensiv\u0103 a echipei \u0219i de a ataca obiectivele propuse. Cei doi oficiali ai clubului au lucrat \u00een t\u0103cere \u00een ultimele s\u0103pt\u0103m\u00e2ni, iar rezultatele nu au \u00eent\u00e2rziat s\u0103 apar\u0103: este vorba despre doi juc\u0103tori cu experien\u021b\u0103 interna\u021bional\u0103, care pot aduce un plus de valoare \u0219i eficien\u021b\u0103 \u00een fa\u021ba por\u021bii.<img loading=\"lazy\" decoding=\"async\" class=\"alignnone size-medium wp-image-38910\" src=\"https:\/\/www.letsportsrock.com\/wp-content\/uploads\/2025\/05\/hq720-1-2-300x169.jpg\" alt=\"\" width=\"300\" height=\"169\" srcset=\"https:\/\/www.letsportsrock.com\/wp-content\/uploads\/2025\/05\/hq720-1-2-300x169.jpg 300w, https:\/\/www.letsportsrock.com\/wp-content\/uploads\/2025\/05\/hq720-1-2.jpg 686w\" sizes=\"auto, (max-width: 300px) 100vw, 300px\" \/><\/p>\n<p>Primul dintre ei este un atacant central cunoscut pentru for\u021ba sa fizic\u0103 \u0219i instinctul de golgheter, \u00een timp ce al doilea este un juc\u0103tor versatil, care poate evolua at\u00e2t \u00een band\u0103, c\u00e2t \u0219i \u00een spatele v\u00e2rfului, oferind multiple solu\u021bii tactice lui R\u0103doi. Transferurile sunt considerate un pas strategic important \u00een reconstruirea lotului, iar suporterii au toate motivele s\u0103 fie entuziasma\u021bi de perspectivele pentru sezonul viitor.<\/p>\n<p>Ambii juc\u0103tori vor fi prezenta\u021bi oficial \u00een urm\u0103toarele zile, iar preg\u0103tirea pentru noul sezon va \u00eencepe cu mult entuziasm \u0219i speran\u021b\u0103. Obiectivul este clar: calificarea \u00een cupele europene \u0219i un parcurs solid \u00een campionat.<\/p>\n\n<div style=\"font-size: 0px; height: 0px; line-height: 0px; margin: 0; padding: 0; clear: both;\"><\/div>","protected":false},"excerpt":{"rendered":"<p>Mihai Rotaru \u0219i Mirel R\u0103doi au dat lovitura, dup\u0103 ce au reu\u0219it s\u0103 aduc\u0103 doi atacan\u021bi pentru sezonul viitor&#8230;&#8230;Cite\u0219te mai mult Mihai Rotaru \u0219i Mirel R\u0103doi au dat o adev\u0103rat\u0103 lovitur\u0103 pe pia\u021ba transferurilor, reu\u0219ind s\u0103 aduc\u0103 doi atacan\u021bi importan\u021bi pentru sezonul viitor, cu scopul clar de a \u00eent\u0103ri linia ofensiv\u0103 a echipei \u0219i de [&hellip;]<\/p>\n","protected":false},"author":9,"featured_media":38909,"comment_status":"open","ping_status":"open","sticky":false,"template":"","format":"standard","meta":{"_jetpack_memberships_contains_paid_content":false,"footnotes":""},"categories":[1],"tags":[640],"class_list":["post-38908","post","type-post","status-publish","format-standard","has-post-thumbnail","hentry","category-uncategorized","tag-fan-andrei-ivan"],"yoast_head":"<!-- This site is optimized with the Yoast SEO plugin v27.4 - https:\/\/yoast.com\/product\/yoast-seo-wordpress\/ -->\n<title>Mihai Rotaru \u0219i Mirel R\u0103doi au dat lovitura, dup\u0103 ce au reu\u0219it s\u0103 aduc\u0103 doi atacan\u021bi pentru sezonul viitor......Cite\u0219te mai mult - letsportsrock<\/title>\n<meta name=\"robots\" content=\"index, follow, max-snippet:-1, max-image-preview:large, max-video-preview:-1\" \/>\n<link rel=\"canonical\" href=\"https:\/\/www.letsportsrock.com\/?p=38908\" \/>\n<meta property=\"og:locale\" content=\"en_US\" \/>\n<meta property=\"og:type\" content=\"article\" \/>\n<meta property=\"og:title\" content=\"Mihai Rotaru \u0219i Mirel R\u0103doi au dat lovitura, dup\u0103 ce au reu\u0219it s\u0103 aduc\u0103 doi atacan\u021bi pentru sezonul viitor......Cite\u0219te mai mult - letsportsrock\" \/>\n<meta property=\"og:description\" content=\"Mihai Rotaru \u0219i Mirel R\u0103doi au dat lovitura, dup\u0103 ce au reu\u0219it s\u0103 aduc\u0103 doi atacan\u021bi pentru sezonul viitor&#8230;&#8230;Cite\u0219te mai mult Mihai Rotaru \u0219i Mirel R\u0103doi au dat o adev\u0103rat\u0103 lovitur\u0103 pe pia\u021ba transferurilor, reu\u0219ind s\u0103 aduc\u0103 doi atacan\u021bi importan\u021bi pentru sezonul viitor, cu scopul clar de a \u00eent\u0103ri linia ofensiv\u0103 a echipei \u0219i de [&hellip;]\" \/>\n<meta property=\"og:url\" content=\"https:\/\/www.letsportsrock.com\/?p=38908\" \/>\n<meta property=\"og:site_name\" content=\"letsportsrock\" \/>\n<meta property=\"article:published_time\" content=\"2025-05-11T18:43:03+00:00\" \/>\n<meta property=\"og:image\" content=\"https:\/\/www.letsportsrock.com\/wp-content\/uploads\/2025\/05\/Ce-atacant-vrea-sa-transfere-Mihai-Rotaru-la-Universitatea-Craiova-Un-croat-de-24-de-ani-varful-de-titlu-pentru-Mirel-Radoi.webp\" \/>\n\t<meta property=\"og:image:width\" content=\"1280\" \/>\n\t<meta property=\"og:image:height\" content=\"720\" \/>\n\t<meta property=\"og:image:type\" content=\"image\/webp\" \/>\n<meta name=\"author\" content=\"Paul Hembaor\" \/>\n<meta name=\"twitter:card\" content=\"summary_large_image\" \/>\n<meta name=\"twitter:label1\" content=\"Written by\" \/>\n\t<meta name=\"twitter:data1\" content=\"Paul Hembaor\" \/>\n\t<meta name=\"twitter:label2\" content=\"Est. reading time\" \/>\n\t<meta name=\"twitter:data2\" content=\"2 minutes\" \/>\n<script type=\"application\/ld+json\" class=\"yoast-schema-graph\">{\"@context\":\"https:\\\/\\\/schema.org\",\"@graph\":[{\"@type\":\"Article\",\"@id\":\"https:\\\/\\\/www.letsportsrock.com\\\/?p=38908#article\",\"isPartOf\":{\"@id\":\"https:\\\/\\\/www.letsportsrock.com\\\/?p=38908\"},\"author\":{\"name\":\"Paul Hembaor\",\"@id\":\"https:\\\/\\\/www.letsportsrock.com\\\/#\\\/schema\\\/person\\\/97aa0f336f5a3ca15a8ec7d78846f045\"},\"headline\":\"Mihai Rotaru \u0219i Mirel R\u0103doi au dat lovitura, dup\u0103 ce au reu\u0219it s\u0103 aduc\u0103 doi atacan\u021bi pentru sezonul viitor&#8230;&#8230;Cite\u0219te mai mult\",\"datePublished\":\"2025-05-11T18:43:03+00:00\",\"mainEntityOfPage\":{\"@id\":\"https:\\\/\\\/www.letsportsrock.com\\\/?p=38908\"},\"wordCount\":256,\"commentCount\":0,\"image\":{\"@id\":\"https:\\\/\\\/www.letsportsrock.com\\\/?p=38908#primaryimage\"},\"thumbnailUrl\":\"https:\\\/\\\/www.letsportsrock.com\\\/wp-content\\\/uploads\\\/2025\\\/05\\\/Ce-atacant-vrea-sa-transfere-Mihai-Rotaru-la-Universitatea-Craiova-Un-croat-de-24-de-ani-varful-de-titlu-pentru-Mirel-Radoi.webp\",\"keywords\":[\"Fan Andrei Ivan\"],\"inLanguage\":\"en-US\",\"potentialAction\":[{\"@type\":\"CommentAction\",\"name\":\"Comment\",\"target\":[\"https:\\\/\\\/www.letsportsrock.com\\\/?p=38908#respond\"]}]},{\"@type\":\"WebPage\",\"@id\":\"https:\\\/\\\/www.letsportsrock.com\\\/?p=38908\",\"url\":\"https:\\\/\\\/www.letsportsrock.com\\\/?p=38908\",\"name\":\"Mihai Rotaru \u0219i Mirel R\u0103doi au dat lovitura, dup\u0103 ce au reu\u0219it s\u0103 aduc\u0103 doi atacan\u021bi pentru sezonul viitor......Cite\u0219te mai mult - letsportsrock\",\"isPartOf\":{\"@id\":\"https:\\\/\\\/www.letsportsrock.com\\\/#website\"},\"primaryImageOfPage\":{\"@id\":\"https:\\\/\\\/www.letsportsrock.com\\\/?p=38908#primaryimage\"},\"image\":{\"@id\":\"https:\\\/\\\/www.letsportsrock.com\\\/?p=38908#primaryimage\"},\"thumbnailUrl\":\"https:\\\/\\\/www.letsportsrock.com\\\/wp-content\\\/uploads\\\/2025\\\/05\\\/Ce-atacant-vrea-sa-transfere-Mihai-Rotaru-la-Universitatea-Craiova-Un-croat-de-24-de-ani-varful-de-titlu-pentru-Mirel-Radoi.webp\",\"datePublished\":\"2025-05-11T18:43:03+00:00\",\"author\":{\"@id\":\"https:\\\/\\\/www.letsportsrock.com\\\/#\\\/schema\\\/person\\\/97aa0f336f5a3ca15a8ec7d78846f045\"},\"breadcrumb\":{\"@id\":\"https:\\\/\\\/www.letsportsrock.com\\\/?p=38908#breadcrumb\"},\"inLanguage\":\"en-US\",\"potentialAction\":[{\"@type\":\"ReadAction\",\"target\":[\"https:\\\/\\\/www.letsportsrock.com\\\/?p=38908\"]}]},{\"@type\":\"ImageObject\",\"inLanguage\":\"en-US\",\"@id\":\"https:\\\/\\\/www.letsportsrock.com\\\/?p=38908#primaryimage\",\"url\":\"https:\\\/\\\/www.letsportsrock.com\\\/wp-content\\\/uploads\\\/2025\\\/05\\\/Ce-atacant-vrea-sa-transfere-Mihai-Rotaru-la-Universitatea-Craiova-Un-croat-de-24-de-ani-varful-de-titlu-pentru-Mirel-Radoi.webp\",\"contentUrl\":\"https:\\\/\\\/www.letsportsrock.com\\\/wp-content\\\/uploads\\\/2025\\\/05\\\/Ce-atacant-vrea-sa-transfere-Mihai-Rotaru-la-Universitatea-Craiova-Un-croat-de-24-de-ani-varful-de-titlu-pentru-Mirel-Radoi.webp\",\"width\":1280,\"height\":720},{\"@type\":\"BreadcrumbList\",\"@id\":\"https:\\\/\\\/www.letsportsrock.com\\\/?p=38908#breadcrumb\",\"itemListElement\":[{\"@type\":\"ListItem\",\"position\":1,\"name\":\"Home\",\"item\":\"https:\\\/\\\/www.letsportsrock.com\\\/\"},{\"@type\":\"ListItem\",\"position\":2,\"name\":\"Mihai Rotaru \u0219i Mirel R\u0103doi au dat lovitura, dup\u0103 ce au reu\u0219it s\u0103 aduc\u0103 doi atacan\u021bi pentru sezonul viitor&#8230;&#8230;Cite\u0219te mai mult\"}]},{\"@type\":\"WebSite\",\"@id\":\"https:\\\/\\\/www.letsportsrock.com\\\/#website\",\"url\":\"https:\\\/\\\/www.letsportsrock.com\\\/\",\"name\":\"letsportsrock\",\"description\":\"Sport News and Updates\",\"potentialAction\":[{\"@type\":\"SearchAction\",\"target\":{\"@type\":\"EntryPoint\",\"urlTemplate\":\"https:\\\/\\\/www.letsportsrock.com\\\/?s={search_term_string}\"},\"query-input\":{\"@type\":\"PropertyValueSpecification\",\"valueRequired\":true,\"valueName\":\"search_term_string\"}}],\"inLanguage\":\"en-US\"},{\"@type\":\"Person\",\"@id\":\"https:\\\/\\\/www.letsportsrock.com\\\/#\\\/schema\\\/person\\\/97aa0f336f5a3ca15a8ec7d78846f045\",\"name\":\"Paul Hembaor\",\"image\":{\"@type\":\"ImageObject\",\"inLanguage\":\"en-US\",\"@id\":\"https:\\\/\\\/secure.gravatar.com\\\/avatar\\\/0574929a03c152e8ea7939c31311f9ea2fe2e06139cd71e2d6e698c217219d60?s=96&d=mm&r=g\",\"url\":\"https:\\\/\\\/secure.gravatar.com\\\/avatar\\\/0574929a03c152e8ea7939c31311f9ea2fe2e06139cd71e2d6e698c217219d60?s=96&d=mm&r=g\",\"contentUrl\":\"https:\\\/\\\/secure.gravatar.com\\\/avatar\\\/0574929a03c152e8ea7939c31311f9ea2fe2e06139cd71e2d6e698c217219d60?s=96&d=mm&r=g\",\"caption\":\"Paul Hembaor\"},\"sameAs\":[\"https:\\\/\\\/www.letsportsrock.com\\\/wp-admin\\\/\"],\"url\":\"https:\\\/\\\/www.letsportsrock.com\\\/?author=9\"}]}<\/script>\n<!-- \/ Yoast SEO plugin. -->","yoast_head_json":{"title":"Mihai Rotaru \u0219i Mirel R\u0103doi au dat lovitura, dup\u0103 ce au reu\u0219it s\u0103 aduc\u0103 doi atacan\u021bi pentru sezonul viitor......Cite\u0219te mai mult - letsportsrock","robots":{"index":"index","follow":"follow","max-snippet":"max-snippet:-1","max-image-preview":"max-image-preview:large","max-video-preview":"max-video-preview:-1"},"canonical":"https:\/\/www.letsportsrock.com\/?p=38908","og_locale":"en_US","og_type":"article","og_title":"Mihai Rotaru \u0219i Mirel R\u0103doi au dat lovitura, dup\u0103 ce au reu\u0219it s\u0103 aduc\u0103 doi atacan\u021bi pentru sezonul viitor......Cite\u0219te mai mult - letsportsrock","og_description":"Mihai Rotaru \u0219i Mirel R\u0103doi au dat lovitura, dup\u0103 ce au reu\u0219it s\u0103 aduc\u0103 doi atacan\u021bi pentru sezonul viitor&#8230;&#8230;Cite\u0219te mai mult Mihai Rotaru \u0219i Mirel R\u0103doi au dat o adev\u0103rat\u0103 lovitur\u0103 pe pia\u021ba transferurilor, reu\u0219ind s\u0103 aduc\u0103 doi atacan\u021bi importan\u021bi pentru sezonul viitor, cu scopul clar de a \u00eent\u0103ri linia ofensiv\u0103 a echipei \u0219i de [&hellip;]","og_url":"https:\/\/www.letsportsrock.com\/?p=38908","og_site_name":"letsportsrock","article_published_time":"2025-05-11T18:43:03+00:00","og_image":[{"width":1280,"height":720,"url":"https:\/\/www.letsportsrock.com\/wp-content\/uploads\/2025\/05\/Ce-atacant-vrea-sa-transfere-Mihai-Rotaru-la-Universitatea-Craiova-Un-croat-de-24-de-ani-varful-de-titlu-pentru-Mirel-Radoi.webp","type":"image\/webp"}],"author":"Paul Hembaor","twitter_card":"summary_large_image","twitter_misc":{"Written by":"Paul Hembaor","Est. reading time":"2 minutes"},"schema":{"@context":"https:\/\/schema.org","@graph":[{"@type":"Article","@id":"https:\/\/www.letsportsrock.com\/?p=38908#article","isPartOf":{"@id":"https:\/\/www.letsportsrock.com\/?p=38908"},"author":{"name":"Paul Hembaor","@id":"https:\/\/www.letsportsrock.com\/#\/schema\/person\/97aa0f336f5a3ca15a8ec7d78846f045"},"headline":"Mihai Rotaru \u0219i Mirel R\u0103doi au dat lovitura, dup\u0103 ce au reu\u0219it s\u0103 aduc\u0103 doi atacan\u021bi pentru sezonul viitor&#8230;&#8230;Cite\u0219te mai mult","datePublished":"2025-05-11T18:43:03+00:00","mainEntityOfPage":{"@id":"https:\/\/www.letsportsrock.com\/?p=38908"},"wordCount":256,"commentCount":0,"image":{"@id":"https:\/\/www.letsportsrock.com\/?p=38908#primaryimage"},"thumbnailUrl":"https:\/\/www.letsportsrock.com\/wp-content\/uploads\/2025\/05\/Ce-atacant-vrea-sa-transfere-Mihai-Rotaru-la-Universitatea-Craiova-Un-croat-de-24-de-ani-varful-de-titlu-pentru-Mirel-Radoi.webp","keywords":["Fan Andrei Ivan"],"inLanguage":"en-US","potentialAction":[{"@type":"CommentAction","name":"Comment","target":["https:\/\/www.letsportsrock.com\/?p=38908#respond"]}]},{"@type":"WebPage","@id":"https:\/\/www.letsportsrock.com\/?p=38908","url":"https:\/\/www.letsportsrock.com\/?p=38908","name":"Mihai Rotaru \u0219i Mirel R\u0103doi au dat lovitura, dup\u0103 ce au reu\u0219it s\u0103 aduc\u0103 doi atacan\u021bi pentru sezonul viitor......Cite\u0219te mai mult - letsportsrock","isPartOf":{"@id":"https:\/\/www.letsportsrock.com\/#website"},"primaryImageOfPage":{"@id":"https:\/\/www.letsportsrock.com\/?p=38908#primaryimage"},"image":{"@id":"https:\/\/www.letsportsrock.com\/?p=38908#primaryimage"},"thumbnailUrl":"https:\/\/www.letsportsrock.com\/wp-content\/uploads\/2025\/05\/Ce-atacant-vrea-sa-transfere-Mihai-Rotaru-la-Universitatea-Craiova-Un-croat-de-24-de-ani-varful-de-titlu-pentru-Mirel-Radoi.webp","datePublished":"2025-05-11T18:43:03+00:00","author":{"@id":"https:\/\/www.letsportsrock.com\/#\/schema\/person\/97aa0f336f5a3ca15a8ec7d78846f045"},"breadcrumb":{"@id":"https:\/\/www.letsportsrock.com\/?p=38908#breadcrumb"},"inLanguage":"en-US","potentialAction":[{"@type":"ReadAction","target":["https:\/\/www.letsportsrock.com\/?p=38908"]}]},{"@type":"ImageObject","inLanguage":"en-US","@id":"https:\/\/www.letsportsrock.com\/?p=38908#primaryimage","url":"https:\/\/www.letsportsrock.com\/wp-content\/uploads\/2025\/05\/Ce-atacant-vrea-sa-transfere-Mihai-Rotaru-la-Universitatea-Craiova-Un-croat-de-24-de-ani-varful-de-titlu-pentru-Mirel-Radoi.webp","contentUrl":"https:\/\/www.letsportsrock.com\/wp-content\/uploads\/2025\/05\/Ce-atacant-vrea-sa-transfere-Mihai-Rotaru-la-Universitatea-Craiova-Un-croat-de-24-de-ani-varful-de-titlu-pentru-Mirel-Radoi.webp","width":1280,"height":720},{"@type":"BreadcrumbList","@id":"https:\/\/www.letsportsrock.com\/?p=38908#breadcrumb","itemListElement":[{"@type":"ListItem","position":1,"name":"Home","item":"https:\/\/www.letsportsrock.com\/"},{"@type":"ListItem","position":2,"name":"Mihai Rotaru \u0219i Mirel R\u0103doi au dat lovitura, dup\u0103 ce au reu\u0219it s\u0103 aduc\u0103 doi atacan\u021bi pentru sezonul viitor&#8230;&#8230;Cite\u0219te mai mult"}]},{"@type":"WebSite","@id":"https:\/\/www.letsportsrock.com\/#website","url":"https:\/\/www.letsportsrock.com\/","name":"letsportsrock","description":"Sport News and Updates","potentialAction":[{"@type":"SearchAction","target":{"@type":"EntryPoint","urlTemplate":"https:\/\/www.letsportsrock.com\/?s={search_term_string}"},"query-input":{"@type":"PropertyValueSpecification","valueRequired":true,"valueName":"search_term_string"}}],"inLanguage":"en-US"},{"@type":"Person","@id":"https:\/\/www.letsportsrock.com\/#\/schema\/person\/97aa0f336f5a3ca15a8ec7d78846f045","name":"Paul Hembaor","image":{"@type":"ImageObject","inLanguage":"en-US","@id":"https:\/\/secure.gravatar.com\/avatar\/0574929a03c152e8ea7939c31311f9ea2fe2e06139cd71e2d6e698c217219d60?s=96&d=mm&r=g","url":"https:\/\/secure.gravatar.com\/avatar\/0574929a03c152e8ea7939c31311f9ea2fe2e06139cd71e2d6e698c217219d60?s=96&d=mm&r=g","contentUrl":"https:\/\/secure.gravatar.com\/avatar\/0574929a03c152e8ea7939c31311f9ea2fe2e06139cd71e2d6e698c217219d60?s=96&d=mm&r=g","caption":"Paul Hembaor"},"sameAs":["https:\/\/www.letsportsrock.com\/wp-admin\/"],"url":"https:\/\/www.letsportsrock.com\/?author=9"}]}},"jetpack_featured_media_url":"https:\/\/www.letsportsrock.com\/wp-content\/uploads\/2025\/05\/Ce-atacant-vrea-sa-transfere-Mihai-Rotaru-la-Universitatea-Craiova-Un-croat-de-24-de-ani-varful-de-titlu-pentru-Mirel-Radoi.webp","jetpack_sharing_enabled":true,"_links":{"self":[{"href":"https:\/\/www.letsportsrock.com\/index.php?rest_route=\/wp\/v2\/posts\/38908","targetHints":{"allow":["GET"]}}],"collection":[{"href":"https:\/\/www.letsportsrock.com\/index.php?rest_route=\/wp\/v2\/posts"}],"about":[{"href":"https:\/\/www.letsportsrock.com\/index.php?rest_route=\/wp\/v2\/types\/post"}],"author":[{"embeddable":true,"href":"https:\/\/www.letsportsrock.com\/index.php?rest_route=\/wp\/v2\/users\/9"}],"replies":[{"embeddable":true,"href":"https:\/\/www.letsportsrock.com\/index.php?rest_route=%2Fwp%2Fv2%2Fcomments&post=38908"}],"version-history":[{"count":1,"href":"https:\/\/www.letsportsrock.com\/index.php?rest_route=\/wp\/v2\/posts\/38908\/revisions"}],"predecessor-version":[{"id":38911,"href":"https:\/\/www.letsportsrock.com\/index.php?rest_route=\/wp\/v2\/posts\/38908\/revisions\/38911"}],"wp:featuredmedia":[{"embeddable":true,"href":"https:\/\/www.letsportsrock.com\/index.php?rest_route=\/wp\/v2\/media\/38909"}],"wp:attachment":[{"href":"https:\/\/www.letsportsrock.com\/index.php?rest_route=%2Fwp%2Fv2%2Fmedia&parent=38908"}],"wp:term":[{"taxonomy":"category","embeddable":true,"href":"https:\/\/www.letsportsrock.com\/index.php?rest_route=%2Fwp%2Fv2%2Fcategories&post=38908"},{"taxonomy":"post_tag","embeddable":true,"href":"https:\/\/www.letsportsrock.com\/index.php?rest_route=%2Fwp%2Fv2%2Ftags&post=38908"}],"curies":[{"name":"wp","href":"https:\/\/api.w.org\/{rel}","templated":true}]}}