{"id":38937,"date":"2025-05-11T19:32:29","date_gmt":"2025-05-11T19:32:29","guid":{"rendered":"https:\/\/www.letsportsrock.com\/?p=38937"},"modified":"2025-05-11T19:32:29","modified_gmt":"2025-05-11T19:32:29","slug":"legenda-s-a-intors-atacantul-star-al-universitatii-craiova-tocmai-si-a-reziliat-contractul-cu-al-wehda-declarand-ca-va-citeste-mai-mult","status":"publish","type":"post","link":"https:\/\/www.letsportsrock.com\/?p=38937","title":{"rendered":"Legenda s-a \u00eentors: Atacantul star al Universit\u0103\u021bii Craiova tocmai \u0219i-a reziliat contractul cu Al-Wehda, declar\u00e2nd c\u0103 va&#8230;..Cite\u0219te mai mult"},"content":{"rendered":"<div class=\"d79db4796efc26332eabfc3f5dafbc76\" data-index=\"1\" style=\"float: none; margin:10px 0 10px 0; text-align:center;\">\n<div class=\"hb-ad-inarticle\">\r\n    <div class=\"hb-ad-inner\"> \r\n    <div class=\"hbagency_cls\"  id=\"hbagency_space_111930\"><\/div><\/div> <\/div>\n<\/div>\n<p>Legenda s-a \u00eentors: Atacantul star al Universit\u0103\u021bii Craiova tocmai \u0219i-a reziliat contractul cu Al-Wehda, declar\u00e2nd c\u0103 va&#8230;..Cite\u0219te mai mult <\/p>\n<p>&nbsp;<\/p>\n<p>Fanii Universit\u0103\u021bii Craiova au motive mari de bucurie: atacantul emblematic al echipei, considerat o adev\u0103rat\u0103 legend\u0103 pe \u201eIon Oblemenco\u201d, este pe cale s\u0103 revin\u0103 acas\u0103. Dup\u0103 o perioad\u0103 petrecut\u0103 \u00een Arabia Saudit\u0103 la Al-Wehda, juc\u0103torul \u0219i-a reziliat contractul pe cale amiabil\u0103, exprim\u00e2ndu-\u0219i dorin\u021ba ferm\u0103 de a se \u00eentoarce \u00een B\u0103nie.<img loading=\"lazy\" decoding=\"async\" class=\"alignnone size-medium wp-image-38939\" src=\"https:\/\/www.letsportsrock.com\/wp-content\/uploads\/2025\/05\/06b00dfa-c0dc-4fe4-9c3b-617533f38ac4-300x200.jpg\" alt=\"\" width=\"300\" height=\"200\" srcset=\"https:\/\/www.letsportsrock.com\/wp-content\/uploads\/2025\/05\/06b00dfa-c0dc-4fe4-9c3b-617533f38ac4-300x200.jpg 300w, https:\/\/www.letsportsrock.com\/wp-content\/uploads\/2025\/05\/06b00dfa-c0dc-4fe4-9c3b-617533f38ac4.jpg 500w\" sizes=\"auto, (max-width: 300px) 100vw, 300px\" \/><\/p>\n<p>\u201eAici este casa mea, aici am tr\u0103it cele mai frumoase momente din carier\u0103. M\u0103 \u00eentorc s\u0103 scriu un nou capitol \u00eempreun\u0103 cu suporterii care m-au iubit necondi\u021bionat,\u201d a declarat fotbalistul \u00een cadrul unui interviu fulger acordat presei locale. Surse apropiate clubului sus\u021bin c\u0103 negocierile cu Universitatea Craiova sunt deja \u00eentr-un stadiu avansat, iar anun\u021bul oficial ar putea fi f\u0103cut \u00een zilele urm\u0103toare.<\/p>\n<p>Revenirea sa nu \u00eenseamn\u0103 doar \u00eent\u0103rirea lotului, ci \u0219i o infuzie de moral pentru echip\u0103 \u0219i fani. Craiova viseaz\u0103 din nou la titlu, iar cu un lider de talia sa pe teren, \u0219ansele devin considerabil mai mari. \u00cen a\u0219teptarea oficializ\u0103rii transferului, suporterii se preg\u0103tesc deja s\u0103-l primeasc\u0103 a\u0219a cum se cuvine: cu aplauze, fl\u0103c\u0103ri alb-albastre \u0219i speran\u021be ren\u0103scute.<\/p>\n\n<div style=\"font-size: 0px; height: 0px; line-height: 0px; margin: 0; padding: 0; clear: both;\"><\/div>","protected":false},"excerpt":{"rendered":"<p>Legenda s-a \u00eentors: Atacantul star al Universit\u0103\u021bii Craiova tocmai \u0219i-a reziliat contractul cu Al-Wehda, declar\u00e2nd c\u0103 va&#8230;..Cite\u0219te mai mult &nbsp; Fanii Universit\u0103\u021bii Craiova au motive mari de bucurie: atacantul emblematic al echipei, considerat o adev\u0103rat\u0103 legend\u0103 pe \u201eIon Oblemenco\u201d, este pe cale s\u0103 revin\u0103 acas\u0103. Dup\u0103 o perioad\u0103 petrecut\u0103 \u00een Arabia Saudit\u0103 la Al-Wehda, juc\u0103torul [&hellip;]<\/p>\n","protected":false},"author":9,"featured_media":38938,"comment_status":"open","ping_status":"open","sticky":false,"template":"","format":"standard","meta":{"_jetpack_memberships_contains_paid_content":false,"footnotes":""},"categories":[1],"tags":[640],"class_list":["post-38937","post","type-post","status-publish","format-standard","has-post-thumbnail","hentry","category-uncategorized","tag-fan-andrei-ivan"],"yoast_head":"<!-- This site is optimized with the Yoast SEO plugin v27.4 - https:\/\/yoast.com\/product\/yoast-seo-wordpress\/ -->\n<title>Legenda s-a \u00eentors: Atacantul star al Universit\u0103\u021bii Craiova tocmai \u0219i-a reziliat contractul cu Al-Wehda, declar\u00e2nd c\u0103 va.....Cite\u0219te mai mult - letsportsrock<\/title>\n<meta name=\"robots\" content=\"index, follow, max-snippet:-1, max-image-preview:large, max-video-preview:-1\" \/>\n<link rel=\"canonical\" href=\"https:\/\/www.letsportsrock.com\/?p=38937\" \/>\n<meta property=\"og:locale\" content=\"en_US\" \/>\n<meta property=\"og:type\" content=\"article\" \/>\n<meta property=\"og:title\" content=\"Legenda s-a \u00eentors: Atacantul star al Universit\u0103\u021bii Craiova tocmai \u0219i-a reziliat contractul cu Al-Wehda, declar\u00e2nd c\u0103 va.....Cite\u0219te mai mult - letsportsrock\" \/>\n<meta property=\"og:description\" content=\"Legenda s-a \u00eentors: Atacantul star al Universit\u0103\u021bii Craiova tocmai \u0219i-a reziliat contractul cu Al-Wehda, declar\u00e2nd c\u0103 va&#8230;..Cite\u0219te mai mult &nbsp; Fanii Universit\u0103\u021bii Craiova au motive mari de bucurie: atacantul emblematic al echipei, considerat o adev\u0103rat\u0103 legend\u0103 pe \u201eIon Oblemenco\u201d, este pe cale s\u0103 revin\u0103 acas\u0103. Dup\u0103 o perioad\u0103 petrecut\u0103 \u00een Arabia Saudit\u0103 la Al-Wehda, juc\u0103torul [&hellip;]\" \/>\n<meta property=\"og:url\" content=\"https:\/\/www.letsportsrock.com\/?p=38937\" \/>\n<meta property=\"og:site_name\" content=\"letsportsrock\" \/>\n<meta property=\"article:published_time\" content=\"2025-05-11T19:32:29+00:00\" \/>\n<meta property=\"og:image\" content=\"https:\/\/www.letsportsrock.com\/wp-content\/uploads\/2025\/05\/UNIVERSITATEA-CRAIOVA-FC-U-CRAIOVA-LIGA-1-CASA-PARIURILOR-14.02.2022-9-scaled-e1644865506426-1400x763-1.webp\" \/>\n\t<meta property=\"og:image:width\" content=\"1280\" \/>\n\t<meta property=\"og:image:height\" content=\"720\" \/>\n\t<meta property=\"og:image:type\" content=\"image\/webp\" \/>\n<meta name=\"author\" content=\"Paul Hembaor\" \/>\n<meta name=\"twitter:card\" content=\"summary_large_image\" \/>\n<meta name=\"twitter:label1\" content=\"Written by\" \/>\n\t<meta name=\"twitter:data1\" content=\"Paul Hembaor\" \/>\n\t<meta name=\"twitter:label2\" content=\"Est. reading time\" \/>\n\t<meta name=\"twitter:data2\" content=\"2 minutes\" \/>\n<script type=\"application\/ld+json\" class=\"yoast-schema-graph\">{\"@context\":\"https:\\\/\\\/schema.org\",\"@graph\":[{\"@type\":\"Article\",\"@id\":\"https:\\\/\\\/www.letsportsrock.com\\\/?p=38937#article\",\"isPartOf\":{\"@id\":\"https:\\\/\\\/www.letsportsrock.com\\\/?p=38937\"},\"author\":{\"name\":\"Paul Hembaor\",\"@id\":\"https:\\\/\\\/www.letsportsrock.com\\\/#\\\/schema\\\/person\\\/97aa0f336f5a3ca15a8ec7d78846f045\"},\"headline\":\"Legenda s-a \u00eentors: Atacantul star al Universit\u0103\u021bii Craiova tocmai \u0219i-a reziliat contractul cu Al-Wehda, declar\u00e2nd c\u0103 va&#8230;..Cite\u0219te mai mult\",\"datePublished\":\"2025-05-11T19:32:29+00:00\",\"mainEntityOfPage\":{\"@id\":\"https:\\\/\\\/www.letsportsrock.com\\\/?p=38937\"},\"wordCount\":240,\"commentCount\":0,\"image\":{\"@id\":\"https:\\\/\\\/www.letsportsrock.com\\\/?p=38937#primaryimage\"},\"thumbnailUrl\":\"https:\\\/\\\/www.letsportsrock.com\\\/wp-content\\\/uploads\\\/2025\\\/05\\\/UNIVERSITATEA-CRAIOVA-FC-U-CRAIOVA-LIGA-1-CASA-PARIURILOR-14.02.2022-9-scaled-e1644865506426-1400x763-1.webp\",\"keywords\":[\"Fan Andrei Ivan\"],\"inLanguage\":\"en-US\",\"potentialAction\":[{\"@type\":\"CommentAction\",\"name\":\"Comment\",\"target\":[\"https:\\\/\\\/www.letsportsrock.com\\\/?p=38937#respond\"]}]},{\"@type\":\"WebPage\",\"@id\":\"https:\\\/\\\/www.letsportsrock.com\\\/?p=38937\",\"url\":\"https:\\\/\\\/www.letsportsrock.com\\\/?p=38937\",\"name\":\"Legenda s-a \u00eentors: Atacantul star al Universit\u0103\u021bii Craiova tocmai \u0219i-a reziliat contractul cu Al-Wehda, declar\u00e2nd c\u0103 va.....Cite\u0219te mai mult - letsportsrock\",\"isPartOf\":{\"@id\":\"https:\\\/\\\/www.letsportsrock.com\\\/#website\"},\"primaryImageOfPage\":{\"@id\":\"https:\\\/\\\/www.letsportsrock.com\\\/?p=38937#primaryimage\"},\"image\":{\"@id\":\"https:\\\/\\\/www.letsportsrock.com\\\/?p=38937#primaryimage\"},\"thumbnailUrl\":\"https:\\\/\\\/www.letsportsrock.com\\\/wp-content\\\/uploads\\\/2025\\\/05\\\/UNIVERSITATEA-CRAIOVA-FC-U-CRAIOVA-LIGA-1-CASA-PARIURILOR-14.02.2022-9-scaled-e1644865506426-1400x763-1.webp\",\"datePublished\":\"2025-05-11T19:32:29+00:00\",\"author\":{\"@id\":\"https:\\\/\\\/www.letsportsrock.com\\\/#\\\/schema\\\/person\\\/97aa0f336f5a3ca15a8ec7d78846f045\"},\"breadcrumb\":{\"@id\":\"https:\\\/\\\/www.letsportsrock.com\\\/?p=38937#breadcrumb\"},\"inLanguage\":\"en-US\",\"potentialAction\":[{\"@type\":\"ReadAction\",\"target\":[\"https:\\\/\\\/www.letsportsrock.com\\\/?p=38937\"]}]},{\"@type\":\"ImageObject\",\"inLanguage\":\"en-US\",\"@id\":\"https:\\\/\\\/www.letsportsrock.com\\\/?p=38937#primaryimage\",\"url\":\"https:\\\/\\\/www.letsportsrock.com\\\/wp-content\\\/uploads\\\/2025\\\/05\\\/UNIVERSITATEA-CRAIOVA-FC-U-CRAIOVA-LIGA-1-CASA-PARIURILOR-14.02.2022-9-scaled-e1644865506426-1400x763-1.webp\",\"contentUrl\":\"https:\\\/\\\/www.letsportsrock.com\\\/wp-content\\\/uploads\\\/2025\\\/05\\\/UNIVERSITATEA-CRAIOVA-FC-U-CRAIOVA-LIGA-1-CASA-PARIURILOR-14.02.2022-9-scaled-e1644865506426-1400x763-1.webp\",\"width\":1280,\"height\":720},{\"@type\":\"BreadcrumbList\",\"@id\":\"https:\\\/\\\/www.letsportsrock.com\\\/?p=38937#breadcrumb\",\"itemListElement\":[{\"@type\":\"ListItem\",\"position\":1,\"name\":\"Home\",\"item\":\"https:\\\/\\\/www.letsportsrock.com\\\/\"},{\"@type\":\"ListItem\",\"position\":2,\"name\":\"Legenda s-a \u00eentors: Atacantul star al Universit\u0103\u021bii Craiova tocmai \u0219i-a reziliat contractul cu Al-Wehda, declar\u00e2nd c\u0103 va&#8230;..Cite\u0219te mai mult\"}]},{\"@type\":\"WebSite\",\"@id\":\"https:\\\/\\\/www.letsportsrock.com\\\/#website\",\"url\":\"https:\\\/\\\/www.letsportsrock.com\\\/\",\"name\":\"letsportsrock\",\"description\":\"Sport News and Updates\",\"potentialAction\":[{\"@type\":\"SearchAction\",\"target\":{\"@type\":\"EntryPoint\",\"urlTemplate\":\"https:\\\/\\\/www.letsportsrock.com\\\/?s={search_term_string}\"},\"query-input\":{\"@type\":\"PropertyValueSpecification\",\"valueRequired\":true,\"valueName\":\"search_term_string\"}}],\"inLanguage\":\"en-US\"},{\"@type\":\"Person\",\"@id\":\"https:\\\/\\\/www.letsportsrock.com\\\/#\\\/schema\\\/person\\\/97aa0f336f5a3ca15a8ec7d78846f045\",\"name\":\"Paul Hembaor\",\"image\":{\"@type\":\"ImageObject\",\"inLanguage\":\"en-US\",\"@id\":\"https:\\\/\\\/secure.gravatar.com\\\/avatar\\\/0574929a03c152e8ea7939c31311f9ea2fe2e06139cd71e2d6e698c217219d60?s=96&d=mm&r=g\",\"url\":\"https:\\\/\\\/secure.gravatar.com\\\/avatar\\\/0574929a03c152e8ea7939c31311f9ea2fe2e06139cd71e2d6e698c217219d60?s=96&d=mm&r=g\",\"contentUrl\":\"https:\\\/\\\/secure.gravatar.com\\\/avatar\\\/0574929a03c152e8ea7939c31311f9ea2fe2e06139cd71e2d6e698c217219d60?s=96&d=mm&r=g\",\"caption\":\"Paul Hembaor\"},\"sameAs\":[\"https:\\\/\\\/www.letsportsrock.com\\\/wp-admin\\\/\"],\"url\":\"https:\\\/\\\/www.letsportsrock.com\\\/?author=9\"}]}<\/script>\n<!-- \/ Yoast SEO plugin. -->","yoast_head_json":{"title":"Legenda s-a \u00eentors: Atacantul star al Universit\u0103\u021bii Craiova tocmai \u0219i-a reziliat contractul cu Al-Wehda, declar\u00e2nd c\u0103 va.....Cite\u0219te mai mult - letsportsrock","robots":{"index":"index","follow":"follow","max-snippet":"max-snippet:-1","max-image-preview":"max-image-preview:large","max-video-preview":"max-video-preview:-1"},"canonical":"https:\/\/www.letsportsrock.com\/?p=38937","og_locale":"en_US","og_type":"article","og_title":"Legenda s-a \u00eentors: Atacantul star al Universit\u0103\u021bii Craiova tocmai \u0219i-a reziliat contractul cu Al-Wehda, declar\u00e2nd c\u0103 va.....Cite\u0219te mai mult - letsportsrock","og_description":"Legenda s-a \u00eentors: Atacantul star al Universit\u0103\u021bii Craiova tocmai \u0219i-a reziliat contractul cu Al-Wehda, declar\u00e2nd c\u0103 va&#8230;..Cite\u0219te mai mult &nbsp; Fanii Universit\u0103\u021bii Craiova au motive mari de bucurie: atacantul emblematic al echipei, considerat o adev\u0103rat\u0103 legend\u0103 pe \u201eIon Oblemenco\u201d, este pe cale s\u0103 revin\u0103 acas\u0103. Dup\u0103 o perioad\u0103 petrecut\u0103 \u00een Arabia Saudit\u0103 la Al-Wehda, juc\u0103torul [&hellip;]","og_url":"https:\/\/www.letsportsrock.com\/?p=38937","og_site_name":"letsportsrock","article_published_time":"2025-05-11T19:32:29+00:00","og_image":[{"width":1280,"height":720,"url":"https:\/\/www.letsportsrock.com\/wp-content\/uploads\/2025\/05\/UNIVERSITATEA-CRAIOVA-FC-U-CRAIOVA-LIGA-1-CASA-PARIURILOR-14.02.2022-9-scaled-e1644865506426-1400x763-1.webp","type":"image\/webp"}],"author":"Paul Hembaor","twitter_card":"summary_large_image","twitter_misc":{"Written by":"Paul Hembaor","Est. reading time":"2 minutes"},"schema":{"@context":"https:\/\/schema.org","@graph":[{"@type":"Article","@id":"https:\/\/www.letsportsrock.com\/?p=38937#article","isPartOf":{"@id":"https:\/\/www.letsportsrock.com\/?p=38937"},"author":{"name":"Paul Hembaor","@id":"https:\/\/www.letsportsrock.com\/#\/schema\/person\/97aa0f336f5a3ca15a8ec7d78846f045"},"headline":"Legenda s-a \u00eentors: Atacantul star al Universit\u0103\u021bii Craiova tocmai \u0219i-a reziliat contractul cu Al-Wehda, declar\u00e2nd c\u0103 va&#8230;..Cite\u0219te mai mult","datePublished":"2025-05-11T19:32:29+00:00","mainEntityOfPage":{"@id":"https:\/\/www.letsportsrock.com\/?p=38937"},"wordCount":240,"commentCount":0,"image":{"@id":"https:\/\/www.letsportsrock.com\/?p=38937#primaryimage"},"thumbnailUrl":"https:\/\/www.letsportsrock.com\/wp-content\/uploads\/2025\/05\/UNIVERSITATEA-CRAIOVA-FC-U-CRAIOVA-LIGA-1-CASA-PARIURILOR-14.02.2022-9-scaled-e1644865506426-1400x763-1.webp","keywords":["Fan Andrei Ivan"],"inLanguage":"en-US","potentialAction":[{"@type":"CommentAction","name":"Comment","target":["https:\/\/www.letsportsrock.com\/?p=38937#respond"]}]},{"@type":"WebPage","@id":"https:\/\/www.letsportsrock.com\/?p=38937","url":"https:\/\/www.letsportsrock.com\/?p=38937","name":"Legenda s-a \u00eentors: Atacantul star al Universit\u0103\u021bii Craiova tocmai \u0219i-a reziliat contractul cu Al-Wehda, declar\u00e2nd c\u0103 va.....Cite\u0219te mai mult - letsportsrock","isPartOf":{"@id":"https:\/\/www.letsportsrock.com\/#website"},"primaryImageOfPage":{"@id":"https:\/\/www.letsportsrock.com\/?p=38937#primaryimage"},"image":{"@id":"https:\/\/www.letsportsrock.com\/?p=38937#primaryimage"},"thumbnailUrl":"https:\/\/www.letsportsrock.com\/wp-content\/uploads\/2025\/05\/UNIVERSITATEA-CRAIOVA-FC-U-CRAIOVA-LIGA-1-CASA-PARIURILOR-14.02.2022-9-scaled-e1644865506426-1400x763-1.webp","datePublished":"2025-05-11T19:32:29+00:00","author":{"@id":"https:\/\/www.letsportsrock.com\/#\/schema\/person\/97aa0f336f5a3ca15a8ec7d78846f045"},"breadcrumb":{"@id":"https:\/\/www.letsportsrock.com\/?p=38937#breadcrumb"},"inLanguage":"en-US","potentialAction":[{"@type":"ReadAction","target":["https:\/\/www.letsportsrock.com\/?p=38937"]}]},{"@type":"ImageObject","inLanguage":"en-US","@id":"https:\/\/www.letsportsrock.com\/?p=38937#primaryimage","url":"https:\/\/www.letsportsrock.com\/wp-content\/uploads\/2025\/05\/UNIVERSITATEA-CRAIOVA-FC-U-CRAIOVA-LIGA-1-CASA-PARIURILOR-14.02.2022-9-scaled-e1644865506426-1400x763-1.webp","contentUrl":"https:\/\/www.letsportsrock.com\/wp-content\/uploads\/2025\/05\/UNIVERSITATEA-CRAIOVA-FC-U-CRAIOVA-LIGA-1-CASA-PARIURILOR-14.02.2022-9-scaled-e1644865506426-1400x763-1.webp","width":1280,"height":720},{"@type":"BreadcrumbList","@id":"https:\/\/www.letsportsrock.com\/?p=38937#breadcrumb","itemListElement":[{"@type":"ListItem","position":1,"name":"Home","item":"https:\/\/www.letsportsrock.com\/"},{"@type":"ListItem","position":2,"name":"Legenda s-a \u00eentors: Atacantul star al Universit\u0103\u021bii Craiova tocmai \u0219i-a reziliat contractul cu Al-Wehda, declar\u00e2nd c\u0103 va&#8230;..Cite\u0219te mai mult"}]},{"@type":"WebSite","@id":"https:\/\/www.letsportsrock.com\/#website","url":"https:\/\/www.letsportsrock.com\/","name":"letsportsrock","description":"Sport News and Updates","potentialAction":[{"@type":"SearchAction","target":{"@type":"EntryPoint","urlTemplate":"https:\/\/www.letsportsrock.com\/?s={search_term_string}"},"query-input":{"@type":"PropertyValueSpecification","valueRequired":true,"valueName":"search_term_string"}}],"inLanguage":"en-US"},{"@type":"Person","@id":"https:\/\/www.letsportsrock.com\/#\/schema\/person\/97aa0f336f5a3ca15a8ec7d78846f045","name":"Paul Hembaor","image":{"@type":"ImageObject","inLanguage":"en-US","@id":"https:\/\/secure.gravatar.com\/avatar\/0574929a03c152e8ea7939c31311f9ea2fe2e06139cd71e2d6e698c217219d60?s=96&d=mm&r=g","url":"https:\/\/secure.gravatar.com\/avatar\/0574929a03c152e8ea7939c31311f9ea2fe2e06139cd71e2d6e698c217219d60?s=96&d=mm&r=g","contentUrl":"https:\/\/secure.gravatar.com\/avatar\/0574929a03c152e8ea7939c31311f9ea2fe2e06139cd71e2d6e698c217219d60?s=96&d=mm&r=g","caption":"Paul Hembaor"},"sameAs":["https:\/\/www.letsportsrock.com\/wp-admin\/"],"url":"https:\/\/www.letsportsrock.com\/?author=9"}]}},"jetpack_featured_media_url":"https:\/\/www.letsportsrock.com\/wp-content\/uploads\/2025\/05\/UNIVERSITATEA-CRAIOVA-FC-U-CRAIOVA-LIGA-1-CASA-PARIURILOR-14.02.2022-9-scaled-e1644865506426-1400x763-1.webp","jetpack_sharing_enabled":true,"_links":{"self":[{"href":"https:\/\/www.letsportsrock.com\/index.php?rest_route=\/wp\/v2\/posts\/38937","targetHints":{"allow":["GET"]}}],"collection":[{"href":"https:\/\/www.letsportsrock.com\/index.php?rest_route=\/wp\/v2\/posts"}],"about":[{"href":"https:\/\/www.letsportsrock.com\/index.php?rest_route=\/wp\/v2\/types\/post"}],"author":[{"embeddable":true,"href":"https:\/\/www.letsportsrock.com\/index.php?rest_route=\/wp\/v2\/users\/9"}],"replies":[{"embeddable":true,"href":"https:\/\/www.letsportsrock.com\/index.php?rest_route=%2Fwp%2Fv2%2Fcomments&post=38937"}],"version-history":[{"count":1,"href":"https:\/\/www.letsportsrock.com\/index.php?rest_route=\/wp\/v2\/posts\/38937\/revisions"}],"predecessor-version":[{"id":38940,"href":"https:\/\/www.letsportsrock.com\/index.php?rest_route=\/wp\/v2\/posts\/38937\/revisions\/38940"}],"wp:featuredmedia":[{"embeddable":true,"href":"https:\/\/www.letsportsrock.com\/index.php?rest_route=\/wp\/v2\/media\/38938"}],"wp:attachment":[{"href":"https:\/\/www.letsportsrock.com\/index.php?rest_route=%2Fwp%2Fv2%2Fmedia&parent=38937"}],"wp:term":[{"taxonomy":"category","embeddable":true,"href":"https:\/\/www.letsportsrock.com\/index.php?rest_route=%2Fwp%2Fv2%2Fcategories&post=38937"},{"taxonomy":"post_tag","embeddable":true,"href":"https:\/\/www.letsportsrock.com\/index.php?rest_route=%2Fwp%2Fv2%2Ftags&post=38937"}],"curies":[{"name":"wp","href":"https:\/\/api.w.org\/{rel}","templated":true}]}}