{"id":39034,"date":"2025-05-12T05:22:04","date_gmt":"2025-05-12T05:22:04","guid":{"rendered":"https:\/\/www.letsportsrock.com\/?p=39034"},"modified":"2025-05-12T05:22:04","modified_gmt":"2025-05-12T05:22:04","slug":"prin-vocea-lui-ioan-andone-legendele-clubului-dinamo-au-transmis-un-mesaj-inaintea-derby-ului-cu-fcsb-falcosul-a-comentat-afirmatia-lui-dan-gataiantu","status":"publish","type":"post","link":"https:\/\/www.letsportsrock.com\/?p=39034","title":{"rendered":"Prin vocea lui Ioan Andone, legendele clubului Dinamo au transmis un mesaj \u00eenaintea derby-ului cu FCSB. \u201eF\u0103lcosul\u201d a comentat afirma\u021bia lui Dan G\u0103t\u0103ian\u021bu&#8230;.."},"content":{"rendered":"<div class=\"d79db4796efc26332eabfc3f5dafbc76\" data-index=\"1\" style=\"float: none; margin:10px 0 10px 0; text-align:center;\">\n<div class=\"hb-ad-inarticle\">\r\n    <div class=\"hb-ad-inner\"> \r\n    <div class=\"hbagency_cls\"  id=\"hbagency_space_111930\"><\/div><\/div> <\/div>\n<\/div>\n<p>Prin vocea lui Ioan Andone, legendele clubului Dinamo au transmis un mesaj \u00eenaintea derby-ului cu FCSB. \u201eF\u0103lcosul\u201d a comentat afirma\u021bia lui Dan G\u0103t\u0103ian\u021bu&#8230;..<\/p>\n<p>&nbsp;<\/p>\n<p>\u00cenaintea derby-ului cu FCSB, legendele clubului Dinamo au transmis un mesaj mobilizator prin vocea fostului mare antrenor \u0219i juc\u0103tor Ioan Andone. \u201eF\u0103lcosul\u201d a subliniat importan\u021ba acestei confrunt\u0103ri istorice pentru suflarea dinamovist\u0103 \u0219i a cerut unitate \u0219i determinare total\u0103 din partea actualei echipe. El a vorbit despre spiritul de lupt\u0103 ce a caracterizat mereu clubul din \u0218tefan cel Mare \u0219i despre m\u00e2ndria de a purta tricoul alb-ro\u0219u \u00een fa\u021ba celui mai mare rival.<\/p>\n<figure id=\"attachment_39036\" aria-describedby=\"caption-attachment-39036\" style=\"width: 300px\" class=\"wp-caption alignnone\"><img loading=\"lazy\" decoding=\"async\" class=\"size-medium wp-image-39036\" src=\"https:\/\/www.letsportsrock.com\/wp-content\/uploads\/2025\/05\/Ioan-Andone-sfat-pentru-Dinamo-\u201eAcolo-trebuiau-sa-se-gandeasca-300x147.jpg\" alt=\"\" width=\"300\" height=\"147\" srcset=\"https:\/\/www.letsportsrock.com\/wp-content\/uploads\/2025\/05\/Ioan-Andone-sfat-pentru-Dinamo-\u201eAcolo-trebuiau-sa-se-gandeasca-300x147.jpg 300w, https:\/\/www.letsportsrock.com\/wp-content\/uploads\/2025\/05\/Ioan-Andone-sfat-pentru-Dinamo-\u201eAcolo-trebuiau-sa-se-gandeasca-1024x503.jpg 1024w, https:\/\/www.letsportsrock.com\/wp-content\/uploads\/2025\/05\/Ioan-Andone-sfat-pentru-Dinamo-\u201eAcolo-trebuiau-sa-se-gandeasca-768x377.jpg 768w, https:\/\/www.letsportsrock.com\/wp-content\/uploads\/2025\/05\/Ioan-Andone-sfat-pentru-Dinamo-\u201eAcolo-trebuiau-sa-se-gandeasca.jpg 1200w\" sizes=\"auto, (max-width: 300px) 100vw, 300px\" \/><figcaption id=\"caption-attachment-39036\" class=\"wp-caption-text\">May 31, 2015: The romanian coach Ioan Andone during the Cupa Romaniei Timisoreana 2014-2015 Finals (Romania Cup Timisoreana Finals) game between FC Universitatea Cluj ROU and FC Steaua Bucharest ROU at National Arena, Bucharest, Romania ROU. Foto: Catalin Soare,Image: 247474727, License: Rights-managed, Restrictions: , Model Release: no, Credit line: Catalin Soare \/ Www.Sportaction. \/ Zuma Press \/ Profimedia<\/figcaption><\/figure>\n<p>Coment\u00e2nd declara\u021bia lui Dan G\u0103t\u0103ian\u021bu, care sugerase c\u0103 FCSB porne\u0219te cu prima \u0219ans\u0103, Andone a avut o reac\u021bie ferm\u0103: \u201e\u00cen derby nu exist\u0103 favorite. Am tr\u0103it zeci de meciuri cu Steaua \u00een care am pornit cu \u0219ansa a doua \u0219i am c\u00e2\u0219tigat. Conteaz\u0103 caracterul, nu cota de la pariuri.\u201d Mesajul s\u0103u a fost clar: indiferent de forma sportiv\u0103 sau de pozi\u021bia \u00een clasament, derby-ul se joac\u0103 cu inima \u0219i cu m\u00e2ndrie.<\/p>\n<p>Prin aceast\u0103 interven\u021bie, Ioan Andone a reamintit suporterilor \u0219i juc\u0103torilor c\u0103 Dinamo \u00eenseamn\u0103 pasiune, istorie \u0219i lupt\u0103 p\u00e2n\u0103 la cap\u0103t. Iar \u00eentr-un astfel de meci, doar cei cu adev\u0103rat dedica\u021bi pot scrie istorie.<\/p>\n\n<div style=\"font-size: 0px; height: 0px; line-height: 0px; margin: 0; padding: 0; clear: both;\"><\/div>","protected":false},"excerpt":{"rendered":"<p>Prin vocea lui Ioan Andone, legendele clubului Dinamo au transmis un mesaj \u00eenaintea derby-ului cu FCSB. \u201eF\u0103lcosul\u201d a comentat afirma\u021bia lui Dan G\u0103t\u0103ian\u021bu&#8230;.. &nbsp; \u00cenaintea derby-ului cu FCSB, legendele clubului Dinamo au transmis un mesaj mobilizator prin vocea fostului mare antrenor \u0219i juc\u0103tor Ioan Andone. \u201eF\u0103lcosul\u201d a subliniat importan\u021ba acestei confrunt\u0103ri istorice pentru suflarea dinamovist\u0103 [&hellip;]<\/p>\n","protected":false},"author":9,"featured_media":39035,"comment_status":"open","ping_status":"open","sticky":false,"template":"","format":"standard","meta":{"_jetpack_memberships_contains_paid_content":false,"footnotes":""},"categories":[1],"tags":[419],"class_list":["post-39034","post","type-post","status-publish","format-standard","has-post-thumbnail","hentry","category-uncategorized","tag-fc-dinamo-bucuresti"],"yoast_head":"<!-- This site is optimized with the Yoast SEO plugin v27.5 - https:\/\/yoast.com\/product\/yoast-seo-wordpress\/ -->\n<title>Prin vocea lui Ioan Andone, legendele clubului Dinamo au transmis un mesaj \u00eenaintea derby-ului cu FCSB. \u201eF\u0103lcosul\u201d a comentat afirma\u021bia lui Dan G\u0103t\u0103ian\u021bu.....<\/title>\n<meta name=\"description\" content=\"Prin vocea lui Ioan Andone, legendele clubului Dinamo au transmis un mesaj \u00eenaintea derby-ului cu FCSB. \u201eF\u0103lcosul\u201d a comentat afirma\u021bia lui Dan G\u0103t\u0103ian\u021bu.....\" \/>\n<meta name=\"robots\" content=\"index, follow, max-snippet:-1, max-image-preview:large, max-video-preview:-1\" \/>\n<link rel=\"canonical\" href=\"https:\/\/www.letsportsrock.com\/?p=39034\" \/>\n<meta property=\"og:locale\" content=\"en_US\" \/>\n<meta property=\"og:type\" content=\"article\" \/>\n<meta property=\"og:title\" content=\"Prin vocea lui Ioan Andone, legendele clubului Dinamo au transmis un mesaj \u00eenaintea derby-ului cu FCSB. \u201eF\u0103lcosul\u201d a comentat afirma\u021bia lui Dan G\u0103t\u0103ian\u021bu.....\" \/>\n<meta property=\"og:description\" content=\"Prin vocea lui Ioan Andone, legendele clubului Dinamo au transmis un mesaj \u00eenaintea derby-ului cu FCSB. \u201eF\u0103lcosul\u201d a comentat afirma\u021bia lui Dan G\u0103t\u0103ian\u021bu.....\" \/>\n<meta property=\"og:url\" content=\"https:\/\/www.letsportsrock.com\/?p=39034\" \/>\n<meta property=\"og:site_name\" content=\"letsportsrock\" \/>\n<meta property=\"article:published_time\" content=\"2025-05-12T05:22:04+00:00\" \/>\n<meta property=\"og:image\" content=\"https:\/\/www.letsportsrock.com\/wp-content\/uploads\/2025\/05\/Prin-vocea-lui-Ioan-Andone-legendele-clubului-Dinamo-au-transmis-un-mesaj-inaintea-derby-ului-cu-FCSB.jpg\" \/>\n\t<meta property=\"og:image:width\" content=\"1206\" \/>\n\t<meta property=\"og:image:height\" content=\"874\" \/>\n\t<meta property=\"og:image:type\" content=\"image\/jpeg\" \/>\n<meta name=\"author\" content=\"Paul Hembaor\" \/>\n<meta name=\"twitter:card\" content=\"summary_large_image\" \/>\n<meta name=\"twitter:label1\" content=\"Written by\" \/>\n\t<meta name=\"twitter:data1\" content=\"Paul Hembaor\" \/>\n\t<meta name=\"twitter:label2\" content=\"Est. reading time\" \/>\n\t<meta name=\"twitter:data2\" content=\"2 minutes\" \/>\n<script type=\"application\/ld+json\" class=\"yoast-schema-graph\">{\"@context\":\"https:\\\/\\\/schema.org\",\"@graph\":[{\"@type\":\"Article\",\"@id\":\"https:\\\/\\\/www.letsportsrock.com\\\/?p=39034#article\",\"isPartOf\":{\"@id\":\"https:\\\/\\\/www.letsportsrock.com\\\/?p=39034\"},\"author\":{\"name\":\"Paul Hembaor\",\"@id\":\"https:\\\/\\\/www.letsportsrock.com\\\/#\\\/schema\\\/person\\\/97aa0f336f5a3ca15a8ec7d78846f045\"},\"headline\":\"Prin vocea lui Ioan Andone, legendele clubului Dinamo au transmis un mesaj \u00eenaintea derby-ului cu FCSB. \u201eF\u0103lcosul\u201d a comentat afirma\u021bia lui Dan G\u0103t\u0103ian\u021bu&#8230;..\",\"datePublished\":\"2025-05-12T05:22:04+00:00\",\"mainEntityOfPage\":{\"@id\":\"https:\\\/\\\/www.letsportsrock.com\\\/?p=39034\"},\"wordCount\":318,\"commentCount\":0,\"image\":{\"@id\":\"https:\\\/\\\/www.letsportsrock.com\\\/?p=39034#primaryimage\"},\"thumbnailUrl\":\"https:\\\/\\\/www.letsportsrock.com\\\/wp-content\\\/uploads\\\/2025\\\/05\\\/Prin-vocea-lui-Ioan-Andone-legendele-clubului-Dinamo-au-transmis-un-mesaj-inaintea-derby-ului-cu-FCSB.jpg\",\"keywords\":[\"Fc Dinamo bucuresti\"],\"inLanguage\":\"en-US\",\"potentialAction\":[{\"@type\":\"CommentAction\",\"name\":\"Comment\",\"target\":[\"https:\\\/\\\/www.letsportsrock.com\\\/?p=39034#respond\"]}]},{\"@type\":\"WebPage\",\"@id\":\"https:\\\/\\\/www.letsportsrock.com\\\/?p=39034\",\"url\":\"https:\\\/\\\/www.letsportsrock.com\\\/?p=39034\",\"name\":\"Prin vocea lui Ioan Andone, legendele clubului Dinamo au transmis un mesaj \u00eenaintea derby-ului cu FCSB. \u201eF\u0103lcosul\u201d a comentat afirma\u021bia lui Dan G\u0103t\u0103ian\u021bu.....\",\"isPartOf\":{\"@id\":\"https:\\\/\\\/www.letsportsrock.com\\\/#website\"},\"primaryImageOfPage\":{\"@id\":\"https:\\\/\\\/www.letsportsrock.com\\\/?p=39034#primaryimage\"},\"image\":{\"@id\":\"https:\\\/\\\/www.letsportsrock.com\\\/?p=39034#primaryimage\"},\"thumbnailUrl\":\"https:\\\/\\\/www.letsportsrock.com\\\/wp-content\\\/uploads\\\/2025\\\/05\\\/Prin-vocea-lui-Ioan-Andone-legendele-clubului-Dinamo-au-transmis-un-mesaj-inaintea-derby-ului-cu-FCSB.jpg\",\"datePublished\":\"2025-05-12T05:22:04+00:00\",\"author\":{\"@id\":\"https:\\\/\\\/www.letsportsrock.com\\\/#\\\/schema\\\/person\\\/97aa0f336f5a3ca15a8ec7d78846f045\"},\"description\":\"Prin vocea lui Ioan Andone, legendele clubului Dinamo au transmis un mesaj \u00eenaintea derby-ului cu FCSB. \u201eF\u0103lcosul\u201d a comentat afirma\u021bia lui Dan G\u0103t\u0103ian\u021bu.....\",\"breadcrumb\":{\"@id\":\"https:\\\/\\\/www.letsportsrock.com\\\/?p=39034#breadcrumb\"},\"inLanguage\":\"en-US\",\"potentialAction\":[{\"@type\":\"ReadAction\",\"target\":[\"https:\\\/\\\/www.letsportsrock.com\\\/?p=39034\"]}]},{\"@type\":\"ImageObject\",\"inLanguage\":\"en-US\",\"@id\":\"https:\\\/\\\/www.letsportsrock.com\\\/?p=39034#primaryimage\",\"url\":\"https:\\\/\\\/www.letsportsrock.com\\\/wp-content\\\/uploads\\\/2025\\\/05\\\/Prin-vocea-lui-Ioan-Andone-legendele-clubului-Dinamo-au-transmis-un-mesaj-inaintea-derby-ului-cu-FCSB.jpg\",\"contentUrl\":\"https:\\\/\\\/www.letsportsrock.com\\\/wp-content\\\/uploads\\\/2025\\\/05\\\/Prin-vocea-lui-Ioan-Andone-legendele-clubului-Dinamo-au-transmis-un-mesaj-inaintea-derby-ului-cu-FCSB.jpg\",\"width\":1206,\"height\":874},{\"@type\":\"BreadcrumbList\",\"@id\":\"https:\\\/\\\/www.letsportsrock.com\\\/?p=39034#breadcrumb\",\"itemListElement\":[{\"@type\":\"ListItem\",\"position\":1,\"name\":\"Home\",\"item\":\"https:\\\/\\\/www.letsportsrock.com\\\/\"},{\"@type\":\"ListItem\",\"position\":2,\"name\":\"Prin vocea lui Ioan Andone, legendele clubului Dinamo au transmis un mesaj \u00eenaintea derby-ului cu FCSB. \u201eF\u0103lcosul\u201d a comentat afirma\u021bia lui Dan G\u0103t\u0103ian\u021bu&#8230;..\"}]},{\"@type\":\"WebSite\",\"@id\":\"https:\\\/\\\/www.letsportsrock.com\\\/#website\",\"url\":\"https:\\\/\\\/www.letsportsrock.com\\\/\",\"name\":\"letsportsrock\",\"description\":\"Sport News and Updates\",\"potentialAction\":[{\"@type\":\"SearchAction\",\"target\":{\"@type\":\"EntryPoint\",\"urlTemplate\":\"https:\\\/\\\/www.letsportsrock.com\\\/?s={search_term_string}\"},\"query-input\":{\"@type\":\"PropertyValueSpecification\",\"valueRequired\":true,\"valueName\":\"search_term_string\"}}],\"inLanguage\":\"en-US\"},{\"@type\":\"Person\",\"@id\":\"https:\\\/\\\/www.letsportsrock.com\\\/#\\\/schema\\\/person\\\/97aa0f336f5a3ca15a8ec7d78846f045\",\"name\":\"Paul Hembaor\",\"image\":{\"@type\":\"ImageObject\",\"inLanguage\":\"en-US\",\"@id\":\"https:\\\/\\\/secure.gravatar.com\\\/avatar\\\/0574929a03c152e8ea7939c31311f9ea2fe2e06139cd71e2d6e698c217219d60?s=96&d=mm&r=g\",\"url\":\"https:\\\/\\\/secure.gravatar.com\\\/avatar\\\/0574929a03c152e8ea7939c31311f9ea2fe2e06139cd71e2d6e698c217219d60?s=96&d=mm&r=g\",\"contentUrl\":\"https:\\\/\\\/secure.gravatar.com\\\/avatar\\\/0574929a03c152e8ea7939c31311f9ea2fe2e06139cd71e2d6e698c217219d60?s=96&d=mm&r=g\",\"caption\":\"Paul Hembaor\"},\"sameAs\":[\"https:\\\/\\\/www.letsportsrock.com\\\/wp-admin\\\/\"],\"url\":\"https:\\\/\\\/www.letsportsrock.com\\\/?author=9\"}]}<\/script>\n<!-- \/ Yoast SEO plugin. -->","yoast_head_json":{"title":"Prin vocea lui Ioan Andone, legendele clubului Dinamo au transmis un mesaj \u00eenaintea derby-ului cu FCSB. \u201eF\u0103lcosul\u201d a comentat afirma\u021bia lui Dan G\u0103t\u0103ian\u021bu.....","description":"Prin vocea lui Ioan Andone, legendele clubului Dinamo au transmis un mesaj \u00eenaintea derby-ului cu FCSB. \u201eF\u0103lcosul\u201d a comentat afirma\u021bia lui Dan G\u0103t\u0103ian\u021bu.....","robots":{"index":"index","follow":"follow","max-snippet":"max-snippet:-1","max-image-preview":"max-image-preview:large","max-video-preview":"max-video-preview:-1"},"canonical":"https:\/\/www.letsportsrock.com\/?p=39034","og_locale":"en_US","og_type":"article","og_title":"Prin vocea lui Ioan Andone, legendele clubului Dinamo au transmis un mesaj \u00eenaintea derby-ului cu FCSB. \u201eF\u0103lcosul\u201d a comentat afirma\u021bia lui Dan G\u0103t\u0103ian\u021bu.....","og_description":"Prin vocea lui Ioan Andone, legendele clubului Dinamo au transmis un mesaj \u00eenaintea derby-ului cu FCSB. \u201eF\u0103lcosul\u201d a comentat afirma\u021bia lui Dan G\u0103t\u0103ian\u021bu.....","og_url":"https:\/\/www.letsportsrock.com\/?p=39034","og_site_name":"letsportsrock","article_published_time":"2025-05-12T05:22:04+00:00","og_image":[{"width":1206,"height":874,"url":"https:\/\/www.letsportsrock.com\/wp-content\/uploads\/2025\/05\/Prin-vocea-lui-Ioan-Andone-legendele-clubului-Dinamo-au-transmis-un-mesaj-inaintea-derby-ului-cu-FCSB.jpg","type":"image\/jpeg"}],"author":"Paul Hembaor","twitter_card":"summary_large_image","twitter_misc":{"Written by":"Paul Hembaor","Est. reading time":"2 minutes"},"schema":{"@context":"https:\/\/schema.org","@graph":[{"@type":"Article","@id":"https:\/\/www.letsportsrock.com\/?p=39034#article","isPartOf":{"@id":"https:\/\/www.letsportsrock.com\/?p=39034"},"author":{"name":"Paul Hembaor","@id":"https:\/\/www.letsportsrock.com\/#\/schema\/person\/97aa0f336f5a3ca15a8ec7d78846f045"},"headline":"Prin vocea lui Ioan Andone, legendele clubului Dinamo au transmis un mesaj \u00eenaintea derby-ului cu FCSB. \u201eF\u0103lcosul\u201d a comentat afirma\u021bia lui Dan G\u0103t\u0103ian\u021bu&#8230;..","datePublished":"2025-05-12T05:22:04+00:00","mainEntityOfPage":{"@id":"https:\/\/www.letsportsrock.com\/?p=39034"},"wordCount":318,"commentCount":0,"image":{"@id":"https:\/\/www.letsportsrock.com\/?p=39034#primaryimage"},"thumbnailUrl":"https:\/\/www.letsportsrock.com\/wp-content\/uploads\/2025\/05\/Prin-vocea-lui-Ioan-Andone-legendele-clubului-Dinamo-au-transmis-un-mesaj-inaintea-derby-ului-cu-FCSB.jpg","keywords":["Fc Dinamo bucuresti"],"inLanguage":"en-US","potentialAction":[{"@type":"CommentAction","name":"Comment","target":["https:\/\/www.letsportsrock.com\/?p=39034#respond"]}]},{"@type":"WebPage","@id":"https:\/\/www.letsportsrock.com\/?p=39034","url":"https:\/\/www.letsportsrock.com\/?p=39034","name":"Prin vocea lui Ioan Andone, legendele clubului Dinamo au transmis un mesaj \u00eenaintea derby-ului cu FCSB. \u201eF\u0103lcosul\u201d a comentat afirma\u021bia lui Dan G\u0103t\u0103ian\u021bu.....","isPartOf":{"@id":"https:\/\/www.letsportsrock.com\/#website"},"primaryImageOfPage":{"@id":"https:\/\/www.letsportsrock.com\/?p=39034#primaryimage"},"image":{"@id":"https:\/\/www.letsportsrock.com\/?p=39034#primaryimage"},"thumbnailUrl":"https:\/\/www.letsportsrock.com\/wp-content\/uploads\/2025\/05\/Prin-vocea-lui-Ioan-Andone-legendele-clubului-Dinamo-au-transmis-un-mesaj-inaintea-derby-ului-cu-FCSB.jpg","datePublished":"2025-05-12T05:22:04+00:00","author":{"@id":"https:\/\/www.letsportsrock.com\/#\/schema\/person\/97aa0f336f5a3ca15a8ec7d78846f045"},"description":"Prin vocea lui Ioan Andone, legendele clubului Dinamo au transmis un mesaj \u00eenaintea derby-ului cu FCSB. \u201eF\u0103lcosul\u201d a comentat afirma\u021bia lui Dan G\u0103t\u0103ian\u021bu.....","breadcrumb":{"@id":"https:\/\/www.letsportsrock.com\/?p=39034#breadcrumb"},"inLanguage":"en-US","potentialAction":[{"@type":"ReadAction","target":["https:\/\/www.letsportsrock.com\/?p=39034"]}]},{"@type":"ImageObject","inLanguage":"en-US","@id":"https:\/\/www.letsportsrock.com\/?p=39034#primaryimage","url":"https:\/\/www.letsportsrock.com\/wp-content\/uploads\/2025\/05\/Prin-vocea-lui-Ioan-Andone-legendele-clubului-Dinamo-au-transmis-un-mesaj-inaintea-derby-ului-cu-FCSB.jpg","contentUrl":"https:\/\/www.letsportsrock.com\/wp-content\/uploads\/2025\/05\/Prin-vocea-lui-Ioan-Andone-legendele-clubului-Dinamo-au-transmis-un-mesaj-inaintea-derby-ului-cu-FCSB.jpg","width":1206,"height":874},{"@type":"BreadcrumbList","@id":"https:\/\/www.letsportsrock.com\/?p=39034#breadcrumb","itemListElement":[{"@type":"ListItem","position":1,"name":"Home","item":"https:\/\/www.letsportsrock.com\/"},{"@type":"ListItem","position":2,"name":"Prin vocea lui Ioan Andone, legendele clubului Dinamo au transmis un mesaj \u00eenaintea derby-ului cu FCSB. \u201eF\u0103lcosul\u201d a comentat afirma\u021bia lui Dan G\u0103t\u0103ian\u021bu&#8230;.."}]},{"@type":"WebSite","@id":"https:\/\/www.letsportsrock.com\/#website","url":"https:\/\/www.letsportsrock.com\/","name":"letsportsrock","description":"Sport News and Updates","potentialAction":[{"@type":"SearchAction","target":{"@type":"EntryPoint","urlTemplate":"https:\/\/www.letsportsrock.com\/?s={search_term_string}"},"query-input":{"@type":"PropertyValueSpecification","valueRequired":true,"valueName":"search_term_string"}}],"inLanguage":"en-US"},{"@type":"Person","@id":"https:\/\/www.letsportsrock.com\/#\/schema\/person\/97aa0f336f5a3ca15a8ec7d78846f045","name":"Paul Hembaor","image":{"@type":"ImageObject","inLanguage":"en-US","@id":"https:\/\/secure.gravatar.com\/avatar\/0574929a03c152e8ea7939c31311f9ea2fe2e06139cd71e2d6e698c217219d60?s=96&d=mm&r=g","url":"https:\/\/secure.gravatar.com\/avatar\/0574929a03c152e8ea7939c31311f9ea2fe2e06139cd71e2d6e698c217219d60?s=96&d=mm&r=g","contentUrl":"https:\/\/secure.gravatar.com\/avatar\/0574929a03c152e8ea7939c31311f9ea2fe2e06139cd71e2d6e698c217219d60?s=96&d=mm&r=g","caption":"Paul Hembaor"},"sameAs":["https:\/\/www.letsportsrock.com\/wp-admin\/"],"url":"https:\/\/www.letsportsrock.com\/?author=9"}]}},"jetpack_featured_media_url":"https:\/\/www.letsportsrock.com\/wp-content\/uploads\/2025\/05\/Prin-vocea-lui-Ioan-Andone-legendele-clubului-Dinamo-au-transmis-un-mesaj-inaintea-derby-ului-cu-FCSB.jpg","jetpack_sharing_enabled":true,"_links":{"self":[{"href":"https:\/\/www.letsportsrock.com\/index.php?rest_route=\/wp\/v2\/posts\/39034","targetHints":{"allow":["GET"]}}],"collection":[{"href":"https:\/\/www.letsportsrock.com\/index.php?rest_route=\/wp\/v2\/posts"}],"about":[{"href":"https:\/\/www.letsportsrock.com\/index.php?rest_route=\/wp\/v2\/types\/post"}],"author":[{"embeddable":true,"href":"https:\/\/www.letsportsrock.com\/index.php?rest_route=\/wp\/v2\/users\/9"}],"replies":[{"embeddable":true,"href":"https:\/\/www.letsportsrock.com\/index.php?rest_route=%2Fwp%2Fv2%2Fcomments&post=39034"}],"version-history":[{"count":1,"href":"https:\/\/www.letsportsrock.com\/index.php?rest_route=\/wp\/v2\/posts\/39034\/revisions"}],"predecessor-version":[{"id":39037,"href":"https:\/\/www.letsportsrock.com\/index.php?rest_route=\/wp\/v2\/posts\/39034\/revisions\/39037"}],"wp:featuredmedia":[{"embeddable":true,"href":"https:\/\/www.letsportsrock.com\/index.php?rest_route=\/wp\/v2\/media\/39035"}],"wp:attachment":[{"href":"https:\/\/www.letsportsrock.com\/index.php?rest_route=%2Fwp%2Fv2%2Fmedia&parent=39034"}],"wp:term":[{"taxonomy":"category","embeddable":true,"href":"https:\/\/www.letsportsrock.com\/index.php?rest_route=%2Fwp%2Fv2%2Fcategories&post=39034"},{"taxonomy":"post_tag","embeddable":true,"href":"https:\/\/www.letsportsrock.com\/index.php?rest_route=%2Fwp%2Fv2%2Ftags&post=39034"}],"curies":[{"name":"wp","href":"https:\/\/api.w.org\/{rel}","templated":true}]}}