{"id":39043,"date":"2025-05-12T05:29:52","date_gmt":"2025-05-12T05:29:52","guid":{"rendered":"https:\/\/www.letsportsrock.com\/?p=39043"},"modified":"2025-05-12T05:29:52","modified_gmt":"2025-05-12T05:29:52","slug":"dinamo-e-gata-sa-faca-primul-transfer-de-top-mijlocasul-dorit-de-rotaru-si-varga-poate-semna-cu-echipa-alb-rosie","status":"publish","type":"post","link":"https:\/\/www.letsportsrock.com\/?p=39043","title":{"rendered":"Dinamo e gata s\u0103 fac\u0103 primul transfer de top. Mijloca\u0219ul dorit de Rotaru \u0219i Varga poate semna cu echipa alb-ro\u0219ie&#8230;.."},"content":{"rendered":"<div class=\"d79db4796efc26332eabfc3f5dafbc76\" data-index=\"1\" style=\"float: none; margin:10px 0 10px 0; text-align:center;\">\n<div class=\"hb-ad-inarticle\">\r\n    <div class=\"hb-ad-inner\"> \r\n    <div class=\"hbagency_cls\"  id=\"hbagency_space_111930\"><\/div><\/div> <\/div>\n<\/div>\n<p>Dinamo e gata s\u0103 fac\u0103 primul transfer de top. Mijloca\u0219ul dorit de Rotaru \u0219i Varga poate semna cu echipa alb-ro\u0219ie&#8230;..<\/p>\n<p>&nbsp;<\/p>\n<p>Dinamo Bucure\u0219ti se preg\u0103te\u0219te s\u0103 dea lovitura pe pia\u021ba transferurilor, fiind gata s\u0103 realizeze primul transfer de top al verii. Surse apropiate clubului sus\u021bin c\u0103 un mijloca\u0219 de valoare, aflat \u0219i pe radarul celor de la Universitatea Craiova (finan\u021bat\u0103 de Mihai Rotaru) \u0219i CFR Cluj (condus\u0103 de Nelu\u021bu Varga), este aproape de un acord cu forma\u021bia din \u201e\u0218tefan cel Mare\u201d.<img loading=\"lazy\" decoding=\"async\" class=\"alignnone size-medium wp-image-39045\" src=\"https:\/\/www.letsportsrock.com\/wp-content\/uploads\/2025\/05\/7532024-Mediafax_Foto-Alexandru_Dobre-scaled-1-300x169.webp\" alt=\"\" width=\"300\" height=\"169\" srcset=\"https:\/\/www.letsportsrock.com\/wp-content\/uploads\/2025\/05\/7532024-Mediafax_Foto-Alexandru_Dobre-scaled-1-300x169.webp 300w, https:\/\/www.letsportsrock.com\/wp-content\/uploads\/2025\/05\/7532024-Mediafax_Foto-Alexandru_Dobre-scaled-1-1024x576.webp 1024w, https:\/\/www.letsportsrock.com\/wp-content\/uploads\/2025\/05\/7532024-Mediafax_Foto-Alexandru_Dobre-scaled-1-768x432.webp 768w, https:\/\/www.letsportsrock.com\/wp-content\/uploads\/2025\/05\/7532024-Mediafax_Foto-Alexandru_Dobre-scaled-1.webp 1280w\" sizes=\"auto, (max-width: 300px) 100vw, 300px\" \/><\/p>\n<p>Fotbalistul vizat este un juc\u0103tor cu experien\u021b\u0103 \u00een Superliga, capabil s\u0103 aduc\u0103 un plus de creativitate \u0219i echilibru \u00een linia median\u0103 a alb-ro\u0219ilor. De\u0219i interesul celor dou\u0103 rivale era unul real, Dinamo pare s\u0103 fi profitat de o oportunitate \u0219i s\u0103 fi avansat rapid \u00een negocieri, beneficiind de sus\u021binerea noii conduceri \u0219i de dorin\u021ba juc\u0103torului de a deveni lider \u00eentr-un proiect ambi\u021bios.<\/p>\n<p>Oficialii dinamovi\u0219ti consider\u0103 acest transfer un pas important \u00een reconstruc\u021bia echipei, care \u0219i-a propus s\u0103 revin\u0103 \u00een prim-planul fotbalului rom\u00e2nesc. \u00cen urm\u0103toarele zile, se a\u0219teapt\u0103 finalizarea actelor \u0219i anun\u021bul oficial. Dac\u0103 tranzac\u021bia se concretizeaz\u0103, ar reprezenta un semnal clar c\u0103 Dinamo este din nou un nume greu \u00een mercato-ul intern, capabil s\u0103 atrag\u0103 juc\u0103tori dori\u021bi \u0219i de cluburi cu preten\u021bii la titlu.<\/p>\n\n<div style=\"font-size: 0px; height: 0px; line-height: 0px; margin: 0; padding: 0; clear: both;\"><\/div>","protected":false},"excerpt":{"rendered":"<p>Dinamo e gata s\u0103 fac\u0103 primul transfer de top. Mijloca\u0219ul dorit de Rotaru \u0219i Varga poate semna cu echipa alb-ro\u0219ie&#8230;.. &nbsp; Dinamo Bucure\u0219ti se preg\u0103te\u0219te s\u0103 dea lovitura pe pia\u021ba transferurilor, fiind gata s\u0103 realizeze primul transfer de top al verii. Surse apropiate clubului sus\u021bin c\u0103 un mijloca\u0219 de valoare, aflat \u0219i pe radarul celor [&hellip;]<\/p>\n","protected":false},"author":9,"featured_media":39044,"comment_status":"open","ping_status":"open","sticky":false,"template":"","format":"standard","meta":{"_jetpack_memberships_contains_paid_content":false,"footnotes":""},"categories":[1],"tags":[419],"class_list":["post-39043","post","type-post","status-publish","format-standard","has-post-thumbnail","hentry","category-uncategorized","tag-fc-dinamo-bucuresti"],"yoast_head":"<!-- This site is optimized with the Yoast SEO plugin v27.5 - https:\/\/yoast.com\/product\/yoast-seo-wordpress\/ -->\n<title>Dinamo e gata s\u0103 fac\u0103 primul transfer de top. Mijloca\u0219ul dorit de Rotaru \u0219i Varga poate semna cu echipa alb-ro\u0219ie.....<\/title>\n<meta name=\"description\" content=\"Dinamo e gata s\u0103 fac\u0103 primul transfer de top. Mijloca\u0219ul dorit de Rotaru \u0219i Varga poate semna cu echipa alb-ro\u0219ie.....\" \/>\n<meta name=\"robots\" content=\"index, follow, max-snippet:-1, max-image-preview:large, max-video-preview:-1\" \/>\n<link rel=\"canonical\" href=\"https:\/\/www.letsportsrock.com\/?p=39043\" \/>\n<meta property=\"og:locale\" content=\"en_US\" \/>\n<meta property=\"og:type\" content=\"article\" \/>\n<meta property=\"og:title\" content=\"Dinamo e gata s\u0103 fac\u0103 primul transfer de top. Mijloca\u0219ul dorit de Rotaru \u0219i Varga poate semna cu echipa alb-ro\u0219ie.....\" \/>\n<meta property=\"og:description\" content=\"Dinamo e gata s\u0103 fac\u0103 primul transfer de top. Mijloca\u0219ul dorit de Rotaru \u0219i Varga poate semna cu echipa alb-ro\u0219ie.....\" \/>\n<meta property=\"og:url\" content=\"https:\/\/www.letsportsrock.com\/?p=39043\" \/>\n<meta property=\"og:site_name\" content=\"letsportsrock\" \/>\n<meta property=\"article:published_time\" content=\"2025-05-12T05:29:52+00:00\" \/>\n<meta property=\"og:image\" content=\"https:\/\/www.letsportsrock.com\/wp-content\/uploads\/2025\/05\/dinamo3-1.webp\" \/>\n\t<meta property=\"og:image:width\" content=\"1280\" \/>\n\t<meta property=\"og:image:height\" content=\"720\" \/>\n\t<meta property=\"og:image:type\" content=\"image\/webp\" \/>\n<meta name=\"author\" content=\"Paul Hembaor\" \/>\n<meta name=\"twitter:card\" content=\"summary_large_image\" \/>\n<meta name=\"twitter:label1\" content=\"Written by\" \/>\n\t<meta name=\"twitter:data1\" content=\"Paul Hembaor\" \/>\n\t<meta name=\"twitter:label2\" content=\"Est. reading time\" \/>\n\t<meta name=\"twitter:data2\" content=\"2 minutes\" \/>\n<script type=\"application\/ld+json\" class=\"yoast-schema-graph\">{\"@context\":\"https:\\\/\\\/schema.org\",\"@graph\":[{\"@type\":\"Article\",\"@id\":\"https:\\\/\\\/www.letsportsrock.com\\\/?p=39043#article\",\"isPartOf\":{\"@id\":\"https:\\\/\\\/www.letsportsrock.com\\\/?p=39043\"},\"author\":{\"name\":\"Paul Hembaor\",\"@id\":\"https:\\\/\\\/www.letsportsrock.com\\\/#\\\/schema\\\/person\\\/97aa0f336f5a3ca15a8ec7d78846f045\"},\"headline\":\"Dinamo e gata s\u0103 fac\u0103 primul transfer de top. Mijloca\u0219ul dorit de Rotaru \u0219i Varga poate semna cu echipa alb-ro\u0219ie&#8230;..\",\"datePublished\":\"2025-05-12T05:29:52+00:00\",\"mainEntityOfPage\":{\"@id\":\"https:\\\/\\\/www.letsportsrock.com\\\/?p=39043\"},\"wordCount\":254,\"commentCount\":0,\"image\":{\"@id\":\"https:\\\/\\\/www.letsportsrock.com\\\/?p=39043#primaryimage\"},\"thumbnailUrl\":\"https:\\\/\\\/www.letsportsrock.com\\\/wp-content\\\/uploads\\\/2025\\\/05\\\/dinamo3-1.webp\",\"keywords\":[\"Fc Dinamo bucuresti\"],\"inLanguage\":\"en-US\",\"potentialAction\":[{\"@type\":\"CommentAction\",\"name\":\"Comment\",\"target\":[\"https:\\\/\\\/www.letsportsrock.com\\\/?p=39043#respond\"]}]},{\"@type\":\"WebPage\",\"@id\":\"https:\\\/\\\/www.letsportsrock.com\\\/?p=39043\",\"url\":\"https:\\\/\\\/www.letsportsrock.com\\\/?p=39043\",\"name\":\"Dinamo e gata s\u0103 fac\u0103 primul transfer de top. Mijloca\u0219ul dorit de Rotaru \u0219i Varga poate semna cu echipa alb-ro\u0219ie.....\",\"isPartOf\":{\"@id\":\"https:\\\/\\\/www.letsportsrock.com\\\/#website\"},\"primaryImageOfPage\":{\"@id\":\"https:\\\/\\\/www.letsportsrock.com\\\/?p=39043#primaryimage\"},\"image\":{\"@id\":\"https:\\\/\\\/www.letsportsrock.com\\\/?p=39043#primaryimage\"},\"thumbnailUrl\":\"https:\\\/\\\/www.letsportsrock.com\\\/wp-content\\\/uploads\\\/2025\\\/05\\\/dinamo3-1.webp\",\"datePublished\":\"2025-05-12T05:29:52+00:00\",\"author\":{\"@id\":\"https:\\\/\\\/www.letsportsrock.com\\\/#\\\/schema\\\/person\\\/97aa0f336f5a3ca15a8ec7d78846f045\"},\"description\":\"Dinamo e gata s\u0103 fac\u0103 primul transfer de top. Mijloca\u0219ul dorit de Rotaru \u0219i Varga poate semna cu echipa alb-ro\u0219ie.....\",\"breadcrumb\":{\"@id\":\"https:\\\/\\\/www.letsportsrock.com\\\/?p=39043#breadcrumb\"},\"inLanguage\":\"en-US\",\"potentialAction\":[{\"@type\":\"ReadAction\",\"target\":[\"https:\\\/\\\/www.letsportsrock.com\\\/?p=39043\"]}]},{\"@type\":\"ImageObject\",\"inLanguage\":\"en-US\",\"@id\":\"https:\\\/\\\/www.letsportsrock.com\\\/?p=39043#primaryimage\",\"url\":\"https:\\\/\\\/www.letsportsrock.com\\\/wp-content\\\/uploads\\\/2025\\\/05\\\/dinamo3-1.webp\",\"contentUrl\":\"https:\\\/\\\/www.letsportsrock.com\\\/wp-content\\\/uploads\\\/2025\\\/05\\\/dinamo3-1.webp\",\"width\":1280,\"height\":720},{\"@type\":\"BreadcrumbList\",\"@id\":\"https:\\\/\\\/www.letsportsrock.com\\\/?p=39043#breadcrumb\",\"itemListElement\":[{\"@type\":\"ListItem\",\"position\":1,\"name\":\"Home\",\"item\":\"https:\\\/\\\/www.letsportsrock.com\\\/\"},{\"@type\":\"ListItem\",\"position\":2,\"name\":\"Dinamo e gata s\u0103 fac\u0103 primul transfer de top. Mijloca\u0219ul dorit de Rotaru \u0219i Varga poate semna cu echipa alb-ro\u0219ie&#8230;..\"}]},{\"@type\":\"WebSite\",\"@id\":\"https:\\\/\\\/www.letsportsrock.com\\\/#website\",\"url\":\"https:\\\/\\\/www.letsportsrock.com\\\/\",\"name\":\"letsportsrock\",\"description\":\"Sport News and Updates\",\"potentialAction\":[{\"@type\":\"SearchAction\",\"target\":{\"@type\":\"EntryPoint\",\"urlTemplate\":\"https:\\\/\\\/www.letsportsrock.com\\\/?s={search_term_string}\"},\"query-input\":{\"@type\":\"PropertyValueSpecification\",\"valueRequired\":true,\"valueName\":\"search_term_string\"}}],\"inLanguage\":\"en-US\"},{\"@type\":\"Person\",\"@id\":\"https:\\\/\\\/www.letsportsrock.com\\\/#\\\/schema\\\/person\\\/97aa0f336f5a3ca15a8ec7d78846f045\",\"name\":\"Paul Hembaor\",\"image\":{\"@type\":\"ImageObject\",\"inLanguage\":\"en-US\",\"@id\":\"https:\\\/\\\/secure.gravatar.com\\\/avatar\\\/0574929a03c152e8ea7939c31311f9ea2fe2e06139cd71e2d6e698c217219d60?s=96&d=mm&r=g\",\"url\":\"https:\\\/\\\/secure.gravatar.com\\\/avatar\\\/0574929a03c152e8ea7939c31311f9ea2fe2e06139cd71e2d6e698c217219d60?s=96&d=mm&r=g\",\"contentUrl\":\"https:\\\/\\\/secure.gravatar.com\\\/avatar\\\/0574929a03c152e8ea7939c31311f9ea2fe2e06139cd71e2d6e698c217219d60?s=96&d=mm&r=g\",\"caption\":\"Paul Hembaor\"},\"sameAs\":[\"https:\\\/\\\/www.letsportsrock.com\\\/wp-admin\\\/\"],\"url\":\"https:\\\/\\\/www.letsportsrock.com\\\/?author=9\"}]}<\/script>\n<!-- \/ Yoast SEO plugin. -->","yoast_head_json":{"title":"Dinamo e gata s\u0103 fac\u0103 primul transfer de top. Mijloca\u0219ul dorit de Rotaru \u0219i Varga poate semna cu echipa alb-ro\u0219ie.....","description":"Dinamo e gata s\u0103 fac\u0103 primul transfer de top. Mijloca\u0219ul dorit de Rotaru \u0219i Varga poate semna cu echipa alb-ro\u0219ie.....","robots":{"index":"index","follow":"follow","max-snippet":"max-snippet:-1","max-image-preview":"max-image-preview:large","max-video-preview":"max-video-preview:-1"},"canonical":"https:\/\/www.letsportsrock.com\/?p=39043","og_locale":"en_US","og_type":"article","og_title":"Dinamo e gata s\u0103 fac\u0103 primul transfer de top. Mijloca\u0219ul dorit de Rotaru \u0219i Varga poate semna cu echipa alb-ro\u0219ie.....","og_description":"Dinamo e gata s\u0103 fac\u0103 primul transfer de top. Mijloca\u0219ul dorit de Rotaru \u0219i Varga poate semna cu echipa alb-ro\u0219ie.....","og_url":"https:\/\/www.letsportsrock.com\/?p=39043","og_site_name":"letsportsrock","article_published_time":"2025-05-12T05:29:52+00:00","og_image":[{"width":1280,"height":720,"url":"https:\/\/www.letsportsrock.com\/wp-content\/uploads\/2025\/05\/dinamo3-1.webp","type":"image\/webp"}],"author":"Paul Hembaor","twitter_card":"summary_large_image","twitter_misc":{"Written by":"Paul Hembaor","Est. reading time":"2 minutes"},"schema":{"@context":"https:\/\/schema.org","@graph":[{"@type":"Article","@id":"https:\/\/www.letsportsrock.com\/?p=39043#article","isPartOf":{"@id":"https:\/\/www.letsportsrock.com\/?p=39043"},"author":{"name":"Paul Hembaor","@id":"https:\/\/www.letsportsrock.com\/#\/schema\/person\/97aa0f336f5a3ca15a8ec7d78846f045"},"headline":"Dinamo e gata s\u0103 fac\u0103 primul transfer de top. Mijloca\u0219ul dorit de Rotaru \u0219i Varga poate semna cu echipa alb-ro\u0219ie&#8230;..","datePublished":"2025-05-12T05:29:52+00:00","mainEntityOfPage":{"@id":"https:\/\/www.letsportsrock.com\/?p=39043"},"wordCount":254,"commentCount":0,"image":{"@id":"https:\/\/www.letsportsrock.com\/?p=39043#primaryimage"},"thumbnailUrl":"https:\/\/www.letsportsrock.com\/wp-content\/uploads\/2025\/05\/dinamo3-1.webp","keywords":["Fc Dinamo bucuresti"],"inLanguage":"en-US","potentialAction":[{"@type":"CommentAction","name":"Comment","target":["https:\/\/www.letsportsrock.com\/?p=39043#respond"]}]},{"@type":"WebPage","@id":"https:\/\/www.letsportsrock.com\/?p=39043","url":"https:\/\/www.letsportsrock.com\/?p=39043","name":"Dinamo e gata s\u0103 fac\u0103 primul transfer de top. Mijloca\u0219ul dorit de Rotaru \u0219i Varga poate semna cu echipa alb-ro\u0219ie.....","isPartOf":{"@id":"https:\/\/www.letsportsrock.com\/#website"},"primaryImageOfPage":{"@id":"https:\/\/www.letsportsrock.com\/?p=39043#primaryimage"},"image":{"@id":"https:\/\/www.letsportsrock.com\/?p=39043#primaryimage"},"thumbnailUrl":"https:\/\/www.letsportsrock.com\/wp-content\/uploads\/2025\/05\/dinamo3-1.webp","datePublished":"2025-05-12T05:29:52+00:00","author":{"@id":"https:\/\/www.letsportsrock.com\/#\/schema\/person\/97aa0f336f5a3ca15a8ec7d78846f045"},"description":"Dinamo e gata s\u0103 fac\u0103 primul transfer de top. Mijloca\u0219ul dorit de Rotaru \u0219i Varga poate semna cu echipa alb-ro\u0219ie.....","breadcrumb":{"@id":"https:\/\/www.letsportsrock.com\/?p=39043#breadcrumb"},"inLanguage":"en-US","potentialAction":[{"@type":"ReadAction","target":["https:\/\/www.letsportsrock.com\/?p=39043"]}]},{"@type":"ImageObject","inLanguage":"en-US","@id":"https:\/\/www.letsportsrock.com\/?p=39043#primaryimage","url":"https:\/\/www.letsportsrock.com\/wp-content\/uploads\/2025\/05\/dinamo3-1.webp","contentUrl":"https:\/\/www.letsportsrock.com\/wp-content\/uploads\/2025\/05\/dinamo3-1.webp","width":1280,"height":720},{"@type":"BreadcrumbList","@id":"https:\/\/www.letsportsrock.com\/?p=39043#breadcrumb","itemListElement":[{"@type":"ListItem","position":1,"name":"Home","item":"https:\/\/www.letsportsrock.com\/"},{"@type":"ListItem","position":2,"name":"Dinamo e gata s\u0103 fac\u0103 primul transfer de top. Mijloca\u0219ul dorit de Rotaru \u0219i Varga poate semna cu echipa alb-ro\u0219ie&#8230;.."}]},{"@type":"WebSite","@id":"https:\/\/www.letsportsrock.com\/#website","url":"https:\/\/www.letsportsrock.com\/","name":"letsportsrock","description":"Sport News and Updates","potentialAction":[{"@type":"SearchAction","target":{"@type":"EntryPoint","urlTemplate":"https:\/\/www.letsportsrock.com\/?s={search_term_string}"},"query-input":{"@type":"PropertyValueSpecification","valueRequired":true,"valueName":"search_term_string"}}],"inLanguage":"en-US"},{"@type":"Person","@id":"https:\/\/www.letsportsrock.com\/#\/schema\/person\/97aa0f336f5a3ca15a8ec7d78846f045","name":"Paul Hembaor","image":{"@type":"ImageObject","inLanguage":"en-US","@id":"https:\/\/secure.gravatar.com\/avatar\/0574929a03c152e8ea7939c31311f9ea2fe2e06139cd71e2d6e698c217219d60?s=96&d=mm&r=g","url":"https:\/\/secure.gravatar.com\/avatar\/0574929a03c152e8ea7939c31311f9ea2fe2e06139cd71e2d6e698c217219d60?s=96&d=mm&r=g","contentUrl":"https:\/\/secure.gravatar.com\/avatar\/0574929a03c152e8ea7939c31311f9ea2fe2e06139cd71e2d6e698c217219d60?s=96&d=mm&r=g","caption":"Paul Hembaor"},"sameAs":["https:\/\/www.letsportsrock.com\/wp-admin\/"],"url":"https:\/\/www.letsportsrock.com\/?author=9"}]}},"jetpack_featured_media_url":"https:\/\/www.letsportsrock.com\/wp-content\/uploads\/2025\/05\/dinamo3-1.webp","jetpack_sharing_enabled":true,"_links":{"self":[{"href":"https:\/\/www.letsportsrock.com\/index.php?rest_route=\/wp\/v2\/posts\/39043","targetHints":{"allow":["GET"]}}],"collection":[{"href":"https:\/\/www.letsportsrock.com\/index.php?rest_route=\/wp\/v2\/posts"}],"about":[{"href":"https:\/\/www.letsportsrock.com\/index.php?rest_route=\/wp\/v2\/types\/post"}],"author":[{"embeddable":true,"href":"https:\/\/www.letsportsrock.com\/index.php?rest_route=\/wp\/v2\/users\/9"}],"replies":[{"embeddable":true,"href":"https:\/\/www.letsportsrock.com\/index.php?rest_route=%2Fwp%2Fv2%2Fcomments&post=39043"}],"version-history":[{"count":1,"href":"https:\/\/www.letsportsrock.com\/index.php?rest_route=\/wp\/v2\/posts\/39043\/revisions"}],"predecessor-version":[{"id":39046,"href":"https:\/\/www.letsportsrock.com\/index.php?rest_route=\/wp\/v2\/posts\/39043\/revisions\/39046"}],"wp:featuredmedia":[{"embeddable":true,"href":"https:\/\/www.letsportsrock.com\/index.php?rest_route=\/wp\/v2\/media\/39044"}],"wp:attachment":[{"href":"https:\/\/www.letsportsrock.com\/index.php?rest_route=%2Fwp%2Fv2%2Fmedia&parent=39043"}],"wp:term":[{"taxonomy":"category","embeddable":true,"href":"https:\/\/www.letsportsrock.com\/index.php?rest_route=%2Fwp%2Fv2%2Fcategories&post=39043"},{"taxonomy":"post_tag","embeddable":true,"href":"https:\/\/www.letsportsrock.com\/index.php?rest_route=%2Fwp%2Fv2%2Ftags&post=39043"}],"curies":[{"name":"wp","href":"https:\/\/api.w.org\/{rel}","templated":true}]}}