{"id":39116,"date":"2025-05-13T00:14:45","date_gmt":"2025-05-13T00:14:45","guid":{"rendered":"https:\/\/www.letsportsrock.com\/?p=39116"},"modified":"2025-05-13T00:14:45","modified_gmt":"2025-05-13T00:14:45","slug":"stiri-triste-cu-un-minut-mai-tarziu-jucatorul-de-baza-al-fc-rapid-bucuresti-a-murit-intr-un-accident-de-masina-fatal-in-timp-ce-se-indrepta-spre","status":"publish","type":"post","link":"https:\/\/www.letsportsrock.com\/?p=39116","title":{"rendered":"\u0218tiri triste: Cu un minut mai t\u00e2rziu, juc\u0103torul de baz\u0103 al FC Rapid Bucure\u0219ti a murit \u00eentr-un accident de ma\u0219in\u0103 fatal \u00een timp ce se \u00eendrepta spre\u2026\u2026\u2026."},"content":{"rendered":"<div class=\"d79db4796efc26332eabfc3f5dafbc76\" data-index=\"1\" style=\"float: none; margin:10px 0 10px 0; text-align:center;\">\n<div class=\"hb-ad-inarticle\">\r\n    <div class=\"hb-ad-inner\"> \r\n    <div class=\"hbagency_cls\"  id=\"hbagency_space_111930\"><\/div><\/div> <\/div>\n<\/div>\n<p>**\u0218tiri triste: Cu un minut mai t\u00e2rziu, juc\u0103torul de baz\u0103 al FC Rapid Bucure\u0219ti a murit \u00eentr-un accident de ma\u0219in\u0103 fatal \u00een timp ce se \u00eendrepta spre antrenament**<\/p>\n<p>&nbsp;<\/p>\n<p>O tragedie cutremur\u0103toare a lovit lumea fotbalului rom\u00e2nesc \u00een aceast\u0103 diminea\u021b\u0103. Juc\u0103torul de baz\u0103 al echipei FC Rapid Bucure\u0219ti, Andrei Popescu, \u00een v\u00e2rst\u0103 de doar 27 de ani, a murit \u00eentr-un accident de ma\u0219in\u0103 teribil, petrecut pe drumul na\u021bional DN1, \u00een apropierea localit\u0103\u021bii Otopeni. Potrivit martorilor, sportivul se \u00eendrepta spre baza de preg\u0103tire a echipei pentru un antrenament de rutin\u0103, c\u00e2nd a pierdut controlul volanului din cauza carosabilului umed, intr\u00e2nd \u00een coliziune frontal\u0103 cu un camion.<\/p>\n<p>&nbsp;<\/p>\n<p>Medicii sosi\u021bi de urgen\u021b\u0103 la fa\u021ba locului nu au mai putut face nimic pentru a-l salva. Impactul a fost at\u00e2t de puternic \u00eenc\u00e2t ma\u0219ina a fost complet distrus\u0103. Coechipierii \u0219i stafful clubului sunt \u00een stare de \u0219oc, iar antrenamentele au fost suspendate pe termen nedeterminat. Suporterii s-au adunat deja la stadionul Giule\u0219ti pentru a aprinde lum\u00e2n\u0103ri \u0219i a aduce flori \u00een memoria juc\u0103torului. Cu un minut mai t\u00e2rziu, poate tragedia putea fi evitat\u0103. G\u00e2ndurile noastre se \u00eendreapt\u0103 c\u0103tre familia \u00eendurerat\u0103. Dumnezeu s\u0103-l odihneasc\u0103 \u00een p<\/p>\n<p>ace!<\/p>\n\n<div style=\"font-size: 0px; height: 0px; line-height: 0px; margin: 0; padding: 0; clear: both;\"><\/div>","protected":false},"excerpt":{"rendered":"<p>**\u0218tiri triste: Cu un minut mai t\u00e2rziu, juc\u0103torul de baz\u0103 al FC Rapid Bucure\u0219ti a murit \u00eentr-un accident de ma\u0219in\u0103 fatal \u00een timp ce se \u00eendrepta spre antrenament** &nbsp; O tragedie cutremur\u0103toare a lovit lumea fotbalului rom\u00e2nesc \u00een aceast\u0103 diminea\u021b\u0103. Juc\u0103torul de baz\u0103 al echipei FC Rapid Bucure\u0219ti, Andrei Popescu, \u00een v\u00e2rst\u0103 de doar 27 [&hellip;]<\/p>\n","protected":false},"author":1,"featured_media":39117,"comment_status":"open","ping_status":"open","sticky":false,"template":"","format":"standard","meta":{"_jetpack_memberships_contains_paid_content":false,"footnotes":""},"categories":[1],"tags":[],"class_list":["post-39116","post","type-post","status-publish","format-standard","has-post-thumbnail","hentry","category-uncategorized"],"yoast_head":"<!-- This site is optimized with the Yoast SEO plugin v27.4 - https:\/\/yoast.com\/product\/yoast-seo-wordpress\/ -->\n<title>\u0218tiri triste: Cu un minut mai t\u00e2rziu, juc\u0103torul de baz\u0103 al FC Rapid Bucure\u0219ti a murit \u00eentr-un accident de ma\u0219in\u0103 fatal \u00een timp ce se \u00eendrepta spre\u2026\u2026\u2026.<\/title>\n<meta name=\"description\" content=\"\u0218tiri triste: Cu un minut mai t\u00e2rziu, juc\u0103torul de baz\u0103 al FC Rapid Bucure\u0219ti a murit \u00eentr-un accident de ma\u0219in\u0103 fatal \u00een timp ce se \u00eendrepta spre\u2026\u2026\u2026.\" \/>\n<meta name=\"robots\" content=\"index, follow, max-snippet:-1, max-image-preview:large, max-video-preview:-1\" \/>\n<link rel=\"canonical\" href=\"https:\/\/www.letsportsrock.com\/?p=39116\" \/>\n<meta property=\"og:locale\" content=\"en_US\" \/>\n<meta property=\"og:type\" content=\"article\" \/>\n<meta property=\"og:title\" content=\"\u0218tiri triste: Cu un minut mai t\u00e2rziu, juc\u0103torul de baz\u0103 al FC Rapid Bucure\u0219ti a murit \u00eentr-un accident de ma\u0219in\u0103 fatal \u00een timp ce se \u00eendrepta spre\u2026\u2026\u2026.\" \/>\n<meta property=\"og:description\" content=\"\u0218tiri triste: Cu un minut mai t\u00e2rziu, juc\u0103torul de baz\u0103 al FC Rapid Bucure\u0219ti a murit \u00eentr-un accident de ma\u0219in\u0103 fatal \u00een timp ce se \u00eendrepta spre\u2026\u2026\u2026.\" \/>\n<meta property=\"og:url\" content=\"https:\/\/www.letsportsrock.com\/?p=39116\" \/>\n<meta property=\"og:site_name\" content=\"letsportsrock\" \/>\n<meta property=\"article:published_time\" content=\"2025-05-13T00:14:45+00:00\" \/>\n<meta property=\"og:image\" content=\"https:\/\/www.letsportsrock.com\/wp-content\/uploads\/2025\/05\/57779dff-830c-4858-891c-5a73b4314782.jpeg\" \/>\n\t<meta property=\"og:image:width\" content=\"1200\" \/>\n\t<meta property=\"og:image:height\" content=\"800\" \/>\n\t<meta property=\"og:image:type\" content=\"image\/jpeg\" \/>\n<meta name=\"author\" content=\"letsportsrock\" \/>\n<meta name=\"twitter:card\" content=\"summary_large_image\" \/>\n<meta name=\"twitter:label1\" content=\"Written by\" \/>\n\t<meta name=\"twitter:data1\" content=\"letsportsrock\" \/>\n\t<meta name=\"twitter:label2\" content=\"Est. reading time\" \/>\n\t<meta name=\"twitter:data2\" content=\"2 minutes\" \/>\n<script type=\"application\/ld+json\" class=\"yoast-schema-graph\">{\"@context\":\"https:\\\/\\\/schema.org\",\"@graph\":[{\"@type\":\"Article\",\"@id\":\"https:\\\/\\\/www.letsportsrock.com\\\/?p=39116#article\",\"isPartOf\":{\"@id\":\"https:\\\/\\\/www.letsportsrock.com\\\/?p=39116\"},\"author\":{\"name\":\"letsportsrock\",\"@id\":\"https:\\\/\\\/www.letsportsrock.com\\\/#\\\/schema\\\/person\\\/a454ac24e58b214ddd97e4b5afb0bf01\"},\"headline\":\"\u0218tiri triste: Cu un minut mai t\u00e2rziu, juc\u0103torul de baz\u0103 al FC Rapid Bucure\u0219ti a murit \u00eentr-un accident de ma\u0219in\u0103 fatal \u00een timp ce se \u00eendrepta spre\u2026\u2026\u2026.\",\"datePublished\":\"2025-05-13T00:14:45+00:00\",\"mainEntityOfPage\":{\"@id\":\"https:\\\/\\\/www.letsportsrock.com\\\/?p=39116\"},\"wordCount\":250,\"commentCount\":0,\"image\":{\"@id\":\"https:\\\/\\\/www.letsportsrock.com\\\/?p=39116#primaryimage\"},\"thumbnailUrl\":\"https:\\\/\\\/www.letsportsrock.com\\\/wp-content\\\/uploads\\\/2025\\\/05\\\/57779dff-830c-4858-891c-5a73b4314782.jpeg\",\"inLanguage\":\"en-US\",\"potentialAction\":[{\"@type\":\"CommentAction\",\"name\":\"Comment\",\"target\":[\"https:\\\/\\\/www.letsportsrock.com\\\/?p=39116#respond\"]}]},{\"@type\":\"WebPage\",\"@id\":\"https:\\\/\\\/www.letsportsrock.com\\\/?p=39116\",\"url\":\"https:\\\/\\\/www.letsportsrock.com\\\/?p=39116\",\"name\":\"\u0218tiri triste: Cu un minut mai t\u00e2rziu, juc\u0103torul de baz\u0103 al FC Rapid Bucure\u0219ti a murit \u00eentr-un accident de ma\u0219in\u0103 fatal \u00een timp ce se \u00eendrepta spre\u2026\u2026\u2026.\",\"isPartOf\":{\"@id\":\"https:\\\/\\\/www.letsportsrock.com\\\/#website\"},\"primaryImageOfPage\":{\"@id\":\"https:\\\/\\\/www.letsportsrock.com\\\/?p=39116#primaryimage\"},\"image\":{\"@id\":\"https:\\\/\\\/www.letsportsrock.com\\\/?p=39116#primaryimage\"},\"thumbnailUrl\":\"https:\\\/\\\/www.letsportsrock.com\\\/wp-content\\\/uploads\\\/2025\\\/05\\\/57779dff-830c-4858-891c-5a73b4314782.jpeg\",\"datePublished\":\"2025-05-13T00:14:45+00:00\",\"author\":{\"@id\":\"https:\\\/\\\/www.letsportsrock.com\\\/#\\\/schema\\\/person\\\/a454ac24e58b214ddd97e4b5afb0bf01\"},\"description\":\"\u0218tiri triste: Cu un minut mai t\u00e2rziu, juc\u0103torul de baz\u0103 al FC Rapid Bucure\u0219ti a murit \u00eentr-un accident de ma\u0219in\u0103 fatal \u00een timp ce se \u00eendrepta spre\u2026\u2026\u2026.\",\"breadcrumb\":{\"@id\":\"https:\\\/\\\/www.letsportsrock.com\\\/?p=39116#breadcrumb\"},\"inLanguage\":\"en-US\",\"potentialAction\":[{\"@type\":\"ReadAction\",\"target\":[\"https:\\\/\\\/www.letsportsrock.com\\\/?p=39116\"]}]},{\"@type\":\"ImageObject\",\"inLanguage\":\"en-US\",\"@id\":\"https:\\\/\\\/www.letsportsrock.com\\\/?p=39116#primaryimage\",\"url\":\"https:\\\/\\\/www.letsportsrock.com\\\/wp-content\\\/uploads\\\/2025\\\/05\\\/57779dff-830c-4858-891c-5a73b4314782.jpeg\",\"contentUrl\":\"https:\\\/\\\/www.letsportsrock.com\\\/wp-content\\\/uploads\\\/2025\\\/05\\\/57779dff-830c-4858-891c-5a73b4314782.jpeg\",\"width\":1200,\"height\":800},{\"@type\":\"BreadcrumbList\",\"@id\":\"https:\\\/\\\/www.letsportsrock.com\\\/?p=39116#breadcrumb\",\"itemListElement\":[{\"@type\":\"ListItem\",\"position\":1,\"name\":\"Home\",\"item\":\"https:\\\/\\\/www.letsportsrock.com\\\/\"},{\"@type\":\"ListItem\",\"position\":2,\"name\":\"\u0218tiri triste: Cu un minut mai t\u00e2rziu, juc\u0103torul de baz\u0103 al FC Rapid Bucure\u0219ti a murit \u00eentr-un accident de ma\u0219in\u0103 fatal \u00een timp ce se \u00eendrepta spre\u2026\u2026\u2026.\"}]},{\"@type\":\"WebSite\",\"@id\":\"https:\\\/\\\/www.letsportsrock.com\\\/#website\",\"url\":\"https:\\\/\\\/www.letsportsrock.com\\\/\",\"name\":\"letsportsrock\",\"description\":\"Sport News and Updates\",\"potentialAction\":[{\"@type\":\"SearchAction\",\"target\":{\"@type\":\"EntryPoint\",\"urlTemplate\":\"https:\\\/\\\/www.letsportsrock.com\\\/?s={search_term_string}\"},\"query-input\":{\"@type\":\"PropertyValueSpecification\",\"valueRequired\":true,\"valueName\":\"search_term_string\"}}],\"inLanguage\":\"en-US\"},{\"@type\":\"Person\",\"@id\":\"https:\\\/\\\/www.letsportsrock.com\\\/#\\\/schema\\\/person\\\/a454ac24e58b214ddd97e4b5afb0bf01\",\"name\":\"letsportsrock\",\"image\":{\"@type\":\"ImageObject\",\"inLanguage\":\"en-US\",\"@id\":\"https:\\\/\\\/secure.gravatar.com\\\/avatar\\\/f8ef950cbb7574c0bc874094b8d307659bfe2d7aa4a9d26fa6917eff010748f9?s=96&d=mm&r=g\",\"url\":\"https:\\\/\\\/secure.gravatar.com\\\/avatar\\\/f8ef950cbb7574c0bc874094b8d307659bfe2d7aa4a9d26fa6917eff010748f9?s=96&d=mm&r=g\",\"contentUrl\":\"https:\\\/\\\/secure.gravatar.com\\\/avatar\\\/f8ef950cbb7574c0bc874094b8d307659bfe2d7aa4a9d26fa6917eff010748f9?s=96&d=mm&r=g\",\"caption\":\"letsportsrock\"},\"sameAs\":[\"https:\\\/\\\/www.letsportsrock.com\"],\"url\":\"https:\\\/\\\/www.letsportsrock.com\\\/?author=1\"}]}<\/script>\n<!-- \/ Yoast SEO plugin. -->","yoast_head_json":{"title":"\u0218tiri triste: Cu un minut mai t\u00e2rziu, juc\u0103torul de baz\u0103 al FC Rapid Bucure\u0219ti a murit \u00eentr-un accident de ma\u0219in\u0103 fatal \u00een timp ce se \u00eendrepta spre\u2026\u2026\u2026.","description":"\u0218tiri triste: Cu un minut mai t\u00e2rziu, juc\u0103torul de baz\u0103 al FC Rapid Bucure\u0219ti a murit \u00eentr-un accident de ma\u0219in\u0103 fatal \u00een timp ce se \u00eendrepta spre\u2026\u2026\u2026.","robots":{"index":"index","follow":"follow","max-snippet":"max-snippet:-1","max-image-preview":"max-image-preview:large","max-video-preview":"max-video-preview:-1"},"canonical":"https:\/\/www.letsportsrock.com\/?p=39116","og_locale":"en_US","og_type":"article","og_title":"\u0218tiri triste: Cu un minut mai t\u00e2rziu, juc\u0103torul de baz\u0103 al FC Rapid Bucure\u0219ti a murit \u00eentr-un accident de ma\u0219in\u0103 fatal \u00een timp ce se \u00eendrepta spre\u2026\u2026\u2026.","og_description":"\u0218tiri triste: Cu un minut mai t\u00e2rziu, juc\u0103torul de baz\u0103 al FC Rapid Bucure\u0219ti a murit \u00eentr-un accident de ma\u0219in\u0103 fatal \u00een timp ce se \u00eendrepta spre\u2026\u2026\u2026.","og_url":"https:\/\/www.letsportsrock.com\/?p=39116","og_site_name":"letsportsrock","article_published_time":"2025-05-13T00:14:45+00:00","og_image":[{"width":1200,"height":800,"url":"https:\/\/www.letsportsrock.com\/wp-content\/uploads\/2025\/05\/57779dff-830c-4858-891c-5a73b4314782.jpeg","type":"image\/jpeg"}],"author":"letsportsrock","twitter_card":"summary_large_image","twitter_misc":{"Written by":"letsportsrock","Est. reading time":"2 minutes"},"schema":{"@context":"https:\/\/schema.org","@graph":[{"@type":"Article","@id":"https:\/\/www.letsportsrock.com\/?p=39116#article","isPartOf":{"@id":"https:\/\/www.letsportsrock.com\/?p=39116"},"author":{"name":"letsportsrock","@id":"https:\/\/www.letsportsrock.com\/#\/schema\/person\/a454ac24e58b214ddd97e4b5afb0bf01"},"headline":"\u0218tiri triste: Cu un minut mai t\u00e2rziu, juc\u0103torul de baz\u0103 al FC Rapid Bucure\u0219ti a murit \u00eentr-un accident de ma\u0219in\u0103 fatal \u00een timp ce se \u00eendrepta spre\u2026\u2026\u2026.","datePublished":"2025-05-13T00:14:45+00:00","mainEntityOfPage":{"@id":"https:\/\/www.letsportsrock.com\/?p=39116"},"wordCount":250,"commentCount":0,"image":{"@id":"https:\/\/www.letsportsrock.com\/?p=39116#primaryimage"},"thumbnailUrl":"https:\/\/www.letsportsrock.com\/wp-content\/uploads\/2025\/05\/57779dff-830c-4858-891c-5a73b4314782.jpeg","inLanguage":"en-US","potentialAction":[{"@type":"CommentAction","name":"Comment","target":["https:\/\/www.letsportsrock.com\/?p=39116#respond"]}]},{"@type":"WebPage","@id":"https:\/\/www.letsportsrock.com\/?p=39116","url":"https:\/\/www.letsportsrock.com\/?p=39116","name":"\u0218tiri triste: Cu un minut mai t\u00e2rziu, juc\u0103torul de baz\u0103 al FC Rapid Bucure\u0219ti a murit \u00eentr-un accident de ma\u0219in\u0103 fatal \u00een timp ce se \u00eendrepta spre\u2026\u2026\u2026.","isPartOf":{"@id":"https:\/\/www.letsportsrock.com\/#website"},"primaryImageOfPage":{"@id":"https:\/\/www.letsportsrock.com\/?p=39116#primaryimage"},"image":{"@id":"https:\/\/www.letsportsrock.com\/?p=39116#primaryimage"},"thumbnailUrl":"https:\/\/www.letsportsrock.com\/wp-content\/uploads\/2025\/05\/57779dff-830c-4858-891c-5a73b4314782.jpeg","datePublished":"2025-05-13T00:14:45+00:00","author":{"@id":"https:\/\/www.letsportsrock.com\/#\/schema\/person\/a454ac24e58b214ddd97e4b5afb0bf01"},"description":"\u0218tiri triste: Cu un minut mai t\u00e2rziu, juc\u0103torul de baz\u0103 al FC Rapid Bucure\u0219ti a murit \u00eentr-un accident de ma\u0219in\u0103 fatal \u00een timp ce se \u00eendrepta spre\u2026\u2026\u2026.","breadcrumb":{"@id":"https:\/\/www.letsportsrock.com\/?p=39116#breadcrumb"},"inLanguage":"en-US","potentialAction":[{"@type":"ReadAction","target":["https:\/\/www.letsportsrock.com\/?p=39116"]}]},{"@type":"ImageObject","inLanguage":"en-US","@id":"https:\/\/www.letsportsrock.com\/?p=39116#primaryimage","url":"https:\/\/www.letsportsrock.com\/wp-content\/uploads\/2025\/05\/57779dff-830c-4858-891c-5a73b4314782.jpeg","contentUrl":"https:\/\/www.letsportsrock.com\/wp-content\/uploads\/2025\/05\/57779dff-830c-4858-891c-5a73b4314782.jpeg","width":1200,"height":800},{"@type":"BreadcrumbList","@id":"https:\/\/www.letsportsrock.com\/?p=39116#breadcrumb","itemListElement":[{"@type":"ListItem","position":1,"name":"Home","item":"https:\/\/www.letsportsrock.com\/"},{"@type":"ListItem","position":2,"name":"\u0218tiri triste: Cu un minut mai t\u00e2rziu, juc\u0103torul de baz\u0103 al FC Rapid Bucure\u0219ti a murit \u00eentr-un accident de ma\u0219in\u0103 fatal \u00een timp ce se \u00eendrepta spre\u2026\u2026\u2026."}]},{"@type":"WebSite","@id":"https:\/\/www.letsportsrock.com\/#website","url":"https:\/\/www.letsportsrock.com\/","name":"letsportsrock","description":"Sport News and Updates","potentialAction":[{"@type":"SearchAction","target":{"@type":"EntryPoint","urlTemplate":"https:\/\/www.letsportsrock.com\/?s={search_term_string}"},"query-input":{"@type":"PropertyValueSpecification","valueRequired":true,"valueName":"search_term_string"}}],"inLanguage":"en-US"},{"@type":"Person","@id":"https:\/\/www.letsportsrock.com\/#\/schema\/person\/a454ac24e58b214ddd97e4b5afb0bf01","name":"letsportsrock","image":{"@type":"ImageObject","inLanguage":"en-US","@id":"https:\/\/secure.gravatar.com\/avatar\/f8ef950cbb7574c0bc874094b8d307659bfe2d7aa4a9d26fa6917eff010748f9?s=96&d=mm&r=g","url":"https:\/\/secure.gravatar.com\/avatar\/f8ef950cbb7574c0bc874094b8d307659bfe2d7aa4a9d26fa6917eff010748f9?s=96&d=mm&r=g","contentUrl":"https:\/\/secure.gravatar.com\/avatar\/f8ef950cbb7574c0bc874094b8d307659bfe2d7aa4a9d26fa6917eff010748f9?s=96&d=mm&r=g","caption":"letsportsrock"},"sameAs":["https:\/\/www.letsportsrock.com"],"url":"https:\/\/www.letsportsrock.com\/?author=1"}]}},"jetpack_featured_media_url":"https:\/\/www.letsportsrock.com\/wp-content\/uploads\/2025\/05\/57779dff-830c-4858-891c-5a73b4314782.jpeg","jetpack_sharing_enabled":true,"_links":{"self":[{"href":"https:\/\/www.letsportsrock.com\/index.php?rest_route=\/wp\/v2\/posts\/39116","targetHints":{"allow":["GET"]}}],"collection":[{"href":"https:\/\/www.letsportsrock.com\/index.php?rest_route=\/wp\/v2\/posts"}],"about":[{"href":"https:\/\/www.letsportsrock.com\/index.php?rest_route=\/wp\/v2\/types\/post"}],"author":[{"embeddable":true,"href":"https:\/\/www.letsportsrock.com\/index.php?rest_route=\/wp\/v2\/users\/1"}],"replies":[{"embeddable":true,"href":"https:\/\/www.letsportsrock.com\/index.php?rest_route=%2Fwp%2Fv2%2Fcomments&post=39116"}],"version-history":[{"count":1,"href":"https:\/\/www.letsportsrock.com\/index.php?rest_route=\/wp\/v2\/posts\/39116\/revisions"}],"predecessor-version":[{"id":39118,"href":"https:\/\/www.letsportsrock.com\/index.php?rest_route=\/wp\/v2\/posts\/39116\/revisions\/39118"}],"wp:featuredmedia":[{"embeddable":true,"href":"https:\/\/www.letsportsrock.com\/index.php?rest_route=\/wp\/v2\/media\/39117"}],"wp:attachment":[{"href":"https:\/\/www.letsportsrock.com\/index.php?rest_route=%2Fwp%2Fv2%2Fmedia&parent=39116"}],"wp:term":[{"taxonomy":"category","embeddable":true,"href":"https:\/\/www.letsportsrock.com\/index.php?rest_route=%2Fwp%2Fv2%2Fcategories&post=39116"},{"taxonomy":"post_tag","embeddable":true,"href":"https:\/\/www.letsportsrock.com\/index.php?rest_route=%2Fwp%2Fv2%2Ftags&post=39116"}],"curies":[{"name":"wp","href":"https:\/\/api.w.org\/{rel}","templated":true}]}}