{"id":39482,"date":"2025-05-14T23:09:40","date_gmt":"2025-05-14T23:09:40","guid":{"rendered":"https:\/\/www.letsportsrock.com\/?p=39482"},"modified":"2025-05-14T23:09:40","modified_gmt":"2025-05-14T23:09:40","slug":"cfr-este-castigatoarea-cupei-romaniei-si-merge-in-europa-league-mai-cer-fanii-inlocuirea-lui-petrescu","status":"publish","type":"post","link":"https:\/\/www.letsportsrock.com\/?p=39482","title":{"rendered":"CFR este c\u00e2\u0219tig\u0103toarea Cupei Rom\u00e2niei \u0219i merge \u00een Europa League. Mai cer fanii \u00eenlocuirea lui Petrescu?&#8230;.."},"content":{"rendered":"<div class=\"d79db4796efc26332eabfc3f5dafbc76\" data-index=\"1\" style=\"float: none; margin:10px 0 10px 0; text-align:center;\">\n<div class=\"hb-ad-inarticle\">\r\n    <div class=\"hb-ad-inner\"> \r\n    <div class=\"hbagency_cls\"  id=\"hbagency_space_111930\"><\/div><\/div> <\/div>\n<\/div>\n<p>CFR este c\u00e2\u0219tig\u0103toarea Cupei Rom\u00e2niei \u0219i merge \u00een Europa League. Mai cer fanii \u00eenlocuirea lui Petrescu?&#8230;..<\/p>\n<p>&nbsp;<\/p>\n<p>CFR Cluj a c\u00e2\u0219tigat Cupa Rom\u00e2niei, ob\u021bin\u00e2nd astfel un loc \u00een Europa League, iar victoria a adus bucurie \u00een r\u00e2ndul fanilor \u0219i speran\u021be pentru un nou \u00eenceput european. Totu\u0219i, \u00een ciuda succesului, o parte a suporterilor continu\u0103 s\u0103 cear\u0103 \u00eenlocuirea antrenorului Dan Petrescu. Stilul s\u0103u defensiv, considerat de mul\u021bi eficient, este tot mai des criticat pentru lipsa de spectacol \u0219i pentru momentele tensionate din rela\u021bia cu vestiarul.<img loading=\"lazy\" decoding=\"async\" class=\"alignnone size-medium wp-image-39485\" src=\"https:\/\/www.letsportsrock.com\/wp-content\/uploads\/2025\/05\/images-9-4-300x200.jpeg\" alt=\"\" width=\"300\" height=\"200\" srcset=\"https:\/\/www.letsportsrock.com\/wp-content\/uploads\/2025\/05\/images-9-4-300x200.jpeg 300w, https:\/\/www.letsportsrock.com\/wp-content\/uploads\/2025\/05\/images-9-4.jpeg 678w\" sizes=\"auto, (max-width: 300px) 100vw, 300px\" \/><\/p>\n<p>\u00cen ultimele sezoane, CFR a avut dificult\u0103\u021bi \u00een campionat \u0219i \u00een cupele europene, ceea ce a erodat \u00eencrederea unei p\u0103r\u021bi din galerie \u00een proiectul condus de Petrescu. Chiar \u0219i c\u00e2\u0219tigarea Cupei nu a reu\u0219it s\u0103-i conving\u0103 pe to\u021bi. Fanii nemul\u021bumi\u021bi cer un suflu nou, un antrenor care s\u0103 aduc\u0103 un stil de joc mai atractiv \u0219i mai mult\u0103 deschidere spre promovarea tinerilor.<\/p>\n<p>Pe de alt\u0103 parte, exist\u0103 \u0219i o tab\u0103r\u0103 care sus\u021bine c\u0103 Dan Petrescu a demonstrat c\u0103 poate livra trofee \u0219i performan\u021be, fiind unul dintre cei mai titra\u021bi tehnicieni din fotbalul rom\u00e2nesc. Viitorul s\u0103u la CFR Cluj r\u0103m\u00e2ne incert, iar decizia conducerii va depinde probabil de planurile pentru sezonul european \u0219i de echilibrul dintre rezultate \u0219i stilul de joc.<\/p>\n\n<div style=\"font-size: 0px; height: 0px; line-height: 0px; margin: 0; padding: 0; clear: both;\"><\/div>","protected":false},"excerpt":{"rendered":"<p>CFR este c\u00e2\u0219tig\u0103toarea Cupei Rom\u00e2niei \u0219i merge \u00een Europa League. Mai cer fanii \u00eenlocuirea lui Petrescu?&#8230;.. &nbsp; CFR Cluj a c\u00e2\u0219tigat Cupa Rom\u00e2niei, ob\u021bin\u00e2nd astfel un loc \u00een Europa League, iar victoria a adus bucurie \u00een r\u00e2ndul fanilor \u0219i speran\u021be pentru un nou \u00eenceput european. Totu\u0219i, \u00een ciuda succesului, o parte a suporterilor continu\u0103 s\u0103 [&hellip;]<\/p>\n","protected":false},"author":9,"featured_media":39484,"comment_status":"open","ping_status":"open","sticky":false,"template":"","format":"standard","meta":{"_jetpack_memberships_contains_paid_content":false,"footnotes":""},"categories":[1],"tags":[666],"class_list":["post-39482","post","type-post","status-publish","format-standard","has-post-thumbnail","hentry","category-uncategorized","tag-cfr-istii"],"yoast_head":"<!-- This site is optimized with the Yoast SEO plugin v27.4 - https:\/\/yoast.com\/product\/yoast-seo-wordpress\/ -->\n<title>CFR este c\u00e2\u0219tig\u0103toarea Cupei Rom\u00e2niei \u0219i merge \u00een Europa League. Mai cer fanii \u00eenlocuirea lui Petrescu?.....<\/title>\n<meta name=\"description\" content=\"CFR este c\u00e2\u0219tig\u0103toarea Cupei Rom\u00e2niei \u0219i merge \u00een Europa League. Mai cer fanii \u00eenlocuirea lui Petrescu?.....\" \/>\n<meta name=\"robots\" content=\"index, follow, max-snippet:-1, max-image-preview:large, max-video-preview:-1\" \/>\n<link rel=\"canonical\" href=\"https:\/\/www.letsportsrock.com\/?p=39482\" \/>\n<meta property=\"og:locale\" content=\"en_US\" \/>\n<meta property=\"og:type\" content=\"article\" \/>\n<meta property=\"og:title\" content=\"CFR este c\u00e2\u0219tig\u0103toarea Cupei Rom\u00e2niei \u0219i merge \u00een Europa League. Mai cer fanii \u00eenlocuirea lui Petrescu?.....\" \/>\n<meta property=\"og:description\" content=\"CFR este c\u00e2\u0219tig\u0103toarea Cupei Rom\u00e2niei \u0219i merge \u00een Europa League. Mai cer fanii \u00eenlocuirea lui Petrescu?.....\" \/>\n<meta property=\"og:url\" content=\"https:\/\/www.letsportsrock.com\/?p=39482\" \/>\n<meta property=\"og:site_name\" content=\"letsportsrock\" \/>\n<meta property=\"article:published_time\" content=\"2025-05-14T23:09:40+00:00\" \/>\n<meta property=\"og:image\" content=\"https:\/\/www.letsportsrock.com\/wp-content\/uploads\/2025\/05\/images-8-3.jpeg\" \/>\n\t<meta property=\"og:image:width\" content=\"679\" \/>\n\t<meta property=\"og:image:height\" content=\"452\" \/>\n\t<meta property=\"og:image:type\" content=\"image\/jpeg\" \/>\n<meta name=\"author\" content=\"Paul Hembaor\" \/>\n<meta name=\"twitter:card\" content=\"summary_large_image\" \/>\n<meta name=\"twitter:label1\" content=\"Written by\" \/>\n\t<meta name=\"twitter:data1\" content=\"Paul Hembaor\" \/>\n\t<meta name=\"twitter:label2\" content=\"Est. reading time\" \/>\n\t<meta name=\"twitter:data2\" content=\"2 minutes\" \/>\n<script type=\"application\/ld+json\" class=\"yoast-schema-graph\">{\"@context\":\"https:\\\/\\\/schema.org\",\"@graph\":[{\"@type\":\"Article\",\"@id\":\"https:\\\/\\\/www.letsportsrock.com\\\/?p=39482#article\",\"isPartOf\":{\"@id\":\"https:\\\/\\\/www.letsportsrock.com\\\/?p=39482\"},\"author\":{\"name\":\"Paul Hembaor\",\"@id\":\"https:\\\/\\\/www.letsportsrock.com\\\/#\\\/schema\\\/person\\\/97aa0f336f5a3ca15a8ec7d78846f045\"},\"headline\":\"CFR este c\u00e2\u0219tig\u0103toarea Cupei Rom\u00e2niei \u0219i merge \u00een Europa League. Mai cer fanii \u00eenlocuirea lui Petrescu?&#8230;..\",\"datePublished\":\"2025-05-14T23:09:40+00:00\",\"mainEntityOfPage\":{\"@id\":\"https:\\\/\\\/www.letsportsrock.com\\\/?p=39482\"},\"wordCount\":253,\"commentCount\":0,\"image\":{\"@id\":\"https:\\\/\\\/www.letsportsrock.com\\\/?p=39482#primaryimage\"},\"thumbnailUrl\":\"https:\\\/\\\/www.letsportsrock.com\\\/wp-content\\\/uploads\\\/2025\\\/05\\\/images-8-3.jpeg\",\"keywords\":[\"CFR I\u0218TII\"],\"inLanguage\":\"en-US\",\"potentialAction\":[{\"@type\":\"CommentAction\",\"name\":\"Comment\",\"target\":[\"https:\\\/\\\/www.letsportsrock.com\\\/?p=39482#respond\"]}]},{\"@type\":\"WebPage\",\"@id\":\"https:\\\/\\\/www.letsportsrock.com\\\/?p=39482\",\"url\":\"https:\\\/\\\/www.letsportsrock.com\\\/?p=39482\",\"name\":\"CFR este c\u00e2\u0219tig\u0103toarea Cupei Rom\u00e2niei \u0219i merge \u00een Europa League. Mai cer fanii \u00eenlocuirea lui Petrescu?.....\",\"isPartOf\":{\"@id\":\"https:\\\/\\\/www.letsportsrock.com\\\/#website\"},\"primaryImageOfPage\":{\"@id\":\"https:\\\/\\\/www.letsportsrock.com\\\/?p=39482#primaryimage\"},\"image\":{\"@id\":\"https:\\\/\\\/www.letsportsrock.com\\\/?p=39482#primaryimage\"},\"thumbnailUrl\":\"https:\\\/\\\/www.letsportsrock.com\\\/wp-content\\\/uploads\\\/2025\\\/05\\\/images-8-3.jpeg\",\"datePublished\":\"2025-05-14T23:09:40+00:00\",\"author\":{\"@id\":\"https:\\\/\\\/www.letsportsrock.com\\\/#\\\/schema\\\/person\\\/97aa0f336f5a3ca15a8ec7d78846f045\"},\"description\":\"CFR este c\u00e2\u0219tig\u0103toarea Cupei Rom\u00e2niei \u0219i merge \u00een Europa League. Mai cer fanii \u00eenlocuirea lui Petrescu?.....\",\"breadcrumb\":{\"@id\":\"https:\\\/\\\/www.letsportsrock.com\\\/?p=39482#breadcrumb\"},\"inLanguage\":\"en-US\",\"potentialAction\":[{\"@type\":\"ReadAction\",\"target\":[\"https:\\\/\\\/www.letsportsrock.com\\\/?p=39482\"]}]},{\"@type\":\"ImageObject\",\"inLanguage\":\"en-US\",\"@id\":\"https:\\\/\\\/www.letsportsrock.com\\\/?p=39482#primaryimage\",\"url\":\"https:\\\/\\\/www.letsportsrock.com\\\/wp-content\\\/uploads\\\/2025\\\/05\\\/images-8-3.jpeg\",\"contentUrl\":\"https:\\\/\\\/www.letsportsrock.com\\\/wp-content\\\/uploads\\\/2025\\\/05\\\/images-8-3.jpeg\",\"width\":679,\"height\":452},{\"@type\":\"BreadcrumbList\",\"@id\":\"https:\\\/\\\/www.letsportsrock.com\\\/?p=39482#breadcrumb\",\"itemListElement\":[{\"@type\":\"ListItem\",\"position\":1,\"name\":\"Home\",\"item\":\"https:\\\/\\\/www.letsportsrock.com\\\/\"},{\"@type\":\"ListItem\",\"position\":2,\"name\":\"CFR este c\u00e2\u0219tig\u0103toarea Cupei Rom\u00e2niei \u0219i merge \u00een Europa League. Mai cer fanii \u00eenlocuirea lui Petrescu?&#8230;..\"}]},{\"@type\":\"WebSite\",\"@id\":\"https:\\\/\\\/www.letsportsrock.com\\\/#website\",\"url\":\"https:\\\/\\\/www.letsportsrock.com\\\/\",\"name\":\"letsportsrock\",\"description\":\"Sport News and Updates\",\"potentialAction\":[{\"@type\":\"SearchAction\",\"target\":{\"@type\":\"EntryPoint\",\"urlTemplate\":\"https:\\\/\\\/www.letsportsrock.com\\\/?s={search_term_string}\"},\"query-input\":{\"@type\":\"PropertyValueSpecification\",\"valueRequired\":true,\"valueName\":\"search_term_string\"}}],\"inLanguage\":\"en-US\"},{\"@type\":\"Person\",\"@id\":\"https:\\\/\\\/www.letsportsrock.com\\\/#\\\/schema\\\/person\\\/97aa0f336f5a3ca15a8ec7d78846f045\",\"name\":\"Paul Hembaor\",\"image\":{\"@type\":\"ImageObject\",\"inLanguage\":\"en-US\",\"@id\":\"https:\\\/\\\/secure.gravatar.com\\\/avatar\\\/0574929a03c152e8ea7939c31311f9ea2fe2e06139cd71e2d6e698c217219d60?s=96&d=mm&r=g\",\"url\":\"https:\\\/\\\/secure.gravatar.com\\\/avatar\\\/0574929a03c152e8ea7939c31311f9ea2fe2e06139cd71e2d6e698c217219d60?s=96&d=mm&r=g\",\"contentUrl\":\"https:\\\/\\\/secure.gravatar.com\\\/avatar\\\/0574929a03c152e8ea7939c31311f9ea2fe2e06139cd71e2d6e698c217219d60?s=96&d=mm&r=g\",\"caption\":\"Paul Hembaor\"},\"sameAs\":[\"https:\\\/\\\/www.letsportsrock.com\\\/wp-admin\\\/\"],\"url\":\"https:\\\/\\\/www.letsportsrock.com\\\/?author=9\"}]}<\/script>\n<!-- \/ Yoast SEO plugin. -->","yoast_head_json":{"title":"CFR este c\u00e2\u0219tig\u0103toarea Cupei Rom\u00e2niei \u0219i merge \u00een Europa League. Mai cer fanii \u00eenlocuirea lui Petrescu?.....","description":"CFR este c\u00e2\u0219tig\u0103toarea Cupei Rom\u00e2niei \u0219i merge \u00een Europa League. Mai cer fanii \u00eenlocuirea lui Petrescu?.....","robots":{"index":"index","follow":"follow","max-snippet":"max-snippet:-1","max-image-preview":"max-image-preview:large","max-video-preview":"max-video-preview:-1"},"canonical":"https:\/\/www.letsportsrock.com\/?p=39482","og_locale":"en_US","og_type":"article","og_title":"CFR este c\u00e2\u0219tig\u0103toarea Cupei Rom\u00e2niei \u0219i merge \u00een Europa League. Mai cer fanii \u00eenlocuirea lui Petrescu?.....","og_description":"CFR este c\u00e2\u0219tig\u0103toarea Cupei Rom\u00e2niei \u0219i merge \u00een Europa League. Mai cer fanii \u00eenlocuirea lui Petrescu?.....","og_url":"https:\/\/www.letsportsrock.com\/?p=39482","og_site_name":"letsportsrock","article_published_time":"2025-05-14T23:09:40+00:00","og_image":[{"width":679,"height":452,"url":"https:\/\/www.letsportsrock.com\/wp-content\/uploads\/2025\/05\/images-8-3.jpeg","type":"image\/jpeg"}],"author":"Paul Hembaor","twitter_card":"summary_large_image","twitter_misc":{"Written by":"Paul Hembaor","Est. reading time":"2 minutes"},"schema":{"@context":"https:\/\/schema.org","@graph":[{"@type":"Article","@id":"https:\/\/www.letsportsrock.com\/?p=39482#article","isPartOf":{"@id":"https:\/\/www.letsportsrock.com\/?p=39482"},"author":{"name":"Paul Hembaor","@id":"https:\/\/www.letsportsrock.com\/#\/schema\/person\/97aa0f336f5a3ca15a8ec7d78846f045"},"headline":"CFR este c\u00e2\u0219tig\u0103toarea Cupei Rom\u00e2niei \u0219i merge \u00een Europa League. Mai cer fanii \u00eenlocuirea lui Petrescu?&#8230;..","datePublished":"2025-05-14T23:09:40+00:00","mainEntityOfPage":{"@id":"https:\/\/www.letsportsrock.com\/?p=39482"},"wordCount":253,"commentCount":0,"image":{"@id":"https:\/\/www.letsportsrock.com\/?p=39482#primaryimage"},"thumbnailUrl":"https:\/\/www.letsportsrock.com\/wp-content\/uploads\/2025\/05\/images-8-3.jpeg","keywords":["CFR I\u0218TII"],"inLanguage":"en-US","potentialAction":[{"@type":"CommentAction","name":"Comment","target":["https:\/\/www.letsportsrock.com\/?p=39482#respond"]}]},{"@type":"WebPage","@id":"https:\/\/www.letsportsrock.com\/?p=39482","url":"https:\/\/www.letsportsrock.com\/?p=39482","name":"CFR este c\u00e2\u0219tig\u0103toarea Cupei Rom\u00e2niei \u0219i merge \u00een Europa League. Mai cer fanii \u00eenlocuirea lui Petrescu?.....","isPartOf":{"@id":"https:\/\/www.letsportsrock.com\/#website"},"primaryImageOfPage":{"@id":"https:\/\/www.letsportsrock.com\/?p=39482#primaryimage"},"image":{"@id":"https:\/\/www.letsportsrock.com\/?p=39482#primaryimage"},"thumbnailUrl":"https:\/\/www.letsportsrock.com\/wp-content\/uploads\/2025\/05\/images-8-3.jpeg","datePublished":"2025-05-14T23:09:40+00:00","author":{"@id":"https:\/\/www.letsportsrock.com\/#\/schema\/person\/97aa0f336f5a3ca15a8ec7d78846f045"},"description":"CFR este c\u00e2\u0219tig\u0103toarea Cupei Rom\u00e2niei \u0219i merge \u00een Europa League. Mai cer fanii \u00eenlocuirea lui Petrescu?.....","breadcrumb":{"@id":"https:\/\/www.letsportsrock.com\/?p=39482#breadcrumb"},"inLanguage":"en-US","potentialAction":[{"@type":"ReadAction","target":["https:\/\/www.letsportsrock.com\/?p=39482"]}]},{"@type":"ImageObject","inLanguage":"en-US","@id":"https:\/\/www.letsportsrock.com\/?p=39482#primaryimage","url":"https:\/\/www.letsportsrock.com\/wp-content\/uploads\/2025\/05\/images-8-3.jpeg","contentUrl":"https:\/\/www.letsportsrock.com\/wp-content\/uploads\/2025\/05\/images-8-3.jpeg","width":679,"height":452},{"@type":"BreadcrumbList","@id":"https:\/\/www.letsportsrock.com\/?p=39482#breadcrumb","itemListElement":[{"@type":"ListItem","position":1,"name":"Home","item":"https:\/\/www.letsportsrock.com\/"},{"@type":"ListItem","position":2,"name":"CFR este c\u00e2\u0219tig\u0103toarea Cupei Rom\u00e2niei \u0219i merge \u00een Europa League. Mai cer fanii \u00eenlocuirea lui Petrescu?&#8230;.."}]},{"@type":"WebSite","@id":"https:\/\/www.letsportsrock.com\/#website","url":"https:\/\/www.letsportsrock.com\/","name":"letsportsrock","description":"Sport News and Updates","potentialAction":[{"@type":"SearchAction","target":{"@type":"EntryPoint","urlTemplate":"https:\/\/www.letsportsrock.com\/?s={search_term_string}"},"query-input":{"@type":"PropertyValueSpecification","valueRequired":true,"valueName":"search_term_string"}}],"inLanguage":"en-US"},{"@type":"Person","@id":"https:\/\/www.letsportsrock.com\/#\/schema\/person\/97aa0f336f5a3ca15a8ec7d78846f045","name":"Paul Hembaor","image":{"@type":"ImageObject","inLanguage":"en-US","@id":"https:\/\/secure.gravatar.com\/avatar\/0574929a03c152e8ea7939c31311f9ea2fe2e06139cd71e2d6e698c217219d60?s=96&d=mm&r=g","url":"https:\/\/secure.gravatar.com\/avatar\/0574929a03c152e8ea7939c31311f9ea2fe2e06139cd71e2d6e698c217219d60?s=96&d=mm&r=g","contentUrl":"https:\/\/secure.gravatar.com\/avatar\/0574929a03c152e8ea7939c31311f9ea2fe2e06139cd71e2d6e698c217219d60?s=96&d=mm&r=g","caption":"Paul Hembaor"},"sameAs":["https:\/\/www.letsportsrock.com\/wp-admin\/"],"url":"https:\/\/www.letsportsrock.com\/?author=9"}]}},"jetpack_featured_media_url":"https:\/\/www.letsportsrock.com\/wp-content\/uploads\/2025\/05\/images-8-3.jpeg","jetpack_sharing_enabled":true,"_links":{"self":[{"href":"https:\/\/www.letsportsrock.com\/index.php?rest_route=\/wp\/v2\/posts\/39482","targetHints":{"allow":["GET"]}}],"collection":[{"href":"https:\/\/www.letsportsrock.com\/index.php?rest_route=\/wp\/v2\/posts"}],"about":[{"href":"https:\/\/www.letsportsrock.com\/index.php?rest_route=\/wp\/v2\/types\/post"}],"author":[{"embeddable":true,"href":"https:\/\/www.letsportsrock.com\/index.php?rest_route=\/wp\/v2\/users\/9"}],"replies":[{"embeddable":true,"href":"https:\/\/www.letsportsrock.com\/index.php?rest_route=%2Fwp%2Fv2%2Fcomments&post=39482"}],"version-history":[{"count":1,"href":"https:\/\/www.letsportsrock.com\/index.php?rest_route=\/wp\/v2\/posts\/39482\/revisions"}],"predecessor-version":[{"id":39487,"href":"https:\/\/www.letsportsrock.com\/index.php?rest_route=\/wp\/v2\/posts\/39482\/revisions\/39487"}],"wp:featuredmedia":[{"embeddable":true,"href":"https:\/\/www.letsportsrock.com\/index.php?rest_route=\/wp\/v2\/media\/39484"}],"wp:attachment":[{"href":"https:\/\/www.letsportsrock.com\/index.php?rest_route=%2Fwp%2Fv2%2Fmedia&parent=39482"}],"wp:term":[{"taxonomy":"category","embeddable":true,"href":"https:\/\/www.letsportsrock.com\/index.php?rest_route=%2Fwp%2Fv2%2Fcategories&post=39482"},{"taxonomy":"post_tag","embeddable":true,"href":"https:\/\/www.letsportsrock.com\/index.php?rest_route=%2Fwp%2Fv2%2Ftags&post=39482"}],"curies":[{"name":"wp","href":"https:\/\/api.w.org\/{rel}","templated":true}]}}