{"id":39959,"date":"2025-05-17T06:36:31","date_gmt":"2025-05-17T06:36:31","guid":{"rendered":"https:\/\/www.letsportsrock.com\/?p=39959"},"modified":"2025-05-17T06:36:31","modified_gmt":"2025-05-17T06:36:31","slug":"dan-petrescu-critica-dur-liga-1-pentru-schimbarea-regulilor-dupa-ce-cfr-cluj-a-fost-pedepsita-de-doua","status":"publish","type":"post","link":"https:\/\/www.letsportsrock.com\/?p=39959","title":{"rendered":"Dan Petrescu critic\u0103 dur Liga 1 pentru schimbarea regulilor dup\u0103 ce CFR Cluj a fost pedepsit\u0103 de dou\u0103&#8230;"},"content":{"rendered":"<div class=\"d79db4796efc26332eabfc3f5dafbc76\" data-index=\"1\" style=\"float: none; margin:10px 0 10px 0; text-align:center;\">\n<div class=\"hb-ad-inarticle\">\r\n    <div class=\"hb-ad-inner\"> \r\n    <div class=\"hbagency_cls\"  id=\"hbagency_space_111930\"><\/div><\/div> <\/div>\n<\/div>\n<p>Dan Petrescu critic\u0103 dur Liga 1 pentru schimbarea regulilor dup\u0103 ce CFR Cluj a fost pedepsit\u0103 de dou\u0103&#8230;<\/p>\n<p>&nbsp;<\/p>\n<p>Dan Petrescu, antrenorul echipei CFR Cluj, a lansat o critic\u0103 vehement\u0103 la adresa Ligii 1 dup\u0103 ce forma\u021bia sa a fost sanc\u021bionat\u0103 \u00een dou\u0103 r\u00e2nduri, iar deciziile au fost \u00eenso\u021bite de schimb\u0103ri controversate ale regulamentului competi\u021biei. Petrescu a acuzat forul organizator de lips\u0103 de transparen\u021b\u0103 \u0219i incoeren\u021b\u0103, subliniind c\u0103 modific\u0103rile f\u0103cute \u201edin mers\u201d afecteaz\u0103 stabilitatea \u0219i echitatea campionatului.<\/p>\n<p><img loading=\"lazy\" decoding=\"async\" class=\"alignnone size-medium wp-image-39961\" src=\"https:\/\/www.letsportsrock.com\/wp-content\/uploads\/2025\/05\/dan-petrescu-300x168.jpg\" alt=\"\" width=\"300\" height=\"168\" srcset=\"https:\/\/www.letsportsrock.com\/wp-content\/uploads\/2025\/05\/dan-petrescu-300x168.jpg 300w, https:\/\/www.letsportsrock.com\/wp-content\/uploads\/2025\/05\/dan-petrescu.jpg 535w\" sizes=\"auto, (max-width: 300px) 100vw, 300px\" \/><\/p>\n<p>Potrivit antrenorului, schimbarea regulilor dup\u0103 ce sanc\u021biunile au fost aplicate creeaz\u0103 un precedent periculos, care poate influen\u021ba negativ moralul echipelor \u0219i \u00eencrederea \u00een sistemul competi\u021bional. \u201eNu po\u021bi s\u0103 schimbi regulile \u00een timpul jocului, asta afecteaz\u0103 toat\u0103 lumea. Dac\u0103 e\u0219ti pedepsit, s\u0103 \u0219tii clar pe ce te bazezi \u0219i s\u0103 nu se r\u0103zg\u00e2ndeasc\u0103 nimeni dup\u0103 aceea\u201d, a declarat Petrescu.<\/p>\n<p>&nbsp;<\/p>\n<p>El a explicat c\u0103 aceste decizii arbitrare au un impact direct asupra strategiei echipei, dar \u0219i asupra imaginii clubului. \u00cen opinia sa, Liga 1 ar trebui s\u0103 fie un exemplu de profesionalism, unde toate echipele respect\u0103 acelea\u0219i reguli clare \u0219i stabile. Petrescu a mai spus c\u0103 astfel de practici risc\u0103 s\u0103 \u00eendep\u0103rteze investitorii \u0219i suporterii, care caut\u0103 competi\u021bii corecte \u0219i predictibile.<\/p>\n<p>&nbsp;<\/p>\n<p>Reac\u021bia lui Dan Petrescu vine \u00eentr-un moment \u00een care Liga 1 \u00eencearc\u0103 s\u0103 gestioneze mai bine aspectele disciplinare \u0219i regulamentare, dar modul \u00een care se realizeaz\u0103 aceste ajust\u0103ri pare s\u0103 creeze mai multe probleme dec\u00e2t solu\u021bii. Antrenorul CFR-ului a \u00eencheiat spun\u00e2nd c\u0103 a\u0219teapt\u0103 o schimbare real\u0103 \u00een modul \u00een care sunt administrate competi\u021biile, astfel \u00eenc\u00e2t s\u0103 nu mai existe dubii sau controverse.<\/p>\n<p>&nbsp;<\/p>\n<p>Aceast\u0103 situa\u021bie aduce \u00een discu\u021bie nevoia unui regulament clar, aplicat constant, pentru a asigura o competi\u021bie echitabil\u0103 \u0219i transparent\u0103, \u00een care toate echipele s\u0103 aib\u0103 condi\u021bii egale, iar deciziile s\u0103 nu fie influen\u021bate de circumstan\u021be imprevizibile sau de interese schimb\u0103toare.<\/p>\n\n<div style=\"font-size: 0px; height: 0px; line-height: 0px; margin: 0; padding: 0; clear: both;\"><\/div>","protected":false},"excerpt":{"rendered":"<p>Dan Petrescu critic\u0103 dur Liga 1 pentru schimbarea regulilor dup\u0103 ce CFR Cluj a fost pedepsit\u0103 de dou\u0103&#8230; &nbsp; Dan Petrescu, antrenorul echipei CFR Cluj, a lansat o critic\u0103 vehement\u0103 la adresa Ligii 1 dup\u0103 ce forma\u021bia sa a fost sanc\u021bionat\u0103 \u00een dou\u0103 r\u00e2nduri, iar deciziile au fost \u00eenso\u021bite de schimb\u0103ri controversate ale regulamentului competi\u021biei. [&hellip;]<\/p>\n","protected":false},"author":15,"featured_media":39960,"comment_status":"open","ping_status":"open","sticky":false,"template":"","format":"standard","meta":{"_jetpack_memberships_contains_paid_content":false,"footnotes":""},"categories":[1],"tags":[640],"class_list":["post-39959","post","type-post","status-publish","format-standard","has-post-thumbnail","hentry","category-uncategorized","tag-fan-andrei-ivan"],"yoast_head":"<!-- This site is optimized with the Yoast SEO plugin v27.4 - https:\/\/yoast.com\/product\/yoast-seo-wordpress\/ -->\n<title>Dan Petrescu critic\u0103 dur Liga 1 pentru schimbarea regulilor dup\u0103<\/title>\n<meta name=\"description\" content=\"Dan Petrescu critic\u0103 dur Liga 1 pentru schimbarea regulilor dup\u0103 ce CFR Cluj a fost pedepsit\u0103 de dou\u0103..........\" \/>\n<meta name=\"robots\" content=\"index, follow, max-snippet:-1, max-image-preview:large, max-video-preview:-1\" \/>\n<link rel=\"canonical\" href=\"https:\/\/www.letsportsrock.com\/?p=39959\" \/>\n<meta property=\"og:locale\" content=\"en_US\" \/>\n<meta property=\"og:type\" content=\"article\" \/>\n<meta property=\"og:title\" content=\"Dan Petrescu critic\u0103 dur Liga 1 pentru schimbarea regulilor dup\u0103\" \/>\n<meta property=\"og:description\" content=\"Dan Petrescu critic\u0103 dur Liga 1 pentru schimbarea regulilor dup\u0103 ce CFR Cluj a fost pedepsit\u0103 de dou\u0103..........\" \/>\n<meta property=\"og:url\" content=\"https:\/\/www.letsportsrock.com\/?p=39959\" \/>\n<meta property=\"og:site_name\" content=\"letsportsrock\" \/>\n<meta property=\"article:published_time\" content=\"2025-05-17T06:36:31+00:00\" \/>\n<meta property=\"og:image\" content=\"https:\/\/www.letsportsrock.com\/wp-content\/uploads\/2025\/05\/images-75-3.jpeg\" \/>\n\t<meta property=\"og:image:width\" content=\"724\" \/>\n\t<meta property=\"og:image:height\" content=\"424\" \/>\n\t<meta property=\"og:image:type\" content=\"image\/jpeg\" \/>\n<meta name=\"author\" content=\"Amos Nabizo\" \/>\n<meta name=\"twitter:card\" content=\"summary_large_image\" \/>\n<meta name=\"twitter:label1\" content=\"Written by\" \/>\n\t<meta name=\"twitter:data1\" content=\"Amos Nabizo\" \/>\n\t<meta name=\"twitter:label2\" content=\"Est. reading time\" \/>\n\t<meta name=\"twitter:data2\" content=\"2 minutes\" \/>\n<script type=\"application\/ld+json\" class=\"yoast-schema-graph\">{\"@context\":\"https:\\\/\\\/schema.org\",\"@graph\":[{\"@type\":\"Article\",\"@id\":\"https:\\\/\\\/www.letsportsrock.com\\\/?p=39959#article\",\"isPartOf\":{\"@id\":\"https:\\\/\\\/www.letsportsrock.com\\\/?p=39959\"},\"author\":{\"name\":\"Amos Nabizo\",\"@id\":\"https:\\\/\\\/www.letsportsrock.com\\\/#\\\/schema\\\/person\\\/044479f72bdbd75f9523e745d3be6c30\"},\"headline\":\"Dan Petrescu critic\u0103 dur Liga 1 pentru schimbarea regulilor dup\u0103 ce CFR Cluj a fost pedepsit\u0103 de dou\u0103&#8230;\",\"datePublished\":\"2025-05-17T06:36:31+00:00\",\"mainEntityOfPage\":{\"@id\":\"https:\\\/\\\/www.letsportsrock.com\\\/?p=39959\"},\"wordCount\":347,\"commentCount\":0,\"image\":{\"@id\":\"https:\\\/\\\/www.letsportsrock.com\\\/?p=39959#primaryimage\"},\"thumbnailUrl\":\"https:\\\/\\\/www.letsportsrock.com\\\/wp-content\\\/uploads\\\/2025\\\/05\\\/images-75-3.jpeg\",\"keywords\":[\"Fan Andrei Ivan\"],\"inLanguage\":\"en-US\",\"potentialAction\":[{\"@type\":\"CommentAction\",\"name\":\"Comment\",\"target\":[\"https:\\\/\\\/www.letsportsrock.com\\\/?p=39959#respond\"]}]},{\"@type\":\"WebPage\",\"@id\":\"https:\\\/\\\/www.letsportsrock.com\\\/?p=39959\",\"url\":\"https:\\\/\\\/www.letsportsrock.com\\\/?p=39959\",\"name\":\"Dan Petrescu critic\u0103 dur Liga 1 pentru schimbarea regulilor dup\u0103\",\"isPartOf\":{\"@id\":\"https:\\\/\\\/www.letsportsrock.com\\\/#website\"},\"primaryImageOfPage\":{\"@id\":\"https:\\\/\\\/www.letsportsrock.com\\\/?p=39959#primaryimage\"},\"image\":{\"@id\":\"https:\\\/\\\/www.letsportsrock.com\\\/?p=39959#primaryimage\"},\"thumbnailUrl\":\"https:\\\/\\\/www.letsportsrock.com\\\/wp-content\\\/uploads\\\/2025\\\/05\\\/images-75-3.jpeg\",\"datePublished\":\"2025-05-17T06:36:31+00:00\",\"author\":{\"@id\":\"https:\\\/\\\/www.letsportsrock.com\\\/#\\\/schema\\\/person\\\/044479f72bdbd75f9523e745d3be6c30\"},\"description\":\"Dan Petrescu critic\u0103 dur Liga 1 pentru schimbarea regulilor dup\u0103 ce CFR Cluj a fost pedepsit\u0103 de dou\u0103..........\",\"breadcrumb\":{\"@id\":\"https:\\\/\\\/www.letsportsrock.com\\\/?p=39959#breadcrumb\"},\"inLanguage\":\"en-US\",\"potentialAction\":[{\"@type\":\"ReadAction\",\"target\":[\"https:\\\/\\\/www.letsportsrock.com\\\/?p=39959\"]}]},{\"@type\":\"ImageObject\",\"inLanguage\":\"en-US\",\"@id\":\"https:\\\/\\\/www.letsportsrock.com\\\/?p=39959#primaryimage\",\"url\":\"https:\\\/\\\/www.letsportsrock.com\\\/wp-content\\\/uploads\\\/2025\\\/05\\\/images-75-3.jpeg\",\"contentUrl\":\"https:\\\/\\\/www.letsportsrock.com\\\/wp-content\\\/uploads\\\/2025\\\/05\\\/images-75-3.jpeg\",\"width\":724,\"height\":424},{\"@type\":\"BreadcrumbList\",\"@id\":\"https:\\\/\\\/www.letsportsrock.com\\\/?p=39959#breadcrumb\",\"itemListElement\":[{\"@type\":\"ListItem\",\"position\":1,\"name\":\"Home\",\"item\":\"https:\\\/\\\/www.letsportsrock.com\\\/\"},{\"@type\":\"ListItem\",\"position\":2,\"name\":\"Dan Petrescu critic\u0103 dur Liga 1 pentru schimbarea regulilor dup\u0103 ce CFR Cluj a fost pedepsit\u0103 de dou\u0103&#8230;\"}]},{\"@type\":\"WebSite\",\"@id\":\"https:\\\/\\\/www.letsportsrock.com\\\/#website\",\"url\":\"https:\\\/\\\/www.letsportsrock.com\\\/\",\"name\":\"letsportsrock\",\"description\":\"Sport News and Updates\",\"potentialAction\":[{\"@type\":\"SearchAction\",\"target\":{\"@type\":\"EntryPoint\",\"urlTemplate\":\"https:\\\/\\\/www.letsportsrock.com\\\/?s={search_term_string}\"},\"query-input\":{\"@type\":\"PropertyValueSpecification\",\"valueRequired\":true,\"valueName\":\"search_term_string\"}}],\"inLanguage\":\"en-US\"},{\"@type\":\"Person\",\"@id\":\"https:\\\/\\\/www.letsportsrock.com\\\/#\\\/schema\\\/person\\\/044479f72bdbd75f9523e745d3be6c30\",\"name\":\"Amos Nabizo\",\"image\":{\"@type\":\"ImageObject\",\"inLanguage\":\"en-US\",\"@id\":\"https:\\\/\\\/secure.gravatar.com\\\/avatar\\\/d569857c07d3899c6ca842ffea32daa1672c05549833530fe37e68ae7b521ba4?s=96&d=mm&r=g\",\"url\":\"https:\\\/\\\/secure.gravatar.com\\\/avatar\\\/d569857c07d3899c6ca842ffea32daa1672c05549833530fe37e68ae7b521ba4?s=96&d=mm&r=g\",\"contentUrl\":\"https:\\\/\\\/secure.gravatar.com\\\/avatar\\\/d569857c07d3899c6ca842ffea32daa1672c05549833530fe37e68ae7b521ba4?s=96&d=mm&r=g\",\"caption\":\"Amos Nabizo\"},\"sameAs\":[\"https:\\\/\\\/www.letsportsrock.com\\\/wp-admin\\\/\"],\"url\":\"https:\\\/\\\/www.letsportsrock.com\\\/?author=15\"}]}<\/script>\n<!-- \/ Yoast SEO plugin. -->","yoast_head_json":{"title":"Dan Petrescu critic\u0103 dur Liga 1 pentru schimbarea regulilor dup\u0103","description":"Dan Petrescu critic\u0103 dur Liga 1 pentru schimbarea regulilor dup\u0103 ce CFR Cluj a fost pedepsit\u0103 de dou\u0103..........","robots":{"index":"index","follow":"follow","max-snippet":"max-snippet:-1","max-image-preview":"max-image-preview:large","max-video-preview":"max-video-preview:-1"},"canonical":"https:\/\/www.letsportsrock.com\/?p=39959","og_locale":"en_US","og_type":"article","og_title":"Dan Petrescu critic\u0103 dur Liga 1 pentru schimbarea regulilor dup\u0103","og_description":"Dan Petrescu critic\u0103 dur Liga 1 pentru schimbarea regulilor dup\u0103 ce CFR Cluj a fost pedepsit\u0103 de dou\u0103..........","og_url":"https:\/\/www.letsportsrock.com\/?p=39959","og_site_name":"letsportsrock","article_published_time":"2025-05-17T06:36:31+00:00","og_image":[{"width":724,"height":424,"url":"https:\/\/www.letsportsrock.com\/wp-content\/uploads\/2025\/05\/images-75-3.jpeg","type":"image\/jpeg"}],"author":"Amos Nabizo","twitter_card":"summary_large_image","twitter_misc":{"Written by":"Amos Nabizo","Est. reading time":"2 minutes"},"schema":{"@context":"https:\/\/schema.org","@graph":[{"@type":"Article","@id":"https:\/\/www.letsportsrock.com\/?p=39959#article","isPartOf":{"@id":"https:\/\/www.letsportsrock.com\/?p=39959"},"author":{"name":"Amos Nabizo","@id":"https:\/\/www.letsportsrock.com\/#\/schema\/person\/044479f72bdbd75f9523e745d3be6c30"},"headline":"Dan Petrescu critic\u0103 dur Liga 1 pentru schimbarea regulilor dup\u0103 ce CFR Cluj a fost pedepsit\u0103 de dou\u0103&#8230;","datePublished":"2025-05-17T06:36:31+00:00","mainEntityOfPage":{"@id":"https:\/\/www.letsportsrock.com\/?p=39959"},"wordCount":347,"commentCount":0,"image":{"@id":"https:\/\/www.letsportsrock.com\/?p=39959#primaryimage"},"thumbnailUrl":"https:\/\/www.letsportsrock.com\/wp-content\/uploads\/2025\/05\/images-75-3.jpeg","keywords":["Fan Andrei Ivan"],"inLanguage":"en-US","potentialAction":[{"@type":"CommentAction","name":"Comment","target":["https:\/\/www.letsportsrock.com\/?p=39959#respond"]}]},{"@type":"WebPage","@id":"https:\/\/www.letsportsrock.com\/?p=39959","url":"https:\/\/www.letsportsrock.com\/?p=39959","name":"Dan Petrescu critic\u0103 dur Liga 1 pentru schimbarea regulilor dup\u0103","isPartOf":{"@id":"https:\/\/www.letsportsrock.com\/#website"},"primaryImageOfPage":{"@id":"https:\/\/www.letsportsrock.com\/?p=39959#primaryimage"},"image":{"@id":"https:\/\/www.letsportsrock.com\/?p=39959#primaryimage"},"thumbnailUrl":"https:\/\/www.letsportsrock.com\/wp-content\/uploads\/2025\/05\/images-75-3.jpeg","datePublished":"2025-05-17T06:36:31+00:00","author":{"@id":"https:\/\/www.letsportsrock.com\/#\/schema\/person\/044479f72bdbd75f9523e745d3be6c30"},"description":"Dan Petrescu critic\u0103 dur Liga 1 pentru schimbarea regulilor dup\u0103 ce CFR Cluj a fost pedepsit\u0103 de dou\u0103..........","breadcrumb":{"@id":"https:\/\/www.letsportsrock.com\/?p=39959#breadcrumb"},"inLanguage":"en-US","potentialAction":[{"@type":"ReadAction","target":["https:\/\/www.letsportsrock.com\/?p=39959"]}]},{"@type":"ImageObject","inLanguage":"en-US","@id":"https:\/\/www.letsportsrock.com\/?p=39959#primaryimage","url":"https:\/\/www.letsportsrock.com\/wp-content\/uploads\/2025\/05\/images-75-3.jpeg","contentUrl":"https:\/\/www.letsportsrock.com\/wp-content\/uploads\/2025\/05\/images-75-3.jpeg","width":724,"height":424},{"@type":"BreadcrumbList","@id":"https:\/\/www.letsportsrock.com\/?p=39959#breadcrumb","itemListElement":[{"@type":"ListItem","position":1,"name":"Home","item":"https:\/\/www.letsportsrock.com\/"},{"@type":"ListItem","position":2,"name":"Dan Petrescu critic\u0103 dur Liga 1 pentru schimbarea regulilor dup\u0103 ce CFR Cluj a fost pedepsit\u0103 de dou\u0103&#8230;"}]},{"@type":"WebSite","@id":"https:\/\/www.letsportsrock.com\/#website","url":"https:\/\/www.letsportsrock.com\/","name":"letsportsrock","description":"Sport News and Updates","potentialAction":[{"@type":"SearchAction","target":{"@type":"EntryPoint","urlTemplate":"https:\/\/www.letsportsrock.com\/?s={search_term_string}"},"query-input":{"@type":"PropertyValueSpecification","valueRequired":true,"valueName":"search_term_string"}}],"inLanguage":"en-US"},{"@type":"Person","@id":"https:\/\/www.letsportsrock.com\/#\/schema\/person\/044479f72bdbd75f9523e745d3be6c30","name":"Amos Nabizo","image":{"@type":"ImageObject","inLanguage":"en-US","@id":"https:\/\/secure.gravatar.com\/avatar\/d569857c07d3899c6ca842ffea32daa1672c05549833530fe37e68ae7b521ba4?s=96&d=mm&r=g","url":"https:\/\/secure.gravatar.com\/avatar\/d569857c07d3899c6ca842ffea32daa1672c05549833530fe37e68ae7b521ba4?s=96&d=mm&r=g","contentUrl":"https:\/\/secure.gravatar.com\/avatar\/d569857c07d3899c6ca842ffea32daa1672c05549833530fe37e68ae7b521ba4?s=96&d=mm&r=g","caption":"Amos Nabizo"},"sameAs":["https:\/\/www.letsportsrock.com\/wp-admin\/"],"url":"https:\/\/www.letsportsrock.com\/?author=15"}]}},"jetpack_featured_media_url":"https:\/\/www.letsportsrock.com\/wp-content\/uploads\/2025\/05\/images-75-3.jpeg","jetpack_sharing_enabled":true,"_links":{"self":[{"href":"https:\/\/www.letsportsrock.com\/index.php?rest_route=\/wp\/v2\/posts\/39959","targetHints":{"allow":["GET"]}}],"collection":[{"href":"https:\/\/www.letsportsrock.com\/index.php?rest_route=\/wp\/v2\/posts"}],"about":[{"href":"https:\/\/www.letsportsrock.com\/index.php?rest_route=\/wp\/v2\/types\/post"}],"author":[{"embeddable":true,"href":"https:\/\/www.letsportsrock.com\/index.php?rest_route=\/wp\/v2\/users\/15"}],"replies":[{"embeddable":true,"href":"https:\/\/www.letsportsrock.com\/index.php?rest_route=%2Fwp%2Fv2%2Fcomments&post=39959"}],"version-history":[{"count":1,"href":"https:\/\/www.letsportsrock.com\/index.php?rest_route=\/wp\/v2\/posts\/39959\/revisions"}],"predecessor-version":[{"id":39962,"href":"https:\/\/www.letsportsrock.com\/index.php?rest_route=\/wp\/v2\/posts\/39959\/revisions\/39962"}],"wp:featuredmedia":[{"embeddable":true,"href":"https:\/\/www.letsportsrock.com\/index.php?rest_route=\/wp\/v2\/media\/39960"}],"wp:attachment":[{"href":"https:\/\/www.letsportsrock.com\/index.php?rest_route=%2Fwp%2Fv2%2Fmedia&parent=39959"}],"wp:term":[{"taxonomy":"category","embeddable":true,"href":"https:\/\/www.letsportsrock.com\/index.php?rest_route=%2Fwp%2Fv2%2Fcategories&post=39959"},{"taxonomy":"post_tag","embeddable":true,"href":"https:\/\/www.letsportsrock.com\/index.php?rest_route=%2Fwp%2Fv2%2Ftags&post=39959"}],"curies":[{"name":"wp","href":"https:\/\/api.w.org\/{rel}","templated":true}]}}