{"id":39967,"date":"2025-05-17T06:48:38","date_gmt":"2025-05-17T06:48:38","guid":{"rendered":"https:\/\/www.letsportsrock.com\/?p=39967"},"modified":"2025-05-17T06:48:38","modified_gmt":"2025-05-17T06:48:38","slug":"antrenorul-cfr-ului-ia-in-calcul-o-retragere-temporara-din-fotbal","status":"publish","type":"post","link":"https:\/\/www.letsportsrock.com\/?p=39967","title":{"rendered":"Antrenorul CFR-ului ia \u00een calcul o retragere temporar\u0103 din fotbal&#8230;"},"content":{"rendered":"<div class=\"d79db4796efc26332eabfc3f5dafbc76\" data-index=\"1\" style=\"float: none; margin:10px 0 10px 0; text-align:center;\">\n<div class=\"hb-ad-inarticle\">\r\n    <div class=\"hb-ad-inner\"> \r\n    <div class=\"hbagency_cls\"  id=\"hbagency_space_111930\"><\/div><\/div> <\/div>\n<\/div>\n<p>Antrenorul CFR-ului ia \u00een calcul o retragere temporar\u0103 din fotbal&#8230;<\/p>\n<p>&nbsp;<\/p>\n<p>Antrenorul CFR Cluj, una dintre figurile marcante ale fotbalului rom\u00e2nesc, a surprins recent lumea sportului prin declara\u021biile sale privind o posibil\u0103 retragere temporar\u0103 din antrenorat. Dup\u0103 o perioad\u0103 intens\u0103 \u0219i plin\u0103 de provoc\u0103ri, tehnicianul reflecteaz\u0103 serios asupra viitorului s\u0103u profesional, lu\u00e2nd \u00een calcul o pauz\u0103 necesar\u0103 pentru a-\u0219i re\u00eenc\u0103rca bateriile \u0219i a reveni cu for\u021be proaspete.<\/p>\n<p><img loading=\"lazy\" decoding=\"async\" class=\"alignnone size-medium wp-image-39969\" src=\"https:\/\/www.letsportsrock.com\/wp-content\/uploads\/2025\/05\/images-78-2-300x211.jpeg\" alt=\"\" width=\"300\" height=\"211\" srcset=\"https:\/\/www.letsportsrock.com\/wp-content\/uploads\/2025\/05\/images-78-2-300x211.jpeg 300w, https:\/\/www.letsportsrock.com\/wp-content\/uploads\/2025\/05\/images-78-2.jpeg 661w\" sizes=\"auto, (max-width: 300px) 100vw, 300px\" \/><\/p>\n<p>Motivul principal invocat de antrenor este legat de presiunea constant\u0103 \u0219i de stresul care vin odat\u0103 cu pozi\u021bia de lider al unei echipe de top \u00een Liga 1. CFR Cluj, cunoscut\u0103 pentru ambi\u021biile sale ridicate \u0219i pentru a\u0219tept\u0103rile uria\u0219e ale suporterilor \u0219i conducerii, solicit\u0103 un efort continuu \u0219i o implicare total\u0103, care pot deveni cople\u0219itoare pe termen lung. Antrenorul a m\u0103rturisit c\u0103 aceast\u0103 decizie nu este una u\u0219oar\u0103, \u00eens\u0103 simte nevoia de a se deta\u0219a temporar de activitatea zilnic\u0103 pentru a-\u0219i reg\u0103si echilibrul personal \u0219i profesional.<\/p>\n<p>&nbsp;<\/p>\n<p>De asemenea, programul \u00eenc\u0103rcat, numeroasele deplas\u0103ri \u0219i preg\u0103tirile intense pot afecta at\u00e2t s\u0103n\u0103tatea fizic\u0103, c\u00e2t \u0219i pe cea mental\u0103. Retragerea temporar\u0103 ar putea oferi cadrul ideal pentru refacere \u0219i pentru explorarea unor alte interese sau proiecte legate de fotbal, dar dintr-o perspectiv\u0103 mai relaxat\u0103. Tehnicianul nu exclude posibilitatea de a reveni \u00een antrenorat, dar \u00ee\u0219i dore\u0219te ca atunci c\u00e2nd se va \u00eentoarce, s\u0103 o fac\u0103 cu o motiva\u021bie \u0219i o energie re\u00eennoite.<\/p>\n<p>&nbsp;<\/p>\n<p>Reac\u021biile fanilor \u0219i ale juc\u0103torilor au fost mixte. Mul\u021bi dintre suporteri sunt \u00eengrijora\u021bi de un eventual vid \u00een conducerea tehnic\u0103 a echipei, mai ales \u00eentr-un moment \u00een care CFR Cluj se afl\u0103 \u00eentr-o faz\u0103 competitiv\u0103 important\u0103. \u00cen schimb, colegii din lumea fotbalului \u00een\u021beleg \u0219i sus\u021bin decizia antrenorului, recunosc\u00e2nd c\u00e2t de solicitant\u0103 este aceast\u0103 meserie \u0219i c\u00e2t de important\u0103 este s\u0103n\u0103tatea psihic\u0103 a oric\u0103rui antrenor.<\/p>\n<p>&nbsp;<\/p>\n<p>\u00cen concluzie, retragerea temporar\u0103 din fotbal a antrenorului CFR-ului reflect\u0103 o realitate din ce \u00een ce mai prezent\u0103 \u00een lumea sportului modern: nevoia de echilibru \u00eentre performan\u021b\u0103 \u0219i bun\u0103stare personal\u0103. Aceast\u0103 pauz\u0103 poate fi un prilej de reflec\u021bie profund\u0103, care s\u0103 duc\u0103 la o revenire mai puternic\u0103 \u0219i mai inspirat\u0103, spre beneficiul echipei \u0219i al \u00eentregii comunit\u0103\u021bi fotbalistice.<\/p>\n\n<div style=\"font-size: 0px; height: 0px; line-height: 0px; margin: 0; padding: 0; clear: both;\"><\/div>","protected":false},"excerpt":{"rendered":"<p>Antrenorul CFR-ului ia \u00een calcul o retragere temporar\u0103 din fotbal&#8230; &nbsp; Antrenorul CFR Cluj, una dintre figurile marcante ale fotbalului rom\u00e2nesc, a surprins recent lumea sportului prin declara\u021biile sale privind o posibil\u0103 retragere temporar\u0103 din antrenorat. Dup\u0103 o perioad\u0103 intens\u0103 \u0219i plin\u0103 de provoc\u0103ri, tehnicianul reflecteaz\u0103 serios asupra viitorului s\u0103u profesional, lu\u00e2nd \u00een calcul o [&hellip;]<\/p>\n","protected":false},"author":15,"featured_media":39968,"comment_status":"open","ping_status":"open","sticky":false,"template":"","format":"standard","meta":{"_jetpack_memberships_contains_paid_content":false,"footnotes":""},"categories":[1],"tags":[640],"class_list":["post-39967","post","type-post","status-publish","format-standard","has-post-thumbnail","hentry","category-uncategorized","tag-fan-andrei-ivan"],"yoast_head":"<!-- This site is optimized with the Yoast SEO plugin v27.4 - https:\/\/yoast.com\/product\/yoast-seo-wordpress\/ -->\n<title>Antrenorul CFR-ului ia \u00een calcul o retragere temporar\u0103 din fotbal... - letsportsrock<\/title>\n<meta name=\"description\" content=\"Antrenorul CFR-ului ia \u00een calcul o retragere temporar\u0103 din fotbal......................................................................\" \/>\n<meta name=\"robots\" content=\"index, follow, max-snippet:-1, max-image-preview:large, max-video-preview:-1\" \/>\n<link rel=\"canonical\" href=\"https:\/\/www.letsportsrock.com\/?p=39967\" \/>\n<meta property=\"og:locale\" content=\"en_US\" \/>\n<meta property=\"og:type\" content=\"article\" \/>\n<meta property=\"og:title\" content=\"Antrenorul CFR-ului ia \u00een calcul o retragere temporar\u0103 din fotbal... - letsportsrock\" \/>\n<meta property=\"og:description\" content=\"Antrenorul CFR-ului ia \u00een calcul o retragere temporar\u0103 din fotbal......................................................................\" \/>\n<meta property=\"og:url\" content=\"https:\/\/www.letsportsrock.com\/?p=39967\" \/>\n<meta property=\"og:site_name\" content=\"letsportsrock\" \/>\n<meta property=\"article:published_time\" content=\"2025-05-17T06:48:38+00:00\" \/>\n<meta property=\"og:image\" content=\"https:\/\/www.letsportsrock.com\/wp-content\/uploads\/2025\/05\/images-77-3.jpeg\" \/>\n\t<meta property=\"og:image:width\" content=\"679\" \/>\n\t<meta property=\"og:image:height\" content=\"452\" \/>\n\t<meta property=\"og:image:type\" content=\"image\/jpeg\" \/>\n<meta name=\"author\" content=\"Amos Nabizo\" \/>\n<meta name=\"twitter:card\" content=\"summary_large_image\" \/>\n<meta name=\"twitter:label1\" content=\"Written by\" \/>\n\t<meta name=\"twitter:data1\" content=\"Amos Nabizo\" \/>\n\t<meta name=\"twitter:label2\" content=\"Est. reading time\" \/>\n\t<meta name=\"twitter:data2\" content=\"2 minutes\" \/>\n<script type=\"application\/ld+json\" class=\"yoast-schema-graph\">{\"@context\":\"https:\\\/\\\/schema.org\",\"@graph\":[{\"@type\":\"Article\",\"@id\":\"https:\\\/\\\/www.letsportsrock.com\\\/?p=39967#article\",\"isPartOf\":{\"@id\":\"https:\\\/\\\/www.letsportsrock.com\\\/?p=39967\"},\"author\":{\"name\":\"Amos Nabizo\",\"@id\":\"https:\\\/\\\/www.letsportsrock.com\\\/#\\\/schema\\\/person\\\/044479f72bdbd75f9523e745d3be6c30\"},\"headline\":\"Antrenorul CFR-ului ia \u00een calcul o retragere temporar\u0103 din fotbal&#8230;\",\"datePublished\":\"2025-05-17T06:48:38+00:00\",\"mainEntityOfPage\":{\"@id\":\"https:\\\/\\\/www.letsportsrock.com\\\/?p=39967\"},\"wordCount\":405,\"commentCount\":0,\"image\":{\"@id\":\"https:\\\/\\\/www.letsportsrock.com\\\/?p=39967#primaryimage\"},\"thumbnailUrl\":\"https:\\\/\\\/www.letsportsrock.com\\\/wp-content\\\/uploads\\\/2025\\\/05\\\/images-77-3.jpeg\",\"keywords\":[\"Fan Andrei Ivan\"],\"inLanguage\":\"en-US\",\"potentialAction\":[{\"@type\":\"CommentAction\",\"name\":\"Comment\",\"target\":[\"https:\\\/\\\/www.letsportsrock.com\\\/?p=39967#respond\"]}]},{\"@type\":\"WebPage\",\"@id\":\"https:\\\/\\\/www.letsportsrock.com\\\/?p=39967\",\"url\":\"https:\\\/\\\/www.letsportsrock.com\\\/?p=39967\",\"name\":\"Antrenorul CFR-ului ia \u00een calcul o retragere temporar\u0103 din fotbal... - letsportsrock\",\"isPartOf\":{\"@id\":\"https:\\\/\\\/www.letsportsrock.com\\\/#website\"},\"primaryImageOfPage\":{\"@id\":\"https:\\\/\\\/www.letsportsrock.com\\\/?p=39967#primaryimage\"},\"image\":{\"@id\":\"https:\\\/\\\/www.letsportsrock.com\\\/?p=39967#primaryimage\"},\"thumbnailUrl\":\"https:\\\/\\\/www.letsportsrock.com\\\/wp-content\\\/uploads\\\/2025\\\/05\\\/images-77-3.jpeg\",\"datePublished\":\"2025-05-17T06:48:38+00:00\",\"author\":{\"@id\":\"https:\\\/\\\/www.letsportsrock.com\\\/#\\\/schema\\\/person\\\/044479f72bdbd75f9523e745d3be6c30\"},\"description\":\"Antrenorul CFR-ului ia \u00een calcul o retragere temporar\u0103 din fotbal......................................................................\",\"breadcrumb\":{\"@id\":\"https:\\\/\\\/www.letsportsrock.com\\\/?p=39967#breadcrumb\"},\"inLanguage\":\"en-US\",\"potentialAction\":[{\"@type\":\"ReadAction\",\"target\":[\"https:\\\/\\\/www.letsportsrock.com\\\/?p=39967\"]}]},{\"@type\":\"ImageObject\",\"inLanguage\":\"en-US\",\"@id\":\"https:\\\/\\\/www.letsportsrock.com\\\/?p=39967#primaryimage\",\"url\":\"https:\\\/\\\/www.letsportsrock.com\\\/wp-content\\\/uploads\\\/2025\\\/05\\\/images-77-3.jpeg\",\"contentUrl\":\"https:\\\/\\\/www.letsportsrock.com\\\/wp-content\\\/uploads\\\/2025\\\/05\\\/images-77-3.jpeg\",\"width\":679,\"height\":452},{\"@type\":\"BreadcrumbList\",\"@id\":\"https:\\\/\\\/www.letsportsrock.com\\\/?p=39967#breadcrumb\",\"itemListElement\":[{\"@type\":\"ListItem\",\"position\":1,\"name\":\"Home\",\"item\":\"https:\\\/\\\/www.letsportsrock.com\\\/\"},{\"@type\":\"ListItem\",\"position\":2,\"name\":\"Antrenorul CFR-ului ia \u00een calcul o retragere temporar\u0103 din fotbal&#8230;\"}]},{\"@type\":\"WebSite\",\"@id\":\"https:\\\/\\\/www.letsportsrock.com\\\/#website\",\"url\":\"https:\\\/\\\/www.letsportsrock.com\\\/\",\"name\":\"letsportsrock\",\"description\":\"Sport News and Updates\",\"potentialAction\":[{\"@type\":\"SearchAction\",\"target\":{\"@type\":\"EntryPoint\",\"urlTemplate\":\"https:\\\/\\\/www.letsportsrock.com\\\/?s={search_term_string}\"},\"query-input\":{\"@type\":\"PropertyValueSpecification\",\"valueRequired\":true,\"valueName\":\"search_term_string\"}}],\"inLanguage\":\"en-US\"},{\"@type\":\"Person\",\"@id\":\"https:\\\/\\\/www.letsportsrock.com\\\/#\\\/schema\\\/person\\\/044479f72bdbd75f9523e745d3be6c30\",\"name\":\"Amos Nabizo\",\"image\":{\"@type\":\"ImageObject\",\"inLanguage\":\"en-US\",\"@id\":\"https:\\\/\\\/secure.gravatar.com\\\/avatar\\\/d569857c07d3899c6ca842ffea32daa1672c05549833530fe37e68ae7b521ba4?s=96&d=mm&r=g\",\"url\":\"https:\\\/\\\/secure.gravatar.com\\\/avatar\\\/d569857c07d3899c6ca842ffea32daa1672c05549833530fe37e68ae7b521ba4?s=96&d=mm&r=g\",\"contentUrl\":\"https:\\\/\\\/secure.gravatar.com\\\/avatar\\\/d569857c07d3899c6ca842ffea32daa1672c05549833530fe37e68ae7b521ba4?s=96&d=mm&r=g\",\"caption\":\"Amos Nabizo\"},\"sameAs\":[\"https:\\\/\\\/www.letsportsrock.com\\\/wp-admin\\\/\"],\"url\":\"https:\\\/\\\/www.letsportsrock.com\\\/?author=15\"}]}<\/script>\n<!-- \/ Yoast SEO plugin. -->","yoast_head_json":{"title":"Antrenorul CFR-ului ia \u00een calcul o retragere temporar\u0103 din fotbal... - letsportsrock","description":"Antrenorul CFR-ului ia \u00een calcul o retragere temporar\u0103 din fotbal......................................................................","robots":{"index":"index","follow":"follow","max-snippet":"max-snippet:-1","max-image-preview":"max-image-preview:large","max-video-preview":"max-video-preview:-1"},"canonical":"https:\/\/www.letsportsrock.com\/?p=39967","og_locale":"en_US","og_type":"article","og_title":"Antrenorul CFR-ului ia \u00een calcul o retragere temporar\u0103 din fotbal... - letsportsrock","og_description":"Antrenorul CFR-ului ia \u00een calcul o retragere temporar\u0103 din fotbal......................................................................","og_url":"https:\/\/www.letsportsrock.com\/?p=39967","og_site_name":"letsportsrock","article_published_time":"2025-05-17T06:48:38+00:00","og_image":[{"width":679,"height":452,"url":"https:\/\/www.letsportsrock.com\/wp-content\/uploads\/2025\/05\/images-77-3.jpeg","type":"image\/jpeg"}],"author":"Amos Nabizo","twitter_card":"summary_large_image","twitter_misc":{"Written by":"Amos Nabizo","Est. reading time":"2 minutes"},"schema":{"@context":"https:\/\/schema.org","@graph":[{"@type":"Article","@id":"https:\/\/www.letsportsrock.com\/?p=39967#article","isPartOf":{"@id":"https:\/\/www.letsportsrock.com\/?p=39967"},"author":{"name":"Amos Nabizo","@id":"https:\/\/www.letsportsrock.com\/#\/schema\/person\/044479f72bdbd75f9523e745d3be6c30"},"headline":"Antrenorul CFR-ului ia \u00een calcul o retragere temporar\u0103 din fotbal&#8230;","datePublished":"2025-05-17T06:48:38+00:00","mainEntityOfPage":{"@id":"https:\/\/www.letsportsrock.com\/?p=39967"},"wordCount":405,"commentCount":0,"image":{"@id":"https:\/\/www.letsportsrock.com\/?p=39967#primaryimage"},"thumbnailUrl":"https:\/\/www.letsportsrock.com\/wp-content\/uploads\/2025\/05\/images-77-3.jpeg","keywords":["Fan Andrei Ivan"],"inLanguage":"en-US","potentialAction":[{"@type":"CommentAction","name":"Comment","target":["https:\/\/www.letsportsrock.com\/?p=39967#respond"]}]},{"@type":"WebPage","@id":"https:\/\/www.letsportsrock.com\/?p=39967","url":"https:\/\/www.letsportsrock.com\/?p=39967","name":"Antrenorul CFR-ului ia \u00een calcul o retragere temporar\u0103 din fotbal... - letsportsrock","isPartOf":{"@id":"https:\/\/www.letsportsrock.com\/#website"},"primaryImageOfPage":{"@id":"https:\/\/www.letsportsrock.com\/?p=39967#primaryimage"},"image":{"@id":"https:\/\/www.letsportsrock.com\/?p=39967#primaryimage"},"thumbnailUrl":"https:\/\/www.letsportsrock.com\/wp-content\/uploads\/2025\/05\/images-77-3.jpeg","datePublished":"2025-05-17T06:48:38+00:00","author":{"@id":"https:\/\/www.letsportsrock.com\/#\/schema\/person\/044479f72bdbd75f9523e745d3be6c30"},"description":"Antrenorul CFR-ului ia \u00een calcul o retragere temporar\u0103 din fotbal......................................................................","breadcrumb":{"@id":"https:\/\/www.letsportsrock.com\/?p=39967#breadcrumb"},"inLanguage":"en-US","potentialAction":[{"@type":"ReadAction","target":["https:\/\/www.letsportsrock.com\/?p=39967"]}]},{"@type":"ImageObject","inLanguage":"en-US","@id":"https:\/\/www.letsportsrock.com\/?p=39967#primaryimage","url":"https:\/\/www.letsportsrock.com\/wp-content\/uploads\/2025\/05\/images-77-3.jpeg","contentUrl":"https:\/\/www.letsportsrock.com\/wp-content\/uploads\/2025\/05\/images-77-3.jpeg","width":679,"height":452},{"@type":"BreadcrumbList","@id":"https:\/\/www.letsportsrock.com\/?p=39967#breadcrumb","itemListElement":[{"@type":"ListItem","position":1,"name":"Home","item":"https:\/\/www.letsportsrock.com\/"},{"@type":"ListItem","position":2,"name":"Antrenorul CFR-ului ia \u00een calcul o retragere temporar\u0103 din fotbal&#8230;"}]},{"@type":"WebSite","@id":"https:\/\/www.letsportsrock.com\/#website","url":"https:\/\/www.letsportsrock.com\/","name":"letsportsrock","description":"Sport News and Updates","potentialAction":[{"@type":"SearchAction","target":{"@type":"EntryPoint","urlTemplate":"https:\/\/www.letsportsrock.com\/?s={search_term_string}"},"query-input":{"@type":"PropertyValueSpecification","valueRequired":true,"valueName":"search_term_string"}}],"inLanguage":"en-US"},{"@type":"Person","@id":"https:\/\/www.letsportsrock.com\/#\/schema\/person\/044479f72bdbd75f9523e745d3be6c30","name":"Amos Nabizo","image":{"@type":"ImageObject","inLanguage":"en-US","@id":"https:\/\/secure.gravatar.com\/avatar\/d569857c07d3899c6ca842ffea32daa1672c05549833530fe37e68ae7b521ba4?s=96&d=mm&r=g","url":"https:\/\/secure.gravatar.com\/avatar\/d569857c07d3899c6ca842ffea32daa1672c05549833530fe37e68ae7b521ba4?s=96&d=mm&r=g","contentUrl":"https:\/\/secure.gravatar.com\/avatar\/d569857c07d3899c6ca842ffea32daa1672c05549833530fe37e68ae7b521ba4?s=96&d=mm&r=g","caption":"Amos Nabizo"},"sameAs":["https:\/\/www.letsportsrock.com\/wp-admin\/"],"url":"https:\/\/www.letsportsrock.com\/?author=15"}]}},"jetpack_featured_media_url":"https:\/\/www.letsportsrock.com\/wp-content\/uploads\/2025\/05\/images-77-3.jpeg","jetpack_sharing_enabled":true,"_links":{"self":[{"href":"https:\/\/www.letsportsrock.com\/index.php?rest_route=\/wp\/v2\/posts\/39967","targetHints":{"allow":["GET"]}}],"collection":[{"href":"https:\/\/www.letsportsrock.com\/index.php?rest_route=\/wp\/v2\/posts"}],"about":[{"href":"https:\/\/www.letsportsrock.com\/index.php?rest_route=\/wp\/v2\/types\/post"}],"author":[{"embeddable":true,"href":"https:\/\/www.letsportsrock.com\/index.php?rest_route=\/wp\/v2\/users\/15"}],"replies":[{"embeddable":true,"href":"https:\/\/www.letsportsrock.com\/index.php?rest_route=%2Fwp%2Fv2%2Fcomments&post=39967"}],"version-history":[{"count":1,"href":"https:\/\/www.letsportsrock.com\/index.php?rest_route=\/wp\/v2\/posts\/39967\/revisions"}],"predecessor-version":[{"id":39970,"href":"https:\/\/www.letsportsrock.com\/index.php?rest_route=\/wp\/v2\/posts\/39967\/revisions\/39970"}],"wp:featuredmedia":[{"embeddable":true,"href":"https:\/\/www.letsportsrock.com\/index.php?rest_route=\/wp\/v2\/media\/39968"}],"wp:attachment":[{"href":"https:\/\/www.letsportsrock.com\/index.php?rest_route=%2Fwp%2Fv2%2Fmedia&parent=39967"}],"wp:term":[{"taxonomy":"category","embeddable":true,"href":"https:\/\/www.letsportsrock.com\/index.php?rest_route=%2Fwp%2Fv2%2Fcategories&post=39967"},{"taxonomy":"post_tag","embeddable":true,"href":"https:\/\/www.letsportsrock.com\/index.php?rest_route=%2Fwp%2Fv2%2Ftags&post=39967"}],"curies":[{"name":"wp","href":"https:\/\/api.w.org\/{rel}","templated":true}]}}