{"id":39980,"date":"2025-05-17T07:41:06","date_gmt":"2025-05-17T07:41:06","guid":{"rendered":"https:\/\/www.letsportsrock.com\/?p=39980"},"modified":"2025-05-17T07:41:06","modified_gmt":"2025-05-17T07:41:06","slug":"cupa-ramane-in-ardeal-cfr-o-readuce-sus-pe-deal-la-arad-cfr-cluj-hermannstadt-3-2-in-finala","status":"publish","type":"post","link":"https:\/\/www.letsportsrock.com\/?p=39980","title":{"rendered":"Cupa r\u0103m\u00e2ne \u00een Ardeal, CFR o readuce sus pe deal! | La Arad: CFR Cluj &#8211; Hermannstadt 3-2 \u00een finala!"},"content":{"rendered":"<div class=\"d79db4796efc26332eabfc3f5dafbc76\" data-index=\"1\" style=\"float: none; margin:10px 0 10px 0; text-align:center;\">\n<div class=\"hb-ad-inarticle\">\r\n    <div class=\"hb-ad-inner\"> \r\n    <div class=\"hbagency_cls\"  id=\"hbagency_space_111930\"><\/div><\/div> <\/div>\n<\/div>\n<p>Cupa r\u0103m\u00e2ne \u00een Ardeal, CFR o readuce sus pe deal! | La Arad: CFR Cluj &#8211; Hermannstadt 3-2 \u00een finala!<\/p>\n<p>&nbsp;<\/p>\n<p>O final\u0103 de poveste la Arad, unde CFR Cluj a triumfat cu 3-2 \u00een fa\u021ba celor de la Hermannstadt, readuc\u00e2nd Cupa Rom\u00e2niei \u00een inima Ardealului. Un meci spectaculos, cu r\u0103sturn\u0103ri de situa\u021bie \u0219i emo\u021bii p\u00e2n\u0103 la ultimul fluier, \u00een care experien\u021ba \u0219i determinarea ardelenilor au f\u0103cut diferen\u021ba.<\/p>\n<p><img loading=\"lazy\" decoding=\"async\" class=\"alignnone size-medium wp-image-39982\" src=\"https:\/\/www.letsportsrock.com\/wp-content\/uploads\/2025\/05\/images-84-2-300x169.jpeg\" alt=\"\" width=\"300\" height=\"169\" srcset=\"https:\/\/www.letsportsrock.com\/wp-content\/uploads\/2025\/05\/images-84-2-300x169.jpeg 300w, https:\/\/www.letsportsrock.com\/wp-content\/uploads\/2025\/05\/images-84-2.jpeg 686w\" sizes=\"auto, (max-width: 300px) 100vw, 300px\" \/><\/p>\n<p>Clujenii au ar\u0103tat din nou c\u0103 \u0219tiu s\u0103 lupte p\u00e2n\u0103 la cap\u0103t, iar trofeul ajunge din nou \u201esus pe deal\u201d, \u00een Gruia, spre bucuria suporterilor vi\u0219inii. Cupa r\u0103m\u00e2ne \u00een Ardeal, iar CFR \u00ee\u0219i reconfirm\u0103 statutul de for\u021b\u0103 \u00een fotbalul rom\u00e2nesc.<\/p>\n\n<div style=\"font-size: 0px; height: 0px; line-height: 0px; margin: 0; padding: 0; clear: both;\"><\/div>","protected":false},"excerpt":{"rendered":"<p>Cupa r\u0103m\u00e2ne \u00een Ardeal, CFR o readuce sus pe deal! | La Arad: CFR Cluj &#8211; Hermannstadt 3-2 \u00een finala! &nbsp; O final\u0103 de poveste la Arad, unde CFR Cluj a triumfat cu 3-2 \u00een fa\u021ba celor de la Hermannstadt, readuc\u00e2nd Cupa Rom\u00e2niei \u00een inima Ardealului. Un meci spectaculos, cu r\u0103sturn\u0103ri de situa\u021bie \u0219i emo\u021bii [&hellip;]<\/p>\n","protected":false},"author":15,"featured_media":39981,"comment_status":"open","ping_status":"open","sticky":false,"template":"","format":"standard","meta":{"_jetpack_memberships_contains_paid_content":false,"footnotes":""},"categories":[1],"tags":[640],"class_list":["post-39980","post","type-post","status-publish","format-standard","has-post-thumbnail","hentry","category-uncategorized","tag-fan-andrei-ivan"],"yoast_head":"<!-- This site is optimized with the Yoast SEO plugin v27.4 - https:\/\/yoast.com\/product\/yoast-seo-wordpress\/ -->\n<title>Cupa r\u0103m\u00e2ne \u00een Ardeal, CFR o readuce sus pe deal! | La Arad: CFR<\/title>\n<meta name=\"description\" content=\"Cupa r\u0103m\u00e2ne \u00een Ardeal, CFR o readuce sus pe deal! | La Arad: CFR Cluj - Hermannstadt 3-2 \u00een finala!..............\" \/>\n<meta name=\"robots\" content=\"index, follow, max-snippet:-1, max-image-preview:large, max-video-preview:-1\" \/>\n<link rel=\"canonical\" href=\"https:\/\/www.letsportsrock.com\/?p=39980\" \/>\n<meta property=\"og:locale\" content=\"en_US\" \/>\n<meta property=\"og:type\" content=\"article\" \/>\n<meta property=\"og:title\" content=\"Cupa r\u0103m\u00e2ne \u00een Ardeal, CFR o readuce sus pe deal! | La Arad: CFR\" \/>\n<meta property=\"og:description\" content=\"Cupa r\u0103m\u00e2ne \u00een Ardeal, CFR o readuce sus pe deal! | La Arad: CFR Cluj - Hermannstadt 3-2 \u00een finala!..............\" \/>\n<meta property=\"og:url\" content=\"https:\/\/www.letsportsrock.com\/?p=39980\" \/>\n<meta property=\"og:site_name\" content=\"letsportsrock\" \/>\n<meta property=\"article:published_time\" content=\"2025-05-17T07:41:06+00:00\" \/>\n<meta property=\"og:image\" content=\"https:\/\/www.letsportsrock.com\/wp-content\/uploads\/2025\/05\/images-83-2.jpeg\" \/>\n\t<meta property=\"og:image:width\" content=\"686\" \/>\n\t<meta property=\"og:image:height\" content=\"386\" \/>\n\t<meta property=\"og:image:type\" content=\"image\/jpeg\" \/>\n<meta name=\"author\" content=\"Amos Nabizo\" \/>\n<meta name=\"twitter:card\" content=\"summary_large_image\" \/>\n<meta name=\"twitter:label1\" content=\"Written by\" \/>\n\t<meta name=\"twitter:data1\" content=\"Amos Nabizo\" \/>\n\t<meta name=\"twitter:label2\" content=\"Est. reading time\" \/>\n\t<meta name=\"twitter:data2\" content=\"1 minute\" \/>\n<script type=\"application\/ld+json\" class=\"yoast-schema-graph\">{\"@context\":\"https:\\\/\\\/schema.org\",\"@graph\":[{\"@type\":\"Article\",\"@id\":\"https:\\\/\\\/www.letsportsrock.com\\\/?p=39980#article\",\"isPartOf\":{\"@id\":\"https:\\\/\\\/www.letsportsrock.com\\\/?p=39980\"},\"author\":{\"name\":\"Amos Nabizo\",\"@id\":\"https:\\\/\\\/www.letsportsrock.com\\\/#\\\/schema\\\/person\\\/044479f72bdbd75f9523e745d3be6c30\"},\"headline\":\"Cupa r\u0103m\u00e2ne \u00een Ardeal, CFR o readuce sus pe deal! | La Arad: CFR Cluj &#8211; Hermannstadt 3-2 \u00een finala!\",\"datePublished\":\"2025-05-17T07:41:06+00:00\",\"mainEntityOfPage\":{\"@id\":\"https:\\\/\\\/www.letsportsrock.com\\\/?p=39980\"},\"wordCount\":148,\"commentCount\":0,\"image\":{\"@id\":\"https:\\\/\\\/www.letsportsrock.com\\\/?p=39980#primaryimage\"},\"thumbnailUrl\":\"https:\\\/\\\/www.letsportsrock.com\\\/wp-content\\\/uploads\\\/2025\\\/05\\\/images-83-2.jpeg\",\"keywords\":[\"Fan Andrei Ivan\"],\"inLanguage\":\"en-US\",\"potentialAction\":[{\"@type\":\"CommentAction\",\"name\":\"Comment\",\"target\":[\"https:\\\/\\\/www.letsportsrock.com\\\/?p=39980#respond\"]}]},{\"@type\":\"WebPage\",\"@id\":\"https:\\\/\\\/www.letsportsrock.com\\\/?p=39980\",\"url\":\"https:\\\/\\\/www.letsportsrock.com\\\/?p=39980\",\"name\":\"Cupa r\u0103m\u00e2ne \u00een Ardeal, CFR o readuce sus pe deal! | La Arad: CFR\",\"isPartOf\":{\"@id\":\"https:\\\/\\\/www.letsportsrock.com\\\/#website\"},\"primaryImageOfPage\":{\"@id\":\"https:\\\/\\\/www.letsportsrock.com\\\/?p=39980#primaryimage\"},\"image\":{\"@id\":\"https:\\\/\\\/www.letsportsrock.com\\\/?p=39980#primaryimage\"},\"thumbnailUrl\":\"https:\\\/\\\/www.letsportsrock.com\\\/wp-content\\\/uploads\\\/2025\\\/05\\\/images-83-2.jpeg\",\"datePublished\":\"2025-05-17T07:41:06+00:00\",\"author\":{\"@id\":\"https:\\\/\\\/www.letsportsrock.com\\\/#\\\/schema\\\/person\\\/044479f72bdbd75f9523e745d3be6c30\"},\"description\":\"Cupa r\u0103m\u00e2ne \u00een Ardeal, CFR o readuce sus pe deal! | La Arad: CFR Cluj - Hermannstadt 3-2 \u00een finala!..............\",\"breadcrumb\":{\"@id\":\"https:\\\/\\\/www.letsportsrock.com\\\/?p=39980#breadcrumb\"},\"inLanguage\":\"en-US\",\"potentialAction\":[{\"@type\":\"ReadAction\",\"target\":[\"https:\\\/\\\/www.letsportsrock.com\\\/?p=39980\"]}]},{\"@type\":\"ImageObject\",\"inLanguage\":\"en-US\",\"@id\":\"https:\\\/\\\/www.letsportsrock.com\\\/?p=39980#primaryimage\",\"url\":\"https:\\\/\\\/www.letsportsrock.com\\\/wp-content\\\/uploads\\\/2025\\\/05\\\/images-83-2.jpeg\",\"contentUrl\":\"https:\\\/\\\/www.letsportsrock.com\\\/wp-content\\\/uploads\\\/2025\\\/05\\\/images-83-2.jpeg\",\"width\":686,\"height\":386},{\"@type\":\"BreadcrumbList\",\"@id\":\"https:\\\/\\\/www.letsportsrock.com\\\/?p=39980#breadcrumb\",\"itemListElement\":[{\"@type\":\"ListItem\",\"position\":1,\"name\":\"Home\",\"item\":\"https:\\\/\\\/www.letsportsrock.com\\\/\"},{\"@type\":\"ListItem\",\"position\":2,\"name\":\"Cupa r\u0103m\u00e2ne \u00een Ardeal, CFR o readuce sus pe deal! | La Arad: CFR Cluj &#8211; Hermannstadt 3-2 \u00een finala!\"}]},{\"@type\":\"WebSite\",\"@id\":\"https:\\\/\\\/www.letsportsrock.com\\\/#website\",\"url\":\"https:\\\/\\\/www.letsportsrock.com\\\/\",\"name\":\"letsportsrock\",\"description\":\"Sport News and Updates\",\"potentialAction\":[{\"@type\":\"SearchAction\",\"target\":{\"@type\":\"EntryPoint\",\"urlTemplate\":\"https:\\\/\\\/www.letsportsrock.com\\\/?s={search_term_string}\"},\"query-input\":{\"@type\":\"PropertyValueSpecification\",\"valueRequired\":true,\"valueName\":\"search_term_string\"}}],\"inLanguage\":\"en-US\"},{\"@type\":\"Person\",\"@id\":\"https:\\\/\\\/www.letsportsrock.com\\\/#\\\/schema\\\/person\\\/044479f72bdbd75f9523e745d3be6c30\",\"name\":\"Amos Nabizo\",\"image\":{\"@type\":\"ImageObject\",\"inLanguage\":\"en-US\",\"@id\":\"https:\\\/\\\/secure.gravatar.com\\\/avatar\\\/d569857c07d3899c6ca842ffea32daa1672c05549833530fe37e68ae7b521ba4?s=96&d=mm&r=g\",\"url\":\"https:\\\/\\\/secure.gravatar.com\\\/avatar\\\/d569857c07d3899c6ca842ffea32daa1672c05549833530fe37e68ae7b521ba4?s=96&d=mm&r=g\",\"contentUrl\":\"https:\\\/\\\/secure.gravatar.com\\\/avatar\\\/d569857c07d3899c6ca842ffea32daa1672c05549833530fe37e68ae7b521ba4?s=96&d=mm&r=g\",\"caption\":\"Amos Nabizo\"},\"sameAs\":[\"https:\\\/\\\/www.letsportsrock.com\\\/wp-admin\\\/\"],\"url\":\"https:\\\/\\\/www.letsportsrock.com\\\/?author=15\"}]}<\/script>\n<!-- \/ Yoast SEO plugin. -->","yoast_head_json":{"title":"Cupa r\u0103m\u00e2ne \u00een Ardeal, CFR o readuce sus pe deal! | La Arad: CFR","description":"Cupa r\u0103m\u00e2ne \u00een Ardeal, CFR o readuce sus pe deal! | La Arad: CFR Cluj - Hermannstadt 3-2 \u00een finala!..............","robots":{"index":"index","follow":"follow","max-snippet":"max-snippet:-1","max-image-preview":"max-image-preview:large","max-video-preview":"max-video-preview:-1"},"canonical":"https:\/\/www.letsportsrock.com\/?p=39980","og_locale":"en_US","og_type":"article","og_title":"Cupa r\u0103m\u00e2ne \u00een Ardeal, CFR o readuce sus pe deal! | La Arad: CFR","og_description":"Cupa r\u0103m\u00e2ne \u00een Ardeal, CFR o readuce sus pe deal! | La Arad: CFR Cluj - Hermannstadt 3-2 \u00een finala!..............","og_url":"https:\/\/www.letsportsrock.com\/?p=39980","og_site_name":"letsportsrock","article_published_time":"2025-05-17T07:41:06+00:00","og_image":[{"width":686,"height":386,"url":"https:\/\/www.letsportsrock.com\/wp-content\/uploads\/2025\/05\/images-83-2.jpeg","type":"image\/jpeg"}],"author":"Amos Nabizo","twitter_card":"summary_large_image","twitter_misc":{"Written by":"Amos Nabizo","Est. reading time":"1 minute"},"schema":{"@context":"https:\/\/schema.org","@graph":[{"@type":"Article","@id":"https:\/\/www.letsportsrock.com\/?p=39980#article","isPartOf":{"@id":"https:\/\/www.letsportsrock.com\/?p=39980"},"author":{"name":"Amos Nabizo","@id":"https:\/\/www.letsportsrock.com\/#\/schema\/person\/044479f72bdbd75f9523e745d3be6c30"},"headline":"Cupa r\u0103m\u00e2ne \u00een Ardeal, CFR o readuce sus pe deal! | La Arad: CFR Cluj &#8211; Hermannstadt 3-2 \u00een finala!","datePublished":"2025-05-17T07:41:06+00:00","mainEntityOfPage":{"@id":"https:\/\/www.letsportsrock.com\/?p=39980"},"wordCount":148,"commentCount":0,"image":{"@id":"https:\/\/www.letsportsrock.com\/?p=39980#primaryimage"},"thumbnailUrl":"https:\/\/www.letsportsrock.com\/wp-content\/uploads\/2025\/05\/images-83-2.jpeg","keywords":["Fan Andrei Ivan"],"inLanguage":"en-US","potentialAction":[{"@type":"CommentAction","name":"Comment","target":["https:\/\/www.letsportsrock.com\/?p=39980#respond"]}]},{"@type":"WebPage","@id":"https:\/\/www.letsportsrock.com\/?p=39980","url":"https:\/\/www.letsportsrock.com\/?p=39980","name":"Cupa r\u0103m\u00e2ne \u00een Ardeal, CFR o readuce sus pe deal! | La Arad: CFR","isPartOf":{"@id":"https:\/\/www.letsportsrock.com\/#website"},"primaryImageOfPage":{"@id":"https:\/\/www.letsportsrock.com\/?p=39980#primaryimage"},"image":{"@id":"https:\/\/www.letsportsrock.com\/?p=39980#primaryimage"},"thumbnailUrl":"https:\/\/www.letsportsrock.com\/wp-content\/uploads\/2025\/05\/images-83-2.jpeg","datePublished":"2025-05-17T07:41:06+00:00","author":{"@id":"https:\/\/www.letsportsrock.com\/#\/schema\/person\/044479f72bdbd75f9523e745d3be6c30"},"description":"Cupa r\u0103m\u00e2ne \u00een Ardeal, CFR o readuce sus pe deal! | La Arad: CFR Cluj - Hermannstadt 3-2 \u00een finala!..............","breadcrumb":{"@id":"https:\/\/www.letsportsrock.com\/?p=39980#breadcrumb"},"inLanguage":"en-US","potentialAction":[{"@type":"ReadAction","target":["https:\/\/www.letsportsrock.com\/?p=39980"]}]},{"@type":"ImageObject","inLanguage":"en-US","@id":"https:\/\/www.letsportsrock.com\/?p=39980#primaryimage","url":"https:\/\/www.letsportsrock.com\/wp-content\/uploads\/2025\/05\/images-83-2.jpeg","contentUrl":"https:\/\/www.letsportsrock.com\/wp-content\/uploads\/2025\/05\/images-83-2.jpeg","width":686,"height":386},{"@type":"BreadcrumbList","@id":"https:\/\/www.letsportsrock.com\/?p=39980#breadcrumb","itemListElement":[{"@type":"ListItem","position":1,"name":"Home","item":"https:\/\/www.letsportsrock.com\/"},{"@type":"ListItem","position":2,"name":"Cupa r\u0103m\u00e2ne \u00een Ardeal, CFR o readuce sus pe deal! | La Arad: CFR Cluj &#8211; Hermannstadt 3-2 \u00een finala!"}]},{"@type":"WebSite","@id":"https:\/\/www.letsportsrock.com\/#website","url":"https:\/\/www.letsportsrock.com\/","name":"letsportsrock","description":"Sport News and Updates","potentialAction":[{"@type":"SearchAction","target":{"@type":"EntryPoint","urlTemplate":"https:\/\/www.letsportsrock.com\/?s={search_term_string}"},"query-input":{"@type":"PropertyValueSpecification","valueRequired":true,"valueName":"search_term_string"}}],"inLanguage":"en-US"},{"@type":"Person","@id":"https:\/\/www.letsportsrock.com\/#\/schema\/person\/044479f72bdbd75f9523e745d3be6c30","name":"Amos Nabizo","image":{"@type":"ImageObject","inLanguage":"en-US","@id":"https:\/\/secure.gravatar.com\/avatar\/d569857c07d3899c6ca842ffea32daa1672c05549833530fe37e68ae7b521ba4?s=96&d=mm&r=g","url":"https:\/\/secure.gravatar.com\/avatar\/d569857c07d3899c6ca842ffea32daa1672c05549833530fe37e68ae7b521ba4?s=96&d=mm&r=g","contentUrl":"https:\/\/secure.gravatar.com\/avatar\/d569857c07d3899c6ca842ffea32daa1672c05549833530fe37e68ae7b521ba4?s=96&d=mm&r=g","caption":"Amos Nabizo"},"sameAs":["https:\/\/www.letsportsrock.com\/wp-admin\/"],"url":"https:\/\/www.letsportsrock.com\/?author=15"}]}},"jetpack_featured_media_url":"https:\/\/www.letsportsrock.com\/wp-content\/uploads\/2025\/05\/images-83-2.jpeg","jetpack_sharing_enabled":true,"_links":{"self":[{"href":"https:\/\/www.letsportsrock.com\/index.php?rest_route=\/wp\/v2\/posts\/39980","targetHints":{"allow":["GET"]}}],"collection":[{"href":"https:\/\/www.letsportsrock.com\/index.php?rest_route=\/wp\/v2\/posts"}],"about":[{"href":"https:\/\/www.letsportsrock.com\/index.php?rest_route=\/wp\/v2\/types\/post"}],"author":[{"embeddable":true,"href":"https:\/\/www.letsportsrock.com\/index.php?rest_route=\/wp\/v2\/users\/15"}],"replies":[{"embeddable":true,"href":"https:\/\/www.letsportsrock.com\/index.php?rest_route=%2Fwp%2Fv2%2Fcomments&post=39980"}],"version-history":[{"count":1,"href":"https:\/\/www.letsportsrock.com\/index.php?rest_route=\/wp\/v2\/posts\/39980\/revisions"}],"predecessor-version":[{"id":39983,"href":"https:\/\/www.letsportsrock.com\/index.php?rest_route=\/wp\/v2\/posts\/39980\/revisions\/39983"}],"wp:featuredmedia":[{"embeddable":true,"href":"https:\/\/www.letsportsrock.com\/index.php?rest_route=\/wp\/v2\/media\/39981"}],"wp:attachment":[{"href":"https:\/\/www.letsportsrock.com\/index.php?rest_route=%2Fwp%2Fv2%2Fmedia&parent=39980"}],"wp:term":[{"taxonomy":"category","embeddable":true,"href":"https:\/\/www.letsportsrock.com\/index.php?rest_route=%2Fwp%2Fv2%2Fcategories&post=39980"},{"taxonomy":"post_tag","embeddable":true,"href":"https:\/\/www.letsportsrock.com\/index.php?rest_route=%2Fwp%2Fv2%2Ftags&post=39980"}],"curies":[{"name":"wp","href":"https:\/\/api.w.org\/{rel}","templated":true}]}}