{"id":40144,"date":"2025-05-18T00:24:26","date_gmt":"2025-05-18T00:24:26","guid":{"rendered":"https:\/\/www.letsportsrock.com\/?p=40144"},"modified":"2025-05-18T00:24:26","modified_gmt":"2025-05-18T00:24:26","slug":"sa-svim-zahtevima-je-gotovo-predsednik-vucic-u-nisu-vuk-je-zimu-preziveo-ali-je-dobro-zapamtio-ko-je-srbiju-hteo-da-rusi-sada-sledi-pitanje-odgovornosti","status":"publish","type":"post","link":"https:\/\/www.letsportsrock.com\/?p=40144","title":{"rendered":"SA SVIM ZAHTEVIMA JE GOTOVO&#8221; Predsednik Vu\u010di\u0107 u Ni\u0161u: Vuk je zimu pre\u017eiveo, ali je dobro zapamtio ko je Srbiju hteo da ru\u0161i! Sada sledi pitanje odgovornosti"},"content":{"rendered":"<div class=\"d79db4796efc26332eabfc3f5dafbc76\" data-index=\"1\" style=\"float: none; margin:10px 0 10px 0; text-align:center;\">\n<div class=\"hb-ad-inarticle\">\r\n    <div class=\"hb-ad-inner\"> \r\n    <div class=\"hbagency_cls\"  id=\"hbagency_space_111930\"><\/div><\/div> <\/div>\n<\/div>\n<p>SA SVIM ZAHTEVIMA JE GOTOVO&#8221; Predsednik Vu\u010di\u0107 u Ni\u0161u: Vuk je zimu pre\u017eiveo, ali je dobro zapamtio ko je Srbiju hteo da ru\u0161i! Sada sledi pitanje odgovornosti<\/p>\n<p>&nbsp;<\/p>\n<p>Predsednik Srbije Aleksandar Vu\u010di\u0107 obratio se gra\u0111anima u Ni\u0161u, istakav\u0161i da su svi zahtevi opozicije i organizatora protesta \u201egotovo re\u0161eni\u201c, ali i da sledi \u201epitanje odgovornosti\u201c. U svom govoru, Vu\u010di\u0107 je metafori\u010dno poru\u010dio: \u201eVuk je zimu pre\u017eiveo, ali je zapamtio ko je hteo Srbiju da ru\u0161i.\u201c Ova izjava tuma\u010di se kao upozorenje politi\u010dkim protivnicima da \u0107e svi poku\u0161aji destabilizacije dr\u017eave imati posledice.<\/p>\n<p><img loading=\"lazy\" decoding=\"async\" class=\"alignnone size-medium wp-image-40146\" src=\"https:\/\/www.letsportsrock.com\/wp-content\/uploads\/2025\/05\/images-98-1-300x172.jpeg\" alt=\"\" width=\"300\" height=\"172\" srcset=\"https:\/\/www.letsportsrock.com\/wp-content\/uploads\/2025\/05\/images-98-1-300x172.jpeg 300w, https:\/\/www.letsportsrock.com\/wp-content\/uploads\/2025\/05\/images-98-1.jpeg 732w\" sizes=\"auto, (max-width: 300px) 100vw, 300px\" \/><\/p>\n<p>Govore\u0107i pred okupljenima, Vu\u010di\u0107 je naglasio da je dr\u017eava ostala stabilna uprkos pritiscima i protestima, dodaju\u0107i da su institucije radile svoj posao u skladu sa zakonima. Posebno je istakao da je dr\u017eava pokazala strpljenje i mudrost, ali da \u201eniko ne mo\u017ee neka\u017enjeno da ru\u0161i poredak\u201c.<\/p>\n<p>&nbsp;<\/p>\n<p>Predsednik je tako\u0111e govorio o ekonomskim uspesima, ulaganjima u jug Srbije, kao i o planovima za dalji razvoj regiona Ni\u0161a. Ukazao je na va\u017enost jedinstva, poru\u010div\u0161i da Srbija \u201emora biti jaka i stabilna da bi za\u0161titila svoje gra\u0111ane i nacionalne interese\u201c.<\/p>\n<p>&nbsp;<\/p>\n<p>Njegov govor dolazi u trenutku politi\u010dkih tenzija i sve \u010de\u0161\u0107ih opozicionih okupljanja, a poruka o \u201eodgovornosti\u201c mo\u017ee najaviti mogu\u0107e politi\u010dke ili pravne posledice za aktere koje vlast optu\u017euje za destabilizaciju.<\/p>\n\n<div style=\"font-size: 0px; height: 0px; line-height: 0px; margin: 0; padding: 0; clear: both;\"><\/div>","protected":false},"excerpt":{"rendered":"<p>SA SVIM ZAHTEVIMA JE GOTOVO&#8221; Predsednik Vu\u010di\u0107 u Ni\u0161u: Vuk je zimu pre\u017eiveo, ali je dobro zapamtio ko je Srbiju hteo da ru\u0161i! Sada sledi pitanje odgovornosti &nbsp; Predsednik Srbije Aleksandar Vu\u010di\u0107 obratio se gra\u0111anima u Ni\u0161u, istakav\u0161i da su svi zahtevi opozicije i organizatora protesta \u201egotovo re\u0161eni\u201c, ali i da sledi \u201epitanje odgovornosti\u201c. U [&hellip;]<\/p>\n","protected":false},"author":15,"featured_media":40145,"comment_status":"open","ping_status":"open","sticky":false,"template":"","format":"standard","meta":{"_jetpack_memberships_contains_paid_content":false,"footnotes":""},"categories":[1],"tags":[640],"class_list":["post-40144","post","type-post","status-publish","format-standard","has-post-thumbnail","hentry","category-uncategorized","tag-fan-andrei-ivan"],"yoast_head":"<!-- This site is optimized with the Yoast SEO plugin v27.5 - https:\/\/yoast.com\/product\/yoast-seo-wordpress\/ -->\n<title>SA SVIM ZAHTEVIMA JE GOTOVO&quot; Predsednik Vu\u010di\u0107 u Ni\u0161u: Vuk<\/title>\n<meta name=\"description\" content=\"SA SVIM ZAHTEVIMA JE GOTOVO&quot; Predsednik Vu\u010di\u0107 u Ni\u0161u: Vuk je zimu pre\u017eiveo, ali je dobro zapamtio ko je Srbiju hteo da ru\u0161i! Sada sledi\" \/>\n<meta name=\"robots\" content=\"index, follow, max-snippet:-1, max-image-preview:large, max-video-preview:-1\" \/>\n<link rel=\"canonical\" href=\"https:\/\/www.letsportsrock.com\/?p=40144\" \/>\n<meta property=\"og:locale\" content=\"en_US\" \/>\n<meta property=\"og:type\" content=\"article\" \/>\n<meta property=\"og:title\" content=\"SA SVIM ZAHTEVIMA JE GOTOVO&quot; Predsednik Vu\u010di\u0107 u Ni\u0161u: Vuk\" \/>\n<meta property=\"og:description\" content=\"SA SVIM ZAHTEVIMA JE GOTOVO&quot; Predsednik Vu\u010di\u0107 u Ni\u0161u: Vuk je zimu pre\u017eiveo, ali je dobro zapamtio ko je Srbiju hteo da ru\u0161i! Sada sledi\" \/>\n<meta property=\"og:url\" content=\"https:\/\/www.letsportsrock.com\/?p=40144\" \/>\n<meta property=\"og:site_name\" content=\"letsportsrock\" \/>\n<meta property=\"article:published_time\" content=\"2025-05-18T00:24:26+00:00\" \/>\n<meta property=\"og:image\" content=\"https:\/\/www.letsportsrock.com\/wp-content\/uploads\/2025\/05\/images-97-1.jpeg\" \/>\n\t<meta property=\"og:image:width\" content=\"738\" \/>\n\t<meta property=\"og:image:height\" content=\"415\" \/>\n\t<meta property=\"og:image:type\" content=\"image\/jpeg\" \/>\n<meta name=\"author\" content=\"Amos Nabizo\" \/>\n<meta name=\"twitter:card\" content=\"summary_large_image\" \/>\n<meta name=\"twitter:label1\" content=\"Written by\" \/>\n\t<meta name=\"twitter:data1\" content=\"Amos Nabizo\" \/>\n\t<meta name=\"twitter:label2\" content=\"Est. reading time\" \/>\n\t<meta name=\"twitter:data2\" content=\"2 minutes\" \/>\n<script type=\"application\/ld+json\" class=\"yoast-schema-graph\">{\"@context\":\"https:\\\/\\\/schema.org\",\"@graph\":[{\"@type\":\"Article\",\"@id\":\"https:\\\/\\\/www.letsportsrock.com\\\/?p=40144#article\",\"isPartOf\":{\"@id\":\"https:\\\/\\\/www.letsportsrock.com\\\/?p=40144\"},\"author\":{\"name\":\"Amos Nabizo\",\"@id\":\"https:\\\/\\\/www.letsportsrock.com\\\/#\\\/schema\\\/person\\\/044479f72bdbd75f9523e745d3be6c30\"},\"headline\":\"SA SVIM ZAHTEVIMA JE GOTOVO&#8221; Predsednik Vu\u010di\u0107 u Ni\u0161u: Vuk je zimu pre\u017eiveo, ali je dobro zapamtio ko je Srbiju hteo da ru\u0161i! Sada sledi pitanje odgovornosti\",\"datePublished\":\"2025-05-18T00:24:26+00:00\",\"mainEntityOfPage\":{\"@id\":\"https:\\\/\\\/www.letsportsrock.com\\\/?p=40144\"},\"wordCount\":278,\"commentCount\":0,\"image\":{\"@id\":\"https:\\\/\\\/www.letsportsrock.com\\\/?p=40144#primaryimage\"},\"thumbnailUrl\":\"https:\\\/\\\/www.letsportsrock.com\\\/wp-content\\\/uploads\\\/2025\\\/05\\\/images-97-1.jpeg\",\"keywords\":[\"Fan Andrei Ivan\"],\"inLanguage\":\"en-US\",\"potentialAction\":[{\"@type\":\"CommentAction\",\"name\":\"Comment\",\"target\":[\"https:\\\/\\\/www.letsportsrock.com\\\/?p=40144#respond\"]}]},{\"@type\":\"WebPage\",\"@id\":\"https:\\\/\\\/www.letsportsrock.com\\\/?p=40144\",\"url\":\"https:\\\/\\\/www.letsportsrock.com\\\/?p=40144\",\"name\":\"SA SVIM ZAHTEVIMA JE GOTOVO\\\" Predsednik Vu\u010di\u0107 u Ni\u0161u: Vuk\",\"isPartOf\":{\"@id\":\"https:\\\/\\\/www.letsportsrock.com\\\/#website\"},\"primaryImageOfPage\":{\"@id\":\"https:\\\/\\\/www.letsportsrock.com\\\/?p=40144#primaryimage\"},\"image\":{\"@id\":\"https:\\\/\\\/www.letsportsrock.com\\\/?p=40144#primaryimage\"},\"thumbnailUrl\":\"https:\\\/\\\/www.letsportsrock.com\\\/wp-content\\\/uploads\\\/2025\\\/05\\\/images-97-1.jpeg\",\"datePublished\":\"2025-05-18T00:24:26+00:00\",\"author\":{\"@id\":\"https:\\\/\\\/www.letsportsrock.com\\\/#\\\/schema\\\/person\\\/044479f72bdbd75f9523e745d3be6c30\"},\"description\":\"SA SVIM ZAHTEVIMA JE GOTOVO\\\" Predsednik Vu\u010di\u0107 u Ni\u0161u: Vuk je zimu pre\u017eiveo, ali je dobro zapamtio ko je Srbiju hteo da ru\u0161i! Sada sledi\",\"breadcrumb\":{\"@id\":\"https:\\\/\\\/www.letsportsrock.com\\\/?p=40144#breadcrumb\"},\"inLanguage\":\"en-US\",\"potentialAction\":[{\"@type\":\"ReadAction\",\"target\":[\"https:\\\/\\\/www.letsportsrock.com\\\/?p=40144\"]}]},{\"@type\":\"ImageObject\",\"inLanguage\":\"en-US\",\"@id\":\"https:\\\/\\\/www.letsportsrock.com\\\/?p=40144#primaryimage\",\"url\":\"https:\\\/\\\/www.letsportsrock.com\\\/wp-content\\\/uploads\\\/2025\\\/05\\\/images-97-1.jpeg\",\"contentUrl\":\"https:\\\/\\\/www.letsportsrock.com\\\/wp-content\\\/uploads\\\/2025\\\/05\\\/images-97-1.jpeg\",\"width\":738,\"height\":415},{\"@type\":\"BreadcrumbList\",\"@id\":\"https:\\\/\\\/www.letsportsrock.com\\\/?p=40144#breadcrumb\",\"itemListElement\":[{\"@type\":\"ListItem\",\"position\":1,\"name\":\"Home\",\"item\":\"https:\\\/\\\/www.letsportsrock.com\\\/\"},{\"@type\":\"ListItem\",\"position\":2,\"name\":\"SA SVIM ZAHTEVIMA JE GOTOVO&#8221; Predsednik Vu\u010di\u0107 u Ni\u0161u: Vuk je zimu pre\u017eiveo, ali je dobro zapamtio ko je Srbiju hteo da ru\u0161i! Sada sledi pitanje odgovornosti\"}]},{\"@type\":\"WebSite\",\"@id\":\"https:\\\/\\\/www.letsportsrock.com\\\/#website\",\"url\":\"https:\\\/\\\/www.letsportsrock.com\\\/\",\"name\":\"letsportsrock\",\"description\":\"Sport News and Updates\",\"potentialAction\":[{\"@type\":\"SearchAction\",\"target\":{\"@type\":\"EntryPoint\",\"urlTemplate\":\"https:\\\/\\\/www.letsportsrock.com\\\/?s={search_term_string}\"},\"query-input\":{\"@type\":\"PropertyValueSpecification\",\"valueRequired\":true,\"valueName\":\"search_term_string\"}}],\"inLanguage\":\"en-US\"},{\"@type\":\"Person\",\"@id\":\"https:\\\/\\\/www.letsportsrock.com\\\/#\\\/schema\\\/person\\\/044479f72bdbd75f9523e745d3be6c30\",\"name\":\"Amos Nabizo\",\"image\":{\"@type\":\"ImageObject\",\"inLanguage\":\"en-US\",\"@id\":\"https:\\\/\\\/secure.gravatar.com\\\/avatar\\\/d569857c07d3899c6ca842ffea32daa1672c05549833530fe37e68ae7b521ba4?s=96&d=mm&r=g\",\"url\":\"https:\\\/\\\/secure.gravatar.com\\\/avatar\\\/d569857c07d3899c6ca842ffea32daa1672c05549833530fe37e68ae7b521ba4?s=96&d=mm&r=g\",\"contentUrl\":\"https:\\\/\\\/secure.gravatar.com\\\/avatar\\\/d569857c07d3899c6ca842ffea32daa1672c05549833530fe37e68ae7b521ba4?s=96&d=mm&r=g\",\"caption\":\"Amos Nabizo\"},\"sameAs\":[\"https:\\\/\\\/www.letsportsrock.com\\\/wp-admin\\\/\"],\"url\":\"https:\\\/\\\/www.letsportsrock.com\\\/?author=15\"}]}<\/script>\n<!-- \/ Yoast SEO plugin. -->","yoast_head_json":{"title":"SA SVIM ZAHTEVIMA JE GOTOVO\" Predsednik Vu\u010di\u0107 u Ni\u0161u: Vuk","description":"SA SVIM ZAHTEVIMA JE GOTOVO\" Predsednik Vu\u010di\u0107 u Ni\u0161u: Vuk je zimu pre\u017eiveo, ali je dobro zapamtio ko je Srbiju hteo da ru\u0161i! Sada sledi","robots":{"index":"index","follow":"follow","max-snippet":"max-snippet:-1","max-image-preview":"max-image-preview:large","max-video-preview":"max-video-preview:-1"},"canonical":"https:\/\/www.letsportsrock.com\/?p=40144","og_locale":"en_US","og_type":"article","og_title":"SA SVIM ZAHTEVIMA JE GOTOVO\" Predsednik Vu\u010di\u0107 u Ni\u0161u: Vuk","og_description":"SA SVIM ZAHTEVIMA JE GOTOVO\" Predsednik Vu\u010di\u0107 u Ni\u0161u: Vuk je zimu pre\u017eiveo, ali je dobro zapamtio ko je Srbiju hteo da ru\u0161i! Sada sledi","og_url":"https:\/\/www.letsportsrock.com\/?p=40144","og_site_name":"letsportsrock","article_published_time":"2025-05-18T00:24:26+00:00","og_image":[{"width":738,"height":415,"url":"https:\/\/www.letsportsrock.com\/wp-content\/uploads\/2025\/05\/images-97-1.jpeg","type":"image\/jpeg"}],"author":"Amos Nabizo","twitter_card":"summary_large_image","twitter_misc":{"Written by":"Amos Nabizo","Est. reading time":"2 minutes"},"schema":{"@context":"https:\/\/schema.org","@graph":[{"@type":"Article","@id":"https:\/\/www.letsportsrock.com\/?p=40144#article","isPartOf":{"@id":"https:\/\/www.letsportsrock.com\/?p=40144"},"author":{"name":"Amos Nabizo","@id":"https:\/\/www.letsportsrock.com\/#\/schema\/person\/044479f72bdbd75f9523e745d3be6c30"},"headline":"SA SVIM ZAHTEVIMA JE GOTOVO&#8221; Predsednik Vu\u010di\u0107 u Ni\u0161u: Vuk je zimu pre\u017eiveo, ali je dobro zapamtio ko je Srbiju hteo da ru\u0161i! Sada sledi pitanje odgovornosti","datePublished":"2025-05-18T00:24:26+00:00","mainEntityOfPage":{"@id":"https:\/\/www.letsportsrock.com\/?p=40144"},"wordCount":278,"commentCount":0,"image":{"@id":"https:\/\/www.letsportsrock.com\/?p=40144#primaryimage"},"thumbnailUrl":"https:\/\/www.letsportsrock.com\/wp-content\/uploads\/2025\/05\/images-97-1.jpeg","keywords":["Fan Andrei Ivan"],"inLanguage":"en-US","potentialAction":[{"@type":"CommentAction","name":"Comment","target":["https:\/\/www.letsportsrock.com\/?p=40144#respond"]}]},{"@type":"WebPage","@id":"https:\/\/www.letsportsrock.com\/?p=40144","url":"https:\/\/www.letsportsrock.com\/?p=40144","name":"SA SVIM ZAHTEVIMA JE GOTOVO\" Predsednik Vu\u010di\u0107 u Ni\u0161u: Vuk","isPartOf":{"@id":"https:\/\/www.letsportsrock.com\/#website"},"primaryImageOfPage":{"@id":"https:\/\/www.letsportsrock.com\/?p=40144#primaryimage"},"image":{"@id":"https:\/\/www.letsportsrock.com\/?p=40144#primaryimage"},"thumbnailUrl":"https:\/\/www.letsportsrock.com\/wp-content\/uploads\/2025\/05\/images-97-1.jpeg","datePublished":"2025-05-18T00:24:26+00:00","author":{"@id":"https:\/\/www.letsportsrock.com\/#\/schema\/person\/044479f72bdbd75f9523e745d3be6c30"},"description":"SA SVIM ZAHTEVIMA JE GOTOVO\" Predsednik Vu\u010di\u0107 u Ni\u0161u: Vuk je zimu pre\u017eiveo, ali je dobro zapamtio ko je Srbiju hteo da ru\u0161i! Sada sledi","breadcrumb":{"@id":"https:\/\/www.letsportsrock.com\/?p=40144#breadcrumb"},"inLanguage":"en-US","potentialAction":[{"@type":"ReadAction","target":["https:\/\/www.letsportsrock.com\/?p=40144"]}]},{"@type":"ImageObject","inLanguage":"en-US","@id":"https:\/\/www.letsportsrock.com\/?p=40144#primaryimage","url":"https:\/\/www.letsportsrock.com\/wp-content\/uploads\/2025\/05\/images-97-1.jpeg","contentUrl":"https:\/\/www.letsportsrock.com\/wp-content\/uploads\/2025\/05\/images-97-1.jpeg","width":738,"height":415},{"@type":"BreadcrumbList","@id":"https:\/\/www.letsportsrock.com\/?p=40144#breadcrumb","itemListElement":[{"@type":"ListItem","position":1,"name":"Home","item":"https:\/\/www.letsportsrock.com\/"},{"@type":"ListItem","position":2,"name":"SA SVIM ZAHTEVIMA JE GOTOVO&#8221; Predsednik Vu\u010di\u0107 u Ni\u0161u: Vuk je zimu pre\u017eiveo, ali je dobro zapamtio ko je Srbiju hteo da ru\u0161i! Sada sledi pitanje odgovornosti"}]},{"@type":"WebSite","@id":"https:\/\/www.letsportsrock.com\/#website","url":"https:\/\/www.letsportsrock.com\/","name":"letsportsrock","description":"Sport News and Updates","potentialAction":[{"@type":"SearchAction","target":{"@type":"EntryPoint","urlTemplate":"https:\/\/www.letsportsrock.com\/?s={search_term_string}"},"query-input":{"@type":"PropertyValueSpecification","valueRequired":true,"valueName":"search_term_string"}}],"inLanguage":"en-US"},{"@type":"Person","@id":"https:\/\/www.letsportsrock.com\/#\/schema\/person\/044479f72bdbd75f9523e745d3be6c30","name":"Amos Nabizo","image":{"@type":"ImageObject","inLanguage":"en-US","@id":"https:\/\/secure.gravatar.com\/avatar\/d569857c07d3899c6ca842ffea32daa1672c05549833530fe37e68ae7b521ba4?s=96&d=mm&r=g","url":"https:\/\/secure.gravatar.com\/avatar\/d569857c07d3899c6ca842ffea32daa1672c05549833530fe37e68ae7b521ba4?s=96&d=mm&r=g","contentUrl":"https:\/\/secure.gravatar.com\/avatar\/d569857c07d3899c6ca842ffea32daa1672c05549833530fe37e68ae7b521ba4?s=96&d=mm&r=g","caption":"Amos Nabizo"},"sameAs":["https:\/\/www.letsportsrock.com\/wp-admin\/"],"url":"https:\/\/www.letsportsrock.com\/?author=15"}]}},"jetpack_featured_media_url":"https:\/\/www.letsportsrock.com\/wp-content\/uploads\/2025\/05\/images-97-1.jpeg","jetpack_sharing_enabled":true,"_links":{"self":[{"href":"https:\/\/www.letsportsrock.com\/index.php?rest_route=\/wp\/v2\/posts\/40144","targetHints":{"allow":["GET"]}}],"collection":[{"href":"https:\/\/www.letsportsrock.com\/index.php?rest_route=\/wp\/v2\/posts"}],"about":[{"href":"https:\/\/www.letsportsrock.com\/index.php?rest_route=\/wp\/v2\/types\/post"}],"author":[{"embeddable":true,"href":"https:\/\/www.letsportsrock.com\/index.php?rest_route=\/wp\/v2\/users\/15"}],"replies":[{"embeddable":true,"href":"https:\/\/www.letsportsrock.com\/index.php?rest_route=%2Fwp%2Fv2%2Fcomments&post=40144"}],"version-history":[{"count":1,"href":"https:\/\/www.letsportsrock.com\/index.php?rest_route=\/wp\/v2\/posts\/40144\/revisions"}],"predecessor-version":[{"id":40147,"href":"https:\/\/www.letsportsrock.com\/index.php?rest_route=\/wp\/v2\/posts\/40144\/revisions\/40147"}],"wp:featuredmedia":[{"embeddable":true,"href":"https:\/\/www.letsportsrock.com\/index.php?rest_route=\/wp\/v2\/media\/40145"}],"wp:attachment":[{"href":"https:\/\/www.letsportsrock.com\/index.php?rest_route=%2Fwp%2Fv2%2Fmedia&parent=40144"}],"wp:term":[{"taxonomy":"category","embeddable":true,"href":"https:\/\/www.letsportsrock.com\/index.php?rest_route=%2Fwp%2Fv2%2Fcategories&post=40144"},{"taxonomy":"post_tag","embeddable":true,"href":"https:\/\/www.letsportsrock.com\/index.php?rest_route=%2Fwp%2Fv2%2Ftags&post=40144"}],"curies":[{"name":"wp","href":"https:\/\/api.w.org\/{rel}","templated":true}]}}