{"id":40448,"date":"2025-05-19T21:37:12","date_gmt":"2025-05-19T21:37:12","guid":{"rendered":"https:\/\/www.letsportsrock.com\/?p=40448"},"modified":"2025-05-19T21:37:12","modified_gmt":"2025-05-19T21:37:12","slug":"cfr-cluj-si-a-asigurat-locul-2-in-clasament-la-finalul-sezonului-inaintea-ultimei-etape-din-superliga-dupa-ce-a-surclasat-rapid-bucuresti-in-giulesti","status":"publish","type":"post","link":"https:\/\/www.letsportsrock.com\/?p=40448","title":{"rendered":"CFR Cluj \u0219i-a asigurat locul 2 \u00een clasament la finalul sezonului \u00eenaintea ultimei etape din SuperLig\u0103, dup\u0103 ce a surclasat Rapid Bucure\u0219ti \u00een Giule\u0219ti&#8230;"},"content":{"rendered":"<div class=\"d79db4796efc26332eabfc3f5dafbc76\" data-index=\"1\" style=\"float: none; margin:10px 0 10px 0; text-align:center;\">\n<div class=\"hb-ad-inarticle\">\r\n    <div class=\"hb-ad-inner\"> \r\n    <div class=\"hbagency_cls\"  id=\"hbagency_space_111930\"><\/div><\/div> <\/div>\n<\/div>\n<p>CFR Cluj \u0219i-a asigurat locul 2 \u00een clasament la finalul sezonului \u00eenaintea ultimei etape din SuperLig\u0103, dup\u0103 ce a surclasat Rapid Bucure\u0219ti \u00een Giule\u0219ti&#8230;<\/p>\n<p>&nbsp;<\/p>\n<p>CFR Cluj \u0219i-a asigurat locul 2 \u00een clasamentul SuperLigii \u00eenaintea ultimei etape, dup\u0103 o victorie conving\u0103toare \u00eempotriva Rapidului Bucure\u0219ti, chiar \u00een Giule\u0219ti. Echipa lui Dan Petrescu a demonstrat un joc solid, pragmatic \u0219i eficient, surclas\u00e2nd adversarul cu un scor clar, care nu las\u0103 loc de interpret\u0103ri.<\/p>\n<p><img loading=\"lazy\" decoding=\"async\" class=\"alignnone size-medium wp-image-40450\" src=\"https:\/\/www.letsportsrock.com\/wp-content\/uploads\/2025\/05\/images-2025-05-19T223618.095-300x200.jpeg\" alt=\"\" width=\"300\" height=\"200\" srcset=\"https:\/\/www.letsportsrock.com\/wp-content\/uploads\/2025\/05\/images-2025-05-19T223618.095-300x200.jpeg 300w, https:\/\/www.letsportsrock.com\/wp-content\/uploads\/2025\/05\/images-2025-05-19T223618.095.jpeg 679w\" sizes=\"auto, (max-width: 300px) 100vw, 300px\" \/><\/p>\n<p>\u00cen ciuda unei atmosfere incendiare create de suporterii rapidi\u0219ti, ardelenii au dominat meciul de la un cap\u0103t la altul, confirm\u00e2nd statutul de echip\u0103 matur\u0103 \u0219i experimentat\u0103. Golurile marcate, dar \u0219i organizarea defensiv\u0103 impecabil\u0103, au eviden\u021biat valoarea lotului \u0219i strategia bine pus\u0103 la punct.<\/p>\n<p>&nbsp;<\/p>\n<p>Prin acest rezultat, CFR Cluj \u00ee\u0219i asigur\u0103 prezen\u021ba \u00een preliminariile cupelor europene \u0219i \u00ee\u0219i men\u021bine statutul de for\u021b\u0103 constant\u0103 \u00een fotbalul rom\u00e2nesc, \u00een timp ce Rapidul continu\u0103 s\u0103 caute stabilitate \u0219i rezultate \u00een meciurile decisive.<\/p>\n\n<div style=\"font-size: 0px; height: 0px; line-height: 0px; margin: 0; padding: 0; clear: both;\"><\/div>","protected":false},"excerpt":{"rendered":"<p>CFR Cluj \u0219i-a asigurat locul 2 \u00een clasament la finalul sezonului \u00eenaintea ultimei etape din SuperLig\u0103, dup\u0103 ce a surclasat Rapid Bucure\u0219ti \u00een Giule\u0219ti&#8230; &nbsp; CFR Cluj \u0219i-a asigurat locul 2 \u00een clasamentul SuperLigii \u00eenaintea ultimei etape, dup\u0103 o victorie conving\u0103toare \u00eempotriva Rapidului Bucure\u0219ti, chiar \u00een Giule\u0219ti. Echipa lui Dan Petrescu a demonstrat un joc [&hellip;]<\/p>\n","protected":false},"author":15,"featured_media":40449,"comment_status":"open","ping_status":"open","sticky":false,"template":"","format":"standard","meta":{"_jetpack_memberships_contains_paid_content":false,"footnotes":""},"categories":[1],"tags":[640],"class_list":["post-40448","post","type-post","status-publish","format-standard","has-post-thumbnail","hentry","category-uncategorized","tag-fan-andrei-ivan"],"yoast_head":"<!-- This site is optimized with the Yoast SEO plugin v27.4 - https:\/\/yoast.com\/product\/yoast-seo-wordpress\/ -->\n<title>CFR Cluj \u0219i-a asigurat locul 2 \u00een clasament la finalul sezonului<\/title>\n<meta name=\"description\" content=\"CFR Cluj \u0219i-a asigurat locul 2 \u00een clasament la finalul sezonului \u00eenaintea ultimei etape din SuperLig\u0103, dup\u0103 ce a surclasat Rapid Bucure\u0219ti \u00een\" \/>\n<meta name=\"robots\" content=\"index, follow, max-snippet:-1, max-image-preview:large, max-video-preview:-1\" \/>\n<link rel=\"canonical\" href=\"https:\/\/www.letsportsrock.com\/?p=40448\" \/>\n<meta property=\"og:locale\" content=\"en_US\" \/>\n<meta property=\"og:type\" content=\"article\" \/>\n<meta property=\"og:title\" content=\"CFR Cluj \u0219i-a asigurat locul 2 \u00een clasament la finalul sezonului\" \/>\n<meta property=\"og:description\" content=\"CFR Cluj \u0219i-a asigurat locul 2 \u00een clasament la finalul sezonului \u00eenaintea ultimei etape din SuperLig\u0103, dup\u0103 ce a surclasat Rapid Bucure\u0219ti \u00een\" \/>\n<meta property=\"og:url\" content=\"https:\/\/www.letsportsrock.com\/?p=40448\" \/>\n<meta property=\"og:site_name\" content=\"letsportsrock\" \/>\n<meta property=\"article:published_time\" content=\"2025-05-19T21:37:12+00:00\" \/>\n<meta property=\"og:image\" content=\"https:\/\/www.letsportsrock.com\/wp-content\/uploads\/2025\/05\/images-2025-05-19T223604.398.jpeg\" \/>\n\t<meta property=\"og:image:width\" content=\"739\" \/>\n\t<meta property=\"og:image:height\" content=\"415\" \/>\n\t<meta property=\"og:image:type\" content=\"image\/jpeg\" \/>\n<meta name=\"author\" content=\"Amos Nabizo\" \/>\n<meta name=\"twitter:card\" content=\"summary_large_image\" \/>\n<meta name=\"twitter:label1\" content=\"Written by\" \/>\n\t<meta name=\"twitter:data1\" content=\"Amos Nabizo\" \/>\n\t<meta name=\"twitter:label2\" content=\"Est. reading time\" \/>\n\t<meta name=\"twitter:data2\" content=\"2 minutes\" \/>\n<script type=\"application\/ld+json\" class=\"yoast-schema-graph\">{\"@context\":\"https:\\\/\\\/schema.org\",\"@graph\":[{\"@type\":\"Article\",\"@id\":\"https:\\\/\\\/www.letsportsrock.com\\\/?p=40448#article\",\"isPartOf\":{\"@id\":\"https:\\\/\\\/www.letsportsrock.com\\\/?p=40448\"},\"author\":{\"name\":\"Amos Nabizo\",\"@id\":\"https:\\\/\\\/www.letsportsrock.com\\\/#\\\/schema\\\/person\\\/044479f72bdbd75f9523e745d3be6c30\"},\"headline\":\"CFR Cluj \u0219i-a asigurat locul 2 \u00een clasament la finalul sezonului \u00eenaintea ultimei etape din SuperLig\u0103, dup\u0103 ce a surclasat Rapid Bucure\u0219ti \u00een Giule\u0219ti&#8230;\",\"datePublished\":\"2025-05-19T21:37:12+00:00\",\"mainEntityOfPage\":{\"@id\":\"https:\\\/\\\/www.letsportsrock.com\\\/?p=40448\"},\"wordCount\":187,\"commentCount\":0,\"image\":{\"@id\":\"https:\\\/\\\/www.letsportsrock.com\\\/?p=40448#primaryimage\"},\"thumbnailUrl\":\"https:\\\/\\\/www.letsportsrock.com\\\/wp-content\\\/uploads\\\/2025\\\/05\\\/images-2025-05-19T223604.398.jpeg\",\"keywords\":[\"Fan Andrei Ivan\"],\"inLanguage\":\"en-US\",\"potentialAction\":[{\"@type\":\"CommentAction\",\"name\":\"Comment\",\"target\":[\"https:\\\/\\\/www.letsportsrock.com\\\/?p=40448#respond\"]}]},{\"@type\":\"WebPage\",\"@id\":\"https:\\\/\\\/www.letsportsrock.com\\\/?p=40448\",\"url\":\"https:\\\/\\\/www.letsportsrock.com\\\/?p=40448\",\"name\":\"CFR Cluj \u0219i-a asigurat locul 2 \u00een clasament la finalul sezonului\",\"isPartOf\":{\"@id\":\"https:\\\/\\\/www.letsportsrock.com\\\/#website\"},\"primaryImageOfPage\":{\"@id\":\"https:\\\/\\\/www.letsportsrock.com\\\/?p=40448#primaryimage\"},\"image\":{\"@id\":\"https:\\\/\\\/www.letsportsrock.com\\\/?p=40448#primaryimage\"},\"thumbnailUrl\":\"https:\\\/\\\/www.letsportsrock.com\\\/wp-content\\\/uploads\\\/2025\\\/05\\\/images-2025-05-19T223604.398.jpeg\",\"datePublished\":\"2025-05-19T21:37:12+00:00\",\"author\":{\"@id\":\"https:\\\/\\\/www.letsportsrock.com\\\/#\\\/schema\\\/person\\\/044479f72bdbd75f9523e745d3be6c30\"},\"description\":\"CFR Cluj \u0219i-a asigurat locul 2 \u00een clasament la finalul sezonului \u00eenaintea ultimei etape din SuperLig\u0103, dup\u0103 ce a surclasat Rapid Bucure\u0219ti \u00een\",\"breadcrumb\":{\"@id\":\"https:\\\/\\\/www.letsportsrock.com\\\/?p=40448#breadcrumb\"},\"inLanguage\":\"en-US\",\"potentialAction\":[{\"@type\":\"ReadAction\",\"target\":[\"https:\\\/\\\/www.letsportsrock.com\\\/?p=40448\"]}]},{\"@type\":\"ImageObject\",\"inLanguage\":\"en-US\",\"@id\":\"https:\\\/\\\/www.letsportsrock.com\\\/?p=40448#primaryimage\",\"url\":\"https:\\\/\\\/www.letsportsrock.com\\\/wp-content\\\/uploads\\\/2025\\\/05\\\/images-2025-05-19T223604.398.jpeg\",\"contentUrl\":\"https:\\\/\\\/www.letsportsrock.com\\\/wp-content\\\/uploads\\\/2025\\\/05\\\/images-2025-05-19T223604.398.jpeg\",\"width\":739,\"height\":415},{\"@type\":\"BreadcrumbList\",\"@id\":\"https:\\\/\\\/www.letsportsrock.com\\\/?p=40448#breadcrumb\",\"itemListElement\":[{\"@type\":\"ListItem\",\"position\":1,\"name\":\"Home\",\"item\":\"https:\\\/\\\/www.letsportsrock.com\\\/\"},{\"@type\":\"ListItem\",\"position\":2,\"name\":\"CFR Cluj \u0219i-a asigurat locul 2 \u00een clasament la finalul sezonului \u00eenaintea ultimei etape din SuperLig\u0103, dup\u0103 ce a surclasat Rapid Bucure\u0219ti \u00een Giule\u0219ti&#8230;\"}]},{\"@type\":\"WebSite\",\"@id\":\"https:\\\/\\\/www.letsportsrock.com\\\/#website\",\"url\":\"https:\\\/\\\/www.letsportsrock.com\\\/\",\"name\":\"letsportsrock\",\"description\":\"Sport News and Updates\",\"potentialAction\":[{\"@type\":\"SearchAction\",\"target\":{\"@type\":\"EntryPoint\",\"urlTemplate\":\"https:\\\/\\\/www.letsportsrock.com\\\/?s={search_term_string}\"},\"query-input\":{\"@type\":\"PropertyValueSpecification\",\"valueRequired\":true,\"valueName\":\"search_term_string\"}}],\"inLanguage\":\"en-US\"},{\"@type\":\"Person\",\"@id\":\"https:\\\/\\\/www.letsportsrock.com\\\/#\\\/schema\\\/person\\\/044479f72bdbd75f9523e745d3be6c30\",\"name\":\"Amos Nabizo\",\"image\":{\"@type\":\"ImageObject\",\"inLanguage\":\"en-US\",\"@id\":\"https:\\\/\\\/secure.gravatar.com\\\/avatar\\\/d569857c07d3899c6ca842ffea32daa1672c05549833530fe37e68ae7b521ba4?s=96&d=mm&r=g\",\"url\":\"https:\\\/\\\/secure.gravatar.com\\\/avatar\\\/d569857c07d3899c6ca842ffea32daa1672c05549833530fe37e68ae7b521ba4?s=96&d=mm&r=g\",\"contentUrl\":\"https:\\\/\\\/secure.gravatar.com\\\/avatar\\\/d569857c07d3899c6ca842ffea32daa1672c05549833530fe37e68ae7b521ba4?s=96&d=mm&r=g\",\"caption\":\"Amos Nabizo\"},\"sameAs\":[\"https:\\\/\\\/www.letsportsrock.com\\\/wp-admin\\\/\"],\"url\":\"https:\\\/\\\/www.letsportsrock.com\\\/?author=15\"}]}<\/script>\n<!-- \/ Yoast SEO plugin. -->","yoast_head_json":{"title":"CFR Cluj \u0219i-a asigurat locul 2 \u00een clasament la finalul sezonului","description":"CFR Cluj \u0219i-a asigurat locul 2 \u00een clasament la finalul sezonului \u00eenaintea ultimei etape din SuperLig\u0103, dup\u0103 ce a surclasat Rapid Bucure\u0219ti \u00een","robots":{"index":"index","follow":"follow","max-snippet":"max-snippet:-1","max-image-preview":"max-image-preview:large","max-video-preview":"max-video-preview:-1"},"canonical":"https:\/\/www.letsportsrock.com\/?p=40448","og_locale":"en_US","og_type":"article","og_title":"CFR Cluj \u0219i-a asigurat locul 2 \u00een clasament la finalul sezonului","og_description":"CFR Cluj \u0219i-a asigurat locul 2 \u00een clasament la finalul sezonului \u00eenaintea ultimei etape din SuperLig\u0103, dup\u0103 ce a surclasat Rapid Bucure\u0219ti \u00een","og_url":"https:\/\/www.letsportsrock.com\/?p=40448","og_site_name":"letsportsrock","article_published_time":"2025-05-19T21:37:12+00:00","og_image":[{"width":739,"height":415,"url":"https:\/\/www.letsportsrock.com\/wp-content\/uploads\/2025\/05\/images-2025-05-19T223604.398.jpeg","type":"image\/jpeg"}],"author":"Amos Nabizo","twitter_card":"summary_large_image","twitter_misc":{"Written by":"Amos Nabizo","Est. reading time":"2 minutes"},"schema":{"@context":"https:\/\/schema.org","@graph":[{"@type":"Article","@id":"https:\/\/www.letsportsrock.com\/?p=40448#article","isPartOf":{"@id":"https:\/\/www.letsportsrock.com\/?p=40448"},"author":{"name":"Amos Nabizo","@id":"https:\/\/www.letsportsrock.com\/#\/schema\/person\/044479f72bdbd75f9523e745d3be6c30"},"headline":"CFR Cluj \u0219i-a asigurat locul 2 \u00een clasament la finalul sezonului \u00eenaintea ultimei etape din SuperLig\u0103, dup\u0103 ce a surclasat Rapid Bucure\u0219ti \u00een Giule\u0219ti&#8230;","datePublished":"2025-05-19T21:37:12+00:00","mainEntityOfPage":{"@id":"https:\/\/www.letsportsrock.com\/?p=40448"},"wordCount":187,"commentCount":0,"image":{"@id":"https:\/\/www.letsportsrock.com\/?p=40448#primaryimage"},"thumbnailUrl":"https:\/\/www.letsportsrock.com\/wp-content\/uploads\/2025\/05\/images-2025-05-19T223604.398.jpeg","keywords":["Fan Andrei Ivan"],"inLanguage":"en-US","potentialAction":[{"@type":"CommentAction","name":"Comment","target":["https:\/\/www.letsportsrock.com\/?p=40448#respond"]}]},{"@type":"WebPage","@id":"https:\/\/www.letsportsrock.com\/?p=40448","url":"https:\/\/www.letsportsrock.com\/?p=40448","name":"CFR Cluj \u0219i-a asigurat locul 2 \u00een clasament la finalul sezonului","isPartOf":{"@id":"https:\/\/www.letsportsrock.com\/#website"},"primaryImageOfPage":{"@id":"https:\/\/www.letsportsrock.com\/?p=40448#primaryimage"},"image":{"@id":"https:\/\/www.letsportsrock.com\/?p=40448#primaryimage"},"thumbnailUrl":"https:\/\/www.letsportsrock.com\/wp-content\/uploads\/2025\/05\/images-2025-05-19T223604.398.jpeg","datePublished":"2025-05-19T21:37:12+00:00","author":{"@id":"https:\/\/www.letsportsrock.com\/#\/schema\/person\/044479f72bdbd75f9523e745d3be6c30"},"description":"CFR Cluj \u0219i-a asigurat locul 2 \u00een clasament la finalul sezonului \u00eenaintea ultimei etape din SuperLig\u0103, dup\u0103 ce a surclasat Rapid Bucure\u0219ti \u00een","breadcrumb":{"@id":"https:\/\/www.letsportsrock.com\/?p=40448#breadcrumb"},"inLanguage":"en-US","potentialAction":[{"@type":"ReadAction","target":["https:\/\/www.letsportsrock.com\/?p=40448"]}]},{"@type":"ImageObject","inLanguage":"en-US","@id":"https:\/\/www.letsportsrock.com\/?p=40448#primaryimage","url":"https:\/\/www.letsportsrock.com\/wp-content\/uploads\/2025\/05\/images-2025-05-19T223604.398.jpeg","contentUrl":"https:\/\/www.letsportsrock.com\/wp-content\/uploads\/2025\/05\/images-2025-05-19T223604.398.jpeg","width":739,"height":415},{"@type":"BreadcrumbList","@id":"https:\/\/www.letsportsrock.com\/?p=40448#breadcrumb","itemListElement":[{"@type":"ListItem","position":1,"name":"Home","item":"https:\/\/www.letsportsrock.com\/"},{"@type":"ListItem","position":2,"name":"CFR Cluj \u0219i-a asigurat locul 2 \u00een clasament la finalul sezonului \u00eenaintea ultimei etape din SuperLig\u0103, dup\u0103 ce a surclasat Rapid Bucure\u0219ti \u00een Giule\u0219ti&#8230;"}]},{"@type":"WebSite","@id":"https:\/\/www.letsportsrock.com\/#website","url":"https:\/\/www.letsportsrock.com\/","name":"letsportsrock","description":"Sport News and Updates","potentialAction":[{"@type":"SearchAction","target":{"@type":"EntryPoint","urlTemplate":"https:\/\/www.letsportsrock.com\/?s={search_term_string}"},"query-input":{"@type":"PropertyValueSpecification","valueRequired":true,"valueName":"search_term_string"}}],"inLanguage":"en-US"},{"@type":"Person","@id":"https:\/\/www.letsportsrock.com\/#\/schema\/person\/044479f72bdbd75f9523e745d3be6c30","name":"Amos Nabizo","image":{"@type":"ImageObject","inLanguage":"en-US","@id":"https:\/\/secure.gravatar.com\/avatar\/d569857c07d3899c6ca842ffea32daa1672c05549833530fe37e68ae7b521ba4?s=96&d=mm&r=g","url":"https:\/\/secure.gravatar.com\/avatar\/d569857c07d3899c6ca842ffea32daa1672c05549833530fe37e68ae7b521ba4?s=96&d=mm&r=g","contentUrl":"https:\/\/secure.gravatar.com\/avatar\/d569857c07d3899c6ca842ffea32daa1672c05549833530fe37e68ae7b521ba4?s=96&d=mm&r=g","caption":"Amos Nabizo"},"sameAs":["https:\/\/www.letsportsrock.com\/wp-admin\/"],"url":"https:\/\/www.letsportsrock.com\/?author=15"}]}},"jetpack_featured_media_url":"https:\/\/www.letsportsrock.com\/wp-content\/uploads\/2025\/05\/images-2025-05-19T223604.398.jpeg","jetpack_sharing_enabled":true,"_links":{"self":[{"href":"https:\/\/www.letsportsrock.com\/index.php?rest_route=\/wp\/v2\/posts\/40448","targetHints":{"allow":["GET"]}}],"collection":[{"href":"https:\/\/www.letsportsrock.com\/index.php?rest_route=\/wp\/v2\/posts"}],"about":[{"href":"https:\/\/www.letsportsrock.com\/index.php?rest_route=\/wp\/v2\/types\/post"}],"author":[{"embeddable":true,"href":"https:\/\/www.letsportsrock.com\/index.php?rest_route=\/wp\/v2\/users\/15"}],"replies":[{"embeddable":true,"href":"https:\/\/www.letsportsrock.com\/index.php?rest_route=%2Fwp%2Fv2%2Fcomments&post=40448"}],"version-history":[{"count":1,"href":"https:\/\/www.letsportsrock.com\/index.php?rest_route=\/wp\/v2\/posts\/40448\/revisions"}],"predecessor-version":[{"id":40451,"href":"https:\/\/www.letsportsrock.com\/index.php?rest_route=\/wp\/v2\/posts\/40448\/revisions\/40451"}],"wp:featuredmedia":[{"embeddable":true,"href":"https:\/\/www.letsportsrock.com\/index.php?rest_route=\/wp\/v2\/media\/40449"}],"wp:attachment":[{"href":"https:\/\/www.letsportsrock.com\/index.php?rest_route=%2Fwp%2Fv2%2Fmedia&parent=40448"}],"wp:term":[{"taxonomy":"category","embeddable":true,"href":"https:\/\/www.letsportsrock.com\/index.php?rest_route=%2Fwp%2Fv2%2Fcategories&post=40448"},{"taxonomy":"post_tag","embeddable":true,"href":"https:\/\/www.letsportsrock.com\/index.php?rest_route=%2Fwp%2Fv2%2Ftags&post=40448"}],"curies":[{"name":"wp","href":"https:\/\/api.w.org\/{rel}","templated":true}]}}