{"id":40817,"date":"2025-05-20T23:48:44","date_gmt":"2025-05-20T23:48:44","guid":{"rendered":"https:\/\/www.letsportsrock.com\/?p=40817"},"modified":"2025-05-20T23:48:44","modified_gmt":"2025-05-20T23:48:44","slug":"exclusiv-fc-dinamo-se-pregateste-sa-semneze-un-transfer-de-la-rapid-bucuresti-care-va-soca-fotbalul-romanesc-11","status":"publish","type":"post","link":"https:\/\/www.letsportsrock.com\/?p=40817","title":{"rendered":"Exclusiv: FC Dinamo se preg\u0103te\u0219te s\u0103 semneze un transfer de la Rapid Bucure\u0219ti care va \u0219oca fotbalul rom\u00e2nesc!\u2026"},"content":{"rendered":"<div class=\"d79db4796efc26332eabfc3f5dafbc76\" data-index=\"1\" style=\"float: none; margin:10px 0 10px 0; text-align:center;\">\n<div class=\"hb-ad-inarticle\">\r\n    <div class=\"hb-ad-inner\"> \r\n    <div class=\"hbagency_cls\"  id=\"hbagency_space_111930\"><\/div><\/div> <\/div>\n<\/div>\n<p>**Exclusiv: FC Dinamo se preg\u0103te\u0219te s\u0103 semneze un transfer de la Rapid Bucure\u0219ti care va \u0219oca fotbalul rom\u00e2nesc!**<\/p>\n<p>&nbsp;<\/p>\n<p>\u00centr-o mi\u0219care care promite s\u0103 agite din temelii fotbalul rom\u00e2nesc, FC Dinamo este pe cale s\u0103 finalizeze un transfer surpriz\u0103 de la rivala Rapid Bucure\u0219ti. Surse apropiate clubului din \u0218tefan cel Mare confirm\u0103 c\u0103 negocierile sunt avansate pentru aducerea unui juc\u0103tor de baz\u0103 al giule\u0219tenilor, o mutare care ar putea genera controverse majore \u00een r\u00e2ndul suporterilor ambelor echipe.<\/p>\n<p>&nbsp;<\/p>\n<p>Fotbalistul vizat este cunoscut pentru impactul s\u0103u semnificativ \u00een ultimele sezoane \u0219i pentru rolul crucial \u00een parcursul Rapidului \u00een Superliga. Dac\u0103 transferul se concretizeaz\u0103, Dinamo ar reu\u0219i nu doar un c\u00e2\u0219tig sportiv important, ci \u0219i o lovitur\u0103 de imagine \u00een fa\u021ba unei rivale istorice.<\/p>\n<p>&nbsp;<\/p>\n<p>Reprezentan\u021bii celor dou\u0103 cluburi refuz\u0103 momentan s\u0103 comenteze oficial, \u00eens\u0103 surse interne spun c\u0103 anun\u021bul oficial ar putea fi f\u0103cut \u00een zilele urm\u0103toare. Mutarea aminte\u0219te de alte transferuri istorice care au scris pagini de neuitat \u00een fotbalul rom\u00e2nesc.<\/p>\n<p>&nbsp;<\/p>\n<p>R\u0103m\u00e2ne de v\u0103zut cum vor reac\u021biona fanii Rapidului la pierderea unuia dintre favori\u021bi \u0219i dac\u0103 Dinamo va reu\u0219i s\u0103 valorifice acest transfer spec<\/p>\n<p>taculos.<\/p>\n\n<div style=\"font-size: 0px; height: 0px; line-height: 0px; margin: 0; padding: 0; clear: both;\"><\/div>","protected":false},"excerpt":{"rendered":"<p>**Exclusiv: FC Dinamo se preg\u0103te\u0219te s\u0103 semneze un transfer de la Rapid Bucure\u0219ti care va \u0219oca fotbalul rom\u00e2nesc!** &nbsp; \u00centr-o mi\u0219care care promite s\u0103 agite din temelii fotbalul rom\u00e2nesc, FC Dinamo este pe cale s\u0103 finalizeze un transfer surpriz\u0103 de la rivala Rapid Bucure\u0219ti. Surse apropiate clubului din \u0218tefan cel Mare confirm\u0103 c\u0103 negocierile sunt [&hellip;]<\/p>\n","protected":false},"author":1,"featured_media":40821,"comment_status":"open","ping_status":"open","sticky":false,"template":"","format":"standard","meta":{"_jetpack_memberships_contains_paid_content":false,"footnotes":""},"categories":[1],"tags":[],"class_list":["post-40817","post","type-post","status-publish","format-standard","has-post-thumbnail","hentry","category-uncategorized"],"yoast_head":"<!-- This site is optimized with the Yoast SEO plugin v27.4 - https:\/\/yoast.com\/product\/yoast-seo-wordpress\/ -->\n<title>Exclusiv: FC Dinamo se preg\u0103te\u0219te s\u0103 semneze un transfer de la Rapid Bucure\u0219ti care va \u0219oca fotbalul rom\u00e2nesc!\u2026<\/title>\n<meta name=\"description\" content=\"Exclusiv: FC Dinamo se preg\u0103te\u0219te s\u0103 semneze un transfer de la Rapid Bucure\u0219ti care va \u0219oca fotbalul rom\u00e2nesc!\u2026\" \/>\n<meta name=\"robots\" content=\"index, follow, max-snippet:-1, max-image-preview:large, max-video-preview:-1\" \/>\n<link rel=\"canonical\" href=\"https:\/\/www.letsportsrock.com\/?p=40817\" \/>\n<meta property=\"og:locale\" content=\"en_US\" \/>\n<meta property=\"og:type\" content=\"article\" \/>\n<meta property=\"og:title\" content=\"Exclusiv: FC Dinamo se preg\u0103te\u0219te s\u0103 semneze un transfer de la Rapid Bucure\u0219ti care va \u0219oca fotbalul rom\u00e2nesc!\u2026\" \/>\n<meta property=\"og:description\" content=\"Exclusiv: FC Dinamo se preg\u0103te\u0219te s\u0103 semneze un transfer de la Rapid Bucure\u0219ti care va \u0219oca fotbalul rom\u00e2nesc!\u2026\" \/>\n<meta property=\"og:url\" content=\"https:\/\/www.letsportsrock.com\/?p=40817\" \/>\n<meta property=\"og:site_name\" content=\"letsportsrock\" \/>\n<meta property=\"article:published_time\" content=\"2025-05-20T23:48:44+00:00\" \/>\n<meta property=\"og:image\" content=\"https:\/\/www.letsportsrock.com\/wp-content\/uploads\/2025\/05\/1747784766442.jpg\" \/>\n\t<meta property=\"og:image:width\" content=\"720\" \/>\n\t<meta property=\"og:image:height\" content=\"404\" \/>\n\t<meta property=\"og:image:type\" content=\"image\/jpeg\" \/>\n<meta name=\"author\" content=\"letsportsrock\" \/>\n<meta name=\"twitter:card\" content=\"summary_large_image\" \/>\n<meta name=\"twitter:label1\" content=\"Written by\" \/>\n\t<meta name=\"twitter:data1\" content=\"letsportsrock\" \/>\n\t<meta name=\"twitter:label2\" content=\"Est. reading time\" \/>\n\t<meta name=\"twitter:data2\" content=\"1 minute\" \/>\n<script type=\"application\/ld+json\" class=\"yoast-schema-graph\">{\"@context\":\"https:\\\/\\\/schema.org\",\"@graph\":[{\"@type\":\"Article\",\"@id\":\"https:\\\/\\\/www.letsportsrock.com\\\/?p=40817#article\",\"isPartOf\":{\"@id\":\"https:\\\/\\\/www.letsportsrock.com\\\/?p=40817\"},\"author\":{\"name\":\"letsportsrock\",\"@id\":\"https:\\\/\\\/www.letsportsrock.com\\\/#\\\/schema\\\/person\\\/a454ac24e58b214ddd97e4b5afb0bf01\"},\"headline\":\"Exclusiv: FC Dinamo se preg\u0103te\u0219te s\u0103 semneze un transfer de la Rapid Bucure\u0219ti care va \u0219oca fotbalul rom\u00e2nesc!\u2026\",\"datePublished\":\"2025-05-20T23:48:44+00:00\",\"mainEntityOfPage\":{\"@id\":\"https:\\\/\\\/www.letsportsrock.com\\\/?p=40817\"},\"wordCount\":234,\"commentCount\":0,\"image\":{\"@id\":\"https:\\\/\\\/www.letsportsrock.com\\\/?p=40817#primaryimage\"},\"thumbnailUrl\":\"https:\\\/\\\/www.letsportsrock.com\\\/wp-content\\\/uploads\\\/2025\\\/05\\\/1747784766442.jpg\",\"inLanguage\":\"en-US\",\"potentialAction\":[{\"@type\":\"CommentAction\",\"name\":\"Comment\",\"target\":[\"https:\\\/\\\/www.letsportsrock.com\\\/?p=40817#respond\"]}]},{\"@type\":\"WebPage\",\"@id\":\"https:\\\/\\\/www.letsportsrock.com\\\/?p=40817\",\"url\":\"https:\\\/\\\/www.letsportsrock.com\\\/?p=40817\",\"name\":\"Exclusiv: FC Dinamo se preg\u0103te\u0219te s\u0103 semneze un transfer de la Rapid Bucure\u0219ti care va \u0219oca fotbalul rom\u00e2nesc!\u2026\",\"isPartOf\":{\"@id\":\"https:\\\/\\\/www.letsportsrock.com\\\/#website\"},\"primaryImageOfPage\":{\"@id\":\"https:\\\/\\\/www.letsportsrock.com\\\/?p=40817#primaryimage\"},\"image\":{\"@id\":\"https:\\\/\\\/www.letsportsrock.com\\\/?p=40817#primaryimage\"},\"thumbnailUrl\":\"https:\\\/\\\/www.letsportsrock.com\\\/wp-content\\\/uploads\\\/2025\\\/05\\\/1747784766442.jpg\",\"datePublished\":\"2025-05-20T23:48:44+00:00\",\"author\":{\"@id\":\"https:\\\/\\\/www.letsportsrock.com\\\/#\\\/schema\\\/person\\\/a454ac24e58b214ddd97e4b5afb0bf01\"},\"description\":\"Exclusiv: FC Dinamo se preg\u0103te\u0219te s\u0103 semneze un transfer de la Rapid Bucure\u0219ti care va \u0219oca fotbalul rom\u00e2nesc!\u2026\",\"breadcrumb\":{\"@id\":\"https:\\\/\\\/www.letsportsrock.com\\\/?p=40817#breadcrumb\"},\"inLanguage\":\"en-US\",\"potentialAction\":[{\"@type\":\"ReadAction\",\"target\":[\"https:\\\/\\\/www.letsportsrock.com\\\/?p=40817\"]}]},{\"@type\":\"ImageObject\",\"inLanguage\":\"en-US\",\"@id\":\"https:\\\/\\\/www.letsportsrock.com\\\/?p=40817#primaryimage\",\"url\":\"https:\\\/\\\/www.letsportsrock.com\\\/wp-content\\\/uploads\\\/2025\\\/05\\\/1747784766442.jpg\",\"contentUrl\":\"https:\\\/\\\/www.letsportsrock.com\\\/wp-content\\\/uploads\\\/2025\\\/05\\\/1747784766442.jpg\",\"width\":720,\"height\":404},{\"@type\":\"BreadcrumbList\",\"@id\":\"https:\\\/\\\/www.letsportsrock.com\\\/?p=40817#breadcrumb\",\"itemListElement\":[{\"@type\":\"ListItem\",\"position\":1,\"name\":\"Home\",\"item\":\"https:\\\/\\\/www.letsportsrock.com\\\/\"},{\"@type\":\"ListItem\",\"position\":2,\"name\":\"Exclusiv: FC Dinamo se preg\u0103te\u0219te s\u0103 semneze un transfer de la Rapid Bucure\u0219ti care va \u0219oca fotbalul rom\u00e2nesc!\u2026\"}]},{\"@type\":\"WebSite\",\"@id\":\"https:\\\/\\\/www.letsportsrock.com\\\/#website\",\"url\":\"https:\\\/\\\/www.letsportsrock.com\\\/\",\"name\":\"letsportsrock\",\"description\":\"Sport News and Updates\",\"potentialAction\":[{\"@type\":\"SearchAction\",\"target\":{\"@type\":\"EntryPoint\",\"urlTemplate\":\"https:\\\/\\\/www.letsportsrock.com\\\/?s={search_term_string}\"},\"query-input\":{\"@type\":\"PropertyValueSpecification\",\"valueRequired\":true,\"valueName\":\"search_term_string\"}}],\"inLanguage\":\"en-US\"},{\"@type\":\"Person\",\"@id\":\"https:\\\/\\\/www.letsportsrock.com\\\/#\\\/schema\\\/person\\\/a454ac24e58b214ddd97e4b5afb0bf01\",\"name\":\"letsportsrock\",\"image\":{\"@type\":\"ImageObject\",\"inLanguage\":\"en-US\",\"@id\":\"https:\\\/\\\/secure.gravatar.com\\\/avatar\\\/f8ef950cbb7574c0bc874094b8d307659bfe2d7aa4a9d26fa6917eff010748f9?s=96&d=mm&r=g\",\"url\":\"https:\\\/\\\/secure.gravatar.com\\\/avatar\\\/f8ef950cbb7574c0bc874094b8d307659bfe2d7aa4a9d26fa6917eff010748f9?s=96&d=mm&r=g\",\"contentUrl\":\"https:\\\/\\\/secure.gravatar.com\\\/avatar\\\/f8ef950cbb7574c0bc874094b8d307659bfe2d7aa4a9d26fa6917eff010748f9?s=96&d=mm&r=g\",\"caption\":\"letsportsrock\"},\"sameAs\":[\"https:\\\/\\\/www.letsportsrock.com\"],\"url\":\"https:\\\/\\\/www.letsportsrock.com\\\/?author=1\"}]}<\/script>\n<!-- \/ Yoast SEO plugin. -->","yoast_head_json":{"title":"Exclusiv: FC Dinamo se preg\u0103te\u0219te s\u0103 semneze un transfer de la Rapid Bucure\u0219ti care va \u0219oca fotbalul rom\u00e2nesc!\u2026","description":"Exclusiv: FC Dinamo se preg\u0103te\u0219te s\u0103 semneze un transfer de la Rapid Bucure\u0219ti care va \u0219oca fotbalul rom\u00e2nesc!\u2026","robots":{"index":"index","follow":"follow","max-snippet":"max-snippet:-1","max-image-preview":"max-image-preview:large","max-video-preview":"max-video-preview:-1"},"canonical":"https:\/\/www.letsportsrock.com\/?p=40817","og_locale":"en_US","og_type":"article","og_title":"Exclusiv: FC Dinamo se preg\u0103te\u0219te s\u0103 semneze un transfer de la Rapid Bucure\u0219ti care va \u0219oca fotbalul rom\u00e2nesc!\u2026","og_description":"Exclusiv: FC Dinamo se preg\u0103te\u0219te s\u0103 semneze un transfer de la Rapid Bucure\u0219ti care va \u0219oca fotbalul rom\u00e2nesc!\u2026","og_url":"https:\/\/www.letsportsrock.com\/?p=40817","og_site_name":"letsportsrock","article_published_time":"2025-05-20T23:48:44+00:00","og_image":[{"width":720,"height":404,"url":"https:\/\/www.letsportsrock.com\/wp-content\/uploads\/2025\/05\/1747784766442.jpg","type":"image\/jpeg"}],"author":"letsportsrock","twitter_card":"summary_large_image","twitter_misc":{"Written by":"letsportsrock","Est. reading time":"1 minute"},"schema":{"@context":"https:\/\/schema.org","@graph":[{"@type":"Article","@id":"https:\/\/www.letsportsrock.com\/?p=40817#article","isPartOf":{"@id":"https:\/\/www.letsportsrock.com\/?p=40817"},"author":{"name":"letsportsrock","@id":"https:\/\/www.letsportsrock.com\/#\/schema\/person\/a454ac24e58b214ddd97e4b5afb0bf01"},"headline":"Exclusiv: FC Dinamo se preg\u0103te\u0219te s\u0103 semneze un transfer de la Rapid Bucure\u0219ti care va \u0219oca fotbalul rom\u00e2nesc!\u2026","datePublished":"2025-05-20T23:48:44+00:00","mainEntityOfPage":{"@id":"https:\/\/www.letsportsrock.com\/?p=40817"},"wordCount":234,"commentCount":0,"image":{"@id":"https:\/\/www.letsportsrock.com\/?p=40817#primaryimage"},"thumbnailUrl":"https:\/\/www.letsportsrock.com\/wp-content\/uploads\/2025\/05\/1747784766442.jpg","inLanguage":"en-US","potentialAction":[{"@type":"CommentAction","name":"Comment","target":["https:\/\/www.letsportsrock.com\/?p=40817#respond"]}]},{"@type":"WebPage","@id":"https:\/\/www.letsportsrock.com\/?p=40817","url":"https:\/\/www.letsportsrock.com\/?p=40817","name":"Exclusiv: FC Dinamo se preg\u0103te\u0219te s\u0103 semneze un transfer de la Rapid Bucure\u0219ti care va \u0219oca fotbalul rom\u00e2nesc!\u2026","isPartOf":{"@id":"https:\/\/www.letsportsrock.com\/#website"},"primaryImageOfPage":{"@id":"https:\/\/www.letsportsrock.com\/?p=40817#primaryimage"},"image":{"@id":"https:\/\/www.letsportsrock.com\/?p=40817#primaryimage"},"thumbnailUrl":"https:\/\/www.letsportsrock.com\/wp-content\/uploads\/2025\/05\/1747784766442.jpg","datePublished":"2025-05-20T23:48:44+00:00","author":{"@id":"https:\/\/www.letsportsrock.com\/#\/schema\/person\/a454ac24e58b214ddd97e4b5afb0bf01"},"description":"Exclusiv: FC Dinamo se preg\u0103te\u0219te s\u0103 semneze un transfer de la Rapid Bucure\u0219ti care va \u0219oca fotbalul rom\u00e2nesc!\u2026","breadcrumb":{"@id":"https:\/\/www.letsportsrock.com\/?p=40817#breadcrumb"},"inLanguage":"en-US","potentialAction":[{"@type":"ReadAction","target":["https:\/\/www.letsportsrock.com\/?p=40817"]}]},{"@type":"ImageObject","inLanguage":"en-US","@id":"https:\/\/www.letsportsrock.com\/?p=40817#primaryimage","url":"https:\/\/www.letsportsrock.com\/wp-content\/uploads\/2025\/05\/1747784766442.jpg","contentUrl":"https:\/\/www.letsportsrock.com\/wp-content\/uploads\/2025\/05\/1747784766442.jpg","width":720,"height":404},{"@type":"BreadcrumbList","@id":"https:\/\/www.letsportsrock.com\/?p=40817#breadcrumb","itemListElement":[{"@type":"ListItem","position":1,"name":"Home","item":"https:\/\/www.letsportsrock.com\/"},{"@type":"ListItem","position":2,"name":"Exclusiv: FC Dinamo se preg\u0103te\u0219te s\u0103 semneze un transfer de la Rapid Bucure\u0219ti care va \u0219oca fotbalul rom\u00e2nesc!\u2026"}]},{"@type":"WebSite","@id":"https:\/\/www.letsportsrock.com\/#website","url":"https:\/\/www.letsportsrock.com\/","name":"letsportsrock","description":"Sport News and Updates","potentialAction":[{"@type":"SearchAction","target":{"@type":"EntryPoint","urlTemplate":"https:\/\/www.letsportsrock.com\/?s={search_term_string}"},"query-input":{"@type":"PropertyValueSpecification","valueRequired":true,"valueName":"search_term_string"}}],"inLanguage":"en-US"},{"@type":"Person","@id":"https:\/\/www.letsportsrock.com\/#\/schema\/person\/a454ac24e58b214ddd97e4b5afb0bf01","name":"letsportsrock","image":{"@type":"ImageObject","inLanguage":"en-US","@id":"https:\/\/secure.gravatar.com\/avatar\/f8ef950cbb7574c0bc874094b8d307659bfe2d7aa4a9d26fa6917eff010748f9?s=96&d=mm&r=g","url":"https:\/\/secure.gravatar.com\/avatar\/f8ef950cbb7574c0bc874094b8d307659bfe2d7aa4a9d26fa6917eff010748f9?s=96&d=mm&r=g","contentUrl":"https:\/\/secure.gravatar.com\/avatar\/f8ef950cbb7574c0bc874094b8d307659bfe2d7aa4a9d26fa6917eff010748f9?s=96&d=mm&r=g","caption":"letsportsrock"},"sameAs":["https:\/\/www.letsportsrock.com"],"url":"https:\/\/www.letsportsrock.com\/?author=1"}]}},"jetpack_featured_media_url":"https:\/\/www.letsportsrock.com\/wp-content\/uploads\/2025\/05\/1747784766442.jpg","jetpack_sharing_enabled":true,"_links":{"self":[{"href":"https:\/\/www.letsportsrock.com\/index.php?rest_route=\/wp\/v2\/posts\/40817","targetHints":{"allow":["GET"]}}],"collection":[{"href":"https:\/\/www.letsportsrock.com\/index.php?rest_route=\/wp\/v2\/posts"}],"about":[{"href":"https:\/\/www.letsportsrock.com\/index.php?rest_route=\/wp\/v2\/types\/post"}],"author":[{"embeddable":true,"href":"https:\/\/www.letsportsrock.com\/index.php?rest_route=\/wp\/v2\/users\/1"}],"replies":[{"embeddable":true,"href":"https:\/\/www.letsportsrock.com\/index.php?rest_route=%2Fwp%2Fv2%2Fcomments&post=40817"}],"version-history":[{"count":1,"href":"https:\/\/www.letsportsrock.com\/index.php?rest_route=\/wp\/v2\/posts\/40817\/revisions"}],"predecessor-version":[{"id":40822,"href":"https:\/\/www.letsportsrock.com\/index.php?rest_route=\/wp\/v2\/posts\/40817\/revisions\/40822"}],"wp:featuredmedia":[{"embeddable":true,"href":"https:\/\/www.letsportsrock.com\/index.php?rest_route=\/wp\/v2\/media\/40821"}],"wp:attachment":[{"href":"https:\/\/www.letsportsrock.com\/index.php?rest_route=%2Fwp%2Fv2%2Fmedia&parent=40817"}],"wp:term":[{"taxonomy":"category","embeddable":true,"href":"https:\/\/www.letsportsrock.com\/index.php?rest_route=%2Fwp%2Fv2%2Fcategories&post=40817"},{"taxonomy":"post_tag","embeddable":true,"href":"https:\/\/www.letsportsrock.com\/index.php?rest_route=%2Fwp%2Fv2%2Ftags&post=40817"}],"curies":[{"name":"wp","href":"https:\/\/api.w.org\/{rel}","templated":true}]}}