{"id":40863,"date":"2025-05-21T00:33:02","date_gmt":"2025-05-21T00:33:02","guid":{"rendered":"https:\/\/www.letsportsrock.com\/?p=40863"},"modified":"2025-05-21T00:33:02","modified_gmt":"2025-05-21T00:33:02","slug":"cristiano-ronaldo-uimeste-lumea-fotbalului-legenda-va-juca-la-cfr-cluj-inainte-de-retragere","status":"publish","type":"post","link":"https:\/\/www.letsportsrock.com\/?p=40863","title":{"rendered":"CRISTIANO RONALDO UIME\u0218TE LUMEA FOTBALULUI: LEGENDA VA JUCA LA CFR CLUJ \u00ceNAINTE DE RETRAGERE&#8230;&#8230;&#8230;"},"content":{"rendered":"<div class=\"d79db4796efc26332eabfc3f5dafbc76\" data-index=\"1\" style=\"float: none; margin:10px 0 10px 0; text-align:center;\">\n<div class=\"hb-ad-inarticle\">\r\n    <div class=\"hb-ad-inner\"> \r\n    <div class=\"hbagency_cls\"  id=\"hbagency_space_111930\"><\/div><\/div> <\/div>\n<\/div>\n<p>**Cristiano Ronaldo uime\u0219te lumea fotbalului: Legenda va juca la CFR Cluj \u00eenainte de retragere**<\/p>\n<p>&nbsp;<\/p>\n<p>O veste incredibil\u0103 zguduie lumea fotbalului: Cristiano Ronaldo, una dintre cele mai mari legende ale sportului, a anun\u021bat c\u0103 va evolua pentru CFR Cluj \u00eenainte de retragerea din activitate. Decizia starului portughez vine ca un \u0219oc pentru fani, dar \u0219i ca o oportunitate unic\u0103 pentru fotbalul rom\u00e2nesc.<\/p>\n<p>&nbsp;<\/p>\n<p>Potrivit apropia\u021bilor s\u0103i, Ronaldo a fost impresionat de pasiunea suporterilor rom\u00e2ni \u0219i de performan\u021bele constante ale echipei clujene \u00een cupele europene. Transferul ar urma s\u0103 aib\u0103 loc \u00een vara acestui an, iar Cristiano ar semna un contract valabil pentru un sezon, cu op\u021biune de prelungire.<\/p>\n<p>&nbsp;<\/p>\n<p>Pre\u0219edintele CFR-ului, al\u0103turi de staff-ul tehnic, se declar\u0103 onora\u021bi de alegerea f\u0103cut\u0103 de cvintuplul c\u00e2\u0219tig\u0103tor al Balonului de Aur. \u00cen v\u00e2rst\u0103 de 40 de ani, Ronaldo dore\u0219te s\u0103 \u00eencheie cariera \u00eentr-un mod inedit, l\u0103s\u00e2nd o amprent\u0103 \u0219i asupra fotbalului din Europa de Est.<\/p>\n<p>&nbsp;<\/p>\n<p>Suporterii CFR-ului sunt \u00een delir, iar biletele pentru viitoarele meciuri se v\u00e2nd deja cu o vitez\u0103 record. Venirea lui Cristiano Ronaldo \u00een Liga 1 promite s\u0103 transforme campionatul intern \u00eentr-un adev\u0103rat sp<\/p>\n<p>ectacol.<\/p>\n\n<div style=\"font-size: 0px; height: 0px; line-height: 0px; margin: 0; padding: 0; clear: both;\"><\/div>","protected":false},"excerpt":{"rendered":"<p>**Cristiano Ronaldo uime\u0219te lumea fotbalului: Legenda va juca la CFR Cluj \u00eenainte de retragere** &nbsp; O veste incredibil\u0103 zguduie lumea fotbalului: Cristiano Ronaldo, una dintre cele mai mari legende ale sportului, a anun\u021bat c\u0103 va evolua pentru CFR Cluj \u00eenainte de retragerea din activitate. Decizia starului portughez vine ca un \u0219oc pentru fani, dar \u0219i [&hellip;]<\/p>\n","protected":false},"author":1,"featured_media":40866,"comment_status":"open","ping_status":"open","sticky":false,"template":"","format":"standard","meta":{"_jetpack_memberships_contains_paid_content":false,"footnotes":""},"categories":[1],"tags":[],"class_list":["post-40863","post","type-post","status-publish","format-standard","has-post-thumbnail","hentry","category-uncategorized"],"yoast_head":"<!-- This site is optimized with the Yoast SEO plugin v27.4 - https:\/\/yoast.com\/product\/yoast-seo-wordpress\/ -->\n<title>CRISTIANO RONALDO UIME\u0218TE LUMEA FOTBALULUI: LEGENDA VA JUCA LA CFR CLUJ \u00ceNAINTE DE RETRAGERE.........<\/title>\n<meta name=\"description\" content=\"CRISTIANO RONALDO UIME\u0218TE LUMEA FOTBALULUI: LEGENDA VA JUCA LA CFR CLUJ \u00ceNAINTE DE RETRAGERE.................\" \/>\n<meta name=\"robots\" content=\"index, follow, max-snippet:-1, max-image-preview:large, max-video-preview:-1\" \/>\n<link rel=\"canonical\" href=\"https:\/\/www.letsportsrock.com\/?p=40863\" \/>\n<meta property=\"og:locale\" content=\"en_US\" \/>\n<meta property=\"og:type\" content=\"article\" \/>\n<meta property=\"og:title\" content=\"CRISTIANO RONALDO UIME\u0218TE LUMEA FOTBALULUI: LEGENDA VA JUCA LA CFR CLUJ \u00ceNAINTE DE RETRAGERE.........\" \/>\n<meta property=\"og:description\" content=\"CRISTIANO RONALDO UIME\u0218TE LUMEA FOTBALULUI: LEGENDA VA JUCA LA CFR CLUJ \u00ceNAINTE DE RETRAGERE.................\" \/>\n<meta property=\"og:url\" content=\"https:\/\/www.letsportsrock.com\/?p=40863\" \/>\n<meta property=\"og:site_name\" content=\"letsportsrock\" \/>\n<meta property=\"article:published_time\" content=\"2025-05-21T00:33:02+00:00\" \/>\n<meta property=\"og:image\" content=\"https:\/\/www.letsportsrock.com\/wp-content\/uploads\/2025\/05\/1747787462145.jpg\" \/>\n\t<meta property=\"og:image:width\" content=\"720\" \/>\n\t<meta property=\"og:image:height\" content=\"720\" \/>\n\t<meta property=\"og:image:type\" content=\"image\/jpeg\" \/>\n<meta name=\"author\" content=\"letsportsrock\" \/>\n<meta name=\"twitter:card\" content=\"summary_large_image\" \/>\n<meta name=\"twitter:label1\" content=\"Written by\" \/>\n\t<meta name=\"twitter:data1\" content=\"letsportsrock\" \/>\n\t<meta name=\"twitter:label2\" content=\"Est. reading time\" \/>\n\t<meta name=\"twitter:data2\" content=\"1 minute\" \/>\n<script type=\"application\/ld+json\" class=\"yoast-schema-graph\">{\"@context\":\"https:\\\/\\\/schema.org\",\"@graph\":[{\"@type\":\"Article\",\"@id\":\"https:\\\/\\\/www.letsportsrock.com\\\/?p=40863#article\",\"isPartOf\":{\"@id\":\"https:\\\/\\\/www.letsportsrock.com\\\/?p=40863\"},\"author\":{\"name\":\"letsportsrock\",\"@id\":\"https:\\\/\\\/www.letsportsrock.com\\\/#\\\/schema\\\/person\\\/a454ac24e58b214ddd97e4b5afb0bf01\"},\"headline\":\"CRISTIANO RONALDO UIME\u0218TE LUMEA FOTBALULUI: LEGENDA VA JUCA LA CFR CLUJ \u00ceNAINTE DE RETRAGERE&#8230;&#8230;&#8230;\",\"datePublished\":\"2025-05-21T00:33:02+00:00\",\"mainEntityOfPage\":{\"@id\":\"https:\\\/\\\/www.letsportsrock.com\\\/?p=40863\"},\"wordCount\":219,\"commentCount\":0,\"image\":{\"@id\":\"https:\\\/\\\/www.letsportsrock.com\\\/?p=40863#primaryimage\"},\"thumbnailUrl\":\"https:\\\/\\\/www.letsportsrock.com\\\/wp-content\\\/uploads\\\/2025\\\/05\\\/1747787462145.jpg\",\"inLanguage\":\"en-US\",\"potentialAction\":[{\"@type\":\"CommentAction\",\"name\":\"Comment\",\"target\":[\"https:\\\/\\\/www.letsportsrock.com\\\/?p=40863#respond\"]}]},{\"@type\":\"WebPage\",\"@id\":\"https:\\\/\\\/www.letsportsrock.com\\\/?p=40863\",\"url\":\"https:\\\/\\\/www.letsportsrock.com\\\/?p=40863\",\"name\":\"CRISTIANO RONALDO UIME\u0218TE LUMEA FOTBALULUI: LEGENDA VA JUCA LA CFR CLUJ \u00ceNAINTE DE RETRAGERE.........\",\"isPartOf\":{\"@id\":\"https:\\\/\\\/www.letsportsrock.com\\\/#website\"},\"primaryImageOfPage\":{\"@id\":\"https:\\\/\\\/www.letsportsrock.com\\\/?p=40863#primaryimage\"},\"image\":{\"@id\":\"https:\\\/\\\/www.letsportsrock.com\\\/?p=40863#primaryimage\"},\"thumbnailUrl\":\"https:\\\/\\\/www.letsportsrock.com\\\/wp-content\\\/uploads\\\/2025\\\/05\\\/1747787462145.jpg\",\"datePublished\":\"2025-05-21T00:33:02+00:00\",\"author\":{\"@id\":\"https:\\\/\\\/www.letsportsrock.com\\\/#\\\/schema\\\/person\\\/a454ac24e58b214ddd97e4b5afb0bf01\"},\"description\":\"CRISTIANO RONALDO UIME\u0218TE LUMEA FOTBALULUI: LEGENDA VA JUCA LA CFR CLUJ \u00ceNAINTE DE RETRAGERE.................\",\"breadcrumb\":{\"@id\":\"https:\\\/\\\/www.letsportsrock.com\\\/?p=40863#breadcrumb\"},\"inLanguage\":\"en-US\",\"potentialAction\":[{\"@type\":\"ReadAction\",\"target\":[\"https:\\\/\\\/www.letsportsrock.com\\\/?p=40863\"]}]},{\"@type\":\"ImageObject\",\"inLanguage\":\"en-US\",\"@id\":\"https:\\\/\\\/www.letsportsrock.com\\\/?p=40863#primaryimage\",\"url\":\"https:\\\/\\\/www.letsportsrock.com\\\/wp-content\\\/uploads\\\/2025\\\/05\\\/1747787462145.jpg\",\"contentUrl\":\"https:\\\/\\\/www.letsportsrock.com\\\/wp-content\\\/uploads\\\/2025\\\/05\\\/1747787462145.jpg\",\"width\":720,\"height\":720},{\"@type\":\"BreadcrumbList\",\"@id\":\"https:\\\/\\\/www.letsportsrock.com\\\/?p=40863#breadcrumb\",\"itemListElement\":[{\"@type\":\"ListItem\",\"position\":1,\"name\":\"Home\",\"item\":\"https:\\\/\\\/www.letsportsrock.com\\\/\"},{\"@type\":\"ListItem\",\"position\":2,\"name\":\"CRISTIANO RONALDO UIME\u0218TE LUMEA FOTBALULUI: LEGENDA VA JUCA LA CFR CLUJ \u00ceNAINTE DE RETRAGERE&#8230;&#8230;&#8230;\"}]},{\"@type\":\"WebSite\",\"@id\":\"https:\\\/\\\/www.letsportsrock.com\\\/#website\",\"url\":\"https:\\\/\\\/www.letsportsrock.com\\\/\",\"name\":\"letsportsrock\",\"description\":\"Sport News and Updates\",\"potentialAction\":[{\"@type\":\"SearchAction\",\"target\":{\"@type\":\"EntryPoint\",\"urlTemplate\":\"https:\\\/\\\/www.letsportsrock.com\\\/?s={search_term_string}\"},\"query-input\":{\"@type\":\"PropertyValueSpecification\",\"valueRequired\":true,\"valueName\":\"search_term_string\"}}],\"inLanguage\":\"en-US\"},{\"@type\":\"Person\",\"@id\":\"https:\\\/\\\/www.letsportsrock.com\\\/#\\\/schema\\\/person\\\/a454ac24e58b214ddd97e4b5afb0bf01\",\"name\":\"letsportsrock\",\"image\":{\"@type\":\"ImageObject\",\"inLanguage\":\"en-US\",\"@id\":\"https:\\\/\\\/secure.gravatar.com\\\/avatar\\\/f8ef950cbb7574c0bc874094b8d307659bfe2d7aa4a9d26fa6917eff010748f9?s=96&d=mm&r=g\",\"url\":\"https:\\\/\\\/secure.gravatar.com\\\/avatar\\\/f8ef950cbb7574c0bc874094b8d307659bfe2d7aa4a9d26fa6917eff010748f9?s=96&d=mm&r=g\",\"contentUrl\":\"https:\\\/\\\/secure.gravatar.com\\\/avatar\\\/f8ef950cbb7574c0bc874094b8d307659bfe2d7aa4a9d26fa6917eff010748f9?s=96&d=mm&r=g\",\"caption\":\"letsportsrock\"},\"sameAs\":[\"https:\\\/\\\/www.letsportsrock.com\"],\"url\":\"https:\\\/\\\/www.letsportsrock.com\\\/?author=1\"}]}<\/script>\n<!-- \/ Yoast SEO plugin. -->","yoast_head_json":{"title":"CRISTIANO RONALDO UIME\u0218TE LUMEA FOTBALULUI: LEGENDA VA JUCA LA CFR CLUJ \u00ceNAINTE DE RETRAGERE.........","description":"CRISTIANO RONALDO UIME\u0218TE LUMEA FOTBALULUI: LEGENDA VA JUCA LA CFR CLUJ \u00ceNAINTE DE RETRAGERE.................","robots":{"index":"index","follow":"follow","max-snippet":"max-snippet:-1","max-image-preview":"max-image-preview:large","max-video-preview":"max-video-preview:-1"},"canonical":"https:\/\/www.letsportsrock.com\/?p=40863","og_locale":"en_US","og_type":"article","og_title":"CRISTIANO RONALDO UIME\u0218TE LUMEA FOTBALULUI: LEGENDA VA JUCA LA CFR CLUJ \u00ceNAINTE DE RETRAGERE.........","og_description":"CRISTIANO RONALDO UIME\u0218TE LUMEA FOTBALULUI: LEGENDA VA JUCA LA CFR CLUJ \u00ceNAINTE DE RETRAGERE.................","og_url":"https:\/\/www.letsportsrock.com\/?p=40863","og_site_name":"letsportsrock","article_published_time":"2025-05-21T00:33:02+00:00","og_image":[{"width":720,"height":720,"url":"https:\/\/www.letsportsrock.com\/wp-content\/uploads\/2025\/05\/1747787462145.jpg","type":"image\/jpeg"}],"author":"letsportsrock","twitter_card":"summary_large_image","twitter_misc":{"Written by":"letsportsrock","Est. reading time":"1 minute"},"schema":{"@context":"https:\/\/schema.org","@graph":[{"@type":"Article","@id":"https:\/\/www.letsportsrock.com\/?p=40863#article","isPartOf":{"@id":"https:\/\/www.letsportsrock.com\/?p=40863"},"author":{"name":"letsportsrock","@id":"https:\/\/www.letsportsrock.com\/#\/schema\/person\/a454ac24e58b214ddd97e4b5afb0bf01"},"headline":"CRISTIANO RONALDO UIME\u0218TE LUMEA FOTBALULUI: LEGENDA VA JUCA LA CFR CLUJ \u00ceNAINTE DE RETRAGERE&#8230;&#8230;&#8230;","datePublished":"2025-05-21T00:33:02+00:00","mainEntityOfPage":{"@id":"https:\/\/www.letsportsrock.com\/?p=40863"},"wordCount":219,"commentCount":0,"image":{"@id":"https:\/\/www.letsportsrock.com\/?p=40863#primaryimage"},"thumbnailUrl":"https:\/\/www.letsportsrock.com\/wp-content\/uploads\/2025\/05\/1747787462145.jpg","inLanguage":"en-US","potentialAction":[{"@type":"CommentAction","name":"Comment","target":["https:\/\/www.letsportsrock.com\/?p=40863#respond"]}]},{"@type":"WebPage","@id":"https:\/\/www.letsportsrock.com\/?p=40863","url":"https:\/\/www.letsportsrock.com\/?p=40863","name":"CRISTIANO RONALDO UIME\u0218TE LUMEA FOTBALULUI: LEGENDA VA JUCA LA CFR CLUJ \u00ceNAINTE DE RETRAGERE.........","isPartOf":{"@id":"https:\/\/www.letsportsrock.com\/#website"},"primaryImageOfPage":{"@id":"https:\/\/www.letsportsrock.com\/?p=40863#primaryimage"},"image":{"@id":"https:\/\/www.letsportsrock.com\/?p=40863#primaryimage"},"thumbnailUrl":"https:\/\/www.letsportsrock.com\/wp-content\/uploads\/2025\/05\/1747787462145.jpg","datePublished":"2025-05-21T00:33:02+00:00","author":{"@id":"https:\/\/www.letsportsrock.com\/#\/schema\/person\/a454ac24e58b214ddd97e4b5afb0bf01"},"description":"CRISTIANO RONALDO UIME\u0218TE LUMEA FOTBALULUI: LEGENDA VA JUCA LA CFR CLUJ \u00ceNAINTE DE RETRAGERE.................","breadcrumb":{"@id":"https:\/\/www.letsportsrock.com\/?p=40863#breadcrumb"},"inLanguage":"en-US","potentialAction":[{"@type":"ReadAction","target":["https:\/\/www.letsportsrock.com\/?p=40863"]}]},{"@type":"ImageObject","inLanguage":"en-US","@id":"https:\/\/www.letsportsrock.com\/?p=40863#primaryimage","url":"https:\/\/www.letsportsrock.com\/wp-content\/uploads\/2025\/05\/1747787462145.jpg","contentUrl":"https:\/\/www.letsportsrock.com\/wp-content\/uploads\/2025\/05\/1747787462145.jpg","width":720,"height":720},{"@type":"BreadcrumbList","@id":"https:\/\/www.letsportsrock.com\/?p=40863#breadcrumb","itemListElement":[{"@type":"ListItem","position":1,"name":"Home","item":"https:\/\/www.letsportsrock.com\/"},{"@type":"ListItem","position":2,"name":"CRISTIANO RONALDO UIME\u0218TE LUMEA FOTBALULUI: LEGENDA VA JUCA LA CFR CLUJ \u00ceNAINTE DE RETRAGERE&#8230;&#8230;&#8230;"}]},{"@type":"WebSite","@id":"https:\/\/www.letsportsrock.com\/#website","url":"https:\/\/www.letsportsrock.com\/","name":"letsportsrock","description":"Sport News and Updates","potentialAction":[{"@type":"SearchAction","target":{"@type":"EntryPoint","urlTemplate":"https:\/\/www.letsportsrock.com\/?s={search_term_string}"},"query-input":{"@type":"PropertyValueSpecification","valueRequired":true,"valueName":"search_term_string"}}],"inLanguage":"en-US"},{"@type":"Person","@id":"https:\/\/www.letsportsrock.com\/#\/schema\/person\/a454ac24e58b214ddd97e4b5afb0bf01","name":"letsportsrock","image":{"@type":"ImageObject","inLanguage":"en-US","@id":"https:\/\/secure.gravatar.com\/avatar\/f8ef950cbb7574c0bc874094b8d307659bfe2d7aa4a9d26fa6917eff010748f9?s=96&d=mm&r=g","url":"https:\/\/secure.gravatar.com\/avatar\/f8ef950cbb7574c0bc874094b8d307659bfe2d7aa4a9d26fa6917eff010748f9?s=96&d=mm&r=g","contentUrl":"https:\/\/secure.gravatar.com\/avatar\/f8ef950cbb7574c0bc874094b8d307659bfe2d7aa4a9d26fa6917eff010748f9?s=96&d=mm&r=g","caption":"letsportsrock"},"sameAs":["https:\/\/www.letsportsrock.com"],"url":"https:\/\/www.letsportsrock.com\/?author=1"}]}},"jetpack_featured_media_url":"https:\/\/www.letsportsrock.com\/wp-content\/uploads\/2025\/05\/1747787462145.jpg","jetpack_sharing_enabled":true,"_links":{"self":[{"href":"https:\/\/www.letsportsrock.com\/index.php?rest_route=\/wp\/v2\/posts\/40863","targetHints":{"allow":["GET"]}}],"collection":[{"href":"https:\/\/www.letsportsrock.com\/index.php?rest_route=\/wp\/v2\/posts"}],"about":[{"href":"https:\/\/www.letsportsrock.com\/index.php?rest_route=\/wp\/v2\/types\/post"}],"author":[{"embeddable":true,"href":"https:\/\/www.letsportsrock.com\/index.php?rest_route=\/wp\/v2\/users\/1"}],"replies":[{"embeddable":true,"href":"https:\/\/www.letsportsrock.com\/index.php?rest_route=%2Fwp%2Fv2%2Fcomments&post=40863"}],"version-history":[{"count":1,"href":"https:\/\/www.letsportsrock.com\/index.php?rest_route=\/wp\/v2\/posts\/40863\/revisions"}],"predecessor-version":[{"id":40868,"href":"https:\/\/www.letsportsrock.com\/index.php?rest_route=\/wp\/v2\/posts\/40863\/revisions\/40868"}],"wp:featuredmedia":[{"embeddable":true,"href":"https:\/\/www.letsportsrock.com\/index.php?rest_route=\/wp\/v2\/media\/40866"}],"wp:attachment":[{"href":"https:\/\/www.letsportsrock.com\/index.php?rest_route=%2Fwp%2Fv2%2Fmedia&parent=40863"}],"wp:term":[{"taxonomy":"category","embeddable":true,"href":"https:\/\/www.letsportsrock.com\/index.php?rest_route=%2Fwp%2Fv2%2Fcategories&post=40863"},{"taxonomy":"post_tag","embeddable":true,"href":"https:\/\/www.letsportsrock.com\/index.php?rest_route=%2Fwp%2Fv2%2Ftags&post=40863"}],"curies":[{"name":"wp","href":"https:\/\/api.w.org\/{rel}","templated":true}]}}