{"id":40964,"date":"2025-05-21T02:01:40","date_gmt":"2025-05-21T02:01:40","guid":{"rendered":"https:\/\/www.letsportsrock.com\/?p=40964"},"modified":"2025-05-21T02:01:40","modified_gmt":"2025-05-21T02:01:40","slug":"legenda-s-a-intors-atacantul-star-al-universitatii-craiova-tocmai-si-a-reziliat-contractul-cu-al-wehda-declarand-ca-va-5","status":"publish","type":"post","link":"https:\/\/www.letsportsrock.com\/?p=40964","title":{"rendered":"Legenda s-a \u00eentors: Atacantul star al Universit\u0103\u021bii Craiova tocmai \u0219i-a reziliat contractul cu Al-Wehda, declar\u00e2nd c\u0103 va&#8230;.."},"content":{"rendered":"<div class=\"d79db4796efc26332eabfc3f5dafbc76\" data-index=\"1\" style=\"float: none; margin:10px 0 10px 0; text-align:center;\">\n<div class=\"hb-ad-inarticle\">\r\n    <div class=\"hb-ad-inner\"> \r\n    <div class=\"hbagency_cls\"  id=\"hbagency_space_111930\"><\/div><\/div> <\/div>\n<\/div>\n<p>Legenda s-a \u00eentors: Atacantul star al Universit\u0103\u021bii Craiova tocmai \u0219i-a reziliat contractul cu Al-Wehda, declar\u00e2nd c\u0103 va&#8230;..<\/p>\n<p>&nbsp;<\/p>\n<p>&#8230;\u00eencerca s\u0103 duc\u0103 din nou echipa spre glorie. Fanii alb-alba\u0219trilor au toate motivele s\u0103 viseze din nou, pentru c\u0103 revenirea lui este mai mult dec\u00e2t o mutare de mercato \u2013 este o promisiune a rena\u0219terii spiritului oltean.<\/p>\n<p><img loading=\"lazy\" decoding=\"async\" class=\"alignnone size-medium wp-image-40966\" src=\"https:\/\/www.letsportsrock.com\/wp-content\/uploads\/2025\/05\/images-29-9-300x177.jpeg\" alt=\"\" width=\"300\" height=\"177\" srcset=\"https:\/\/www.letsportsrock.com\/wp-content\/uploads\/2025\/05\/images-29-9-300x177.jpeg 300w, https:\/\/www.letsportsrock.com\/wp-content\/uploads\/2025\/05\/images-29-9.jpeg 722w\" sizes=\"auto, (max-width: 300px) 100vw, 300px\" \/><\/p>\n<p>Dup\u0103 o perioad\u0103 plin\u0103 de provoc\u0103ri \u00een Arabia Saudit\u0103, atacantul de 31 de ani a decis c\u0103 e momentul s\u0103 revin\u0103 acas\u0103. &#8220;Craiova e inima mea, \u0219i aici vreau s\u0103 scriu cele mai frumoase pagini din cariera mea&#8221;, a spus el, cu ochii \u00een lacrimi.<\/p>\n<p>&nbsp;<\/p>\n<p>Reac\u021bia suporterilor nu s-a l\u0103sat a\u0219teptat\u0103. Pe re\u021belele sociale, mii de mesaje de bun-venit \u0219i imagini cu golurile sale memorabile din perioada anterioar\u0103 la Universitatea Craiova au reaprins speran\u021bele pentru un sezon de vis.<\/p>\n<p>&nbsp;<\/p>\n<p>Oficialii clubului au confirmat c\u0103 negocierile pentru contractul s\u0103u sunt \u00eentr-un stadiu avansat. Se preconizeaz\u0103 c\u0103 va debuta chiar \u00een urm\u0103torul derby. Craiova viseaz\u0103 din nou. Legenda a revenit.<\/p>\n\n<div style=\"font-size: 0px; height: 0px; line-height: 0px; margin: 0; padding: 0; clear: both;\"><\/div>","protected":false},"excerpt":{"rendered":"<p>Legenda s-a \u00eentors: Atacantul star al Universit\u0103\u021bii Craiova tocmai \u0219i-a reziliat contractul cu Al-Wehda, declar\u00e2nd c\u0103 va&#8230;.. &nbsp; &#8230;\u00eencerca s\u0103 duc\u0103 din nou echipa spre glorie. Fanii alb-alba\u0219trilor au toate motivele s\u0103 viseze din nou, pentru c\u0103 revenirea lui este mai mult dec\u00e2t o mutare de mercato \u2013 este o promisiune a rena\u0219terii spiritului oltean. [&hellip;]<\/p>\n","protected":false},"author":15,"featured_media":40965,"comment_status":"open","ping_status":"open","sticky":false,"template":"","format":"standard","meta":{"_jetpack_memberships_contains_paid_content":false,"footnotes":""},"categories":[1],"tags":[640],"class_list":["post-40964","post","type-post","status-publish","format-standard","has-post-thumbnail","hentry","category-uncategorized","tag-fan-andrei-ivan"],"yoast_head":"<!-- This site is optimized with the Yoast SEO plugin v27.4 - https:\/\/yoast.com\/product\/yoast-seo-wordpress\/ -->\n<title>Legenda s-a \u00eentors: Atacantul star al Universit\u0103\u021bii Craiova<\/title>\n<meta name=\"description\" content=\"Legenda s-a \u00eentors: Atacantul star al Universit\u0103\u021bii Craiova tocmai \u0219i-a reziliat contractul cu Al-Wehda, declar\u00e2nd c\u0103 va.....\" \/>\n<meta name=\"robots\" content=\"index, follow, max-snippet:-1, max-image-preview:large, max-video-preview:-1\" \/>\n<link rel=\"canonical\" href=\"https:\/\/www.letsportsrock.com\/?p=40964\" \/>\n<meta property=\"og:locale\" content=\"en_US\" \/>\n<meta property=\"og:type\" content=\"article\" \/>\n<meta property=\"og:title\" content=\"Legenda s-a \u00eentors: Atacantul star al Universit\u0103\u021bii Craiova\" \/>\n<meta property=\"og:description\" content=\"Legenda s-a \u00eentors: Atacantul star al Universit\u0103\u021bii Craiova tocmai \u0219i-a reziliat contractul cu Al-Wehda, declar\u00e2nd c\u0103 va.....\" \/>\n<meta property=\"og:url\" content=\"https:\/\/www.letsportsrock.com\/?p=40964\" \/>\n<meta property=\"og:site_name\" content=\"letsportsrock\" \/>\n<meta property=\"article:published_time\" content=\"2025-05-21T02:01:40+00:00\" \/>\n<meta property=\"og:image\" content=\"https:\/\/www.letsportsrock.com\/wp-content\/uploads\/2025\/05\/images-28-11.jpeg\" \/>\n\t<meta property=\"og:image:width\" content=\"554\" \/>\n\t<meta property=\"og:image:height\" content=\"554\" \/>\n\t<meta property=\"og:image:type\" content=\"image\/jpeg\" \/>\n<meta name=\"author\" content=\"Amos Nabizo\" \/>\n<meta name=\"twitter:card\" content=\"summary_large_image\" \/>\n<meta name=\"twitter:label1\" content=\"Written by\" \/>\n\t<meta name=\"twitter:data1\" content=\"Amos Nabizo\" \/>\n\t<meta name=\"twitter:label2\" content=\"Est. reading time\" \/>\n\t<meta name=\"twitter:data2\" content=\"2 minutes\" \/>\n<script type=\"application\/ld+json\" class=\"yoast-schema-graph\">{\"@context\":\"https:\\\/\\\/schema.org\",\"@graph\":[{\"@type\":\"Article\",\"@id\":\"https:\\\/\\\/www.letsportsrock.com\\\/?p=40964#article\",\"isPartOf\":{\"@id\":\"https:\\\/\\\/www.letsportsrock.com\\\/?p=40964\"},\"author\":{\"name\":\"Amos Nabizo\",\"@id\":\"https:\\\/\\\/www.letsportsrock.com\\\/#\\\/schema\\\/person\\\/044479f72bdbd75f9523e745d3be6c30\"},\"headline\":\"Legenda s-a \u00eentors: Atacantul star al Universit\u0103\u021bii Craiova tocmai \u0219i-a reziliat contractul cu Al-Wehda, declar\u00e2nd c\u0103 va&#8230;..\",\"datePublished\":\"2025-05-21T02:01:40+00:00\",\"mainEntityOfPage\":{\"@id\":\"https:\\\/\\\/www.letsportsrock.com\\\/?p=40964\"},\"wordCount\":195,\"commentCount\":0,\"image\":{\"@id\":\"https:\\\/\\\/www.letsportsrock.com\\\/?p=40964#primaryimage\"},\"thumbnailUrl\":\"https:\\\/\\\/www.letsportsrock.com\\\/wp-content\\\/uploads\\\/2025\\\/05\\\/images-28-11.jpeg\",\"keywords\":[\"Fan Andrei Ivan\"],\"inLanguage\":\"en-US\",\"potentialAction\":[{\"@type\":\"CommentAction\",\"name\":\"Comment\",\"target\":[\"https:\\\/\\\/www.letsportsrock.com\\\/?p=40964#respond\"]}]},{\"@type\":\"WebPage\",\"@id\":\"https:\\\/\\\/www.letsportsrock.com\\\/?p=40964\",\"url\":\"https:\\\/\\\/www.letsportsrock.com\\\/?p=40964\",\"name\":\"Legenda s-a \u00eentors: Atacantul star al Universit\u0103\u021bii Craiova\",\"isPartOf\":{\"@id\":\"https:\\\/\\\/www.letsportsrock.com\\\/#website\"},\"primaryImageOfPage\":{\"@id\":\"https:\\\/\\\/www.letsportsrock.com\\\/?p=40964#primaryimage\"},\"image\":{\"@id\":\"https:\\\/\\\/www.letsportsrock.com\\\/?p=40964#primaryimage\"},\"thumbnailUrl\":\"https:\\\/\\\/www.letsportsrock.com\\\/wp-content\\\/uploads\\\/2025\\\/05\\\/images-28-11.jpeg\",\"datePublished\":\"2025-05-21T02:01:40+00:00\",\"author\":{\"@id\":\"https:\\\/\\\/www.letsportsrock.com\\\/#\\\/schema\\\/person\\\/044479f72bdbd75f9523e745d3be6c30\"},\"description\":\"Legenda s-a \u00eentors: Atacantul star al Universit\u0103\u021bii Craiova tocmai \u0219i-a reziliat contractul cu Al-Wehda, declar\u00e2nd c\u0103 va.....\",\"breadcrumb\":{\"@id\":\"https:\\\/\\\/www.letsportsrock.com\\\/?p=40964#breadcrumb\"},\"inLanguage\":\"en-US\",\"potentialAction\":[{\"@type\":\"ReadAction\",\"target\":[\"https:\\\/\\\/www.letsportsrock.com\\\/?p=40964\"]}]},{\"@type\":\"ImageObject\",\"inLanguage\":\"en-US\",\"@id\":\"https:\\\/\\\/www.letsportsrock.com\\\/?p=40964#primaryimage\",\"url\":\"https:\\\/\\\/www.letsportsrock.com\\\/wp-content\\\/uploads\\\/2025\\\/05\\\/images-28-11.jpeg\",\"contentUrl\":\"https:\\\/\\\/www.letsportsrock.com\\\/wp-content\\\/uploads\\\/2025\\\/05\\\/images-28-11.jpeg\",\"width\":554,\"height\":554},{\"@type\":\"BreadcrumbList\",\"@id\":\"https:\\\/\\\/www.letsportsrock.com\\\/?p=40964#breadcrumb\",\"itemListElement\":[{\"@type\":\"ListItem\",\"position\":1,\"name\":\"Home\",\"item\":\"https:\\\/\\\/www.letsportsrock.com\\\/\"},{\"@type\":\"ListItem\",\"position\":2,\"name\":\"Legenda s-a \u00eentors: Atacantul star al Universit\u0103\u021bii Craiova tocmai \u0219i-a reziliat contractul cu Al-Wehda, declar\u00e2nd c\u0103 va&#8230;..\"}]},{\"@type\":\"WebSite\",\"@id\":\"https:\\\/\\\/www.letsportsrock.com\\\/#website\",\"url\":\"https:\\\/\\\/www.letsportsrock.com\\\/\",\"name\":\"letsportsrock\",\"description\":\"Sport News and Updates\",\"potentialAction\":[{\"@type\":\"SearchAction\",\"target\":{\"@type\":\"EntryPoint\",\"urlTemplate\":\"https:\\\/\\\/www.letsportsrock.com\\\/?s={search_term_string}\"},\"query-input\":{\"@type\":\"PropertyValueSpecification\",\"valueRequired\":true,\"valueName\":\"search_term_string\"}}],\"inLanguage\":\"en-US\"},{\"@type\":\"Person\",\"@id\":\"https:\\\/\\\/www.letsportsrock.com\\\/#\\\/schema\\\/person\\\/044479f72bdbd75f9523e745d3be6c30\",\"name\":\"Amos Nabizo\",\"image\":{\"@type\":\"ImageObject\",\"inLanguage\":\"en-US\",\"@id\":\"https:\\\/\\\/secure.gravatar.com\\\/avatar\\\/d569857c07d3899c6ca842ffea32daa1672c05549833530fe37e68ae7b521ba4?s=96&d=mm&r=g\",\"url\":\"https:\\\/\\\/secure.gravatar.com\\\/avatar\\\/d569857c07d3899c6ca842ffea32daa1672c05549833530fe37e68ae7b521ba4?s=96&d=mm&r=g\",\"contentUrl\":\"https:\\\/\\\/secure.gravatar.com\\\/avatar\\\/d569857c07d3899c6ca842ffea32daa1672c05549833530fe37e68ae7b521ba4?s=96&d=mm&r=g\",\"caption\":\"Amos Nabizo\"},\"sameAs\":[\"https:\\\/\\\/www.letsportsrock.com\\\/wp-admin\\\/\"],\"url\":\"https:\\\/\\\/www.letsportsrock.com\\\/?author=15\"}]}<\/script>\n<!-- \/ Yoast SEO plugin. -->","yoast_head_json":{"title":"Legenda s-a \u00eentors: Atacantul star al Universit\u0103\u021bii Craiova","description":"Legenda s-a \u00eentors: Atacantul star al Universit\u0103\u021bii Craiova tocmai \u0219i-a reziliat contractul cu Al-Wehda, declar\u00e2nd c\u0103 va.....","robots":{"index":"index","follow":"follow","max-snippet":"max-snippet:-1","max-image-preview":"max-image-preview:large","max-video-preview":"max-video-preview:-1"},"canonical":"https:\/\/www.letsportsrock.com\/?p=40964","og_locale":"en_US","og_type":"article","og_title":"Legenda s-a \u00eentors: Atacantul star al Universit\u0103\u021bii Craiova","og_description":"Legenda s-a \u00eentors: Atacantul star al Universit\u0103\u021bii Craiova tocmai \u0219i-a reziliat contractul cu Al-Wehda, declar\u00e2nd c\u0103 va.....","og_url":"https:\/\/www.letsportsrock.com\/?p=40964","og_site_name":"letsportsrock","article_published_time":"2025-05-21T02:01:40+00:00","og_image":[{"width":554,"height":554,"url":"https:\/\/www.letsportsrock.com\/wp-content\/uploads\/2025\/05\/images-28-11.jpeg","type":"image\/jpeg"}],"author":"Amos Nabizo","twitter_card":"summary_large_image","twitter_misc":{"Written by":"Amos Nabizo","Est. reading time":"2 minutes"},"schema":{"@context":"https:\/\/schema.org","@graph":[{"@type":"Article","@id":"https:\/\/www.letsportsrock.com\/?p=40964#article","isPartOf":{"@id":"https:\/\/www.letsportsrock.com\/?p=40964"},"author":{"name":"Amos Nabizo","@id":"https:\/\/www.letsportsrock.com\/#\/schema\/person\/044479f72bdbd75f9523e745d3be6c30"},"headline":"Legenda s-a \u00eentors: Atacantul star al Universit\u0103\u021bii Craiova tocmai \u0219i-a reziliat contractul cu Al-Wehda, declar\u00e2nd c\u0103 va&#8230;..","datePublished":"2025-05-21T02:01:40+00:00","mainEntityOfPage":{"@id":"https:\/\/www.letsportsrock.com\/?p=40964"},"wordCount":195,"commentCount":0,"image":{"@id":"https:\/\/www.letsportsrock.com\/?p=40964#primaryimage"},"thumbnailUrl":"https:\/\/www.letsportsrock.com\/wp-content\/uploads\/2025\/05\/images-28-11.jpeg","keywords":["Fan Andrei Ivan"],"inLanguage":"en-US","potentialAction":[{"@type":"CommentAction","name":"Comment","target":["https:\/\/www.letsportsrock.com\/?p=40964#respond"]}]},{"@type":"WebPage","@id":"https:\/\/www.letsportsrock.com\/?p=40964","url":"https:\/\/www.letsportsrock.com\/?p=40964","name":"Legenda s-a \u00eentors: Atacantul star al Universit\u0103\u021bii Craiova","isPartOf":{"@id":"https:\/\/www.letsportsrock.com\/#website"},"primaryImageOfPage":{"@id":"https:\/\/www.letsportsrock.com\/?p=40964#primaryimage"},"image":{"@id":"https:\/\/www.letsportsrock.com\/?p=40964#primaryimage"},"thumbnailUrl":"https:\/\/www.letsportsrock.com\/wp-content\/uploads\/2025\/05\/images-28-11.jpeg","datePublished":"2025-05-21T02:01:40+00:00","author":{"@id":"https:\/\/www.letsportsrock.com\/#\/schema\/person\/044479f72bdbd75f9523e745d3be6c30"},"description":"Legenda s-a \u00eentors: Atacantul star al Universit\u0103\u021bii Craiova tocmai \u0219i-a reziliat contractul cu Al-Wehda, declar\u00e2nd c\u0103 va.....","breadcrumb":{"@id":"https:\/\/www.letsportsrock.com\/?p=40964#breadcrumb"},"inLanguage":"en-US","potentialAction":[{"@type":"ReadAction","target":["https:\/\/www.letsportsrock.com\/?p=40964"]}]},{"@type":"ImageObject","inLanguage":"en-US","@id":"https:\/\/www.letsportsrock.com\/?p=40964#primaryimage","url":"https:\/\/www.letsportsrock.com\/wp-content\/uploads\/2025\/05\/images-28-11.jpeg","contentUrl":"https:\/\/www.letsportsrock.com\/wp-content\/uploads\/2025\/05\/images-28-11.jpeg","width":554,"height":554},{"@type":"BreadcrumbList","@id":"https:\/\/www.letsportsrock.com\/?p=40964#breadcrumb","itemListElement":[{"@type":"ListItem","position":1,"name":"Home","item":"https:\/\/www.letsportsrock.com\/"},{"@type":"ListItem","position":2,"name":"Legenda s-a \u00eentors: Atacantul star al Universit\u0103\u021bii Craiova tocmai \u0219i-a reziliat contractul cu Al-Wehda, declar\u00e2nd c\u0103 va&#8230;.."}]},{"@type":"WebSite","@id":"https:\/\/www.letsportsrock.com\/#website","url":"https:\/\/www.letsportsrock.com\/","name":"letsportsrock","description":"Sport News and Updates","potentialAction":[{"@type":"SearchAction","target":{"@type":"EntryPoint","urlTemplate":"https:\/\/www.letsportsrock.com\/?s={search_term_string}"},"query-input":{"@type":"PropertyValueSpecification","valueRequired":true,"valueName":"search_term_string"}}],"inLanguage":"en-US"},{"@type":"Person","@id":"https:\/\/www.letsportsrock.com\/#\/schema\/person\/044479f72bdbd75f9523e745d3be6c30","name":"Amos Nabizo","image":{"@type":"ImageObject","inLanguage":"en-US","@id":"https:\/\/secure.gravatar.com\/avatar\/d569857c07d3899c6ca842ffea32daa1672c05549833530fe37e68ae7b521ba4?s=96&d=mm&r=g","url":"https:\/\/secure.gravatar.com\/avatar\/d569857c07d3899c6ca842ffea32daa1672c05549833530fe37e68ae7b521ba4?s=96&d=mm&r=g","contentUrl":"https:\/\/secure.gravatar.com\/avatar\/d569857c07d3899c6ca842ffea32daa1672c05549833530fe37e68ae7b521ba4?s=96&d=mm&r=g","caption":"Amos Nabizo"},"sameAs":["https:\/\/www.letsportsrock.com\/wp-admin\/"],"url":"https:\/\/www.letsportsrock.com\/?author=15"}]}},"jetpack_featured_media_url":"https:\/\/www.letsportsrock.com\/wp-content\/uploads\/2025\/05\/images-28-11.jpeg","jetpack_sharing_enabled":true,"_links":{"self":[{"href":"https:\/\/www.letsportsrock.com\/index.php?rest_route=\/wp\/v2\/posts\/40964","targetHints":{"allow":["GET"]}}],"collection":[{"href":"https:\/\/www.letsportsrock.com\/index.php?rest_route=\/wp\/v2\/posts"}],"about":[{"href":"https:\/\/www.letsportsrock.com\/index.php?rest_route=\/wp\/v2\/types\/post"}],"author":[{"embeddable":true,"href":"https:\/\/www.letsportsrock.com\/index.php?rest_route=\/wp\/v2\/users\/15"}],"replies":[{"embeddable":true,"href":"https:\/\/www.letsportsrock.com\/index.php?rest_route=%2Fwp%2Fv2%2Fcomments&post=40964"}],"version-history":[{"count":1,"href":"https:\/\/www.letsportsrock.com\/index.php?rest_route=\/wp\/v2\/posts\/40964\/revisions"}],"predecessor-version":[{"id":40967,"href":"https:\/\/www.letsportsrock.com\/index.php?rest_route=\/wp\/v2\/posts\/40964\/revisions\/40967"}],"wp:featuredmedia":[{"embeddable":true,"href":"https:\/\/www.letsportsrock.com\/index.php?rest_route=\/wp\/v2\/media\/40965"}],"wp:attachment":[{"href":"https:\/\/www.letsportsrock.com\/index.php?rest_route=%2Fwp%2Fv2%2Fmedia&parent=40964"}],"wp:term":[{"taxonomy":"category","embeddable":true,"href":"https:\/\/www.letsportsrock.com\/index.php?rest_route=%2Fwp%2Fv2%2Fcategories&post=40964"},{"taxonomy":"post_tag","embeddable":true,"href":"https:\/\/www.letsportsrock.com\/index.php?rest_route=%2Fwp%2Fv2%2Ftags&post=40964"}],"curies":[{"name":"wp","href":"https:\/\/api.w.org\/{rel}","templated":true}]}}