{"id":41093,"date":"2025-05-21T14:58:28","date_gmt":"2025-05-21T14:58:28","guid":{"rendered":"https:\/\/www.letsportsrock.com\/?p=41093"},"modified":"2025-05-21T14:58:28","modified_gmt":"2025-05-21T14:58:28","slug":"presedintele-fc-dinamo-bucuresti-andrei-nicolescu-si-a-reziliat-contractul-din-cauza-3","status":"publish","type":"post","link":"https:\/\/www.letsportsrock.com\/?p=41093","title":{"rendered":"\u201cPre\u0219edintele FC Dinamo Bucure\u0219ti, Andrei Nicolescu, \u0219i-a reziliat contractul din cauza\u2026\u201d"},"content":{"rendered":"<div class=\"d79db4796efc26332eabfc3f5dafbc76\" data-index=\"1\" style=\"float: none; margin:10px 0 10px 0; text-align:center;\">\n<div class=\"hb-ad-inarticle\">\r\n    <div class=\"hb-ad-inner\"> \r\n    <div class=\"hbagency_cls\"  id=\"hbagency_space_111930\"><\/div><\/div> <\/div>\n<\/div>\n<p class=\"entry-title\" style=\"font-size: 24.96px;margin: 0.67em 0px;clear: both;font-family: Laila, serif;color: #ffffff\">\u201cPre\u0219edintele FC Dinamo Bucure\u0219ti, Andrei Nicolescu, \u0219i-a reziliat contractul din cauza\u2026\u201d<\/p>\n<p>&nbsp;<\/p>\n<p>Pre\u0219edintele FC Dinamo Bucure\u0219ti, Andrei Nicolescu, \u0219i-a reziliat contractul cu clubul din cauza unor tensiuni interne \u0219i a ne\u00een\u021belegerilor privind direc\u021bia managerial\u0103 a echipei. Surse apropiate clubului sus\u021bin c\u0103 Nicolescu a fost nemul\u021bumit de implicarea limitat\u0103 \u00een luarea deciziilor strategice \u0219i de presiunile tot mai mari venite din partea conducerii administrative \u0219i a suporterilor. Performan\u021bele slabe ale echipei din ultima perioad\u0103 au contribuit, de asemenea, la deteriorarea rela\u021biilor dintre pre\u0219edinte \u0219i stafful tehnic.<img loading=\"lazy\" decoding=\"async\" class=\"alignnone size-medium wp-image-41095\" src=\"https:\/\/www.letsportsrock.com\/wp-content\/uploads\/2025\/05\/images-78-3-300x168.jpeg\" alt=\"\" width=\"300\" height=\"168\" srcset=\"https:\/\/www.letsportsrock.com\/wp-content\/uploads\/2025\/05\/images-78-3-300x168.jpeg 300w, https:\/\/www.letsportsrock.com\/wp-content\/uploads\/2025\/05\/images-78-3.jpeg 739w\" sizes=\"auto, (max-width: 300px) 100vw, 300px\" \/><\/p>\n<p>\u00cen plus, problemele financiare ale clubului \u0219i lipsa unor solu\u021bii concrete pentru redresare l-au determinat pe Nicolescu s\u0103 considere c\u0103 nu mai poate contribui eficient la reconstruc\u021bia proiectului Dinamo. De\u0219i a avut ini\u021bial sprijinul unor membri ai Consiliului de Administra\u021bie, acest suport a sl\u0103bit pe parcursul ultimelor luni, odat\u0103 cu \u00eenmul\u021birea nemul\u021bumirilor \u0219i blocajelor interne.<\/p>\n<p>\u00centr-un comunicat scurt, Andrei Nicolescu a declarat c\u0103 decizia a fost luat\u0103 \u201e\u00een interesul clubului\u201d \u0219i c\u0103 sper\u0103 ca Dinamo s\u0103 g\u0103seasc\u0103 stabilitatea necesar\u0103 pentru a reveni \u00een topul fotbalului rom\u00e2nesc. Clubul urmeaz\u0103 s\u0103 anun\u021be \u00een zilele urm\u0103toare cine va prelua func\u021bia de pre\u0219edinte interimar.<\/p>\n\n<div style=\"font-size: 0px; height: 0px; line-height: 0px; margin: 0; padding: 0; clear: both;\"><\/div>","protected":false},"excerpt":{"rendered":"<p>\u201cPre\u0219edintele FC Dinamo Bucure\u0219ti, Andrei Nicolescu, \u0219i-a reziliat contractul din cauza\u2026\u201d &nbsp; Pre\u0219edintele FC Dinamo Bucure\u0219ti, Andrei Nicolescu, \u0219i-a reziliat contractul cu clubul din cauza unor tensiuni interne \u0219i a ne\u00een\u021belegerilor privind direc\u021bia managerial\u0103 a echipei. Surse apropiate clubului sus\u021bin c\u0103 Nicolescu a fost nemul\u021bumit de implicarea limitat\u0103 \u00een luarea deciziilor strategice \u0219i de presiunile [&hellip;]<\/p>\n","protected":false},"author":9,"featured_media":41094,"comment_status":"open","ping_status":"open","sticky":false,"template":"","format":"standard","meta":{"_jetpack_memberships_contains_paid_content":false,"footnotes":""},"categories":[1],"tags":[419],"class_list":["post-41093","post","type-post","status-publish","format-standard","has-post-thumbnail","hentry","category-uncategorized","tag-fc-dinamo-bucuresti"],"yoast_head":"<!-- This site is optimized with the Yoast SEO plugin v27.4 - https:\/\/yoast.com\/product\/yoast-seo-wordpress\/ -->\n<title>\u201cPre\u0219edintele FC Dinamo Bucure\u0219ti, Andrei Nicolescu, \u0219i-a reziliat contractul din cauza\u2026\u201d<\/title>\n<meta name=\"description\" content=\"\u201cPre\u0219edintele FC Dinamo Bucure\u0219ti, Andrei Nicolescu, \u0219i-a reziliat contractul din cauza\u2026\u201d\" \/>\n<meta name=\"robots\" content=\"index, follow, max-snippet:-1, max-image-preview:large, max-video-preview:-1\" \/>\n<link rel=\"canonical\" href=\"https:\/\/www.letsportsrock.com\/?p=41093\" \/>\n<meta property=\"og:locale\" content=\"en_US\" \/>\n<meta property=\"og:type\" content=\"article\" \/>\n<meta property=\"og:title\" content=\"\u201cPre\u0219edintele FC Dinamo Bucure\u0219ti, Andrei Nicolescu, \u0219i-a reziliat contractul din cauza\u2026\u201d\" \/>\n<meta property=\"og:description\" content=\"\u201cPre\u0219edintele FC Dinamo Bucure\u0219ti, Andrei Nicolescu, \u0219i-a reziliat contractul din cauza\u2026\u201d\" \/>\n<meta property=\"og:url\" content=\"https:\/\/www.letsportsrock.com\/?p=41093\" \/>\n<meta property=\"og:site_name\" content=\"letsportsrock\" \/>\n<meta property=\"article:published_time\" content=\"2025-05-21T14:58:28+00:00\" \/>\n<meta property=\"og:image\" content=\"https:\/\/www.letsportsrock.com\/wp-content\/uploads\/2025\/05\/images-77-4.jpeg\" \/>\n\t<meta property=\"og:image:width\" content=\"739\" \/>\n\t<meta property=\"og:image:height\" content=\"415\" \/>\n\t<meta property=\"og:image:type\" content=\"image\/jpeg\" \/>\n<meta name=\"author\" content=\"Paul Hembaor\" \/>\n<meta name=\"twitter:card\" content=\"summary_large_image\" \/>\n<meta name=\"twitter:label1\" content=\"Written by\" \/>\n\t<meta name=\"twitter:data1\" content=\"Paul Hembaor\" \/>\n\t<meta name=\"twitter:label2\" content=\"Est. reading time\" \/>\n\t<meta name=\"twitter:data2\" content=\"2 minutes\" \/>\n<script type=\"application\/ld+json\" class=\"yoast-schema-graph\">{\"@context\":\"https:\\\/\\\/schema.org\",\"@graph\":[{\"@type\":\"Article\",\"@id\":\"https:\\\/\\\/www.letsportsrock.com\\\/?p=41093#article\",\"isPartOf\":{\"@id\":\"https:\\\/\\\/www.letsportsrock.com\\\/?p=41093\"},\"author\":{\"name\":\"Paul Hembaor\",\"@id\":\"https:\\\/\\\/www.letsportsrock.com\\\/#\\\/schema\\\/person\\\/97aa0f336f5a3ca15a8ec7d78846f045\"},\"headline\":\"\u201cPre\u0219edintele FC Dinamo Bucure\u0219ti, Andrei Nicolescu, \u0219i-a reziliat contractul din cauza\u2026\u201d\",\"datePublished\":\"2025-05-21T14:58:28+00:00\",\"mainEntityOfPage\":{\"@id\":\"https:\\\/\\\/www.letsportsrock.com\\\/?p=41093\"},\"wordCount\":224,\"commentCount\":0,\"image\":{\"@id\":\"https:\\\/\\\/www.letsportsrock.com\\\/?p=41093#primaryimage\"},\"thumbnailUrl\":\"https:\\\/\\\/www.letsportsrock.com\\\/wp-content\\\/uploads\\\/2025\\\/05\\\/images-77-4.jpeg\",\"keywords\":[\"Fc Dinamo bucuresti\"],\"inLanguage\":\"en-US\",\"potentialAction\":[{\"@type\":\"CommentAction\",\"name\":\"Comment\",\"target\":[\"https:\\\/\\\/www.letsportsrock.com\\\/?p=41093#respond\"]}]},{\"@type\":\"WebPage\",\"@id\":\"https:\\\/\\\/www.letsportsrock.com\\\/?p=41093\",\"url\":\"https:\\\/\\\/www.letsportsrock.com\\\/?p=41093\",\"name\":\"\u201cPre\u0219edintele FC Dinamo Bucure\u0219ti, Andrei Nicolescu, \u0219i-a reziliat contractul din cauza\u2026\u201d\",\"isPartOf\":{\"@id\":\"https:\\\/\\\/www.letsportsrock.com\\\/#website\"},\"primaryImageOfPage\":{\"@id\":\"https:\\\/\\\/www.letsportsrock.com\\\/?p=41093#primaryimage\"},\"image\":{\"@id\":\"https:\\\/\\\/www.letsportsrock.com\\\/?p=41093#primaryimage\"},\"thumbnailUrl\":\"https:\\\/\\\/www.letsportsrock.com\\\/wp-content\\\/uploads\\\/2025\\\/05\\\/images-77-4.jpeg\",\"datePublished\":\"2025-05-21T14:58:28+00:00\",\"author\":{\"@id\":\"https:\\\/\\\/www.letsportsrock.com\\\/#\\\/schema\\\/person\\\/97aa0f336f5a3ca15a8ec7d78846f045\"},\"description\":\"\u201cPre\u0219edintele FC Dinamo Bucure\u0219ti, Andrei Nicolescu, \u0219i-a reziliat contractul din cauza\u2026\u201d\",\"breadcrumb\":{\"@id\":\"https:\\\/\\\/www.letsportsrock.com\\\/?p=41093#breadcrumb\"},\"inLanguage\":\"en-US\",\"potentialAction\":[{\"@type\":\"ReadAction\",\"target\":[\"https:\\\/\\\/www.letsportsrock.com\\\/?p=41093\"]}]},{\"@type\":\"ImageObject\",\"inLanguage\":\"en-US\",\"@id\":\"https:\\\/\\\/www.letsportsrock.com\\\/?p=41093#primaryimage\",\"url\":\"https:\\\/\\\/www.letsportsrock.com\\\/wp-content\\\/uploads\\\/2025\\\/05\\\/images-77-4.jpeg\",\"contentUrl\":\"https:\\\/\\\/www.letsportsrock.com\\\/wp-content\\\/uploads\\\/2025\\\/05\\\/images-77-4.jpeg\",\"width\":739,\"height\":415},{\"@type\":\"BreadcrumbList\",\"@id\":\"https:\\\/\\\/www.letsportsrock.com\\\/?p=41093#breadcrumb\",\"itemListElement\":[{\"@type\":\"ListItem\",\"position\":1,\"name\":\"Home\",\"item\":\"https:\\\/\\\/www.letsportsrock.com\\\/\"},{\"@type\":\"ListItem\",\"position\":2,\"name\":\"\u201cPre\u0219edintele FC Dinamo Bucure\u0219ti, Andrei Nicolescu, \u0219i-a reziliat contractul din cauza\u2026\u201d\"}]},{\"@type\":\"WebSite\",\"@id\":\"https:\\\/\\\/www.letsportsrock.com\\\/#website\",\"url\":\"https:\\\/\\\/www.letsportsrock.com\\\/\",\"name\":\"letsportsrock\",\"description\":\"Sport News and Updates\",\"potentialAction\":[{\"@type\":\"SearchAction\",\"target\":{\"@type\":\"EntryPoint\",\"urlTemplate\":\"https:\\\/\\\/www.letsportsrock.com\\\/?s={search_term_string}\"},\"query-input\":{\"@type\":\"PropertyValueSpecification\",\"valueRequired\":true,\"valueName\":\"search_term_string\"}}],\"inLanguage\":\"en-US\"},{\"@type\":\"Person\",\"@id\":\"https:\\\/\\\/www.letsportsrock.com\\\/#\\\/schema\\\/person\\\/97aa0f336f5a3ca15a8ec7d78846f045\",\"name\":\"Paul Hembaor\",\"image\":{\"@type\":\"ImageObject\",\"inLanguage\":\"en-US\",\"@id\":\"https:\\\/\\\/secure.gravatar.com\\\/avatar\\\/0574929a03c152e8ea7939c31311f9ea2fe2e06139cd71e2d6e698c217219d60?s=96&d=mm&r=g\",\"url\":\"https:\\\/\\\/secure.gravatar.com\\\/avatar\\\/0574929a03c152e8ea7939c31311f9ea2fe2e06139cd71e2d6e698c217219d60?s=96&d=mm&r=g\",\"contentUrl\":\"https:\\\/\\\/secure.gravatar.com\\\/avatar\\\/0574929a03c152e8ea7939c31311f9ea2fe2e06139cd71e2d6e698c217219d60?s=96&d=mm&r=g\",\"caption\":\"Paul Hembaor\"},\"sameAs\":[\"https:\\\/\\\/www.letsportsrock.com\\\/wp-admin\\\/\"],\"url\":\"https:\\\/\\\/www.letsportsrock.com\\\/?author=9\"}]}<\/script>\n<!-- \/ Yoast SEO plugin. -->","yoast_head_json":{"title":"\u201cPre\u0219edintele FC Dinamo Bucure\u0219ti, Andrei Nicolescu, \u0219i-a reziliat contractul din cauza\u2026\u201d","description":"\u201cPre\u0219edintele FC Dinamo Bucure\u0219ti, Andrei Nicolescu, \u0219i-a reziliat contractul din cauza\u2026\u201d","robots":{"index":"index","follow":"follow","max-snippet":"max-snippet:-1","max-image-preview":"max-image-preview:large","max-video-preview":"max-video-preview:-1"},"canonical":"https:\/\/www.letsportsrock.com\/?p=41093","og_locale":"en_US","og_type":"article","og_title":"\u201cPre\u0219edintele FC Dinamo Bucure\u0219ti, Andrei Nicolescu, \u0219i-a reziliat contractul din cauza\u2026\u201d","og_description":"\u201cPre\u0219edintele FC Dinamo Bucure\u0219ti, Andrei Nicolescu, \u0219i-a reziliat contractul din cauza\u2026\u201d","og_url":"https:\/\/www.letsportsrock.com\/?p=41093","og_site_name":"letsportsrock","article_published_time":"2025-05-21T14:58:28+00:00","og_image":[{"width":739,"height":415,"url":"https:\/\/www.letsportsrock.com\/wp-content\/uploads\/2025\/05\/images-77-4.jpeg","type":"image\/jpeg"}],"author":"Paul Hembaor","twitter_card":"summary_large_image","twitter_misc":{"Written by":"Paul Hembaor","Est. reading time":"2 minutes"},"schema":{"@context":"https:\/\/schema.org","@graph":[{"@type":"Article","@id":"https:\/\/www.letsportsrock.com\/?p=41093#article","isPartOf":{"@id":"https:\/\/www.letsportsrock.com\/?p=41093"},"author":{"name":"Paul Hembaor","@id":"https:\/\/www.letsportsrock.com\/#\/schema\/person\/97aa0f336f5a3ca15a8ec7d78846f045"},"headline":"\u201cPre\u0219edintele FC Dinamo Bucure\u0219ti, Andrei Nicolescu, \u0219i-a reziliat contractul din cauza\u2026\u201d","datePublished":"2025-05-21T14:58:28+00:00","mainEntityOfPage":{"@id":"https:\/\/www.letsportsrock.com\/?p=41093"},"wordCount":224,"commentCount":0,"image":{"@id":"https:\/\/www.letsportsrock.com\/?p=41093#primaryimage"},"thumbnailUrl":"https:\/\/www.letsportsrock.com\/wp-content\/uploads\/2025\/05\/images-77-4.jpeg","keywords":["Fc Dinamo bucuresti"],"inLanguage":"en-US","potentialAction":[{"@type":"CommentAction","name":"Comment","target":["https:\/\/www.letsportsrock.com\/?p=41093#respond"]}]},{"@type":"WebPage","@id":"https:\/\/www.letsportsrock.com\/?p=41093","url":"https:\/\/www.letsportsrock.com\/?p=41093","name":"\u201cPre\u0219edintele FC Dinamo Bucure\u0219ti, Andrei Nicolescu, \u0219i-a reziliat contractul din cauza\u2026\u201d","isPartOf":{"@id":"https:\/\/www.letsportsrock.com\/#website"},"primaryImageOfPage":{"@id":"https:\/\/www.letsportsrock.com\/?p=41093#primaryimage"},"image":{"@id":"https:\/\/www.letsportsrock.com\/?p=41093#primaryimage"},"thumbnailUrl":"https:\/\/www.letsportsrock.com\/wp-content\/uploads\/2025\/05\/images-77-4.jpeg","datePublished":"2025-05-21T14:58:28+00:00","author":{"@id":"https:\/\/www.letsportsrock.com\/#\/schema\/person\/97aa0f336f5a3ca15a8ec7d78846f045"},"description":"\u201cPre\u0219edintele FC Dinamo Bucure\u0219ti, Andrei Nicolescu, \u0219i-a reziliat contractul din cauza\u2026\u201d","breadcrumb":{"@id":"https:\/\/www.letsportsrock.com\/?p=41093#breadcrumb"},"inLanguage":"en-US","potentialAction":[{"@type":"ReadAction","target":["https:\/\/www.letsportsrock.com\/?p=41093"]}]},{"@type":"ImageObject","inLanguage":"en-US","@id":"https:\/\/www.letsportsrock.com\/?p=41093#primaryimage","url":"https:\/\/www.letsportsrock.com\/wp-content\/uploads\/2025\/05\/images-77-4.jpeg","contentUrl":"https:\/\/www.letsportsrock.com\/wp-content\/uploads\/2025\/05\/images-77-4.jpeg","width":739,"height":415},{"@type":"BreadcrumbList","@id":"https:\/\/www.letsportsrock.com\/?p=41093#breadcrumb","itemListElement":[{"@type":"ListItem","position":1,"name":"Home","item":"https:\/\/www.letsportsrock.com\/"},{"@type":"ListItem","position":2,"name":"\u201cPre\u0219edintele FC Dinamo Bucure\u0219ti, Andrei Nicolescu, \u0219i-a reziliat contractul din cauza\u2026\u201d"}]},{"@type":"WebSite","@id":"https:\/\/www.letsportsrock.com\/#website","url":"https:\/\/www.letsportsrock.com\/","name":"letsportsrock","description":"Sport News and Updates","potentialAction":[{"@type":"SearchAction","target":{"@type":"EntryPoint","urlTemplate":"https:\/\/www.letsportsrock.com\/?s={search_term_string}"},"query-input":{"@type":"PropertyValueSpecification","valueRequired":true,"valueName":"search_term_string"}}],"inLanguage":"en-US"},{"@type":"Person","@id":"https:\/\/www.letsportsrock.com\/#\/schema\/person\/97aa0f336f5a3ca15a8ec7d78846f045","name":"Paul Hembaor","image":{"@type":"ImageObject","inLanguage":"en-US","@id":"https:\/\/secure.gravatar.com\/avatar\/0574929a03c152e8ea7939c31311f9ea2fe2e06139cd71e2d6e698c217219d60?s=96&d=mm&r=g","url":"https:\/\/secure.gravatar.com\/avatar\/0574929a03c152e8ea7939c31311f9ea2fe2e06139cd71e2d6e698c217219d60?s=96&d=mm&r=g","contentUrl":"https:\/\/secure.gravatar.com\/avatar\/0574929a03c152e8ea7939c31311f9ea2fe2e06139cd71e2d6e698c217219d60?s=96&d=mm&r=g","caption":"Paul Hembaor"},"sameAs":["https:\/\/www.letsportsrock.com\/wp-admin\/"],"url":"https:\/\/www.letsportsrock.com\/?author=9"}]}},"jetpack_featured_media_url":"https:\/\/www.letsportsrock.com\/wp-content\/uploads\/2025\/05\/images-77-4.jpeg","jetpack_sharing_enabled":true,"_links":{"self":[{"href":"https:\/\/www.letsportsrock.com\/index.php?rest_route=\/wp\/v2\/posts\/41093","targetHints":{"allow":["GET"]}}],"collection":[{"href":"https:\/\/www.letsportsrock.com\/index.php?rest_route=\/wp\/v2\/posts"}],"about":[{"href":"https:\/\/www.letsportsrock.com\/index.php?rest_route=\/wp\/v2\/types\/post"}],"author":[{"embeddable":true,"href":"https:\/\/www.letsportsrock.com\/index.php?rest_route=\/wp\/v2\/users\/9"}],"replies":[{"embeddable":true,"href":"https:\/\/www.letsportsrock.com\/index.php?rest_route=%2Fwp%2Fv2%2Fcomments&post=41093"}],"version-history":[{"count":1,"href":"https:\/\/www.letsportsrock.com\/index.php?rest_route=\/wp\/v2\/posts\/41093\/revisions"}],"predecessor-version":[{"id":41096,"href":"https:\/\/www.letsportsrock.com\/index.php?rest_route=\/wp\/v2\/posts\/41093\/revisions\/41096"}],"wp:featuredmedia":[{"embeddable":true,"href":"https:\/\/www.letsportsrock.com\/index.php?rest_route=\/wp\/v2\/media\/41094"}],"wp:attachment":[{"href":"https:\/\/www.letsportsrock.com\/index.php?rest_route=%2Fwp%2Fv2%2Fmedia&parent=41093"}],"wp:term":[{"taxonomy":"category","embeddable":true,"href":"https:\/\/www.letsportsrock.com\/index.php?rest_route=%2Fwp%2Fv2%2Fcategories&post=41093"},{"taxonomy":"post_tag","embeddable":true,"href":"https:\/\/www.letsportsrock.com\/index.php?rest_route=%2Fwp%2Fv2%2Ftags&post=41093"}],"curies":[{"name":"wp","href":"https:\/\/api.w.org\/{rel}","templated":true}]}}