{"id":41505,"date":"2025-05-23T07:09:44","date_gmt":"2025-05-23T07:09:44","guid":{"rendered":"https:\/\/www.letsportsrock.com\/?p=41505"},"modified":"2025-05-23T07:09:44","modified_gmt":"2025-05-23T07:09:44","slug":"descansa-en-paz-el-exentrenador-del-celta-de-vigo-rafael-benitez-ha-fallecido-debido-a-los-aficionados-del-celta-lloran-hoy","status":"publish","type":"post","link":"https:\/\/www.letsportsrock.com\/?p=41505","title":{"rendered":"Descansa en paz; el exentrenador del Celta de Vigo, Rafael Ben\u00edtez, ha fallecido debido a\u2026 Los aficionados del Celta lloran hoy&#8230;.."},"content":{"rendered":"<div class=\"d79db4796efc26332eabfc3f5dafbc76\" data-index=\"1\" style=\"float: none; margin:10px 0 10px 0; text-align:center;\">\n<div class=\"hb-ad-inarticle\">\r\n    <div class=\"hb-ad-inner\"> \r\n    <div class=\"hbagency_cls\"  id=\"hbagency_space_111930\"><\/div><\/div> <\/div>\n<\/div>\n<p>Descansa en paz; el exentrenador del Celta de Vigo, Rafael Ben\u00edtez, ha fallecido debido a\u2026 Los aficionados del Celta lloran hoy&#8230;..<\/p>\n<p>&nbsp;<\/p>\n<p>Descansa en paz; el exentrenador del Celta de Vigo, Rafael Ben\u00edtez, ha fallecido debido a complicaciones de salud que ven\u00eda enfrentando en los \u00faltimos meses. La noticia ha sacudido al mundo del f\u00fatbol, especialmente a los aficionados del Celta, quienes hoy lloran la p\u00e9rdida de un referente en los banquillos.<img loading=\"lazy\" decoding=\"async\" class=\"alignnone size-medium wp-image-41509\" src=\"https:\/\/www.letsportsrock.com\/wp-content\/uploads\/2025\/05\/132896667_gettyimages-2073754712-300x169.jpg\" alt=\"\" width=\"300\" height=\"169\" srcset=\"https:\/\/www.letsportsrock.com\/wp-content\/uploads\/2025\/05\/132896667_gettyimages-2073754712-300x169.jpg 300w, https:\/\/www.letsportsrock.com\/wp-content\/uploads\/2025\/05\/132896667_gettyimages-2073754712-768x432.jpg 768w, https:\/\/www.letsportsrock.com\/wp-content\/uploads\/2025\/05\/132896667_gettyimages-2073754712.jpg 1024w\" sizes=\"auto, (max-width: 300px) 100vw, 300px\" \/><\/p>\n<p>Ben\u00edtez, conocido por su car\u00e1cter meticuloso y su profundo conocimiento t\u00e1ctico, dej\u00f3 una huella imborrable durante su paso por el conjunto gallego. Su legado no solo se mide en resultados, sino en el respeto que cultiv\u00f3 entre jugadores, directivos y aficionados. En Vigo, su figura fue s\u00edmbolo de esperanza y ambici\u00f3n renovada, y su pasi\u00f3n por el f\u00fatbol nunca pas\u00f3 desapercibida.<\/p>\n<p>Hoy, Bala\u00eddos se viste de luto. Las redes sociales se han llenado de mensajes emotivos y recuerdos compartidos por quienes tuvieron el privilegio de verlo trabajar. Desde otras partes del mundo, clubes y colegas tambi\u00e9n han rendido homenaje a un hombre que dedic\u00f3 su vida al f\u00fatbol con integridad y profesionalismo.<\/p>\n<p>El Celta pierde a un l\u00edder, pero el f\u00fatbol pierde a una leyenda. Que descanse en paz Rafael Ben\u00edtez, siempre presente en la memoria de quienes amamos este deporte.<\/p>\n\n<div style=\"font-size: 0px; height: 0px; line-height: 0px; margin: 0; padding: 0; clear: both;\"><\/div>","protected":false},"excerpt":{"rendered":"<p>Descansa en paz; el exentrenador del Celta de Vigo, Rafael Ben\u00edtez, ha fallecido debido a\u2026 Los aficionados del Celta lloran hoy&#8230;.. &nbsp; Descansa en paz; el exentrenador del Celta de Vigo, Rafael Ben\u00edtez, ha fallecido debido a complicaciones de salud que ven\u00eda enfrentando en los \u00faltimos meses. La noticia ha sacudido al mundo del f\u00fatbol, [&hellip;]<\/p>\n","protected":false},"author":9,"featured_media":41508,"comment_status":"open","ping_status":"open","sticky":false,"template":"","format":"standard","meta":{"_jetpack_memberships_contains_paid_content":false,"footnotes":""},"categories":[1],"tags":[681],"class_list":["post-41505","post","type-post","status-publish","format-standard","has-post-thumbnail","hentry","category-uncategorized","tag-rc-celta-de-vigo"],"yoast_head":"<!-- This site is optimized with the Yoast SEO plugin v27.4 - https:\/\/yoast.com\/product\/yoast-seo-wordpress\/ -->\n<title>Descansa en paz; el exentrenador del Celta de Vigo, Rafael Ben\u00edtez, ha fallecido debido a\u2026 Los aficionados del Celta lloran hoy.....<\/title>\n<meta name=\"description\" content=\"Descansa en paz; el exentrenador del Celta de Vigo, Rafael Ben\u00edtez, ha fallecido debido a\u2026 Los aficionados del Celta lloran hoy.....\" \/>\n<meta name=\"robots\" content=\"index, follow, max-snippet:-1, max-image-preview:large, max-video-preview:-1\" \/>\n<link rel=\"canonical\" href=\"https:\/\/www.letsportsrock.com\/?p=41505\" \/>\n<meta property=\"og:locale\" content=\"en_US\" \/>\n<meta property=\"og:type\" content=\"article\" \/>\n<meta property=\"og:title\" content=\"Descansa en paz; el exentrenador del Celta de Vigo, Rafael Ben\u00edtez, ha fallecido debido a\u2026 Los aficionados del Celta lloran hoy.....\" \/>\n<meta property=\"og:description\" content=\"Descansa en paz; el exentrenador del Celta de Vigo, Rafael Ben\u00edtez, ha fallecido debido a\u2026 Los aficionados del Celta lloran hoy.....\" \/>\n<meta property=\"og:url\" content=\"https:\/\/www.letsportsrock.com\/?p=41505\" \/>\n<meta property=\"og:site_name\" content=\"letsportsrock\" \/>\n<meta property=\"article:published_time\" content=\"2025-05-23T07:09:44+00:00\" \/>\n<meta property=\"og:image\" content=\"https:\/\/www.letsportsrock.com\/wp-content\/uploads\/2025\/05\/7YJVTROVQJAQDJZYJS2UXQ2I6Y-scaled.jpg\" \/>\n\t<meta property=\"og:image:width\" content=\"2560\" \/>\n\t<meta property=\"og:image:height\" content=\"1707\" \/>\n\t<meta property=\"og:image:type\" content=\"image\/jpeg\" \/>\n<meta name=\"author\" content=\"Paul Hembaor\" \/>\n<meta name=\"twitter:card\" content=\"summary_large_image\" \/>\n<meta name=\"twitter:label1\" content=\"Written by\" \/>\n\t<meta name=\"twitter:data1\" content=\"Paul Hembaor\" \/>\n\t<meta name=\"twitter:label2\" content=\"Est. reading time\" \/>\n\t<meta name=\"twitter:data2\" content=\"2 minutes\" \/>\n<script type=\"application\/ld+json\" class=\"yoast-schema-graph\">{\"@context\":\"https:\\\/\\\/schema.org\",\"@graph\":[{\"@type\":\"Article\",\"@id\":\"https:\\\/\\\/www.letsportsrock.com\\\/?p=41505#article\",\"isPartOf\":{\"@id\":\"https:\\\/\\\/www.letsportsrock.com\\\/?p=41505\"},\"author\":{\"name\":\"Paul Hembaor\",\"@id\":\"https:\\\/\\\/www.letsportsrock.com\\\/#\\\/schema\\\/person\\\/97aa0f336f5a3ca15a8ec7d78846f045\"},\"headline\":\"Descansa en paz; el exentrenador del Celta de Vigo, Rafael Ben\u00edtez, ha fallecido debido a\u2026 Los aficionados del Celta lloran hoy&#8230;..\",\"datePublished\":\"2025-05-23T07:09:44+00:00\",\"mainEntityOfPage\":{\"@id\":\"https:\\\/\\\/www.letsportsrock.com\\\/?p=41505\"},\"wordCount\":253,\"commentCount\":0,\"image\":{\"@id\":\"https:\\\/\\\/www.letsportsrock.com\\\/?p=41505#primaryimage\"},\"thumbnailUrl\":\"https:\\\/\\\/www.letsportsrock.com\\\/wp-content\\\/uploads\\\/2025\\\/05\\\/7YJVTROVQJAQDJZYJS2UXQ2I6Y-scaled.jpg\",\"keywords\":[\"Rc celta de vigo\"],\"inLanguage\":\"en-US\",\"potentialAction\":[{\"@type\":\"CommentAction\",\"name\":\"Comment\",\"target\":[\"https:\\\/\\\/www.letsportsrock.com\\\/?p=41505#respond\"]}]},{\"@type\":\"WebPage\",\"@id\":\"https:\\\/\\\/www.letsportsrock.com\\\/?p=41505\",\"url\":\"https:\\\/\\\/www.letsportsrock.com\\\/?p=41505\",\"name\":\"Descansa en paz; el exentrenador del Celta de Vigo, Rafael Ben\u00edtez, ha fallecido debido a\u2026 Los aficionados del Celta lloran hoy.....\",\"isPartOf\":{\"@id\":\"https:\\\/\\\/www.letsportsrock.com\\\/#website\"},\"primaryImageOfPage\":{\"@id\":\"https:\\\/\\\/www.letsportsrock.com\\\/?p=41505#primaryimage\"},\"image\":{\"@id\":\"https:\\\/\\\/www.letsportsrock.com\\\/?p=41505#primaryimage\"},\"thumbnailUrl\":\"https:\\\/\\\/www.letsportsrock.com\\\/wp-content\\\/uploads\\\/2025\\\/05\\\/7YJVTROVQJAQDJZYJS2UXQ2I6Y-scaled.jpg\",\"datePublished\":\"2025-05-23T07:09:44+00:00\",\"author\":{\"@id\":\"https:\\\/\\\/www.letsportsrock.com\\\/#\\\/schema\\\/person\\\/97aa0f336f5a3ca15a8ec7d78846f045\"},\"description\":\"Descansa en paz; el exentrenador del Celta de Vigo, Rafael Ben\u00edtez, ha fallecido debido a\u2026 Los aficionados del Celta lloran hoy.....\",\"breadcrumb\":{\"@id\":\"https:\\\/\\\/www.letsportsrock.com\\\/?p=41505#breadcrumb\"},\"inLanguage\":\"en-US\",\"potentialAction\":[{\"@type\":\"ReadAction\",\"target\":[\"https:\\\/\\\/www.letsportsrock.com\\\/?p=41505\"]}]},{\"@type\":\"ImageObject\",\"inLanguage\":\"en-US\",\"@id\":\"https:\\\/\\\/www.letsportsrock.com\\\/?p=41505#primaryimage\",\"url\":\"https:\\\/\\\/www.letsportsrock.com\\\/wp-content\\\/uploads\\\/2025\\\/05\\\/7YJVTROVQJAQDJZYJS2UXQ2I6Y-scaled.jpg\",\"contentUrl\":\"https:\\\/\\\/www.letsportsrock.com\\\/wp-content\\\/uploads\\\/2025\\\/05\\\/7YJVTROVQJAQDJZYJS2UXQ2I6Y-scaled.jpg\",\"width\":2560,\"height\":1707},{\"@type\":\"BreadcrumbList\",\"@id\":\"https:\\\/\\\/www.letsportsrock.com\\\/?p=41505#breadcrumb\",\"itemListElement\":[{\"@type\":\"ListItem\",\"position\":1,\"name\":\"Home\",\"item\":\"https:\\\/\\\/www.letsportsrock.com\\\/\"},{\"@type\":\"ListItem\",\"position\":2,\"name\":\"Descansa en paz; el exentrenador del Celta de Vigo, Rafael Ben\u00edtez, ha fallecido debido a\u2026 Los aficionados del Celta lloran hoy&#8230;..\"}]},{\"@type\":\"WebSite\",\"@id\":\"https:\\\/\\\/www.letsportsrock.com\\\/#website\",\"url\":\"https:\\\/\\\/www.letsportsrock.com\\\/\",\"name\":\"letsportsrock\",\"description\":\"Sport News and Updates\",\"potentialAction\":[{\"@type\":\"SearchAction\",\"target\":{\"@type\":\"EntryPoint\",\"urlTemplate\":\"https:\\\/\\\/www.letsportsrock.com\\\/?s={search_term_string}\"},\"query-input\":{\"@type\":\"PropertyValueSpecification\",\"valueRequired\":true,\"valueName\":\"search_term_string\"}}],\"inLanguage\":\"en-US\"},{\"@type\":\"Person\",\"@id\":\"https:\\\/\\\/www.letsportsrock.com\\\/#\\\/schema\\\/person\\\/97aa0f336f5a3ca15a8ec7d78846f045\",\"name\":\"Paul Hembaor\",\"image\":{\"@type\":\"ImageObject\",\"inLanguage\":\"en-US\",\"@id\":\"https:\\\/\\\/secure.gravatar.com\\\/avatar\\\/0574929a03c152e8ea7939c31311f9ea2fe2e06139cd71e2d6e698c217219d60?s=96&d=mm&r=g\",\"url\":\"https:\\\/\\\/secure.gravatar.com\\\/avatar\\\/0574929a03c152e8ea7939c31311f9ea2fe2e06139cd71e2d6e698c217219d60?s=96&d=mm&r=g\",\"contentUrl\":\"https:\\\/\\\/secure.gravatar.com\\\/avatar\\\/0574929a03c152e8ea7939c31311f9ea2fe2e06139cd71e2d6e698c217219d60?s=96&d=mm&r=g\",\"caption\":\"Paul Hembaor\"},\"sameAs\":[\"https:\\\/\\\/www.letsportsrock.com\\\/wp-admin\\\/\"],\"url\":\"https:\\\/\\\/www.letsportsrock.com\\\/?author=9\"}]}<\/script>\n<!-- \/ Yoast SEO plugin. -->","yoast_head_json":{"title":"Descansa en paz; el exentrenador del Celta de Vigo, Rafael Ben\u00edtez, ha fallecido debido a\u2026 Los aficionados del Celta lloran hoy.....","description":"Descansa en paz; el exentrenador del Celta de Vigo, Rafael Ben\u00edtez, ha fallecido debido a\u2026 Los aficionados del Celta lloran hoy.....","robots":{"index":"index","follow":"follow","max-snippet":"max-snippet:-1","max-image-preview":"max-image-preview:large","max-video-preview":"max-video-preview:-1"},"canonical":"https:\/\/www.letsportsrock.com\/?p=41505","og_locale":"en_US","og_type":"article","og_title":"Descansa en paz; el exentrenador del Celta de Vigo, Rafael Ben\u00edtez, ha fallecido debido a\u2026 Los aficionados del Celta lloran hoy.....","og_description":"Descansa en paz; el exentrenador del Celta de Vigo, Rafael Ben\u00edtez, ha fallecido debido a\u2026 Los aficionados del Celta lloran hoy.....","og_url":"https:\/\/www.letsportsrock.com\/?p=41505","og_site_name":"letsportsrock","article_published_time":"2025-05-23T07:09:44+00:00","og_image":[{"width":2560,"height":1707,"url":"https:\/\/www.letsportsrock.com\/wp-content\/uploads\/2025\/05\/7YJVTROVQJAQDJZYJS2UXQ2I6Y-scaled.jpg","type":"image\/jpeg"}],"author":"Paul Hembaor","twitter_card":"summary_large_image","twitter_misc":{"Written by":"Paul Hembaor","Est. reading time":"2 minutes"},"schema":{"@context":"https:\/\/schema.org","@graph":[{"@type":"Article","@id":"https:\/\/www.letsportsrock.com\/?p=41505#article","isPartOf":{"@id":"https:\/\/www.letsportsrock.com\/?p=41505"},"author":{"name":"Paul Hembaor","@id":"https:\/\/www.letsportsrock.com\/#\/schema\/person\/97aa0f336f5a3ca15a8ec7d78846f045"},"headline":"Descansa en paz; el exentrenador del Celta de Vigo, Rafael Ben\u00edtez, ha fallecido debido a\u2026 Los aficionados del Celta lloran hoy&#8230;..","datePublished":"2025-05-23T07:09:44+00:00","mainEntityOfPage":{"@id":"https:\/\/www.letsportsrock.com\/?p=41505"},"wordCount":253,"commentCount":0,"image":{"@id":"https:\/\/www.letsportsrock.com\/?p=41505#primaryimage"},"thumbnailUrl":"https:\/\/www.letsportsrock.com\/wp-content\/uploads\/2025\/05\/7YJVTROVQJAQDJZYJS2UXQ2I6Y-scaled.jpg","keywords":["Rc celta de vigo"],"inLanguage":"en-US","potentialAction":[{"@type":"CommentAction","name":"Comment","target":["https:\/\/www.letsportsrock.com\/?p=41505#respond"]}]},{"@type":"WebPage","@id":"https:\/\/www.letsportsrock.com\/?p=41505","url":"https:\/\/www.letsportsrock.com\/?p=41505","name":"Descansa en paz; el exentrenador del Celta de Vigo, Rafael Ben\u00edtez, ha fallecido debido a\u2026 Los aficionados del Celta lloran hoy.....","isPartOf":{"@id":"https:\/\/www.letsportsrock.com\/#website"},"primaryImageOfPage":{"@id":"https:\/\/www.letsportsrock.com\/?p=41505#primaryimage"},"image":{"@id":"https:\/\/www.letsportsrock.com\/?p=41505#primaryimage"},"thumbnailUrl":"https:\/\/www.letsportsrock.com\/wp-content\/uploads\/2025\/05\/7YJVTROVQJAQDJZYJS2UXQ2I6Y-scaled.jpg","datePublished":"2025-05-23T07:09:44+00:00","author":{"@id":"https:\/\/www.letsportsrock.com\/#\/schema\/person\/97aa0f336f5a3ca15a8ec7d78846f045"},"description":"Descansa en paz; el exentrenador del Celta de Vigo, Rafael Ben\u00edtez, ha fallecido debido a\u2026 Los aficionados del Celta lloran hoy.....","breadcrumb":{"@id":"https:\/\/www.letsportsrock.com\/?p=41505#breadcrumb"},"inLanguage":"en-US","potentialAction":[{"@type":"ReadAction","target":["https:\/\/www.letsportsrock.com\/?p=41505"]}]},{"@type":"ImageObject","inLanguage":"en-US","@id":"https:\/\/www.letsportsrock.com\/?p=41505#primaryimage","url":"https:\/\/www.letsportsrock.com\/wp-content\/uploads\/2025\/05\/7YJVTROVQJAQDJZYJS2UXQ2I6Y-scaled.jpg","contentUrl":"https:\/\/www.letsportsrock.com\/wp-content\/uploads\/2025\/05\/7YJVTROVQJAQDJZYJS2UXQ2I6Y-scaled.jpg","width":2560,"height":1707},{"@type":"BreadcrumbList","@id":"https:\/\/www.letsportsrock.com\/?p=41505#breadcrumb","itemListElement":[{"@type":"ListItem","position":1,"name":"Home","item":"https:\/\/www.letsportsrock.com\/"},{"@type":"ListItem","position":2,"name":"Descansa en paz; el exentrenador del Celta de Vigo, Rafael Ben\u00edtez, ha fallecido debido a\u2026 Los aficionados del Celta lloran hoy&#8230;.."}]},{"@type":"WebSite","@id":"https:\/\/www.letsportsrock.com\/#website","url":"https:\/\/www.letsportsrock.com\/","name":"letsportsrock","description":"Sport News and Updates","potentialAction":[{"@type":"SearchAction","target":{"@type":"EntryPoint","urlTemplate":"https:\/\/www.letsportsrock.com\/?s={search_term_string}"},"query-input":{"@type":"PropertyValueSpecification","valueRequired":true,"valueName":"search_term_string"}}],"inLanguage":"en-US"},{"@type":"Person","@id":"https:\/\/www.letsportsrock.com\/#\/schema\/person\/97aa0f336f5a3ca15a8ec7d78846f045","name":"Paul Hembaor","image":{"@type":"ImageObject","inLanguage":"en-US","@id":"https:\/\/secure.gravatar.com\/avatar\/0574929a03c152e8ea7939c31311f9ea2fe2e06139cd71e2d6e698c217219d60?s=96&d=mm&r=g","url":"https:\/\/secure.gravatar.com\/avatar\/0574929a03c152e8ea7939c31311f9ea2fe2e06139cd71e2d6e698c217219d60?s=96&d=mm&r=g","contentUrl":"https:\/\/secure.gravatar.com\/avatar\/0574929a03c152e8ea7939c31311f9ea2fe2e06139cd71e2d6e698c217219d60?s=96&d=mm&r=g","caption":"Paul Hembaor"},"sameAs":["https:\/\/www.letsportsrock.com\/wp-admin\/"],"url":"https:\/\/www.letsportsrock.com\/?author=9"}]}},"jetpack_featured_media_url":"https:\/\/www.letsportsrock.com\/wp-content\/uploads\/2025\/05\/7YJVTROVQJAQDJZYJS2UXQ2I6Y-scaled.jpg","jetpack_sharing_enabled":true,"_links":{"self":[{"href":"https:\/\/www.letsportsrock.com\/index.php?rest_route=\/wp\/v2\/posts\/41505","targetHints":{"allow":["GET"]}}],"collection":[{"href":"https:\/\/www.letsportsrock.com\/index.php?rest_route=\/wp\/v2\/posts"}],"about":[{"href":"https:\/\/www.letsportsrock.com\/index.php?rest_route=\/wp\/v2\/types\/post"}],"author":[{"embeddable":true,"href":"https:\/\/www.letsportsrock.com\/index.php?rest_route=\/wp\/v2\/users\/9"}],"replies":[{"embeddable":true,"href":"https:\/\/www.letsportsrock.com\/index.php?rest_route=%2Fwp%2Fv2%2Fcomments&post=41505"}],"version-history":[{"count":1,"href":"https:\/\/www.letsportsrock.com\/index.php?rest_route=\/wp\/v2\/posts\/41505\/revisions"}],"predecessor-version":[{"id":41510,"href":"https:\/\/www.letsportsrock.com\/index.php?rest_route=\/wp\/v2\/posts\/41505\/revisions\/41510"}],"wp:featuredmedia":[{"embeddable":true,"href":"https:\/\/www.letsportsrock.com\/index.php?rest_route=\/wp\/v2\/media\/41508"}],"wp:attachment":[{"href":"https:\/\/www.letsportsrock.com\/index.php?rest_route=%2Fwp%2Fv2%2Fmedia&parent=41505"}],"wp:term":[{"taxonomy":"category","embeddable":true,"href":"https:\/\/www.letsportsrock.com\/index.php?rest_route=%2Fwp%2Fv2%2Fcategories&post=41505"},{"taxonomy":"post_tag","embeddable":true,"href":"https:\/\/www.letsportsrock.com\/index.php?rest_route=%2Fwp%2Fv2%2Ftags&post=41505"}],"curies":[{"name":"wp","href":"https:\/\/api.w.org\/{rel}","templated":true}]}}