{"id":41513,"date":"2025-05-23T07:22:53","date_gmt":"2025-05-23T07:22:53","guid":{"rendered":"https:\/\/www.letsportsrock.com\/?p=41513"},"modified":"2025-05-23T07:23:48","modified_gmt":"2025-05-23T07:23:48","slug":"chiar-acum-actualul-presedinte-al-cfr-cluj-cristian-balaj-a-facut-o-anunt-socant","status":"publish","type":"post","link":"https:\/\/www.letsportsrock.com\/?p=41513","title":{"rendered":"Chiar acum: Actualul pre\u0219edinte al CFR Cluj, Cristian Balaj, a f\u0103cut o anun\u021b \u0219ocant&#8230;&#8230;."},"content":{"rendered":"<div class=\"d79db4796efc26332eabfc3f5dafbc76\" data-index=\"1\" style=\"float: none; margin:10px 0 10px 0; text-align:center;\">\n<div class=\"hb-ad-inarticle\">\r\n    <div class=\"hb-ad-inner\"> \r\n    <div class=\"hbagency_cls\"  id=\"hbagency_space_111930\"><\/div><\/div> <\/div>\n<\/div>\n<p>&nbsp;<\/p>\n<p>&nbsp;<\/p>\n<p>Cristian Balaj, pre\u0219edintele clubului CFR Cluj, a f\u0103cut un anun\u021b \u0219ocant \u00een cadrul unei emisiuni la Digi Sport. Acesta a dezv\u0103luit c\u0103 echipa se afl\u0103 \u00eentr-o situa\u021bie financiar\u0103 dificil\u0103, \u00eenregistr\u00e2nd pierderi semnificative \u00een anul 2024. Balaj a subliniat c\u0103, \u00een cazul \u00een care echipa s-ar fi calificat \u00een grupele Conference League, clubul ar fi avut profit pentru prima dat\u0103 dup\u0103 mul\u021bi ani. De asemenea, el a men\u021bionat c\u0103 pierderea financiar\u0103 existent\u0103 este acoperit\u0103 de principalul finan\u021bator, Nelu\u021bu Varga, care nu solicit\u0103 returnarea sumelor investite .([Digi Sport][1], [Fanatik.ro][2])<\/p>\n<p>&nbsp;<\/p>\n<p>\u00cen plus, Balaj a anun\u021bat c\u0103 \u00een perioada urm\u0103toare vor exista transferuri importante la echip\u0103, at\u00e2t sosiri, c\u00e2t \u0219i plec\u0103ri. El a precizat c\u0103 se dore\u0219te aducerea unor juc\u0103tori de calitate care s\u0103 \u00eent\u0103reasc\u0103 echipa \u0219i s\u0103 contribuie la performan\u021bele acesteia \u00een competi\u021biile interne \u0219i interna\u021bionale .([ZCJ][3])<\/p>\n<p>&nbsp;<\/p>\n<p>Aceste declara\u021bii vin \u00eentr-un context \u00een care CFR Cluj se confrunt\u0103 cu provoc\u0103ri financiare \u0219i sportive, iar viitorul clubului depinde de capacitatea de a atrage noi talente \u0219i de a gestiona eficient resursele disponibile.<\/p>\n<p>&nbsp;<\/p>\n<p>&nbsp;<\/p>\n\n<div style=\"font-size: 0px; height: 0px; line-height: 0px; margin: 0; padding: 0; clear: both;\"><\/div>","protected":false},"excerpt":{"rendered":"<p>&nbsp; &nbsp; Cristian Balaj, pre\u0219edintele clubului CFR Cluj, a f\u0103cut un anun\u021b \u0219ocant \u00een cadrul unei emisiuni la Digi Sport. Acesta a dezv\u0103luit c\u0103 echipa se afl\u0103 \u00eentr-o situa\u021bie financiar\u0103 dificil\u0103, \u00eenregistr\u00e2nd pierderi semnificative \u00een anul 2024. Balaj a subliniat c\u0103, \u00een cazul \u00een care echipa s-ar fi calificat \u00een grupele Conference League, clubul ar [&hellip;]<\/p>\n","protected":false},"author":1,"featured_media":41515,"comment_status":"open","ping_status":"open","sticky":false,"template":"","format":"standard","meta":{"_jetpack_memberships_contains_paid_content":false,"footnotes":""},"categories":[1],"tags":[],"class_list":["post-41513","post","type-post","status-publish","format-standard","has-post-thumbnail","hentry","category-uncategorized"],"yoast_head":"<!-- This site is optimized with the Yoast SEO plugin v27.4 - https:\/\/yoast.com\/product\/yoast-seo-wordpress\/ -->\n<title>Chiar acum: Actualul pre\u0219edinte al CFR Cluj, Cristian Bala<\/title>\n<meta name=\"description\" content=\"Chiar acum: Actualul pre\u0219edinte al CFR Cluj, Cristian Balaj, a f\u0103cut o anun\u021b \u0219ocant............................\" \/>\n<meta name=\"robots\" content=\"index, follow, max-snippet:-1, max-image-preview:large, max-video-preview:-1\" \/>\n<link rel=\"canonical\" href=\"https:\/\/www.letsportsrock.com\/?p=41513\" \/>\n<meta property=\"og:locale\" content=\"en_US\" \/>\n<meta property=\"og:type\" content=\"article\" \/>\n<meta property=\"og:title\" content=\"Chiar acum: Actualul pre\u0219edinte al CFR Cluj, Cristian Bala\" \/>\n<meta property=\"og:description\" content=\"Chiar acum: Actualul pre\u0219edinte al CFR Cluj, Cristian Balaj, a f\u0103cut o anun\u021b \u0219ocant............................\" \/>\n<meta property=\"og:url\" content=\"https:\/\/www.letsportsrock.com\/?p=41513\" \/>\n<meta property=\"og:site_name\" content=\"letsportsrock\" \/>\n<meta property=\"article:published_time\" content=\"2025-05-23T07:22:53+00:00\" \/>\n<meta property=\"article:modified_time\" content=\"2025-05-23T07:23:48+00:00\" \/>\n<meta property=\"og:image\" content=\"https:\/\/www.letsportsrock.com\/wp-content\/uploads\/2025\/05\/664a8df0-6a55-4e38-ab1d-37e924f0614f.jpg\" \/>\n\t<meta property=\"og:image:width\" content=\"540\" \/>\n\t<meta property=\"og:image:height\" content=\"360\" \/>\n\t<meta property=\"og:image:type\" content=\"image\/jpeg\" \/>\n<meta name=\"author\" content=\"letsportsrock\" \/>\n<meta name=\"twitter:card\" content=\"summary_large_image\" \/>\n<meta name=\"twitter:label1\" content=\"Written by\" \/>\n\t<meta name=\"twitter:data1\" content=\"letsportsrock\" \/>\n\t<meta name=\"twitter:label2\" content=\"Est. reading time\" \/>\n\t<meta name=\"twitter:data2\" content=\"1 minute\" \/>\n<script type=\"application\/ld+json\" class=\"yoast-schema-graph\">{\"@context\":\"https:\\\/\\\/schema.org\",\"@graph\":[{\"@type\":\"Article\",\"@id\":\"https:\\\/\\\/www.letsportsrock.com\\\/?p=41513#article\",\"isPartOf\":{\"@id\":\"https:\\\/\\\/www.letsportsrock.com\\\/?p=41513\"},\"author\":{\"name\":\"letsportsrock\",\"@id\":\"https:\\\/\\\/www.letsportsrock.com\\\/#\\\/schema\\\/person\\\/a454ac24e58b214ddd97e4b5afb0bf01\"},\"headline\":\"Chiar acum: Actualul pre\u0219edinte al CFR Cluj, Cristian Balaj, a f\u0103cut o anun\u021b \u0219ocant&#8230;&#8230;.\",\"datePublished\":\"2025-05-23T07:22:53+00:00\",\"dateModified\":\"2025-05-23T07:23:48+00:00\",\"mainEntityOfPage\":{\"@id\":\"https:\\\/\\\/www.letsportsrock.com\\\/?p=41513\"},\"wordCount\":212,\"commentCount\":0,\"image\":{\"@id\":\"https:\\\/\\\/www.letsportsrock.com\\\/?p=41513#primaryimage\"},\"thumbnailUrl\":\"https:\\\/\\\/www.letsportsrock.com\\\/wp-content\\\/uploads\\\/2025\\\/05\\\/664a8df0-6a55-4e38-ab1d-37e924f0614f.jpg\",\"inLanguage\":\"en-US\",\"potentialAction\":[{\"@type\":\"CommentAction\",\"name\":\"Comment\",\"target\":[\"https:\\\/\\\/www.letsportsrock.com\\\/?p=41513#respond\"]}]},{\"@type\":\"WebPage\",\"@id\":\"https:\\\/\\\/www.letsportsrock.com\\\/?p=41513\",\"url\":\"https:\\\/\\\/www.letsportsrock.com\\\/?p=41513\",\"name\":\"Chiar acum: Actualul pre\u0219edinte al CFR Cluj, Cristian Bala\",\"isPartOf\":{\"@id\":\"https:\\\/\\\/www.letsportsrock.com\\\/#website\"},\"primaryImageOfPage\":{\"@id\":\"https:\\\/\\\/www.letsportsrock.com\\\/?p=41513#primaryimage\"},\"image\":{\"@id\":\"https:\\\/\\\/www.letsportsrock.com\\\/?p=41513#primaryimage\"},\"thumbnailUrl\":\"https:\\\/\\\/www.letsportsrock.com\\\/wp-content\\\/uploads\\\/2025\\\/05\\\/664a8df0-6a55-4e38-ab1d-37e924f0614f.jpg\",\"datePublished\":\"2025-05-23T07:22:53+00:00\",\"dateModified\":\"2025-05-23T07:23:48+00:00\",\"author\":{\"@id\":\"https:\\\/\\\/www.letsportsrock.com\\\/#\\\/schema\\\/person\\\/a454ac24e58b214ddd97e4b5afb0bf01\"},\"description\":\"Chiar acum: Actualul pre\u0219edinte al CFR Cluj, Cristian Balaj, a f\u0103cut o anun\u021b \u0219ocant............................\",\"breadcrumb\":{\"@id\":\"https:\\\/\\\/www.letsportsrock.com\\\/?p=41513#breadcrumb\"},\"inLanguage\":\"en-US\",\"potentialAction\":[{\"@type\":\"ReadAction\",\"target\":[\"https:\\\/\\\/www.letsportsrock.com\\\/?p=41513\"]}]},{\"@type\":\"ImageObject\",\"inLanguage\":\"en-US\",\"@id\":\"https:\\\/\\\/www.letsportsrock.com\\\/?p=41513#primaryimage\",\"url\":\"https:\\\/\\\/www.letsportsrock.com\\\/wp-content\\\/uploads\\\/2025\\\/05\\\/664a8df0-6a55-4e38-ab1d-37e924f0614f.jpg\",\"contentUrl\":\"https:\\\/\\\/www.letsportsrock.com\\\/wp-content\\\/uploads\\\/2025\\\/05\\\/664a8df0-6a55-4e38-ab1d-37e924f0614f.jpg\",\"width\":540,\"height\":360},{\"@type\":\"BreadcrumbList\",\"@id\":\"https:\\\/\\\/www.letsportsrock.com\\\/?p=41513#breadcrumb\",\"itemListElement\":[{\"@type\":\"ListItem\",\"position\":1,\"name\":\"Home\",\"item\":\"https:\\\/\\\/www.letsportsrock.com\\\/\"},{\"@type\":\"ListItem\",\"position\":2,\"name\":\"Chiar acum: Actualul pre\u0219edinte al CFR Cluj, Cristian Balaj, a f\u0103cut o anun\u021b \u0219ocant&#8230;&#8230;.\"}]},{\"@type\":\"WebSite\",\"@id\":\"https:\\\/\\\/www.letsportsrock.com\\\/#website\",\"url\":\"https:\\\/\\\/www.letsportsrock.com\\\/\",\"name\":\"letsportsrock\",\"description\":\"Sport News and Updates\",\"potentialAction\":[{\"@type\":\"SearchAction\",\"target\":{\"@type\":\"EntryPoint\",\"urlTemplate\":\"https:\\\/\\\/www.letsportsrock.com\\\/?s={search_term_string}\"},\"query-input\":{\"@type\":\"PropertyValueSpecification\",\"valueRequired\":true,\"valueName\":\"search_term_string\"}}],\"inLanguage\":\"en-US\"},{\"@type\":\"Person\",\"@id\":\"https:\\\/\\\/www.letsportsrock.com\\\/#\\\/schema\\\/person\\\/a454ac24e58b214ddd97e4b5afb0bf01\",\"name\":\"letsportsrock\",\"image\":{\"@type\":\"ImageObject\",\"inLanguage\":\"en-US\",\"@id\":\"https:\\\/\\\/secure.gravatar.com\\\/avatar\\\/f8ef950cbb7574c0bc874094b8d307659bfe2d7aa4a9d26fa6917eff010748f9?s=96&d=mm&r=g\",\"url\":\"https:\\\/\\\/secure.gravatar.com\\\/avatar\\\/f8ef950cbb7574c0bc874094b8d307659bfe2d7aa4a9d26fa6917eff010748f9?s=96&d=mm&r=g\",\"contentUrl\":\"https:\\\/\\\/secure.gravatar.com\\\/avatar\\\/f8ef950cbb7574c0bc874094b8d307659bfe2d7aa4a9d26fa6917eff010748f9?s=96&d=mm&r=g\",\"caption\":\"letsportsrock\"},\"sameAs\":[\"https:\\\/\\\/www.letsportsrock.com\"],\"url\":\"https:\\\/\\\/www.letsportsrock.com\\\/?author=1\"}]}<\/script>\n<!-- \/ Yoast SEO plugin. -->","yoast_head_json":{"title":"Chiar acum: Actualul pre\u0219edinte al CFR Cluj, Cristian Bala","description":"Chiar acum: Actualul pre\u0219edinte al CFR Cluj, Cristian Balaj, a f\u0103cut o anun\u021b \u0219ocant............................","robots":{"index":"index","follow":"follow","max-snippet":"max-snippet:-1","max-image-preview":"max-image-preview:large","max-video-preview":"max-video-preview:-1"},"canonical":"https:\/\/www.letsportsrock.com\/?p=41513","og_locale":"en_US","og_type":"article","og_title":"Chiar acum: Actualul pre\u0219edinte al CFR Cluj, Cristian Bala","og_description":"Chiar acum: Actualul pre\u0219edinte al CFR Cluj, Cristian Balaj, a f\u0103cut o anun\u021b \u0219ocant............................","og_url":"https:\/\/www.letsportsrock.com\/?p=41513","og_site_name":"letsportsrock","article_published_time":"2025-05-23T07:22:53+00:00","article_modified_time":"2025-05-23T07:23:48+00:00","og_image":[{"width":540,"height":360,"url":"https:\/\/www.letsportsrock.com\/wp-content\/uploads\/2025\/05\/664a8df0-6a55-4e38-ab1d-37e924f0614f.jpg","type":"image\/jpeg"}],"author":"letsportsrock","twitter_card":"summary_large_image","twitter_misc":{"Written by":"letsportsrock","Est. reading time":"1 minute"},"schema":{"@context":"https:\/\/schema.org","@graph":[{"@type":"Article","@id":"https:\/\/www.letsportsrock.com\/?p=41513#article","isPartOf":{"@id":"https:\/\/www.letsportsrock.com\/?p=41513"},"author":{"name":"letsportsrock","@id":"https:\/\/www.letsportsrock.com\/#\/schema\/person\/a454ac24e58b214ddd97e4b5afb0bf01"},"headline":"Chiar acum: Actualul pre\u0219edinte al CFR Cluj, Cristian Balaj, a f\u0103cut o anun\u021b \u0219ocant&#8230;&#8230;.","datePublished":"2025-05-23T07:22:53+00:00","dateModified":"2025-05-23T07:23:48+00:00","mainEntityOfPage":{"@id":"https:\/\/www.letsportsrock.com\/?p=41513"},"wordCount":212,"commentCount":0,"image":{"@id":"https:\/\/www.letsportsrock.com\/?p=41513#primaryimage"},"thumbnailUrl":"https:\/\/www.letsportsrock.com\/wp-content\/uploads\/2025\/05\/664a8df0-6a55-4e38-ab1d-37e924f0614f.jpg","inLanguage":"en-US","potentialAction":[{"@type":"CommentAction","name":"Comment","target":["https:\/\/www.letsportsrock.com\/?p=41513#respond"]}]},{"@type":"WebPage","@id":"https:\/\/www.letsportsrock.com\/?p=41513","url":"https:\/\/www.letsportsrock.com\/?p=41513","name":"Chiar acum: Actualul pre\u0219edinte al CFR Cluj, Cristian Bala","isPartOf":{"@id":"https:\/\/www.letsportsrock.com\/#website"},"primaryImageOfPage":{"@id":"https:\/\/www.letsportsrock.com\/?p=41513#primaryimage"},"image":{"@id":"https:\/\/www.letsportsrock.com\/?p=41513#primaryimage"},"thumbnailUrl":"https:\/\/www.letsportsrock.com\/wp-content\/uploads\/2025\/05\/664a8df0-6a55-4e38-ab1d-37e924f0614f.jpg","datePublished":"2025-05-23T07:22:53+00:00","dateModified":"2025-05-23T07:23:48+00:00","author":{"@id":"https:\/\/www.letsportsrock.com\/#\/schema\/person\/a454ac24e58b214ddd97e4b5afb0bf01"},"description":"Chiar acum: Actualul pre\u0219edinte al CFR Cluj, Cristian Balaj, a f\u0103cut o anun\u021b \u0219ocant............................","breadcrumb":{"@id":"https:\/\/www.letsportsrock.com\/?p=41513#breadcrumb"},"inLanguage":"en-US","potentialAction":[{"@type":"ReadAction","target":["https:\/\/www.letsportsrock.com\/?p=41513"]}]},{"@type":"ImageObject","inLanguage":"en-US","@id":"https:\/\/www.letsportsrock.com\/?p=41513#primaryimage","url":"https:\/\/www.letsportsrock.com\/wp-content\/uploads\/2025\/05\/664a8df0-6a55-4e38-ab1d-37e924f0614f.jpg","contentUrl":"https:\/\/www.letsportsrock.com\/wp-content\/uploads\/2025\/05\/664a8df0-6a55-4e38-ab1d-37e924f0614f.jpg","width":540,"height":360},{"@type":"BreadcrumbList","@id":"https:\/\/www.letsportsrock.com\/?p=41513#breadcrumb","itemListElement":[{"@type":"ListItem","position":1,"name":"Home","item":"https:\/\/www.letsportsrock.com\/"},{"@type":"ListItem","position":2,"name":"Chiar acum: Actualul pre\u0219edinte al CFR Cluj, Cristian Balaj, a f\u0103cut o anun\u021b \u0219ocant&#8230;&#8230;."}]},{"@type":"WebSite","@id":"https:\/\/www.letsportsrock.com\/#website","url":"https:\/\/www.letsportsrock.com\/","name":"letsportsrock","description":"Sport News and Updates","potentialAction":[{"@type":"SearchAction","target":{"@type":"EntryPoint","urlTemplate":"https:\/\/www.letsportsrock.com\/?s={search_term_string}"},"query-input":{"@type":"PropertyValueSpecification","valueRequired":true,"valueName":"search_term_string"}}],"inLanguage":"en-US"},{"@type":"Person","@id":"https:\/\/www.letsportsrock.com\/#\/schema\/person\/a454ac24e58b214ddd97e4b5afb0bf01","name":"letsportsrock","image":{"@type":"ImageObject","inLanguage":"en-US","@id":"https:\/\/secure.gravatar.com\/avatar\/f8ef950cbb7574c0bc874094b8d307659bfe2d7aa4a9d26fa6917eff010748f9?s=96&d=mm&r=g","url":"https:\/\/secure.gravatar.com\/avatar\/f8ef950cbb7574c0bc874094b8d307659bfe2d7aa4a9d26fa6917eff010748f9?s=96&d=mm&r=g","contentUrl":"https:\/\/secure.gravatar.com\/avatar\/f8ef950cbb7574c0bc874094b8d307659bfe2d7aa4a9d26fa6917eff010748f9?s=96&d=mm&r=g","caption":"letsportsrock"},"sameAs":["https:\/\/www.letsportsrock.com"],"url":"https:\/\/www.letsportsrock.com\/?author=1"}]}},"jetpack_featured_media_url":"https:\/\/www.letsportsrock.com\/wp-content\/uploads\/2025\/05\/664a8df0-6a55-4e38-ab1d-37e924f0614f.jpg","jetpack_sharing_enabled":true,"_links":{"self":[{"href":"https:\/\/www.letsportsrock.com\/index.php?rest_route=\/wp\/v2\/posts\/41513","targetHints":{"allow":["GET"]}}],"collection":[{"href":"https:\/\/www.letsportsrock.com\/index.php?rest_route=\/wp\/v2\/posts"}],"about":[{"href":"https:\/\/www.letsportsrock.com\/index.php?rest_route=\/wp\/v2\/types\/post"}],"author":[{"embeddable":true,"href":"https:\/\/www.letsportsrock.com\/index.php?rest_route=\/wp\/v2\/users\/1"}],"replies":[{"embeddable":true,"href":"https:\/\/www.letsportsrock.com\/index.php?rest_route=%2Fwp%2Fv2%2Fcomments&post=41513"}],"version-history":[{"count":2,"href":"https:\/\/www.letsportsrock.com\/index.php?rest_route=\/wp\/v2\/posts\/41513\/revisions"}],"predecessor-version":[{"id":41517,"href":"https:\/\/www.letsportsrock.com\/index.php?rest_route=\/wp\/v2\/posts\/41513\/revisions\/41517"}],"wp:featuredmedia":[{"embeddable":true,"href":"https:\/\/www.letsportsrock.com\/index.php?rest_route=\/wp\/v2\/media\/41515"}],"wp:attachment":[{"href":"https:\/\/www.letsportsrock.com\/index.php?rest_route=%2Fwp%2Fv2%2Fmedia&parent=41513"}],"wp:term":[{"taxonomy":"category","embeddable":true,"href":"https:\/\/www.letsportsrock.com\/index.php?rest_route=%2Fwp%2Fv2%2Fcategories&post=41513"},{"taxonomy":"post_tag","embeddable":true,"href":"https:\/\/www.letsportsrock.com\/index.php?rest_route=%2Fwp%2Fv2%2Ftags&post=41513"}],"curies":[{"name":"wp","href":"https:\/\/api.w.org\/{rel}","templated":true}]}}