{"id":41898,"date":"2025-05-24T01:01:05","date_gmt":"2025-05-24T01:01:05","guid":{"rendered":"https:\/\/www.letsportsrock.com\/?p=41898"},"modified":"2025-05-24T01:01:05","modified_gmt":"2025-05-24T01:01:05","slug":"bomba-in-fotbalul-romanesc-carlo-ancelotti-a-semnat-cu-dinamo-bucuresti","status":"publish","type":"post","link":"https:\/\/www.letsportsrock.com\/?p=41898","title":{"rendered":"Bomb\u0103 \u00een fotbalul rom\u00e2nesc: Carlo Ancelotti a semnat cu Dinamo Bucure\u0219ti!&#8230;."},"content":{"rendered":"<div class=\"d79db4796efc26332eabfc3f5dafbc76\" data-index=\"1\" style=\"float: none; margin:10px 0 10px 0; text-align:center;\">\n<div class=\"hb-ad-inarticle\">\r\n    <div class=\"hb-ad-inner\"> \r\n    <div class=\"hbagency_cls\"  id=\"hbagency_space_111930\"><\/div><\/div> <\/div>\n<\/div>\n<p>Bomb\u0103 \u00een fotbalul rom\u00e2nesc: Carlo Ancelotti a semnat cu Dinamo Bucure\u0219ti!<\/p>\n<p>&nbsp;<\/p>\n<p>\u00centr-o mutare care a zguduit din temelii fotbalul rom\u00e2nesc, Carlo Ancelotti, unul dintre cei mai titra\u021bi antrenori din istoria fotbalului, a semnat oficial cu Dinamo Bucure\u0219ti! Vestea a fost confirmat\u0103 \u00een aceast\u0103 diminea\u021b\u0103 printr-un comunicat de pres\u0103 al clubului din \u0218tefan cel Mare, care a anun\u021bat c\u0103 italianul va prelua echipa pentru urm\u0103toarele dou\u0103 sezoane.<\/p>\n<p><img loading=\"lazy\" decoding=\"async\" class=\"alignnone size-medium wp-image-41902\" src=\"https:\/\/www.letsportsrock.com\/wp-content\/uploads\/2025\/05\/images-2025-05-24T020016.229-300x168.jpeg\" alt=\"\" width=\"300\" height=\"168\" srcset=\"https:\/\/www.letsportsrock.com\/wp-content\/uploads\/2025\/05\/images-2025-05-24T020016.229-300x168.jpeg 300w, https:\/\/www.letsportsrock.com\/wp-content\/uploads\/2025\/05\/images-2025-05-24T020016.229.jpeg 739w\" sizes=\"auto, (max-width: 300px) 100vw, 300px\" \/><\/p>\n<p>Decizia a fost luat\u0103 \u00een urma unui plan ambi\u021bios de reconstruc\u021bie \u0219i revenire \u00een elita fotbalului rom\u00e2nesc \u0219i european. Conform surselor din apropierea clubului, Ancelotti a fost atras de proiectul pe termen lung, de poten\u021bialul tinerilor juc\u0103tori din academie \u0219i de sus\u021binerea necondi\u021bionat\u0103 a fanilor dinamovi\u0219ti.<\/p>\n<p>&nbsp;<\/p>\n<p>Reac\u021biile nu au \u00eent\u00e2rziat s\u0103 apar\u0103: presa interna\u021bional\u0103 vorbe\u0219te deja despre o \u201erevolu\u021bie\u201d la Dinamo, iar fanii din Rom\u00e2nia sunt \u00een delir. \u201eEste cea mai mare surpriz\u0103 din istoria fotbalului nostru!\u201d, au declarat anali\u0219ti sportivi. Ancelotti va debuta oficial pe banca \u201ec\u00e2inilor ro\u0219ii\u201d \u00een amicalul de lux contra lui AC Milan, programat luna viitoare.<\/p>\n\n<div style=\"font-size: 0px; height: 0px; line-height: 0px; margin: 0; padding: 0; clear: both;\"><\/div>","protected":false},"excerpt":{"rendered":"<p>Bomb\u0103 \u00een fotbalul rom\u00e2nesc: Carlo Ancelotti a semnat cu Dinamo Bucure\u0219ti! &nbsp; \u00centr-o mutare care a zguduit din temelii fotbalul rom\u00e2nesc, Carlo Ancelotti, unul dintre cei mai titra\u021bi antrenori din istoria fotbalului, a semnat oficial cu Dinamo Bucure\u0219ti! Vestea a fost confirmat\u0103 \u00een aceast\u0103 diminea\u021b\u0103 printr-un comunicat de pres\u0103 al clubului din \u0218tefan cel Mare, [&hellip;]<\/p>\n","protected":false},"author":15,"featured_media":41901,"comment_status":"open","ping_status":"open","sticky":false,"template":"","format":"standard","meta":{"_jetpack_memberships_contains_paid_content":false,"footnotes":""},"categories":[1],"tags":[419],"class_list":["post-41898","post","type-post","status-publish","format-standard","has-post-thumbnail","hentry","category-uncategorized","tag-fc-dinamo-bucuresti"],"yoast_head":"<!-- This site is optimized with the Yoast SEO plugin v27.4 - https:\/\/yoast.com\/product\/yoast-seo-wordpress\/ -->\n<title>Bomb\u0103 \u00een fotbalul rom\u00e2nesc: Carlo Ancelotti a semnat cu<\/title>\n<meta name=\"description\" content=\"Bomb\u0103 \u00een fotbalul rom\u00e2nesc: Carlo Ancelotti a semnat cu Dinamo Bucure\u0219ti!....................................................\" \/>\n<meta name=\"robots\" content=\"index, follow, max-snippet:-1, max-image-preview:large, max-video-preview:-1\" \/>\n<link rel=\"canonical\" href=\"https:\/\/www.letsportsrock.com\/?p=41898\" \/>\n<meta property=\"og:locale\" content=\"en_US\" \/>\n<meta property=\"og:type\" content=\"article\" \/>\n<meta property=\"og:title\" content=\"Bomb\u0103 \u00een fotbalul rom\u00e2nesc: Carlo Ancelotti a semnat cu\" \/>\n<meta property=\"og:description\" content=\"Bomb\u0103 \u00een fotbalul rom\u00e2nesc: Carlo Ancelotti a semnat cu Dinamo Bucure\u0219ti!....................................................\" \/>\n<meta property=\"og:url\" content=\"https:\/\/www.letsportsrock.com\/?p=41898\" \/>\n<meta property=\"og:site_name\" content=\"letsportsrock\" \/>\n<meta property=\"article:published_time\" content=\"2025-05-24T01:01:05+00:00\" \/>\n<meta property=\"og:image\" content=\"https:\/\/www.letsportsrock.com\/wp-content\/uploads\/2025\/05\/images-2025-05-24T020008.420.jpeg\" \/>\n\t<meta property=\"og:image:width\" content=\"678\" \/>\n\t<meta property=\"og:image:height\" content=\"452\" \/>\n\t<meta property=\"og:image:type\" content=\"image\/jpeg\" \/>\n<meta name=\"author\" content=\"Amos Nabizo\" \/>\n<meta name=\"twitter:card\" content=\"summary_large_image\" \/>\n<meta name=\"twitter:label1\" content=\"Written by\" \/>\n\t<meta name=\"twitter:data1\" content=\"Amos Nabizo\" \/>\n\t<meta name=\"twitter:label2\" content=\"Est. reading time\" \/>\n\t<meta name=\"twitter:data2\" content=\"2 minutes\" \/>\n<script type=\"application\/ld+json\" class=\"yoast-schema-graph\">{\"@context\":\"https:\\\/\\\/schema.org\",\"@graph\":[{\"@type\":\"Article\",\"@id\":\"https:\\\/\\\/www.letsportsrock.com\\\/?p=41898#article\",\"isPartOf\":{\"@id\":\"https:\\\/\\\/www.letsportsrock.com\\\/?p=41898\"},\"author\":{\"name\":\"Amos Nabizo\",\"@id\":\"https:\\\/\\\/www.letsportsrock.com\\\/#\\\/schema\\\/person\\\/044479f72bdbd75f9523e745d3be6c30\"},\"headline\":\"Bomb\u0103 \u00een fotbalul rom\u00e2nesc: Carlo Ancelotti a semnat cu Dinamo Bucure\u0219ti!&#8230;.\",\"datePublished\":\"2025-05-24T01:01:05+00:00\",\"mainEntityOfPage\":{\"@id\":\"https:\\\/\\\/www.letsportsrock.com\\\/?p=41898\"},\"wordCount\":205,\"commentCount\":0,\"image\":{\"@id\":\"https:\\\/\\\/www.letsportsrock.com\\\/?p=41898#primaryimage\"},\"thumbnailUrl\":\"https:\\\/\\\/www.letsportsrock.com\\\/wp-content\\\/uploads\\\/2025\\\/05\\\/images-2025-05-24T020008.420.jpeg\",\"keywords\":[\"Fc Dinamo bucuresti\"],\"inLanguage\":\"en-US\",\"potentialAction\":[{\"@type\":\"CommentAction\",\"name\":\"Comment\",\"target\":[\"https:\\\/\\\/www.letsportsrock.com\\\/?p=41898#respond\"]}]},{\"@type\":\"WebPage\",\"@id\":\"https:\\\/\\\/www.letsportsrock.com\\\/?p=41898\",\"url\":\"https:\\\/\\\/www.letsportsrock.com\\\/?p=41898\",\"name\":\"Bomb\u0103 \u00een fotbalul rom\u00e2nesc: Carlo Ancelotti a semnat cu\",\"isPartOf\":{\"@id\":\"https:\\\/\\\/www.letsportsrock.com\\\/#website\"},\"primaryImageOfPage\":{\"@id\":\"https:\\\/\\\/www.letsportsrock.com\\\/?p=41898#primaryimage\"},\"image\":{\"@id\":\"https:\\\/\\\/www.letsportsrock.com\\\/?p=41898#primaryimage\"},\"thumbnailUrl\":\"https:\\\/\\\/www.letsportsrock.com\\\/wp-content\\\/uploads\\\/2025\\\/05\\\/images-2025-05-24T020008.420.jpeg\",\"datePublished\":\"2025-05-24T01:01:05+00:00\",\"author\":{\"@id\":\"https:\\\/\\\/www.letsportsrock.com\\\/#\\\/schema\\\/person\\\/044479f72bdbd75f9523e745d3be6c30\"},\"description\":\"Bomb\u0103 \u00een fotbalul rom\u00e2nesc: Carlo Ancelotti a semnat cu Dinamo Bucure\u0219ti!....................................................\",\"breadcrumb\":{\"@id\":\"https:\\\/\\\/www.letsportsrock.com\\\/?p=41898#breadcrumb\"},\"inLanguage\":\"en-US\",\"potentialAction\":[{\"@type\":\"ReadAction\",\"target\":[\"https:\\\/\\\/www.letsportsrock.com\\\/?p=41898\"]}]},{\"@type\":\"ImageObject\",\"inLanguage\":\"en-US\",\"@id\":\"https:\\\/\\\/www.letsportsrock.com\\\/?p=41898#primaryimage\",\"url\":\"https:\\\/\\\/www.letsportsrock.com\\\/wp-content\\\/uploads\\\/2025\\\/05\\\/images-2025-05-24T020008.420.jpeg\",\"contentUrl\":\"https:\\\/\\\/www.letsportsrock.com\\\/wp-content\\\/uploads\\\/2025\\\/05\\\/images-2025-05-24T020008.420.jpeg\",\"width\":678,\"height\":452},{\"@type\":\"BreadcrumbList\",\"@id\":\"https:\\\/\\\/www.letsportsrock.com\\\/?p=41898#breadcrumb\",\"itemListElement\":[{\"@type\":\"ListItem\",\"position\":1,\"name\":\"Home\",\"item\":\"https:\\\/\\\/www.letsportsrock.com\\\/\"},{\"@type\":\"ListItem\",\"position\":2,\"name\":\"Bomb\u0103 \u00een fotbalul rom\u00e2nesc: Carlo Ancelotti a semnat cu Dinamo Bucure\u0219ti!&#8230;.\"}]},{\"@type\":\"WebSite\",\"@id\":\"https:\\\/\\\/www.letsportsrock.com\\\/#website\",\"url\":\"https:\\\/\\\/www.letsportsrock.com\\\/\",\"name\":\"letsportsrock\",\"description\":\"Sport News and Updates\",\"potentialAction\":[{\"@type\":\"SearchAction\",\"target\":{\"@type\":\"EntryPoint\",\"urlTemplate\":\"https:\\\/\\\/www.letsportsrock.com\\\/?s={search_term_string}\"},\"query-input\":{\"@type\":\"PropertyValueSpecification\",\"valueRequired\":true,\"valueName\":\"search_term_string\"}}],\"inLanguage\":\"en-US\"},{\"@type\":\"Person\",\"@id\":\"https:\\\/\\\/www.letsportsrock.com\\\/#\\\/schema\\\/person\\\/044479f72bdbd75f9523e745d3be6c30\",\"name\":\"Amos Nabizo\",\"image\":{\"@type\":\"ImageObject\",\"inLanguage\":\"en-US\",\"@id\":\"https:\\\/\\\/secure.gravatar.com\\\/avatar\\\/d569857c07d3899c6ca842ffea32daa1672c05549833530fe37e68ae7b521ba4?s=96&d=mm&r=g\",\"url\":\"https:\\\/\\\/secure.gravatar.com\\\/avatar\\\/d569857c07d3899c6ca842ffea32daa1672c05549833530fe37e68ae7b521ba4?s=96&d=mm&r=g\",\"contentUrl\":\"https:\\\/\\\/secure.gravatar.com\\\/avatar\\\/d569857c07d3899c6ca842ffea32daa1672c05549833530fe37e68ae7b521ba4?s=96&d=mm&r=g\",\"caption\":\"Amos Nabizo\"},\"sameAs\":[\"https:\\\/\\\/www.letsportsrock.com\\\/wp-admin\\\/\"],\"url\":\"https:\\\/\\\/www.letsportsrock.com\\\/?author=15\"}]}<\/script>\n<!-- \/ Yoast SEO plugin. -->","yoast_head_json":{"title":"Bomb\u0103 \u00een fotbalul rom\u00e2nesc: Carlo Ancelotti a semnat cu","description":"Bomb\u0103 \u00een fotbalul rom\u00e2nesc: Carlo Ancelotti a semnat cu Dinamo Bucure\u0219ti!....................................................","robots":{"index":"index","follow":"follow","max-snippet":"max-snippet:-1","max-image-preview":"max-image-preview:large","max-video-preview":"max-video-preview:-1"},"canonical":"https:\/\/www.letsportsrock.com\/?p=41898","og_locale":"en_US","og_type":"article","og_title":"Bomb\u0103 \u00een fotbalul rom\u00e2nesc: Carlo Ancelotti a semnat cu","og_description":"Bomb\u0103 \u00een fotbalul rom\u00e2nesc: Carlo Ancelotti a semnat cu Dinamo Bucure\u0219ti!....................................................","og_url":"https:\/\/www.letsportsrock.com\/?p=41898","og_site_name":"letsportsrock","article_published_time":"2025-05-24T01:01:05+00:00","og_image":[{"width":678,"height":452,"url":"https:\/\/www.letsportsrock.com\/wp-content\/uploads\/2025\/05\/images-2025-05-24T020008.420.jpeg","type":"image\/jpeg"}],"author":"Amos Nabizo","twitter_card":"summary_large_image","twitter_misc":{"Written by":"Amos Nabizo","Est. reading time":"2 minutes"},"schema":{"@context":"https:\/\/schema.org","@graph":[{"@type":"Article","@id":"https:\/\/www.letsportsrock.com\/?p=41898#article","isPartOf":{"@id":"https:\/\/www.letsportsrock.com\/?p=41898"},"author":{"name":"Amos Nabizo","@id":"https:\/\/www.letsportsrock.com\/#\/schema\/person\/044479f72bdbd75f9523e745d3be6c30"},"headline":"Bomb\u0103 \u00een fotbalul rom\u00e2nesc: Carlo Ancelotti a semnat cu Dinamo Bucure\u0219ti!&#8230;.","datePublished":"2025-05-24T01:01:05+00:00","mainEntityOfPage":{"@id":"https:\/\/www.letsportsrock.com\/?p=41898"},"wordCount":205,"commentCount":0,"image":{"@id":"https:\/\/www.letsportsrock.com\/?p=41898#primaryimage"},"thumbnailUrl":"https:\/\/www.letsportsrock.com\/wp-content\/uploads\/2025\/05\/images-2025-05-24T020008.420.jpeg","keywords":["Fc Dinamo bucuresti"],"inLanguage":"en-US","potentialAction":[{"@type":"CommentAction","name":"Comment","target":["https:\/\/www.letsportsrock.com\/?p=41898#respond"]}]},{"@type":"WebPage","@id":"https:\/\/www.letsportsrock.com\/?p=41898","url":"https:\/\/www.letsportsrock.com\/?p=41898","name":"Bomb\u0103 \u00een fotbalul rom\u00e2nesc: Carlo Ancelotti a semnat cu","isPartOf":{"@id":"https:\/\/www.letsportsrock.com\/#website"},"primaryImageOfPage":{"@id":"https:\/\/www.letsportsrock.com\/?p=41898#primaryimage"},"image":{"@id":"https:\/\/www.letsportsrock.com\/?p=41898#primaryimage"},"thumbnailUrl":"https:\/\/www.letsportsrock.com\/wp-content\/uploads\/2025\/05\/images-2025-05-24T020008.420.jpeg","datePublished":"2025-05-24T01:01:05+00:00","author":{"@id":"https:\/\/www.letsportsrock.com\/#\/schema\/person\/044479f72bdbd75f9523e745d3be6c30"},"description":"Bomb\u0103 \u00een fotbalul rom\u00e2nesc: Carlo Ancelotti a semnat cu Dinamo Bucure\u0219ti!....................................................","breadcrumb":{"@id":"https:\/\/www.letsportsrock.com\/?p=41898#breadcrumb"},"inLanguage":"en-US","potentialAction":[{"@type":"ReadAction","target":["https:\/\/www.letsportsrock.com\/?p=41898"]}]},{"@type":"ImageObject","inLanguage":"en-US","@id":"https:\/\/www.letsportsrock.com\/?p=41898#primaryimage","url":"https:\/\/www.letsportsrock.com\/wp-content\/uploads\/2025\/05\/images-2025-05-24T020008.420.jpeg","contentUrl":"https:\/\/www.letsportsrock.com\/wp-content\/uploads\/2025\/05\/images-2025-05-24T020008.420.jpeg","width":678,"height":452},{"@type":"BreadcrumbList","@id":"https:\/\/www.letsportsrock.com\/?p=41898#breadcrumb","itemListElement":[{"@type":"ListItem","position":1,"name":"Home","item":"https:\/\/www.letsportsrock.com\/"},{"@type":"ListItem","position":2,"name":"Bomb\u0103 \u00een fotbalul rom\u00e2nesc: Carlo Ancelotti a semnat cu Dinamo Bucure\u0219ti!&#8230;."}]},{"@type":"WebSite","@id":"https:\/\/www.letsportsrock.com\/#website","url":"https:\/\/www.letsportsrock.com\/","name":"letsportsrock","description":"Sport News and Updates","potentialAction":[{"@type":"SearchAction","target":{"@type":"EntryPoint","urlTemplate":"https:\/\/www.letsportsrock.com\/?s={search_term_string}"},"query-input":{"@type":"PropertyValueSpecification","valueRequired":true,"valueName":"search_term_string"}}],"inLanguage":"en-US"},{"@type":"Person","@id":"https:\/\/www.letsportsrock.com\/#\/schema\/person\/044479f72bdbd75f9523e745d3be6c30","name":"Amos Nabizo","image":{"@type":"ImageObject","inLanguage":"en-US","@id":"https:\/\/secure.gravatar.com\/avatar\/d569857c07d3899c6ca842ffea32daa1672c05549833530fe37e68ae7b521ba4?s=96&d=mm&r=g","url":"https:\/\/secure.gravatar.com\/avatar\/d569857c07d3899c6ca842ffea32daa1672c05549833530fe37e68ae7b521ba4?s=96&d=mm&r=g","contentUrl":"https:\/\/secure.gravatar.com\/avatar\/d569857c07d3899c6ca842ffea32daa1672c05549833530fe37e68ae7b521ba4?s=96&d=mm&r=g","caption":"Amos Nabizo"},"sameAs":["https:\/\/www.letsportsrock.com\/wp-admin\/"],"url":"https:\/\/www.letsportsrock.com\/?author=15"}]}},"jetpack_featured_media_url":"https:\/\/www.letsportsrock.com\/wp-content\/uploads\/2025\/05\/images-2025-05-24T020008.420.jpeg","jetpack_sharing_enabled":true,"_links":{"self":[{"href":"https:\/\/www.letsportsrock.com\/index.php?rest_route=\/wp\/v2\/posts\/41898","targetHints":{"allow":["GET"]}}],"collection":[{"href":"https:\/\/www.letsportsrock.com\/index.php?rest_route=\/wp\/v2\/posts"}],"about":[{"href":"https:\/\/www.letsportsrock.com\/index.php?rest_route=\/wp\/v2\/types\/post"}],"author":[{"embeddable":true,"href":"https:\/\/www.letsportsrock.com\/index.php?rest_route=\/wp\/v2\/users\/15"}],"replies":[{"embeddable":true,"href":"https:\/\/www.letsportsrock.com\/index.php?rest_route=%2Fwp%2Fv2%2Fcomments&post=41898"}],"version-history":[{"count":1,"href":"https:\/\/www.letsportsrock.com\/index.php?rest_route=\/wp\/v2\/posts\/41898\/revisions"}],"predecessor-version":[{"id":41903,"href":"https:\/\/www.letsportsrock.com\/index.php?rest_route=\/wp\/v2\/posts\/41898\/revisions\/41903"}],"wp:featuredmedia":[{"embeddable":true,"href":"https:\/\/www.letsportsrock.com\/index.php?rest_route=\/wp\/v2\/media\/41901"}],"wp:attachment":[{"href":"https:\/\/www.letsportsrock.com\/index.php?rest_route=%2Fwp%2Fv2%2Fmedia&parent=41898"}],"wp:term":[{"taxonomy":"category","embeddable":true,"href":"https:\/\/www.letsportsrock.com\/index.php?rest_route=%2Fwp%2Fv2%2Fcategories&post=41898"},{"taxonomy":"post_tag","embeddable":true,"href":"https:\/\/www.letsportsrock.com\/index.php?rest_route=%2Fwp%2Fv2%2Ftags&post=41898"}],"curies":[{"name":"wp","href":"https:\/\/api.w.org\/{rel}","templated":true}]}}