{"id":41942,"date":"2025-05-24T02:38:25","date_gmt":"2025-05-24T02:38:25","guid":{"rendered":"https:\/\/www.letsportsrock.com\/?p=41942"},"modified":"2025-05-24T02:38:25","modified_gmt":"2025-05-24T02:38:25","slug":"mircea-lucescu-i-a-dat-replica-lui-mirel-radoi-dupa-ce-antrenorul-a-declarat-ca-nu-crede-in-sansele-romaniei","status":"publish","type":"post","link":"https:\/\/www.letsportsrock.com\/?p=41942","title":{"rendered":"Mircea Lucescu i-a dat replica lui Mirel R\u0103doi dup\u0103 ce antrenorul a declarat c\u0103 nu crede \u00een \u0219ansele Rom\u00e2niei&#8230;."},"content":{"rendered":"<div class=\"d79db4796efc26332eabfc3f5dafbc76\" data-index=\"1\" style=\"float: none; margin:10px 0 10px 0; text-align:center;\">\n<div class=\"hb-ad-inarticle\">\r\n    <div class=\"hb-ad-inner\"> \r\n    <div class=\"hbagency_cls\"  id=\"hbagency_space_111930\"><\/div><\/div> <\/div>\n<\/div>\n<p>Mircea Lucescu i-a dat replica lui Mirel R\u0103doi dup\u0103 ce antrenorul a declarat c\u0103 nu crede \u00een \u0219ansele Rom\u00e2niei&#8230;.<\/p>\n<p>&nbsp;<\/p>\n<p>Mircea Lucescu i-a oferit o replic\u0103 ferm\u0103 lui Mirel R\u0103doi, dup\u0103 ce acesta din urm\u0103 a declarat c\u0103 nu are \u00eencredere \u00een \u0219ansele echipei na\u021bionale a Rom\u00e2niei la turneul final. Fostul selec\u021bioner \u0219i unul dintre cei mai experimenta\u021bi antrenori rom\u00e2ni a subliniat c\u0103 un fost juc\u0103tor \u0219i antrenor al na\u021bionalei ar trebui s\u0103 sus\u021bin\u0103 echipa, indiferent de circumstan\u021be.<img loading=\"lazy\" decoding=\"async\" class=\"alignnone size-medium wp-image-41944\" src=\"https:\/\/www.letsportsrock.com\/wp-content\/uploads\/2025\/05\/images-14-15-300x168.jpeg\" alt=\"\" width=\"300\" height=\"168\" srcset=\"https:\/\/www.letsportsrock.com\/wp-content\/uploads\/2025\/05\/images-14-15-300x168.jpeg 300w, https:\/\/www.letsportsrock.com\/wp-content\/uploads\/2025\/05\/images-14-15.jpeg 739w\" sizes=\"auto, (max-width: 300px) 100vw, 300px\" \/><\/p>\n<p>\u201eEste regretabil c\u00e2nd oameni care au fost parte din aceast\u0103 echip\u0103 aleg s\u0103 nu cread\u0103 \u00een ea. Rom\u00e2nia are tineri talenta\u021bi, un selec\u021bioner muncitor \u0219i o grup\u0103 accesibil\u0103. Dac\u0103 nici noi nu credem \u00een ai no\u0219tri, cine s\u0103 o fac\u0103?\u201d, a spus Lucescu.<\/p>\n<p>El a ad\u0103ugat c\u0103 o astfel de atitudine nu face dec\u00e2t s\u0103 submineze moralul juc\u0103torilor \u0219i s\u0103 alimenteze ne\u00eencrederea general\u0103. \u201eCritica e fireasc\u0103, dar trebuie s\u0103 fie constructiv\u0103. Avem obliga\u021bia moral\u0103 s\u0103 sus\u021binem echipa na\u021bional\u0103\u201d, a conchis Lucescu.<\/p>\n<p>Declara\u021bia lui R\u0103doi, perceput\u0103 de mul\u021bi ca fiind pesimist\u0103, a st\u00e2rnit un val de reac\u021bii \u00een lumea fotbalului rom\u00e2nesc, iar interven\u021bia lui Mircea Lucescu vine ca un apel la unitate \u0219i sus\u021binere, mai ales \u00eentr-un moment crucial pentru fotbalul rom\u00e2nesc.<\/p>\n\n<div style=\"font-size: 0px; height: 0px; line-height: 0px; margin: 0; padding: 0; clear: both;\"><\/div>","protected":false},"excerpt":{"rendered":"<p>Mircea Lucescu i-a dat replica lui Mirel R\u0103doi dup\u0103 ce antrenorul a declarat c\u0103 nu crede \u00een \u0219ansele Rom\u00e2niei&#8230;. &nbsp; Mircea Lucescu i-a oferit o replic\u0103 ferm\u0103 lui Mirel R\u0103doi, dup\u0103 ce acesta din urm\u0103 a declarat c\u0103 nu are \u00eencredere \u00een \u0219ansele echipei na\u021bionale a Rom\u00e2niei la turneul final. Fostul selec\u021bioner \u0219i unul dintre [&hellip;]<\/p>\n","protected":false},"author":9,"featured_media":41943,"comment_status":"open","ping_status":"open","sticky":false,"template":"","format":"standard","meta":{"_jetpack_memberships_contains_paid_content":false,"footnotes":""},"categories":[1],"tags":[640],"class_list":["post-41942","post","type-post","status-publish","format-standard","has-post-thumbnail","hentry","category-uncategorized","tag-fan-andrei-ivan"],"yoast_head":"<!-- This site is optimized with the Yoast SEO plugin v27.4 - https:\/\/yoast.com\/product\/yoast-seo-wordpress\/ -->\n<title>Mircea Lucescu i-a dat replica lui Mirel R\u0103doi dup\u0103 ce antrenorul a declarat c\u0103 nu crede \u00een \u0219ansele Rom\u00e2niei....<\/title>\n<meta name=\"description\" content=\"Mircea Lucescu i-a dat replica lui Mirel R\u0103doi dup\u0103 ce antrenorul a declarat c\u0103 nu crede \u00een \u0219ansele Rom\u00e2niei....\" \/>\n<meta name=\"robots\" content=\"index, follow, max-snippet:-1, max-image-preview:large, max-video-preview:-1\" \/>\n<link rel=\"canonical\" href=\"https:\/\/www.letsportsrock.com\/?p=41942\" \/>\n<meta property=\"og:locale\" content=\"en_US\" \/>\n<meta property=\"og:type\" content=\"article\" \/>\n<meta property=\"og:title\" content=\"Mircea Lucescu i-a dat replica lui Mirel R\u0103doi dup\u0103 ce antrenorul a declarat c\u0103 nu crede \u00een \u0219ansele Rom\u00e2niei....\" \/>\n<meta property=\"og:description\" content=\"Mircea Lucescu i-a dat replica lui Mirel R\u0103doi dup\u0103 ce antrenorul a declarat c\u0103 nu crede \u00een \u0219ansele Rom\u00e2niei....\" \/>\n<meta property=\"og:url\" content=\"https:\/\/www.letsportsrock.com\/?p=41942\" \/>\n<meta property=\"og:site_name\" content=\"letsportsrock\" \/>\n<meta property=\"article:published_time\" content=\"2025-05-24T02:38:25+00:00\" \/>\n<meta property=\"og:image\" content=\"https:\/\/www.letsportsrock.com\/wp-content\/uploads\/2025\/05\/images-13-14.jpeg\" \/>\n\t<meta property=\"og:image:width\" content=\"678\" \/>\n\t<meta property=\"og:image:height\" content=\"452\" \/>\n\t<meta property=\"og:image:type\" content=\"image\/jpeg\" \/>\n<meta name=\"author\" content=\"Paul Hembaor\" \/>\n<meta name=\"twitter:card\" content=\"summary_large_image\" \/>\n<meta name=\"twitter:label1\" content=\"Written by\" \/>\n\t<meta name=\"twitter:data1\" content=\"Paul Hembaor\" \/>\n\t<meta name=\"twitter:label2\" content=\"Est. reading time\" \/>\n\t<meta name=\"twitter:data2\" content=\"2 minutes\" \/>\n<script type=\"application\/ld+json\" class=\"yoast-schema-graph\">{\"@context\":\"https:\\\/\\\/schema.org\",\"@graph\":[{\"@type\":\"Article\",\"@id\":\"https:\\\/\\\/www.letsportsrock.com\\\/?p=41942#article\",\"isPartOf\":{\"@id\":\"https:\\\/\\\/www.letsportsrock.com\\\/?p=41942\"},\"author\":{\"name\":\"Paul Hembaor\",\"@id\":\"https:\\\/\\\/www.letsportsrock.com\\\/#\\\/schema\\\/person\\\/97aa0f336f5a3ca15a8ec7d78846f045\"},\"headline\":\"Mircea Lucescu i-a dat replica lui Mirel R\u0103doi dup\u0103 ce antrenorul a declarat c\u0103 nu crede \u00een \u0219ansele Rom\u00e2niei&#8230;.\",\"datePublished\":\"2025-05-24T02:38:25+00:00\",\"mainEntityOfPage\":{\"@id\":\"https:\\\/\\\/www.letsportsrock.com\\\/?p=41942\"},\"wordCount\":253,\"commentCount\":0,\"image\":{\"@id\":\"https:\\\/\\\/www.letsportsrock.com\\\/?p=41942#primaryimage\"},\"thumbnailUrl\":\"https:\\\/\\\/www.letsportsrock.com\\\/wp-content\\\/uploads\\\/2025\\\/05\\\/images-13-14.jpeg\",\"keywords\":[\"Fan Andrei Ivan\"],\"inLanguage\":\"en-US\",\"potentialAction\":[{\"@type\":\"CommentAction\",\"name\":\"Comment\",\"target\":[\"https:\\\/\\\/www.letsportsrock.com\\\/?p=41942#respond\"]}]},{\"@type\":\"WebPage\",\"@id\":\"https:\\\/\\\/www.letsportsrock.com\\\/?p=41942\",\"url\":\"https:\\\/\\\/www.letsportsrock.com\\\/?p=41942\",\"name\":\"Mircea Lucescu i-a dat replica lui Mirel R\u0103doi dup\u0103 ce antrenorul a declarat c\u0103 nu crede \u00een \u0219ansele Rom\u00e2niei....\",\"isPartOf\":{\"@id\":\"https:\\\/\\\/www.letsportsrock.com\\\/#website\"},\"primaryImageOfPage\":{\"@id\":\"https:\\\/\\\/www.letsportsrock.com\\\/?p=41942#primaryimage\"},\"image\":{\"@id\":\"https:\\\/\\\/www.letsportsrock.com\\\/?p=41942#primaryimage\"},\"thumbnailUrl\":\"https:\\\/\\\/www.letsportsrock.com\\\/wp-content\\\/uploads\\\/2025\\\/05\\\/images-13-14.jpeg\",\"datePublished\":\"2025-05-24T02:38:25+00:00\",\"author\":{\"@id\":\"https:\\\/\\\/www.letsportsrock.com\\\/#\\\/schema\\\/person\\\/97aa0f336f5a3ca15a8ec7d78846f045\"},\"description\":\"Mircea Lucescu i-a dat replica lui Mirel R\u0103doi dup\u0103 ce antrenorul a declarat c\u0103 nu crede \u00een \u0219ansele Rom\u00e2niei....\",\"breadcrumb\":{\"@id\":\"https:\\\/\\\/www.letsportsrock.com\\\/?p=41942#breadcrumb\"},\"inLanguage\":\"en-US\",\"potentialAction\":[{\"@type\":\"ReadAction\",\"target\":[\"https:\\\/\\\/www.letsportsrock.com\\\/?p=41942\"]}]},{\"@type\":\"ImageObject\",\"inLanguage\":\"en-US\",\"@id\":\"https:\\\/\\\/www.letsportsrock.com\\\/?p=41942#primaryimage\",\"url\":\"https:\\\/\\\/www.letsportsrock.com\\\/wp-content\\\/uploads\\\/2025\\\/05\\\/images-13-14.jpeg\",\"contentUrl\":\"https:\\\/\\\/www.letsportsrock.com\\\/wp-content\\\/uploads\\\/2025\\\/05\\\/images-13-14.jpeg\",\"width\":678,\"height\":452},{\"@type\":\"BreadcrumbList\",\"@id\":\"https:\\\/\\\/www.letsportsrock.com\\\/?p=41942#breadcrumb\",\"itemListElement\":[{\"@type\":\"ListItem\",\"position\":1,\"name\":\"Home\",\"item\":\"https:\\\/\\\/www.letsportsrock.com\\\/\"},{\"@type\":\"ListItem\",\"position\":2,\"name\":\"Mircea Lucescu i-a dat replica lui Mirel R\u0103doi dup\u0103 ce antrenorul a declarat c\u0103 nu crede \u00een \u0219ansele Rom\u00e2niei&#8230;.\"}]},{\"@type\":\"WebSite\",\"@id\":\"https:\\\/\\\/www.letsportsrock.com\\\/#website\",\"url\":\"https:\\\/\\\/www.letsportsrock.com\\\/\",\"name\":\"letsportsrock\",\"description\":\"Sport News and Updates\",\"potentialAction\":[{\"@type\":\"SearchAction\",\"target\":{\"@type\":\"EntryPoint\",\"urlTemplate\":\"https:\\\/\\\/www.letsportsrock.com\\\/?s={search_term_string}\"},\"query-input\":{\"@type\":\"PropertyValueSpecification\",\"valueRequired\":true,\"valueName\":\"search_term_string\"}}],\"inLanguage\":\"en-US\"},{\"@type\":\"Person\",\"@id\":\"https:\\\/\\\/www.letsportsrock.com\\\/#\\\/schema\\\/person\\\/97aa0f336f5a3ca15a8ec7d78846f045\",\"name\":\"Paul Hembaor\",\"image\":{\"@type\":\"ImageObject\",\"inLanguage\":\"en-US\",\"@id\":\"https:\\\/\\\/secure.gravatar.com\\\/avatar\\\/0574929a03c152e8ea7939c31311f9ea2fe2e06139cd71e2d6e698c217219d60?s=96&d=mm&r=g\",\"url\":\"https:\\\/\\\/secure.gravatar.com\\\/avatar\\\/0574929a03c152e8ea7939c31311f9ea2fe2e06139cd71e2d6e698c217219d60?s=96&d=mm&r=g\",\"contentUrl\":\"https:\\\/\\\/secure.gravatar.com\\\/avatar\\\/0574929a03c152e8ea7939c31311f9ea2fe2e06139cd71e2d6e698c217219d60?s=96&d=mm&r=g\",\"caption\":\"Paul Hembaor\"},\"sameAs\":[\"https:\\\/\\\/www.letsportsrock.com\\\/wp-admin\\\/\"],\"url\":\"https:\\\/\\\/www.letsportsrock.com\\\/?author=9\"}]}<\/script>\n<!-- \/ Yoast SEO plugin. -->","yoast_head_json":{"title":"Mircea Lucescu i-a dat replica lui Mirel R\u0103doi dup\u0103 ce antrenorul a declarat c\u0103 nu crede \u00een \u0219ansele Rom\u00e2niei....","description":"Mircea Lucescu i-a dat replica lui Mirel R\u0103doi dup\u0103 ce antrenorul a declarat c\u0103 nu crede \u00een \u0219ansele Rom\u00e2niei....","robots":{"index":"index","follow":"follow","max-snippet":"max-snippet:-1","max-image-preview":"max-image-preview:large","max-video-preview":"max-video-preview:-1"},"canonical":"https:\/\/www.letsportsrock.com\/?p=41942","og_locale":"en_US","og_type":"article","og_title":"Mircea Lucescu i-a dat replica lui Mirel R\u0103doi dup\u0103 ce antrenorul a declarat c\u0103 nu crede \u00een \u0219ansele Rom\u00e2niei....","og_description":"Mircea Lucescu i-a dat replica lui Mirel R\u0103doi dup\u0103 ce antrenorul a declarat c\u0103 nu crede \u00een \u0219ansele Rom\u00e2niei....","og_url":"https:\/\/www.letsportsrock.com\/?p=41942","og_site_name":"letsportsrock","article_published_time":"2025-05-24T02:38:25+00:00","og_image":[{"width":678,"height":452,"url":"https:\/\/www.letsportsrock.com\/wp-content\/uploads\/2025\/05\/images-13-14.jpeg","type":"image\/jpeg"}],"author":"Paul Hembaor","twitter_card":"summary_large_image","twitter_misc":{"Written by":"Paul Hembaor","Est. reading time":"2 minutes"},"schema":{"@context":"https:\/\/schema.org","@graph":[{"@type":"Article","@id":"https:\/\/www.letsportsrock.com\/?p=41942#article","isPartOf":{"@id":"https:\/\/www.letsportsrock.com\/?p=41942"},"author":{"name":"Paul Hembaor","@id":"https:\/\/www.letsportsrock.com\/#\/schema\/person\/97aa0f336f5a3ca15a8ec7d78846f045"},"headline":"Mircea Lucescu i-a dat replica lui Mirel R\u0103doi dup\u0103 ce antrenorul a declarat c\u0103 nu crede \u00een \u0219ansele Rom\u00e2niei&#8230;.","datePublished":"2025-05-24T02:38:25+00:00","mainEntityOfPage":{"@id":"https:\/\/www.letsportsrock.com\/?p=41942"},"wordCount":253,"commentCount":0,"image":{"@id":"https:\/\/www.letsportsrock.com\/?p=41942#primaryimage"},"thumbnailUrl":"https:\/\/www.letsportsrock.com\/wp-content\/uploads\/2025\/05\/images-13-14.jpeg","keywords":["Fan Andrei Ivan"],"inLanguage":"en-US","potentialAction":[{"@type":"CommentAction","name":"Comment","target":["https:\/\/www.letsportsrock.com\/?p=41942#respond"]}]},{"@type":"WebPage","@id":"https:\/\/www.letsportsrock.com\/?p=41942","url":"https:\/\/www.letsportsrock.com\/?p=41942","name":"Mircea Lucescu i-a dat replica lui Mirel R\u0103doi dup\u0103 ce antrenorul a declarat c\u0103 nu crede \u00een \u0219ansele Rom\u00e2niei....","isPartOf":{"@id":"https:\/\/www.letsportsrock.com\/#website"},"primaryImageOfPage":{"@id":"https:\/\/www.letsportsrock.com\/?p=41942#primaryimage"},"image":{"@id":"https:\/\/www.letsportsrock.com\/?p=41942#primaryimage"},"thumbnailUrl":"https:\/\/www.letsportsrock.com\/wp-content\/uploads\/2025\/05\/images-13-14.jpeg","datePublished":"2025-05-24T02:38:25+00:00","author":{"@id":"https:\/\/www.letsportsrock.com\/#\/schema\/person\/97aa0f336f5a3ca15a8ec7d78846f045"},"description":"Mircea Lucescu i-a dat replica lui Mirel R\u0103doi dup\u0103 ce antrenorul a declarat c\u0103 nu crede \u00een \u0219ansele Rom\u00e2niei....","breadcrumb":{"@id":"https:\/\/www.letsportsrock.com\/?p=41942#breadcrumb"},"inLanguage":"en-US","potentialAction":[{"@type":"ReadAction","target":["https:\/\/www.letsportsrock.com\/?p=41942"]}]},{"@type":"ImageObject","inLanguage":"en-US","@id":"https:\/\/www.letsportsrock.com\/?p=41942#primaryimage","url":"https:\/\/www.letsportsrock.com\/wp-content\/uploads\/2025\/05\/images-13-14.jpeg","contentUrl":"https:\/\/www.letsportsrock.com\/wp-content\/uploads\/2025\/05\/images-13-14.jpeg","width":678,"height":452},{"@type":"BreadcrumbList","@id":"https:\/\/www.letsportsrock.com\/?p=41942#breadcrumb","itemListElement":[{"@type":"ListItem","position":1,"name":"Home","item":"https:\/\/www.letsportsrock.com\/"},{"@type":"ListItem","position":2,"name":"Mircea Lucescu i-a dat replica lui Mirel R\u0103doi dup\u0103 ce antrenorul a declarat c\u0103 nu crede \u00een \u0219ansele Rom\u00e2niei&#8230;."}]},{"@type":"WebSite","@id":"https:\/\/www.letsportsrock.com\/#website","url":"https:\/\/www.letsportsrock.com\/","name":"letsportsrock","description":"Sport News and Updates","potentialAction":[{"@type":"SearchAction","target":{"@type":"EntryPoint","urlTemplate":"https:\/\/www.letsportsrock.com\/?s={search_term_string}"},"query-input":{"@type":"PropertyValueSpecification","valueRequired":true,"valueName":"search_term_string"}}],"inLanguage":"en-US"},{"@type":"Person","@id":"https:\/\/www.letsportsrock.com\/#\/schema\/person\/97aa0f336f5a3ca15a8ec7d78846f045","name":"Paul Hembaor","image":{"@type":"ImageObject","inLanguage":"en-US","@id":"https:\/\/secure.gravatar.com\/avatar\/0574929a03c152e8ea7939c31311f9ea2fe2e06139cd71e2d6e698c217219d60?s=96&d=mm&r=g","url":"https:\/\/secure.gravatar.com\/avatar\/0574929a03c152e8ea7939c31311f9ea2fe2e06139cd71e2d6e698c217219d60?s=96&d=mm&r=g","contentUrl":"https:\/\/secure.gravatar.com\/avatar\/0574929a03c152e8ea7939c31311f9ea2fe2e06139cd71e2d6e698c217219d60?s=96&d=mm&r=g","caption":"Paul Hembaor"},"sameAs":["https:\/\/www.letsportsrock.com\/wp-admin\/"],"url":"https:\/\/www.letsportsrock.com\/?author=9"}]}},"jetpack_featured_media_url":"https:\/\/www.letsportsrock.com\/wp-content\/uploads\/2025\/05\/images-13-14.jpeg","jetpack_sharing_enabled":true,"_links":{"self":[{"href":"https:\/\/www.letsportsrock.com\/index.php?rest_route=\/wp\/v2\/posts\/41942","targetHints":{"allow":["GET"]}}],"collection":[{"href":"https:\/\/www.letsportsrock.com\/index.php?rest_route=\/wp\/v2\/posts"}],"about":[{"href":"https:\/\/www.letsportsrock.com\/index.php?rest_route=\/wp\/v2\/types\/post"}],"author":[{"embeddable":true,"href":"https:\/\/www.letsportsrock.com\/index.php?rest_route=\/wp\/v2\/users\/9"}],"replies":[{"embeddable":true,"href":"https:\/\/www.letsportsrock.com\/index.php?rest_route=%2Fwp%2Fv2%2Fcomments&post=41942"}],"version-history":[{"count":1,"href":"https:\/\/www.letsportsrock.com\/index.php?rest_route=\/wp\/v2\/posts\/41942\/revisions"}],"predecessor-version":[{"id":41945,"href":"https:\/\/www.letsportsrock.com\/index.php?rest_route=\/wp\/v2\/posts\/41942\/revisions\/41945"}],"wp:featuredmedia":[{"embeddable":true,"href":"https:\/\/www.letsportsrock.com\/index.php?rest_route=\/wp\/v2\/media\/41943"}],"wp:attachment":[{"href":"https:\/\/www.letsportsrock.com\/index.php?rest_route=%2Fwp%2Fv2%2Fmedia&parent=41942"}],"wp:term":[{"taxonomy":"category","embeddable":true,"href":"https:\/\/www.letsportsrock.com\/index.php?rest_route=%2Fwp%2Fv2%2Fcategories&post=41942"},{"taxonomy":"post_tag","embeddable":true,"href":"https:\/\/www.letsportsrock.com\/index.php?rest_route=%2Fwp%2Fv2%2Ftags&post=41942"}],"curies":[{"name":"wp","href":"https:\/\/api.w.org\/{rel}","templated":true}]}}