{"id":42408,"date":"2025-05-25T01:36:43","date_gmt":"2025-05-25T01:36:43","guid":{"rendered":"https:\/\/www.letsportsrock.com\/?p=42408"},"modified":"2025-05-25T01:36:43","modified_gmt":"2025-05-25T01:36:43","slug":"mirel-radoi-reactie-socanta-cu-privire-la-plecarea-lui-alexandru-mitrita-de-la-universitatea-craiova-m-as-bucura-ce-a-declarat-despre-situatia-lui-stefan-baiaram","status":"publish","type":"post","link":"https:\/\/www.letsportsrock.com\/?p=42408","title":{"rendered":"Mirel R\u0103doi, reac\u021bie \u0219ocant\u0103 cu privire la plecarea lui Alexandru Mitri\u021b\u0103 de la Universitatea Craiova: \u201eM-a\u0219 bucura!\u201d. Ce a declarat despre situa\u021bia lui \u0218tefan Baiaram.."},"content":{"rendered":"<div class=\"d79db4796efc26332eabfc3f5dafbc76\" data-index=\"1\" style=\"float: none; margin:10px 0 10px 0; text-align:center;\">\n<div class=\"hb-ad-inarticle\">\r\n    <div class=\"hb-ad-inner\"> \r\n    <div class=\"hbagency_cls\"  id=\"hbagency_space_111930\"><\/div><\/div> <\/div>\n<\/div>\n<p>Mirel R\u0103doi, reac\u021bie \u0219ocant\u0103 cu privire la plecarea lui Alexandru Mitri\u021b\u0103 de la Universitatea Craiova: \u201eM-a\u0219 bucura!\u201d. Ce a declarat despre situa\u021bia lui \u0218tefan Baiaram..<\/p>\n<p>Mirel R\u0103doi, antrenorul Universit\u0103\u021bii Craiova, a f\u0103cut declara\u021bii surprinz\u0103toare referitoare la posibilele plec\u0103ri ale juc\u0103torilor Alexandru Mitri\u021b\u0103 \u0219i \u0218tefan Baiaram.([Prosport][1])<\/p>\n<p>&nbsp;<\/p>\n<p>\u00cen ceea ce prive\u0219te Mitri\u021b\u0103, R\u0103doi a afirmat c\u0103, de\u0219i clubul \u0219i-ar dori s\u0103-l p\u0103streze, este pu\u021bin probabil ca acesta s\u0103 r\u0103m\u00e2n\u0103 \u00een B\u0103nie din var\u0103. \u201eE clar c\u0103 ar fi jucat numai \u00een str\u0103in\u0103tate dac\u0103 se n\u0103\u0219tea acolo. Sper s\u0103 termine sezonul \u00een ritmul acesta \u0219i e clar c\u0103 la var\u0103, \u0219i dac\u0103 vom vrea s\u0103-l mai \u021binem aici, nu putem\u201d, a declarat R\u0103doi .([Sport.ro][2], [Prosport][3])<\/p>\n<p>&nbsp;<\/p>\n<p>\u00cen ceea ce-l prive\u0219te pe \u0218tefan Baiaram, mijloca\u0219ul de 22 de ani, R\u0103doi a confirmat interesul echipelor europene pentru acesta. \u201ePrimesc telefoane de la echipele din Europa \u00een care m\u0103 \u00eentreab\u0103 despre felul cum e el, cum se implic\u0103 la antrenamente. Contacte sunt\u201d, a spus R\u0103doi .([Digi Sport][4])<\/p>\n<p>&nbsp;<\/p>\n<p>Aceste declara\u021bii sugereaz\u0103 c\u0103 Universitatea Craiova se afl\u0103 \u00eentr-o perioad\u0103 de tranzi\u021bie, cu posibile schimb\u0103ri importante \u00een lotul echipei.<\/p>\n<p>&nbsp;<\/p>\n<p>[1]: https:\/\/www.prosport.ro\/fotbal-intern\/superliga\/mihai-rotaru-e-gata-sa-vanda-tot-de-la-universitatea-craiova-mirel-radoi-a-facut-anuntul-despre-plecarile-lui-mitrita-si-baiaram-clubul-negociaza-chiar-si-pentru-antrenor-20155142?utm_source=chatgpt.com &#8220;Mihai Rotaru e gata s\u0103 v\u00e2nd\u0103 tot de la Universitatea Craiova. Mirel R\u0103doi a f\u0103cut anun\u021bul despre plec\u0103rile lui Mitri\u021b\u0103 \u015fi Baiaram: \u201eClubul negociaz\u0103. Chiar \u015fi pentru antrenor!\u201d&#8221;<\/p>\n<p>[2]: https:\/\/www.sport.ro\/liga-1\/mirel-radoi-a-anuntat-plecarea-lui-alexandru-mitrita-de-la-universitatea-craiova.html?utm_source=chatgpt.com &#8220;Mirel R\u0103doi a anun\u021bat plecarea lui Alexandru Mitri\u021b\u0103 de la Universitatea Craiova | Sport.ro&#8221;<\/p>\n<p>[3]: https:\/\/www.prosport.ro\/fotbal-intern\/alex-mitrita-pleaca-de-la-universitatea-craiova-vestea-a-fost-data-de-mirel-radoi-nu-mai-putem-sa-l-tinem-20087967?utm_source=chatgpt.com &#8220;Alex Mitri\u021b\u0103 pleac\u0103 de la Universitatea Craiova. Vestea a fost dat\u0103 de Mirel R\u0103doi: \u201eNu mai putem s\u0103-l \u021binem\u201d&#8221;<\/p>\n<p>[4]: https:\/\/www.digisport.ro\/fotbal\/liga-1\/ar-fi-transferul-verii-in-romania-8-000-000-e-mirel-radoi-primesc-telefoane-de-la-echipele-din-europa-3563263?utm_source=chatgpt.com &#8220;Exclusiv | Ar fi transferul verii \u00een Rom\u00e2nia: 8.000.000 \u20ac! Mirel R\u0103doi: \u201dPrimesc telefoane de la echipele din Europa\u201d&#8221;<\/p>\n<p>&nbsp;<\/p>\n\n<div style=\"font-size: 0px; height: 0px; line-height: 0px; margin: 0; padding: 0; clear: both;\"><\/div>","protected":false},"excerpt":{"rendered":"<p>Mirel R\u0103doi, reac\u021bie \u0219ocant\u0103 cu privire la plecarea lui Alexandru Mitri\u021b\u0103 de la Universitatea Craiova: \u201eM-a\u0219 bucura!\u201d. Ce a declarat despre situa\u021bia lui \u0218tefan Baiaram.. Mirel R\u0103doi, antrenorul Universit\u0103\u021bii Craiova, a f\u0103cut declara\u021bii surprinz\u0103toare referitoare la posibilele plec\u0103ri ale juc\u0103torilor Alexandru Mitri\u021b\u0103 \u0219i \u0218tefan Baiaram.([Prosport][1]) &nbsp; \u00cen ceea ce prive\u0219te Mitri\u021b\u0103, R\u0103doi a afirmat c\u0103, [&hellip;]<\/p>\n","protected":false},"author":5,"featured_media":42411,"comment_status":"open","ping_status":"open","sticky":false,"template":"","format":"standard","meta":{"_jetpack_memberships_contains_paid_content":false,"footnotes":""},"categories":[1],"tags":[682],"class_list":["post-42408","post","type-post","status-publish","format-standard","has-post-thumbnail","hentry","category-uncategorized","tag-universitatea-craiova"],"yoast_head":"<!-- This site is optimized with the Yoast SEO plugin v27.4 - https:\/\/yoast.com\/product\/yoast-seo-wordpress\/ -->\n<title>Mirel R\u0103doi, reac\u021bie \u0219ocant\u0103 cu privire la plecarea lui Alexandru Mitri\u021b\u0103 de la Universitatea Craiova: \u201eM-a\u0219 bucura!\u201d. Ce a declarat despre situa\u021bia lui \u0218tefan Baiaram..<\/title>\n<meta name=\"description\" content=\"Mirel R\u0103doi, reac\u021bie \u0219ocant\u0103 cu privire la plecarea lui Alexandru Mitri\u021b\u0103 de la Universitatea Craiova: \u201eM-a\u0219 bucura!\u201d. Ce a declarat despre situa\u021bia lui \u0218tefan Baiaram..\" \/>\n<meta name=\"robots\" content=\"index, follow, max-snippet:-1, max-image-preview:large, max-video-preview:-1\" \/>\n<link rel=\"canonical\" href=\"https:\/\/www.letsportsrock.com\/?p=42408\" \/>\n<meta property=\"og:locale\" content=\"en_US\" \/>\n<meta property=\"og:type\" content=\"article\" \/>\n<meta property=\"og:title\" content=\"Mirel R\u0103doi, reac\u021bie \u0219ocant\u0103 cu privire la plecarea lui Alexandru Mitri\u021b\u0103 de la Universitatea Craiova: \u201eM-a\u0219 bucura!\u201d. Ce a declarat despre situa\u021bia lui \u0218tefan Baiaram..\" \/>\n<meta property=\"og:description\" content=\"Mirel R\u0103doi, reac\u021bie \u0219ocant\u0103 cu privire la plecarea lui Alexandru Mitri\u021b\u0103 de la Universitatea Craiova: \u201eM-a\u0219 bucura!\u201d. Ce a declarat despre situa\u021bia lui \u0218tefan Baiaram..\" \/>\n<meta property=\"og:url\" content=\"https:\/\/www.letsportsrock.com\/?p=42408\" \/>\n<meta property=\"og:site_name\" content=\"letsportsrock\" \/>\n<meta property=\"article:published_time\" content=\"2025-05-25T01:36:43+00:00\" \/>\n<meta property=\"og:image\" content=\"https:\/\/www.letsportsrock.com\/wp-content\/uploads\/2025\/05\/images-23-12.jpeg\" \/>\n\t<meta property=\"og:image:width\" content=\"738\" \/>\n\t<meta property=\"og:image:height\" content=\"415\" \/>\n\t<meta property=\"og:image:type\" content=\"image\/jpeg\" \/>\n<meta name=\"author\" content=\"Commy Msuurshima\" \/>\n<meta name=\"twitter:card\" content=\"summary_large_image\" \/>\n<meta name=\"twitter:label1\" content=\"Written by\" \/>\n\t<meta name=\"twitter:data1\" content=\"Commy Msuurshima\" \/>\n\t<meta name=\"twitter:label2\" content=\"Est. reading time\" \/>\n\t<meta name=\"twitter:data2\" content=\"2 minutes\" \/>\n<script type=\"application\/ld+json\" class=\"yoast-schema-graph\">{\"@context\":\"https:\\\/\\\/schema.org\",\"@graph\":[{\"@type\":\"Article\",\"@id\":\"https:\\\/\\\/www.letsportsrock.com\\\/?p=42408#article\",\"isPartOf\":{\"@id\":\"https:\\\/\\\/www.letsportsrock.com\\\/?p=42408\"},\"author\":{\"name\":\"Commy Msuurshima\",\"@id\":\"https:\\\/\\\/www.letsportsrock.com\\\/#\\\/schema\\\/person\\\/48a7d50d6b0e142e624de09fb01c90ed\"},\"headline\":\"Mirel R\u0103doi, reac\u021bie \u0219ocant\u0103 cu privire la plecarea lui Alexandru Mitri\u021b\u0103 de la Universitatea Craiova: \u201eM-a\u0219 bucura!\u201d. Ce a declarat despre situa\u021bia lui \u0218tefan Baiaram..\",\"datePublished\":\"2025-05-25T01:36:43+00:00\",\"mainEntityOfPage\":{\"@id\":\"https:\\\/\\\/www.letsportsrock.com\\\/?p=42408\"},\"wordCount\":378,\"commentCount\":0,\"image\":{\"@id\":\"https:\\\/\\\/www.letsportsrock.com\\\/?p=42408#primaryimage\"},\"thumbnailUrl\":\"https:\\\/\\\/www.letsportsrock.com\\\/wp-content\\\/uploads\\\/2025\\\/05\\\/images-23-12.jpeg\",\"keywords\":[\"Universitatea Craiova\"],\"inLanguage\":\"en-US\",\"potentialAction\":[{\"@type\":\"CommentAction\",\"name\":\"Comment\",\"target\":[\"https:\\\/\\\/www.letsportsrock.com\\\/?p=42408#respond\"]}]},{\"@type\":\"WebPage\",\"@id\":\"https:\\\/\\\/www.letsportsrock.com\\\/?p=42408\",\"url\":\"https:\\\/\\\/www.letsportsrock.com\\\/?p=42408\",\"name\":\"Mirel R\u0103doi, reac\u021bie \u0219ocant\u0103 cu privire la plecarea lui Alexandru Mitri\u021b\u0103 de la Universitatea Craiova: \u201eM-a\u0219 bucura!\u201d. Ce a declarat despre situa\u021bia lui \u0218tefan Baiaram..\",\"isPartOf\":{\"@id\":\"https:\\\/\\\/www.letsportsrock.com\\\/#website\"},\"primaryImageOfPage\":{\"@id\":\"https:\\\/\\\/www.letsportsrock.com\\\/?p=42408#primaryimage\"},\"image\":{\"@id\":\"https:\\\/\\\/www.letsportsrock.com\\\/?p=42408#primaryimage\"},\"thumbnailUrl\":\"https:\\\/\\\/www.letsportsrock.com\\\/wp-content\\\/uploads\\\/2025\\\/05\\\/images-23-12.jpeg\",\"datePublished\":\"2025-05-25T01:36:43+00:00\",\"author\":{\"@id\":\"https:\\\/\\\/www.letsportsrock.com\\\/#\\\/schema\\\/person\\\/48a7d50d6b0e142e624de09fb01c90ed\"},\"description\":\"Mirel R\u0103doi, reac\u021bie \u0219ocant\u0103 cu privire la plecarea lui Alexandru Mitri\u021b\u0103 de la Universitatea Craiova: \u201eM-a\u0219 bucura!\u201d. Ce a declarat despre situa\u021bia lui \u0218tefan Baiaram..\",\"breadcrumb\":{\"@id\":\"https:\\\/\\\/www.letsportsrock.com\\\/?p=42408#breadcrumb\"},\"inLanguage\":\"en-US\",\"potentialAction\":[{\"@type\":\"ReadAction\",\"target\":[\"https:\\\/\\\/www.letsportsrock.com\\\/?p=42408\"]}]},{\"@type\":\"ImageObject\",\"inLanguage\":\"en-US\",\"@id\":\"https:\\\/\\\/www.letsportsrock.com\\\/?p=42408#primaryimage\",\"url\":\"https:\\\/\\\/www.letsportsrock.com\\\/wp-content\\\/uploads\\\/2025\\\/05\\\/images-23-12.jpeg\",\"contentUrl\":\"https:\\\/\\\/www.letsportsrock.com\\\/wp-content\\\/uploads\\\/2025\\\/05\\\/images-23-12.jpeg\",\"width\":738,\"height\":415},{\"@type\":\"BreadcrumbList\",\"@id\":\"https:\\\/\\\/www.letsportsrock.com\\\/?p=42408#breadcrumb\",\"itemListElement\":[{\"@type\":\"ListItem\",\"position\":1,\"name\":\"Home\",\"item\":\"https:\\\/\\\/www.letsportsrock.com\\\/\"},{\"@type\":\"ListItem\",\"position\":2,\"name\":\"Mirel R\u0103doi, reac\u021bie \u0219ocant\u0103 cu privire la plecarea lui Alexandru Mitri\u021b\u0103 de la Universitatea Craiova: \u201eM-a\u0219 bucura!\u201d. Ce a declarat despre situa\u021bia lui \u0218tefan Baiaram..\"}]},{\"@type\":\"WebSite\",\"@id\":\"https:\\\/\\\/www.letsportsrock.com\\\/#website\",\"url\":\"https:\\\/\\\/www.letsportsrock.com\\\/\",\"name\":\"letsportsrock\",\"description\":\"Sport News and Updates\",\"potentialAction\":[{\"@type\":\"SearchAction\",\"target\":{\"@type\":\"EntryPoint\",\"urlTemplate\":\"https:\\\/\\\/www.letsportsrock.com\\\/?s={search_term_string}\"},\"query-input\":{\"@type\":\"PropertyValueSpecification\",\"valueRequired\":true,\"valueName\":\"search_term_string\"}}],\"inLanguage\":\"en-US\"},{\"@type\":\"Person\",\"@id\":\"https:\\\/\\\/www.letsportsrock.com\\\/#\\\/schema\\\/person\\\/48a7d50d6b0e142e624de09fb01c90ed\",\"name\":\"Commy Msuurshima\",\"image\":{\"@type\":\"ImageObject\",\"inLanguage\":\"en-US\",\"@id\":\"https:\\\/\\\/secure.gravatar.com\\\/avatar\\\/93ebd91bfe49a370e03292e81b65e6f106b4c734b18cac41570aa99a1503b409?s=96&d=mm&r=g\",\"url\":\"https:\\\/\\\/secure.gravatar.com\\\/avatar\\\/93ebd91bfe49a370e03292e81b65e6f106b4c734b18cac41570aa99a1503b409?s=96&d=mm&r=g\",\"contentUrl\":\"https:\\\/\\\/secure.gravatar.com\\\/avatar\\\/93ebd91bfe49a370e03292e81b65e6f106b4c734b18cac41570aa99a1503b409?s=96&d=mm&r=g\",\"caption\":\"Commy Msuurshima\"},\"sameAs\":[\"http:\\\/\\\/Letsportsrock.com\"],\"url\":\"https:\\\/\\\/www.letsportsrock.com\\\/?author=5\"}]}<\/script>\n<!-- \/ Yoast SEO plugin. -->","yoast_head_json":{"title":"Mirel R\u0103doi, reac\u021bie \u0219ocant\u0103 cu privire la plecarea lui Alexandru Mitri\u021b\u0103 de la Universitatea Craiova: \u201eM-a\u0219 bucura!\u201d. Ce a declarat despre situa\u021bia lui \u0218tefan Baiaram..","description":"Mirel R\u0103doi, reac\u021bie \u0219ocant\u0103 cu privire la plecarea lui Alexandru Mitri\u021b\u0103 de la Universitatea Craiova: \u201eM-a\u0219 bucura!\u201d. Ce a declarat despre situa\u021bia lui \u0218tefan Baiaram..","robots":{"index":"index","follow":"follow","max-snippet":"max-snippet:-1","max-image-preview":"max-image-preview:large","max-video-preview":"max-video-preview:-1"},"canonical":"https:\/\/www.letsportsrock.com\/?p=42408","og_locale":"en_US","og_type":"article","og_title":"Mirel R\u0103doi, reac\u021bie \u0219ocant\u0103 cu privire la plecarea lui Alexandru Mitri\u021b\u0103 de la Universitatea Craiova: \u201eM-a\u0219 bucura!\u201d. Ce a declarat despre situa\u021bia lui \u0218tefan Baiaram..","og_description":"Mirel R\u0103doi, reac\u021bie \u0219ocant\u0103 cu privire la plecarea lui Alexandru Mitri\u021b\u0103 de la Universitatea Craiova: \u201eM-a\u0219 bucura!\u201d. Ce a declarat despre situa\u021bia lui \u0218tefan Baiaram..","og_url":"https:\/\/www.letsportsrock.com\/?p=42408","og_site_name":"letsportsrock","article_published_time":"2025-05-25T01:36:43+00:00","og_image":[{"width":738,"height":415,"url":"https:\/\/www.letsportsrock.com\/wp-content\/uploads\/2025\/05\/images-23-12.jpeg","type":"image\/jpeg"}],"author":"Commy Msuurshima","twitter_card":"summary_large_image","twitter_misc":{"Written by":"Commy Msuurshima","Est. reading time":"2 minutes"},"schema":{"@context":"https:\/\/schema.org","@graph":[{"@type":"Article","@id":"https:\/\/www.letsportsrock.com\/?p=42408#article","isPartOf":{"@id":"https:\/\/www.letsportsrock.com\/?p=42408"},"author":{"name":"Commy Msuurshima","@id":"https:\/\/www.letsportsrock.com\/#\/schema\/person\/48a7d50d6b0e142e624de09fb01c90ed"},"headline":"Mirel R\u0103doi, reac\u021bie \u0219ocant\u0103 cu privire la plecarea lui Alexandru Mitri\u021b\u0103 de la Universitatea Craiova: \u201eM-a\u0219 bucura!\u201d. Ce a declarat despre situa\u021bia lui \u0218tefan Baiaram..","datePublished":"2025-05-25T01:36:43+00:00","mainEntityOfPage":{"@id":"https:\/\/www.letsportsrock.com\/?p=42408"},"wordCount":378,"commentCount":0,"image":{"@id":"https:\/\/www.letsportsrock.com\/?p=42408#primaryimage"},"thumbnailUrl":"https:\/\/www.letsportsrock.com\/wp-content\/uploads\/2025\/05\/images-23-12.jpeg","keywords":["Universitatea Craiova"],"inLanguage":"en-US","potentialAction":[{"@type":"CommentAction","name":"Comment","target":["https:\/\/www.letsportsrock.com\/?p=42408#respond"]}]},{"@type":"WebPage","@id":"https:\/\/www.letsportsrock.com\/?p=42408","url":"https:\/\/www.letsportsrock.com\/?p=42408","name":"Mirel R\u0103doi, reac\u021bie \u0219ocant\u0103 cu privire la plecarea lui Alexandru Mitri\u021b\u0103 de la Universitatea Craiova: \u201eM-a\u0219 bucura!\u201d. Ce a declarat despre situa\u021bia lui \u0218tefan Baiaram..","isPartOf":{"@id":"https:\/\/www.letsportsrock.com\/#website"},"primaryImageOfPage":{"@id":"https:\/\/www.letsportsrock.com\/?p=42408#primaryimage"},"image":{"@id":"https:\/\/www.letsportsrock.com\/?p=42408#primaryimage"},"thumbnailUrl":"https:\/\/www.letsportsrock.com\/wp-content\/uploads\/2025\/05\/images-23-12.jpeg","datePublished":"2025-05-25T01:36:43+00:00","author":{"@id":"https:\/\/www.letsportsrock.com\/#\/schema\/person\/48a7d50d6b0e142e624de09fb01c90ed"},"description":"Mirel R\u0103doi, reac\u021bie \u0219ocant\u0103 cu privire la plecarea lui Alexandru Mitri\u021b\u0103 de la Universitatea Craiova: \u201eM-a\u0219 bucura!\u201d. Ce a declarat despre situa\u021bia lui \u0218tefan Baiaram..","breadcrumb":{"@id":"https:\/\/www.letsportsrock.com\/?p=42408#breadcrumb"},"inLanguage":"en-US","potentialAction":[{"@type":"ReadAction","target":["https:\/\/www.letsportsrock.com\/?p=42408"]}]},{"@type":"ImageObject","inLanguage":"en-US","@id":"https:\/\/www.letsportsrock.com\/?p=42408#primaryimage","url":"https:\/\/www.letsportsrock.com\/wp-content\/uploads\/2025\/05\/images-23-12.jpeg","contentUrl":"https:\/\/www.letsportsrock.com\/wp-content\/uploads\/2025\/05\/images-23-12.jpeg","width":738,"height":415},{"@type":"BreadcrumbList","@id":"https:\/\/www.letsportsrock.com\/?p=42408#breadcrumb","itemListElement":[{"@type":"ListItem","position":1,"name":"Home","item":"https:\/\/www.letsportsrock.com\/"},{"@type":"ListItem","position":2,"name":"Mirel R\u0103doi, reac\u021bie \u0219ocant\u0103 cu privire la plecarea lui Alexandru Mitri\u021b\u0103 de la Universitatea Craiova: \u201eM-a\u0219 bucura!\u201d. Ce a declarat despre situa\u021bia lui \u0218tefan Baiaram.."}]},{"@type":"WebSite","@id":"https:\/\/www.letsportsrock.com\/#website","url":"https:\/\/www.letsportsrock.com\/","name":"letsportsrock","description":"Sport News and Updates","potentialAction":[{"@type":"SearchAction","target":{"@type":"EntryPoint","urlTemplate":"https:\/\/www.letsportsrock.com\/?s={search_term_string}"},"query-input":{"@type":"PropertyValueSpecification","valueRequired":true,"valueName":"search_term_string"}}],"inLanguage":"en-US"},{"@type":"Person","@id":"https:\/\/www.letsportsrock.com\/#\/schema\/person\/48a7d50d6b0e142e624de09fb01c90ed","name":"Commy Msuurshima","image":{"@type":"ImageObject","inLanguage":"en-US","@id":"https:\/\/secure.gravatar.com\/avatar\/93ebd91bfe49a370e03292e81b65e6f106b4c734b18cac41570aa99a1503b409?s=96&d=mm&r=g","url":"https:\/\/secure.gravatar.com\/avatar\/93ebd91bfe49a370e03292e81b65e6f106b4c734b18cac41570aa99a1503b409?s=96&d=mm&r=g","contentUrl":"https:\/\/secure.gravatar.com\/avatar\/93ebd91bfe49a370e03292e81b65e6f106b4c734b18cac41570aa99a1503b409?s=96&d=mm&r=g","caption":"Commy Msuurshima"},"sameAs":["http:\/\/Letsportsrock.com"],"url":"https:\/\/www.letsportsrock.com\/?author=5"}]}},"jetpack_featured_media_url":"https:\/\/www.letsportsrock.com\/wp-content\/uploads\/2025\/05\/images-23-12.jpeg","jetpack_sharing_enabled":true,"_links":{"self":[{"href":"https:\/\/www.letsportsrock.com\/index.php?rest_route=\/wp\/v2\/posts\/42408","targetHints":{"allow":["GET"]}}],"collection":[{"href":"https:\/\/www.letsportsrock.com\/index.php?rest_route=\/wp\/v2\/posts"}],"about":[{"href":"https:\/\/www.letsportsrock.com\/index.php?rest_route=\/wp\/v2\/types\/post"}],"author":[{"embeddable":true,"href":"https:\/\/www.letsportsrock.com\/index.php?rest_route=\/wp\/v2\/users\/5"}],"replies":[{"embeddable":true,"href":"https:\/\/www.letsportsrock.com\/index.php?rest_route=%2Fwp%2Fv2%2Fcomments&post=42408"}],"version-history":[{"count":1,"href":"https:\/\/www.letsportsrock.com\/index.php?rest_route=\/wp\/v2\/posts\/42408\/revisions"}],"predecessor-version":[{"id":42412,"href":"https:\/\/www.letsportsrock.com\/index.php?rest_route=\/wp\/v2\/posts\/42408\/revisions\/42412"}],"wp:featuredmedia":[{"embeddable":true,"href":"https:\/\/www.letsportsrock.com\/index.php?rest_route=\/wp\/v2\/media\/42411"}],"wp:attachment":[{"href":"https:\/\/www.letsportsrock.com\/index.php?rest_route=%2Fwp%2Fv2%2Fmedia&parent=42408"}],"wp:term":[{"taxonomy":"category","embeddable":true,"href":"https:\/\/www.letsportsrock.com\/index.php?rest_route=%2Fwp%2Fv2%2Fcategories&post=42408"},{"taxonomy":"post_tag","embeddable":true,"href":"https:\/\/www.letsportsrock.com\/index.php?rest_route=%2Fwp%2Fv2%2Ftags&post=42408"}],"curies":[{"name":"wp","href":"https:\/\/api.w.org\/{rel}","templated":true}]}}