{"id":42440,"date":"2025-05-25T02:55:14","date_gmt":"2025-05-25T02:55:14","guid":{"rendered":"https:\/\/www.letsportsrock.com\/?p=42440"},"modified":"2025-05-25T02:55:14","modified_gmt":"2025-05-25T02:55:14","slug":"stiri-de-ultima-ora-chiar-acum-alisson-safira-a-luat-oficial-o-decizie-pe-retelele-de-socializare-spunand-ca-nu-va-mai-juca-cu-santa-clara-iata-de-ce","status":"publish","type":"post","link":"https:\/\/www.letsportsrock.com\/?p=42440","title":{"rendered":"\u0218tiri de ultim\u0103 or\u0103: \u201eChiar acum\u201d Alisson Safira a luat oficial o decizie pe re\u021belele de socializare, spun\u00e2nd c\u0103 nu va mai juca cu Santa Clara&#8230; iat\u0103 de ce"},"content":{"rendered":"<div class=\"d79db4796efc26332eabfc3f5dafbc76\" data-index=\"1\" style=\"float: none; margin:10px 0 10px 0; text-align:center;\">\n<div class=\"hb-ad-inarticle\">\r\n    <div class=\"hb-ad-inner\"> \r\n    <div class=\"hbagency_cls\"  id=\"hbagency_space_111930\"><\/div><\/div> <\/div>\n<\/div>\n<p>[!\u0218tiri de ultim\u0103 or\u0103: \u201eChiar acum\u201d Alisson Safira a luat oficial o decizie pe re\u021belele de socializare, spun\u00e2nd c\u0103 nu va mai juca cu Santa Clara&#8230; iat\u0103 de ce<\/p>\n<p>\u00centr-o postare recent\u0103 pe re\u021belele de socializare, Alisson Safira a anun\u021bat oficial c\u0103 nu va mai evolua pentru Santa Clara. Decizia vine \u00een contextul \u00een care atacantul brazilian a fost \u00eemprumutat la Universitatea Craiova, cu op\u021biune de transfer definitiv la finalul sezonului. \u00cen actualul sezon din SuperLiga Rom\u00e2niei, Safira a impresionat cu evolu\u021biile sale, marc\u00e2nd un gol \u0219i oferind trei pase decisive \u00een doar cinci meciuri. Aceste performan\u021be l-au transformat \u00eentr-un juc\u0103tor esen\u021bial pentru echipa oltean\u0103.([Digi Sport][1], [Prosport][2])<\/p>\n<p>&nbsp;<\/p>\n<p>\u00centr-o conferin\u021b\u0103 de pres\u0103, Safira a declarat: \u201eVreau s\u0103 r\u0103m\u00e2n aici\u201d. Aceast\u0103 afirma\u021bie subliniaz\u0103 dorin\u021ba sa de a continua la Craiova \u0219i de a contribui la succesul echipei. De asemenea, Safira a men\u021bionat c\u0103 \u00ee\u0219i dore\u0219te ca Universitatea Craiova s\u0103 c\u00e2\u0219tige titlul \u00een acest sezon, reflect\u00e2ndu-\u0219i astfel angajamentul fa\u021b\u0103 de club.([Fanatik.ro][3])<\/p>\n<p>&nbsp;<\/p>\n<p>\u00cen cazul \u00een care Safira va fi transferat definitiv, Universitatea Craiova va pl\u0103ti suma de 1,1 milioane de euro celor de la Santa Clara, ceea ce l-ar face cel mai scump juc\u0103tor din istoria clubului . Aceast\u0103 posibil\u0103 achizi\u021bie subliniaz\u0103 \u00eencrederea clubului \u00een poten\u021bialul atacantului brazilian.([Prosport][2])<\/p>\n<p>&nbsp;<\/p>\n<p>Astfel, Alisson Safira a ales s\u0103 \u00ee\u0219i continue cariera \u00een Rom\u00e2nia, la Universitatea Craiova, l\u0103s\u00e2nd \u00een urm\u0103 Santa Clara \u0219i f\u0103c\u00e2nd un pas important \u00een dezvoltarea sa profesional\u0103.([Digi Sport][1])<\/p>\n<p>&nbsp;<\/p>\n<p>[1]: https:\/\/www.digisport.ro\/fotbal\/liga-1\/e-oficial-primul-transfer-din-era-mirel-radoi-la-universitatea-craiova-3402247?utm_source=chatgpt.com &#8220;E oficial! Primul transfer din \u201dera\u201d Mirel R\u0103doi la Universitatea Craiova&#8221;<\/p>\n<p>[2]: https:\/\/www.prosport.ro\/fotbal-intern\/superliga\/alisson-safira-poate-deveni-cel-mai-scump-jucator-cumparat-de-universitatea-craiova-care-sunt-top-10-sume-de-transfer-platite-de-mihai-rotaru-20103612?utm_source=chatgpt.com &#8220;Alisson Safira poate deveni cel mai scump juc\u0103tor cump\u0103rat de Universitatea Craiova. Care sunt Top 10 sume de transfer pl\u0103tite de Mihai Rotaru&#8221;<\/p>\n<p>[3]: https:\/\/www.fanatik.ro\/alisson-safira-si-a-decis-viitorul-vreau-sa-raman-aici-ce-jucator-din-portugalia-ar-transfera-la-universitatea-craiova-21044069?utm_source=chatgpt.com &#8220;Alisson Safira \u0219i-a decis viitorul: \u201eVreau s\u0103 r\u0103m\u00e2n aici\u201d. Ce juc\u0103tor din Portugalia ar transfera la Universitatea Craiova &#8211; Fanatik.ro&#8221;<\/p>\n<p>&nbsp;<\/p>\n\n<div style=\"font-size: 0px; height: 0px; line-height: 0px; margin: 0; padding: 0; clear: both;\"><\/div>","protected":false},"excerpt":{"rendered":"<p>[!\u0218tiri de ultim\u0103 or\u0103: \u201eChiar acum\u201d Alisson Safira a luat oficial o decizie pe re\u021belele de socializare, spun\u00e2nd c\u0103 nu va mai juca cu Santa Clara&#8230; iat\u0103 de ce \u00centr-o postare recent\u0103 pe re\u021belele de socializare, Alisson Safira a anun\u021bat oficial c\u0103 nu va mai evolua pentru Santa Clara. Decizia vine \u00een contextul \u00een care [&hellip;]<\/p>\n","protected":false},"author":5,"featured_media":42443,"comment_status":"open","ping_status":"open","sticky":false,"template":"","format":"standard","meta":{"_jetpack_memberships_contains_paid_content":false,"footnotes":""},"categories":[1],"tags":[682],"class_list":["post-42440","post","type-post","status-publish","format-standard","has-post-thumbnail","hentry","category-uncategorized","tag-universitatea-craiova"],"yoast_head":"<!-- This site is optimized with the Yoast SEO plugin v27.4 - https:\/\/yoast.com\/product\/yoast-seo-wordpress\/ -->\n<title>\u0218tiri de ultim\u0103 or\u0103: \u201eChiar acum\u201d Alisson Safira a luat oficial o decizie pe re\u021belele de socializare, spun\u00e2nd c\u0103 nu va mai juca cu Santa Clara... iat\u0103 de ce<\/title>\n<meta name=\"description\" content=\"\u0218tiri de ultim\u0103 or\u0103: \u201eChiar acum\u201d Alisson Safira a luat oficial o decizie pe re\u021belele de socializare, spun\u00e2nd c\u0103 nu va mai juca cu Santa Clara... iat\u0103 de ce\" \/>\n<meta name=\"robots\" content=\"index, follow, max-snippet:-1, max-image-preview:large, max-video-preview:-1\" \/>\n<link rel=\"canonical\" href=\"https:\/\/www.letsportsrock.com\/?p=42440\" \/>\n<meta property=\"og:locale\" content=\"en_US\" \/>\n<meta property=\"og:type\" content=\"article\" \/>\n<meta property=\"og:title\" content=\"\u0218tiri de ultim\u0103 or\u0103: \u201eChiar acum\u201d Alisson Safira a luat oficial o decizie pe re\u021belele de socializare, spun\u00e2nd c\u0103 nu va mai juca cu Santa Clara... iat\u0103 de ce\" \/>\n<meta property=\"og:description\" content=\"\u0218tiri de ultim\u0103 or\u0103: \u201eChiar acum\u201d Alisson Safira a luat oficial o decizie pe re\u021belele de socializare, spun\u00e2nd c\u0103 nu va mai juca cu Santa Clara... iat\u0103 de ce\" \/>\n<meta property=\"og:url\" content=\"https:\/\/www.letsportsrock.com\/?p=42440\" \/>\n<meta property=\"og:site_name\" content=\"letsportsrock\" \/>\n<meta property=\"article:published_time\" content=\"2025-05-25T02:55:14+00:00\" \/>\n<meta property=\"og:image\" content=\"https:\/\/www.letsportsrock.com\/wp-content\/uploads\/2025\/05\/images-28-14.jpeg\" \/>\n\t<meta property=\"og:image:width\" content=\"521\" \/>\n\t<meta property=\"og:image:height\" content=\"588\" \/>\n\t<meta property=\"og:image:type\" content=\"image\/jpeg\" \/>\n<meta name=\"author\" content=\"Commy Msuurshima\" \/>\n<meta name=\"twitter:card\" content=\"summary_large_image\" \/>\n<meta name=\"twitter:label1\" content=\"Written by\" \/>\n\t<meta name=\"twitter:data1\" content=\"Commy Msuurshima\" \/>\n\t<meta name=\"twitter:label2\" content=\"Est. reading time\" \/>\n\t<meta name=\"twitter:data2\" content=\"2 minutes\" \/>\n<script type=\"application\/ld+json\" class=\"yoast-schema-graph\">{\"@context\":\"https:\\\/\\\/schema.org\",\"@graph\":[{\"@type\":\"Article\",\"@id\":\"https:\\\/\\\/www.letsportsrock.com\\\/?p=42440#article\",\"isPartOf\":{\"@id\":\"https:\\\/\\\/www.letsportsrock.com\\\/?p=42440\"},\"author\":{\"name\":\"Commy Msuurshima\",\"@id\":\"https:\\\/\\\/www.letsportsrock.com\\\/#\\\/schema\\\/person\\\/48a7d50d6b0e142e624de09fb01c90ed\"},\"headline\":\"\u0218tiri de ultim\u0103 or\u0103: \u201eChiar acum\u201d Alisson Safira a luat oficial o decizie pe re\u021belele de socializare, spun\u00e2nd c\u0103 nu va mai juca cu Santa Clara&#8230; iat\u0103 de ce\",\"datePublished\":\"2025-05-25T02:55:14+00:00\",\"mainEntityOfPage\":{\"@id\":\"https:\\\/\\\/www.letsportsrock.com\\\/?p=42440\"},\"wordCount\":394,\"commentCount\":0,\"image\":{\"@id\":\"https:\\\/\\\/www.letsportsrock.com\\\/?p=42440#primaryimage\"},\"thumbnailUrl\":\"https:\\\/\\\/www.letsportsrock.com\\\/wp-content\\\/uploads\\\/2025\\\/05\\\/images-28-14.jpeg\",\"keywords\":[\"Universitatea Craiova\"],\"inLanguage\":\"en-US\",\"potentialAction\":[{\"@type\":\"CommentAction\",\"name\":\"Comment\",\"target\":[\"https:\\\/\\\/www.letsportsrock.com\\\/?p=42440#respond\"]}]},{\"@type\":\"WebPage\",\"@id\":\"https:\\\/\\\/www.letsportsrock.com\\\/?p=42440\",\"url\":\"https:\\\/\\\/www.letsportsrock.com\\\/?p=42440\",\"name\":\"\u0218tiri de ultim\u0103 or\u0103: \u201eChiar acum\u201d Alisson Safira a luat oficial o decizie pe re\u021belele de socializare, spun\u00e2nd c\u0103 nu va mai juca cu Santa Clara... iat\u0103 de ce\",\"isPartOf\":{\"@id\":\"https:\\\/\\\/www.letsportsrock.com\\\/#website\"},\"primaryImageOfPage\":{\"@id\":\"https:\\\/\\\/www.letsportsrock.com\\\/?p=42440#primaryimage\"},\"image\":{\"@id\":\"https:\\\/\\\/www.letsportsrock.com\\\/?p=42440#primaryimage\"},\"thumbnailUrl\":\"https:\\\/\\\/www.letsportsrock.com\\\/wp-content\\\/uploads\\\/2025\\\/05\\\/images-28-14.jpeg\",\"datePublished\":\"2025-05-25T02:55:14+00:00\",\"author\":{\"@id\":\"https:\\\/\\\/www.letsportsrock.com\\\/#\\\/schema\\\/person\\\/48a7d50d6b0e142e624de09fb01c90ed\"},\"description\":\"\u0218tiri de ultim\u0103 or\u0103: \u201eChiar acum\u201d Alisson Safira a luat oficial o decizie pe re\u021belele de socializare, spun\u00e2nd c\u0103 nu va mai juca cu Santa Clara... iat\u0103 de ce\",\"breadcrumb\":{\"@id\":\"https:\\\/\\\/www.letsportsrock.com\\\/?p=42440#breadcrumb\"},\"inLanguage\":\"en-US\",\"potentialAction\":[{\"@type\":\"ReadAction\",\"target\":[\"https:\\\/\\\/www.letsportsrock.com\\\/?p=42440\"]}]},{\"@type\":\"ImageObject\",\"inLanguage\":\"en-US\",\"@id\":\"https:\\\/\\\/www.letsportsrock.com\\\/?p=42440#primaryimage\",\"url\":\"https:\\\/\\\/www.letsportsrock.com\\\/wp-content\\\/uploads\\\/2025\\\/05\\\/images-28-14.jpeg\",\"contentUrl\":\"https:\\\/\\\/www.letsportsrock.com\\\/wp-content\\\/uploads\\\/2025\\\/05\\\/images-28-14.jpeg\",\"width\":521,\"height\":588},{\"@type\":\"BreadcrumbList\",\"@id\":\"https:\\\/\\\/www.letsportsrock.com\\\/?p=42440#breadcrumb\",\"itemListElement\":[{\"@type\":\"ListItem\",\"position\":1,\"name\":\"Home\",\"item\":\"https:\\\/\\\/www.letsportsrock.com\\\/\"},{\"@type\":\"ListItem\",\"position\":2,\"name\":\"\u0218tiri de ultim\u0103 or\u0103: \u201eChiar acum\u201d Alisson Safira a luat oficial o decizie pe re\u021belele de socializare, spun\u00e2nd c\u0103 nu va mai juca cu Santa Clara&#8230; iat\u0103 de ce\"}]},{\"@type\":\"WebSite\",\"@id\":\"https:\\\/\\\/www.letsportsrock.com\\\/#website\",\"url\":\"https:\\\/\\\/www.letsportsrock.com\\\/\",\"name\":\"letsportsrock\",\"description\":\"Sport News and Updates\",\"potentialAction\":[{\"@type\":\"SearchAction\",\"target\":{\"@type\":\"EntryPoint\",\"urlTemplate\":\"https:\\\/\\\/www.letsportsrock.com\\\/?s={search_term_string}\"},\"query-input\":{\"@type\":\"PropertyValueSpecification\",\"valueRequired\":true,\"valueName\":\"search_term_string\"}}],\"inLanguage\":\"en-US\"},{\"@type\":\"Person\",\"@id\":\"https:\\\/\\\/www.letsportsrock.com\\\/#\\\/schema\\\/person\\\/48a7d50d6b0e142e624de09fb01c90ed\",\"name\":\"Commy Msuurshima\",\"image\":{\"@type\":\"ImageObject\",\"inLanguage\":\"en-US\",\"@id\":\"https:\\\/\\\/secure.gravatar.com\\\/avatar\\\/93ebd91bfe49a370e03292e81b65e6f106b4c734b18cac41570aa99a1503b409?s=96&d=mm&r=g\",\"url\":\"https:\\\/\\\/secure.gravatar.com\\\/avatar\\\/93ebd91bfe49a370e03292e81b65e6f106b4c734b18cac41570aa99a1503b409?s=96&d=mm&r=g\",\"contentUrl\":\"https:\\\/\\\/secure.gravatar.com\\\/avatar\\\/93ebd91bfe49a370e03292e81b65e6f106b4c734b18cac41570aa99a1503b409?s=96&d=mm&r=g\",\"caption\":\"Commy Msuurshima\"},\"sameAs\":[\"http:\\\/\\\/Letsportsrock.com\"],\"url\":\"https:\\\/\\\/www.letsportsrock.com\\\/?author=5\"}]}<\/script>\n<!-- \/ Yoast SEO plugin. -->","yoast_head_json":{"title":"\u0218tiri de ultim\u0103 or\u0103: \u201eChiar acum\u201d Alisson Safira a luat oficial o decizie pe re\u021belele de socializare, spun\u00e2nd c\u0103 nu va mai juca cu Santa Clara... iat\u0103 de ce","description":"\u0218tiri de ultim\u0103 or\u0103: \u201eChiar acum\u201d Alisson Safira a luat oficial o decizie pe re\u021belele de socializare, spun\u00e2nd c\u0103 nu va mai juca cu Santa Clara... iat\u0103 de ce","robots":{"index":"index","follow":"follow","max-snippet":"max-snippet:-1","max-image-preview":"max-image-preview:large","max-video-preview":"max-video-preview:-1"},"canonical":"https:\/\/www.letsportsrock.com\/?p=42440","og_locale":"en_US","og_type":"article","og_title":"\u0218tiri de ultim\u0103 or\u0103: \u201eChiar acum\u201d Alisson Safira a luat oficial o decizie pe re\u021belele de socializare, spun\u00e2nd c\u0103 nu va mai juca cu Santa Clara... iat\u0103 de ce","og_description":"\u0218tiri de ultim\u0103 or\u0103: \u201eChiar acum\u201d Alisson Safira a luat oficial o decizie pe re\u021belele de socializare, spun\u00e2nd c\u0103 nu va mai juca cu Santa Clara... iat\u0103 de ce","og_url":"https:\/\/www.letsportsrock.com\/?p=42440","og_site_name":"letsportsrock","article_published_time":"2025-05-25T02:55:14+00:00","og_image":[{"width":521,"height":588,"url":"https:\/\/www.letsportsrock.com\/wp-content\/uploads\/2025\/05\/images-28-14.jpeg","type":"image\/jpeg"}],"author":"Commy Msuurshima","twitter_card":"summary_large_image","twitter_misc":{"Written by":"Commy Msuurshima","Est. reading time":"2 minutes"},"schema":{"@context":"https:\/\/schema.org","@graph":[{"@type":"Article","@id":"https:\/\/www.letsportsrock.com\/?p=42440#article","isPartOf":{"@id":"https:\/\/www.letsportsrock.com\/?p=42440"},"author":{"name":"Commy Msuurshima","@id":"https:\/\/www.letsportsrock.com\/#\/schema\/person\/48a7d50d6b0e142e624de09fb01c90ed"},"headline":"\u0218tiri de ultim\u0103 or\u0103: \u201eChiar acum\u201d Alisson Safira a luat oficial o decizie pe re\u021belele de socializare, spun\u00e2nd c\u0103 nu va mai juca cu Santa Clara&#8230; iat\u0103 de ce","datePublished":"2025-05-25T02:55:14+00:00","mainEntityOfPage":{"@id":"https:\/\/www.letsportsrock.com\/?p=42440"},"wordCount":394,"commentCount":0,"image":{"@id":"https:\/\/www.letsportsrock.com\/?p=42440#primaryimage"},"thumbnailUrl":"https:\/\/www.letsportsrock.com\/wp-content\/uploads\/2025\/05\/images-28-14.jpeg","keywords":["Universitatea Craiova"],"inLanguage":"en-US","potentialAction":[{"@type":"CommentAction","name":"Comment","target":["https:\/\/www.letsportsrock.com\/?p=42440#respond"]}]},{"@type":"WebPage","@id":"https:\/\/www.letsportsrock.com\/?p=42440","url":"https:\/\/www.letsportsrock.com\/?p=42440","name":"\u0218tiri de ultim\u0103 or\u0103: \u201eChiar acum\u201d Alisson Safira a luat oficial o decizie pe re\u021belele de socializare, spun\u00e2nd c\u0103 nu va mai juca cu Santa Clara... iat\u0103 de ce","isPartOf":{"@id":"https:\/\/www.letsportsrock.com\/#website"},"primaryImageOfPage":{"@id":"https:\/\/www.letsportsrock.com\/?p=42440#primaryimage"},"image":{"@id":"https:\/\/www.letsportsrock.com\/?p=42440#primaryimage"},"thumbnailUrl":"https:\/\/www.letsportsrock.com\/wp-content\/uploads\/2025\/05\/images-28-14.jpeg","datePublished":"2025-05-25T02:55:14+00:00","author":{"@id":"https:\/\/www.letsportsrock.com\/#\/schema\/person\/48a7d50d6b0e142e624de09fb01c90ed"},"description":"\u0218tiri de ultim\u0103 or\u0103: \u201eChiar acum\u201d Alisson Safira a luat oficial o decizie pe re\u021belele de socializare, spun\u00e2nd c\u0103 nu va mai juca cu Santa Clara... iat\u0103 de ce","breadcrumb":{"@id":"https:\/\/www.letsportsrock.com\/?p=42440#breadcrumb"},"inLanguage":"en-US","potentialAction":[{"@type":"ReadAction","target":["https:\/\/www.letsportsrock.com\/?p=42440"]}]},{"@type":"ImageObject","inLanguage":"en-US","@id":"https:\/\/www.letsportsrock.com\/?p=42440#primaryimage","url":"https:\/\/www.letsportsrock.com\/wp-content\/uploads\/2025\/05\/images-28-14.jpeg","contentUrl":"https:\/\/www.letsportsrock.com\/wp-content\/uploads\/2025\/05\/images-28-14.jpeg","width":521,"height":588},{"@type":"BreadcrumbList","@id":"https:\/\/www.letsportsrock.com\/?p=42440#breadcrumb","itemListElement":[{"@type":"ListItem","position":1,"name":"Home","item":"https:\/\/www.letsportsrock.com\/"},{"@type":"ListItem","position":2,"name":"\u0218tiri de ultim\u0103 or\u0103: \u201eChiar acum\u201d Alisson Safira a luat oficial o decizie pe re\u021belele de socializare, spun\u00e2nd c\u0103 nu va mai juca cu Santa Clara&#8230; iat\u0103 de ce"}]},{"@type":"WebSite","@id":"https:\/\/www.letsportsrock.com\/#website","url":"https:\/\/www.letsportsrock.com\/","name":"letsportsrock","description":"Sport News and Updates","potentialAction":[{"@type":"SearchAction","target":{"@type":"EntryPoint","urlTemplate":"https:\/\/www.letsportsrock.com\/?s={search_term_string}"},"query-input":{"@type":"PropertyValueSpecification","valueRequired":true,"valueName":"search_term_string"}}],"inLanguage":"en-US"},{"@type":"Person","@id":"https:\/\/www.letsportsrock.com\/#\/schema\/person\/48a7d50d6b0e142e624de09fb01c90ed","name":"Commy Msuurshima","image":{"@type":"ImageObject","inLanguage":"en-US","@id":"https:\/\/secure.gravatar.com\/avatar\/93ebd91bfe49a370e03292e81b65e6f106b4c734b18cac41570aa99a1503b409?s=96&d=mm&r=g","url":"https:\/\/secure.gravatar.com\/avatar\/93ebd91bfe49a370e03292e81b65e6f106b4c734b18cac41570aa99a1503b409?s=96&d=mm&r=g","contentUrl":"https:\/\/secure.gravatar.com\/avatar\/93ebd91bfe49a370e03292e81b65e6f106b4c734b18cac41570aa99a1503b409?s=96&d=mm&r=g","caption":"Commy Msuurshima"},"sameAs":["http:\/\/Letsportsrock.com"],"url":"https:\/\/www.letsportsrock.com\/?author=5"}]}},"jetpack_featured_media_url":"https:\/\/www.letsportsrock.com\/wp-content\/uploads\/2025\/05\/images-28-14.jpeg","jetpack_sharing_enabled":true,"_links":{"self":[{"href":"https:\/\/www.letsportsrock.com\/index.php?rest_route=\/wp\/v2\/posts\/42440","targetHints":{"allow":["GET"]}}],"collection":[{"href":"https:\/\/www.letsportsrock.com\/index.php?rest_route=\/wp\/v2\/posts"}],"about":[{"href":"https:\/\/www.letsportsrock.com\/index.php?rest_route=\/wp\/v2\/types\/post"}],"author":[{"embeddable":true,"href":"https:\/\/www.letsportsrock.com\/index.php?rest_route=\/wp\/v2\/users\/5"}],"replies":[{"embeddable":true,"href":"https:\/\/www.letsportsrock.com\/index.php?rest_route=%2Fwp%2Fv2%2Fcomments&post=42440"}],"version-history":[{"count":1,"href":"https:\/\/www.letsportsrock.com\/index.php?rest_route=\/wp\/v2\/posts\/42440\/revisions"}],"predecessor-version":[{"id":42444,"href":"https:\/\/www.letsportsrock.com\/index.php?rest_route=\/wp\/v2\/posts\/42440\/revisions\/42444"}],"wp:featuredmedia":[{"embeddable":true,"href":"https:\/\/www.letsportsrock.com\/index.php?rest_route=\/wp\/v2\/media\/42443"}],"wp:attachment":[{"href":"https:\/\/www.letsportsrock.com\/index.php?rest_route=%2Fwp%2Fv2%2Fmedia&parent=42440"}],"wp:term":[{"taxonomy":"category","embeddable":true,"href":"https:\/\/www.letsportsrock.com\/index.php?rest_route=%2Fwp%2Fv2%2Fcategories&post=42440"},{"taxonomy":"post_tag","embeddable":true,"href":"https:\/\/www.letsportsrock.com\/index.php?rest_route=%2Fwp%2Fv2%2Ftags&post=42440"}],"curies":[{"name":"wp","href":"https:\/\/api.w.org\/{rel}","templated":true}]}}