{"id":42653,"date":"2025-05-25T16:58:13","date_gmt":"2025-05-25T16:58:13","guid":{"rendered":"https:\/\/www.letsportsrock.com\/?p=42653"},"modified":"2025-05-25T16:58:13","modified_gmt":"2025-05-25T16:58:13","slug":"soc-in-liga-1-cfr-cluj-face-un-transfer-de-ultima-ora-care-va-lasa-pe-toata-lumea-fara-cuvinte-2","status":"publish","type":"post","link":"https:\/\/www.letsportsrock.com\/?p=42653","title":{"rendered":"\u0218oc \u00een Liga 1! CFR Cluj face un transfer de ultim\u0103 or\u0103 care va l\u0103sa pe toat\u0103 lumea f\u0103r\u0103 cuvinte&#8230;&#8230;"},"content":{"rendered":"<div class=\"d79db4796efc26332eabfc3f5dafbc76\" data-index=\"1\" style=\"float: none; margin:10px 0 10px 0; text-align:center;\">\n<div class=\"hb-ad-inarticle\">\r\n    <div class=\"hb-ad-inner\"> \r\n    <div class=\"hbagency_cls\"  id=\"hbagency_space_111930\"><\/div><\/div> <\/div>\n<\/div>\n<p>\u0218oc \u00een Liga 1! CFR Cluj face un transfer de ultim\u0103 or\u0103 care va l\u0103sa pe toat\u0103 lumea f\u0103r\u0103 cuvinte<\/p>\n<p>&nbsp;<\/p>\n<p>CFR Cluj surprinde din nou lumea fotbalului rom\u00e2nesc cu un transfer de ultim\u0103 or\u0103, care promite s\u0103 schimbe complet calculele pentru titlu \u00een acest sezon. Conducerea clubului a reu\u0219it s\u0103 aduc\u0103 un juc\u0103tor cu un CV impresionant, care a evoluat \u00een campionate de top din Europa \u0219i are \u00een palmares meciuri \u00een competi\u021biile europene de prestigiu.<\/p>\n<p>&nbsp;<\/p>\n<p>Potrivit surselor apropiate clubului, fotbalistul a semnat un contract valabil pe dou\u0103 sezoane, iar prezentarea oficial\u0103 va avea loc \u00een urm\u0103toarele ore. Numele s\u0103u nu a fost \u00eenc\u0103 confirmat public, dar primele informa\u021bii indic\u0103 faptul c\u0103 este vorba despre un mijloca\u0219 ofensiv cu experien\u021b\u0103 interna\u021bional\u0103, capabil s\u0103 aduc\u0103 un plus considerabil de creativitate \u0219i eficien\u021b\u0103 \u00een atacul clujenilor.<\/p>\n<p>&nbsp;<\/p>\n<p>Suporterii sunt \u00een extaz, iar rivalele din Liga 1 privesc cu \u00eengrijorare aceast\u0103 mutare. CFR Cluj transmite astfel un mesaj clar: lupta pentru titlu este abia la \u00eenceput, iar echipa este hot\u0103r\u00e2t\u0103 s\u0103 revin\u0103 \u00een fruntea clasamentului.<\/p>\n<p>&nbsp;<\/p>\n<p>R\u0103m\u00e2ne de v\u0103zut cum se va integra noul juc\u0103tor, \u00eens\u0103 a\u0219tept\u0103rile sunt uria\u0219e. Un lucru e sigur: Liga 1 devine din ce \u00een ce mai interesant\u0103!<\/p>\n<p>&nbsp;<\/p>\n<p>&nbsp;<\/p>\n\n<div style=\"font-size: 0px; height: 0px; line-height: 0px; margin: 0; padding: 0; clear: both;\"><\/div>","protected":false},"excerpt":{"rendered":"<p>\u0218oc \u00een Liga 1! CFR Cluj face un transfer de ultim\u0103 or\u0103 care va l\u0103sa pe toat\u0103 lumea f\u0103r\u0103 cuvinte &nbsp; CFR Cluj surprinde din nou lumea fotbalului rom\u00e2nesc cu un transfer de ultim\u0103 or\u0103, care promite s\u0103 schimbe complet calculele pentru titlu \u00een acest sezon. Conducerea clubului a reu\u0219it s\u0103 aduc\u0103 un juc\u0103tor cu [&hellip;]<\/p>\n","protected":false},"author":1,"featured_media":42654,"comment_status":"open","ping_status":"open","sticky":false,"template":"","format":"standard","meta":{"_jetpack_memberships_contains_paid_content":false,"footnotes":""},"categories":[1],"tags":[],"class_list":["post-42653","post","type-post","status-publish","format-standard","has-post-thumbnail","hentry","category-uncategorized"],"yoast_head":"<!-- This site is optimized with the Yoast SEO plugin v27.4 - https:\/\/yoast.com\/product\/yoast-seo-wordpress\/ -->\n<title>\u0218oc \u00een Liga 1! CFR Cluj face un transfer de ultim\u0103 or\u0103 care va l\u0103sa pe toat\u0103 lumea f\u0103r\u0103 cuvinte......<\/title>\n<meta name=\"description\" content=\"\u0218oc \u00een Liga 1! CFR Cluj face un transfer de ultim\u0103 or\u0103 care va l\u0103sa pe toat\u0103 lumea f\u0103r\u0103 cuvinte...... ........\" \/>\n<meta name=\"robots\" content=\"index, follow, max-snippet:-1, max-image-preview:large, max-video-preview:-1\" \/>\n<link rel=\"canonical\" href=\"https:\/\/www.letsportsrock.com\/?p=42653\" \/>\n<meta property=\"og:locale\" content=\"en_US\" \/>\n<meta property=\"og:type\" content=\"article\" \/>\n<meta property=\"og:title\" content=\"\u0218oc \u00een Liga 1! CFR Cluj face un transfer de ultim\u0103 or\u0103 care va l\u0103sa pe toat\u0103 lumea f\u0103r\u0103 cuvinte......\" \/>\n<meta property=\"og:description\" content=\"\u0218oc \u00een Liga 1! CFR Cluj face un transfer de ultim\u0103 or\u0103 care va l\u0103sa pe toat\u0103 lumea f\u0103r\u0103 cuvinte...... ........\" \/>\n<meta property=\"og:url\" content=\"https:\/\/www.letsportsrock.com\/?p=42653\" \/>\n<meta property=\"og:site_name\" content=\"letsportsrock\" \/>\n<meta property=\"article:published_time\" content=\"2025-05-25T16:58:13+00:00\" \/>\n<meta property=\"og:image\" content=\"https:\/\/www.letsportsrock.com\/wp-content\/uploads\/2025\/05\/images-74-5.jpeg\" \/>\n\t<meta property=\"og:image:width\" content=\"700\" \/>\n\t<meta property=\"og:image:height\" content=\"420\" \/>\n\t<meta property=\"og:image:type\" content=\"image\/jpeg\" \/>\n<meta name=\"author\" content=\"letsportsrock\" \/>\n<meta name=\"twitter:card\" content=\"summary_large_image\" \/>\n<meta name=\"twitter:label1\" content=\"Written by\" \/>\n\t<meta name=\"twitter:data1\" content=\"letsportsrock\" \/>\n\t<meta name=\"twitter:label2\" content=\"Est. reading time\" \/>\n\t<meta name=\"twitter:data2\" content=\"2 minutes\" \/>\n<script type=\"application\/ld+json\" class=\"yoast-schema-graph\">{\"@context\":\"https:\\\/\\\/schema.org\",\"@graph\":[{\"@type\":\"Article\",\"@id\":\"https:\\\/\\\/www.letsportsrock.com\\\/?p=42653#article\",\"isPartOf\":{\"@id\":\"https:\\\/\\\/www.letsportsrock.com\\\/?p=42653\"},\"author\":{\"name\":\"letsportsrock\",\"@id\":\"https:\\\/\\\/www.letsportsrock.com\\\/#\\\/schema\\\/person\\\/a454ac24e58b214ddd97e4b5afb0bf01\"},\"headline\":\"\u0218oc \u00een Liga 1! CFR Cluj face un transfer de ultim\u0103 or\u0103 care va l\u0103sa pe toat\u0103 lumea f\u0103r\u0103 cuvinte&#8230;&#8230;\",\"datePublished\":\"2025-05-25T16:58:13+00:00\",\"mainEntityOfPage\":{\"@id\":\"https:\\\/\\\/www.letsportsrock.com\\\/?p=42653\"},\"wordCount\":240,\"commentCount\":0,\"image\":{\"@id\":\"https:\\\/\\\/www.letsportsrock.com\\\/?p=42653#primaryimage\"},\"thumbnailUrl\":\"https:\\\/\\\/www.letsportsrock.com\\\/wp-content\\\/uploads\\\/2025\\\/05\\\/images-74-5.jpeg\",\"inLanguage\":\"en-US\",\"potentialAction\":[{\"@type\":\"CommentAction\",\"name\":\"Comment\",\"target\":[\"https:\\\/\\\/www.letsportsrock.com\\\/?p=42653#respond\"]}]},{\"@type\":\"WebPage\",\"@id\":\"https:\\\/\\\/www.letsportsrock.com\\\/?p=42653\",\"url\":\"https:\\\/\\\/www.letsportsrock.com\\\/?p=42653\",\"name\":\"\u0218oc \u00een Liga 1! CFR Cluj face un transfer de ultim\u0103 or\u0103 care va l\u0103sa pe toat\u0103 lumea f\u0103r\u0103 cuvinte......\",\"isPartOf\":{\"@id\":\"https:\\\/\\\/www.letsportsrock.com\\\/#website\"},\"primaryImageOfPage\":{\"@id\":\"https:\\\/\\\/www.letsportsrock.com\\\/?p=42653#primaryimage\"},\"image\":{\"@id\":\"https:\\\/\\\/www.letsportsrock.com\\\/?p=42653#primaryimage\"},\"thumbnailUrl\":\"https:\\\/\\\/www.letsportsrock.com\\\/wp-content\\\/uploads\\\/2025\\\/05\\\/images-74-5.jpeg\",\"datePublished\":\"2025-05-25T16:58:13+00:00\",\"author\":{\"@id\":\"https:\\\/\\\/www.letsportsrock.com\\\/#\\\/schema\\\/person\\\/a454ac24e58b214ddd97e4b5afb0bf01\"},\"description\":\"\u0218oc \u00een Liga 1! CFR Cluj face un transfer de ultim\u0103 or\u0103 care va l\u0103sa pe toat\u0103 lumea f\u0103r\u0103 cuvinte...... ........\",\"breadcrumb\":{\"@id\":\"https:\\\/\\\/www.letsportsrock.com\\\/?p=42653#breadcrumb\"},\"inLanguage\":\"en-US\",\"potentialAction\":[{\"@type\":\"ReadAction\",\"target\":[\"https:\\\/\\\/www.letsportsrock.com\\\/?p=42653\"]}]},{\"@type\":\"ImageObject\",\"inLanguage\":\"en-US\",\"@id\":\"https:\\\/\\\/www.letsportsrock.com\\\/?p=42653#primaryimage\",\"url\":\"https:\\\/\\\/www.letsportsrock.com\\\/wp-content\\\/uploads\\\/2025\\\/05\\\/images-74-5.jpeg\",\"contentUrl\":\"https:\\\/\\\/www.letsportsrock.com\\\/wp-content\\\/uploads\\\/2025\\\/05\\\/images-74-5.jpeg\",\"width\":700,\"height\":420},{\"@type\":\"BreadcrumbList\",\"@id\":\"https:\\\/\\\/www.letsportsrock.com\\\/?p=42653#breadcrumb\",\"itemListElement\":[{\"@type\":\"ListItem\",\"position\":1,\"name\":\"Home\",\"item\":\"https:\\\/\\\/www.letsportsrock.com\\\/\"},{\"@type\":\"ListItem\",\"position\":2,\"name\":\"\u0218oc \u00een Liga 1! CFR Cluj face un transfer de ultim\u0103 or\u0103 care va l\u0103sa pe toat\u0103 lumea f\u0103r\u0103 cuvinte&#8230;&#8230;\"}]},{\"@type\":\"WebSite\",\"@id\":\"https:\\\/\\\/www.letsportsrock.com\\\/#website\",\"url\":\"https:\\\/\\\/www.letsportsrock.com\\\/\",\"name\":\"letsportsrock\",\"description\":\"Sport News and Updates\",\"potentialAction\":[{\"@type\":\"SearchAction\",\"target\":{\"@type\":\"EntryPoint\",\"urlTemplate\":\"https:\\\/\\\/www.letsportsrock.com\\\/?s={search_term_string}\"},\"query-input\":{\"@type\":\"PropertyValueSpecification\",\"valueRequired\":true,\"valueName\":\"search_term_string\"}}],\"inLanguage\":\"en-US\"},{\"@type\":\"Person\",\"@id\":\"https:\\\/\\\/www.letsportsrock.com\\\/#\\\/schema\\\/person\\\/a454ac24e58b214ddd97e4b5afb0bf01\",\"name\":\"letsportsrock\",\"image\":{\"@type\":\"ImageObject\",\"inLanguage\":\"en-US\",\"@id\":\"https:\\\/\\\/secure.gravatar.com\\\/avatar\\\/f8ef950cbb7574c0bc874094b8d307659bfe2d7aa4a9d26fa6917eff010748f9?s=96&d=mm&r=g\",\"url\":\"https:\\\/\\\/secure.gravatar.com\\\/avatar\\\/f8ef950cbb7574c0bc874094b8d307659bfe2d7aa4a9d26fa6917eff010748f9?s=96&d=mm&r=g\",\"contentUrl\":\"https:\\\/\\\/secure.gravatar.com\\\/avatar\\\/f8ef950cbb7574c0bc874094b8d307659bfe2d7aa4a9d26fa6917eff010748f9?s=96&d=mm&r=g\",\"caption\":\"letsportsrock\"},\"sameAs\":[\"https:\\\/\\\/www.letsportsrock.com\"],\"url\":\"https:\\\/\\\/www.letsportsrock.com\\\/?author=1\"}]}<\/script>\n<!-- \/ Yoast SEO plugin. -->","yoast_head_json":{"title":"\u0218oc \u00een Liga 1! CFR Cluj face un transfer de ultim\u0103 or\u0103 care va l\u0103sa pe toat\u0103 lumea f\u0103r\u0103 cuvinte......","description":"\u0218oc \u00een Liga 1! CFR Cluj face un transfer de ultim\u0103 or\u0103 care va l\u0103sa pe toat\u0103 lumea f\u0103r\u0103 cuvinte...... ........","robots":{"index":"index","follow":"follow","max-snippet":"max-snippet:-1","max-image-preview":"max-image-preview:large","max-video-preview":"max-video-preview:-1"},"canonical":"https:\/\/www.letsportsrock.com\/?p=42653","og_locale":"en_US","og_type":"article","og_title":"\u0218oc \u00een Liga 1! CFR Cluj face un transfer de ultim\u0103 or\u0103 care va l\u0103sa pe toat\u0103 lumea f\u0103r\u0103 cuvinte......","og_description":"\u0218oc \u00een Liga 1! CFR Cluj face un transfer de ultim\u0103 or\u0103 care va l\u0103sa pe toat\u0103 lumea f\u0103r\u0103 cuvinte...... ........","og_url":"https:\/\/www.letsportsrock.com\/?p=42653","og_site_name":"letsportsrock","article_published_time":"2025-05-25T16:58:13+00:00","og_image":[{"width":700,"height":420,"url":"https:\/\/www.letsportsrock.com\/wp-content\/uploads\/2025\/05\/images-74-5.jpeg","type":"image\/jpeg"}],"author":"letsportsrock","twitter_card":"summary_large_image","twitter_misc":{"Written by":"letsportsrock","Est. reading time":"2 minutes"},"schema":{"@context":"https:\/\/schema.org","@graph":[{"@type":"Article","@id":"https:\/\/www.letsportsrock.com\/?p=42653#article","isPartOf":{"@id":"https:\/\/www.letsportsrock.com\/?p=42653"},"author":{"name":"letsportsrock","@id":"https:\/\/www.letsportsrock.com\/#\/schema\/person\/a454ac24e58b214ddd97e4b5afb0bf01"},"headline":"\u0218oc \u00een Liga 1! CFR Cluj face un transfer de ultim\u0103 or\u0103 care va l\u0103sa pe toat\u0103 lumea f\u0103r\u0103 cuvinte&#8230;&#8230;","datePublished":"2025-05-25T16:58:13+00:00","mainEntityOfPage":{"@id":"https:\/\/www.letsportsrock.com\/?p=42653"},"wordCount":240,"commentCount":0,"image":{"@id":"https:\/\/www.letsportsrock.com\/?p=42653#primaryimage"},"thumbnailUrl":"https:\/\/www.letsportsrock.com\/wp-content\/uploads\/2025\/05\/images-74-5.jpeg","inLanguage":"en-US","potentialAction":[{"@type":"CommentAction","name":"Comment","target":["https:\/\/www.letsportsrock.com\/?p=42653#respond"]}]},{"@type":"WebPage","@id":"https:\/\/www.letsportsrock.com\/?p=42653","url":"https:\/\/www.letsportsrock.com\/?p=42653","name":"\u0218oc \u00een Liga 1! CFR Cluj face un transfer de ultim\u0103 or\u0103 care va l\u0103sa pe toat\u0103 lumea f\u0103r\u0103 cuvinte......","isPartOf":{"@id":"https:\/\/www.letsportsrock.com\/#website"},"primaryImageOfPage":{"@id":"https:\/\/www.letsportsrock.com\/?p=42653#primaryimage"},"image":{"@id":"https:\/\/www.letsportsrock.com\/?p=42653#primaryimage"},"thumbnailUrl":"https:\/\/www.letsportsrock.com\/wp-content\/uploads\/2025\/05\/images-74-5.jpeg","datePublished":"2025-05-25T16:58:13+00:00","author":{"@id":"https:\/\/www.letsportsrock.com\/#\/schema\/person\/a454ac24e58b214ddd97e4b5afb0bf01"},"description":"\u0218oc \u00een Liga 1! CFR Cluj face un transfer de ultim\u0103 or\u0103 care va l\u0103sa pe toat\u0103 lumea f\u0103r\u0103 cuvinte...... ........","breadcrumb":{"@id":"https:\/\/www.letsportsrock.com\/?p=42653#breadcrumb"},"inLanguage":"en-US","potentialAction":[{"@type":"ReadAction","target":["https:\/\/www.letsportsrock.com\/?p=42653"]}]},{"@type":"ImageObject","inLanguage":"en-US","@id":"https:\/\/www.letsportsrock.com\/?p=42653#primaryimage","url":"https:\/\/www.letsportsrock.com\/wp-content\/uploads\/2025\/05\/images-74-5.jpeg","contentUrl":"https:\/\/www.letsportsrock.com\/wp-content\/uploads\/2025\/05\/images-74-5.jpeg","width":700,"height":420},{"@type":"BreadcrumbList","@id":"https:\/\/www.letsportsrock.com\/?p=42653#breadcrumb","itemListElement":[{"@type":"ListItem","position":1,"name":"Home","item":"https:\/\/www.letsportsrock.com\/"},{"@type":"ListItem","position":2,"name":"\u0218oc \u00een Liga 1! CFR Cluj face un transfer de ultim\u0103 or\u0103 care va l\u0103sa pe toat\u0103 lumea f\u0103r\u0103 cuvinte&#8230;&#8230;"}]},{"@type":"WebSite","@id":"https:\/\/www.letsportsrock.com\/#website","url":"https:\/\/www.letsportsrock.com\/","name":"letsportsrock","description":"Sport News and Updates","potentialAction":[{"@type":"SearchAction","target":{"@type":"EntryPoint","urlTemplate":"https:\/\/www.letsportsrock.com\/?s={search_term_string}"},"query-input":{"@type":"PropertyValueSpecification","valueRequired":true,"valueName":"search_term_string"}}],"inLanguage":"en-US"},{"@type":"Person","@id":"https:\/\/www.letsportsrock.com\/#\/schema\/person\/a454ac24e58b214ddd97e4b5afb0bf01","name":"letsportsrock","image":{"@type":"ImageObject","inLanguage":"en-US","@id":"https:\/\/secure.gravatar.com\/avatar\/f8ef950cbb7574c0bc874094b8d307659bfe2d7aa4a9d26fa6917eff010748f9?s=96&d=mm&r=g","url":"https:\/\/secure.gravatar.com\/avatar\/f8ef950cbb7574c0bc874094b8d307659bfe2d7aa4a9d26fa6917eff010748f9?s=96&d=mm&r=g","contentUrl":"https:\/\/secure.gravatar.com\/avatar\/f8ef950cbb7574c0bc874094b8d307659bfe2d7aa4a9d26fa6917eff010748f9?s=96&d=mm&r=g","caption":"letsportsrock"},"sameAs":["https:\/\/www.letsportsrock.com"],"url":"https:\/\/www.letsportsrock.com\/?author=1"}]}},"jetpack_featured_media_url":"https:\/\/www.letsportsrock.com\/wp-content\/uploads\/2025\/05\/images-74-5.jpeg","jetpack_sharing_enabled":true,"_links":{"self":[{"href":"https:\/\/www.letsportsrock.com\/index.php?rest_route=\/wp\/v2\/posts\/42653","targetHints":{"allow":["GET"]}}],"collection":[{"href":"https:\/\/www.letsportsrock.com\/index.php?rest_route=\/wp\/v2\/posts"}],"about":[{"href":"https:\/\/www.letsportsrock.com\/index.php?rest_route=\/wp\/v2\/types\/post"}],"author":[{"embeddable":true,"href":"https:\/\/www.letsportsrock.com\/index.php?rest_route=\/wp\/v2\/users\/1"}],"replies":[{"embeddable":true,"href":"https:\/\/www.letsportsrock.com\/index.php?rest_route=%2Fwp%2Fv2%2Fcomments&post=42653"}],"version-history":[{"count":1,"href":"https:\/\/www.letsportsrock.com\/index.php?rest_route=\/wp\/v2\/posts\/42653\/revisions"}],"predecessor-version":[{"id":42655,"href":"https:\/\/www.letsportsrock.com\/index.php?rest_route=\/wp\/v2\/posts\/42653\/revisions\/42655"}],"wp:featuredmedia":[{"embeddable":true,"href":"https:\/\/www.letsportsrock.com\/index.php?rest_route=\/wp\/v2\/media\/42654"}],"wp:attachment":[{"href":"https:\/\/www.letsportsrock.com\/index.php?rest_route=%2Fwp%2Fv2%2Fmedia&parent=42653"}],"wp:term":[{"taxonomy":"category","embeddable":true,"href":"https:\/\/www.letsportsrock.com\/index.php?rest_route=%2Fwp%2Fv2%2Fcategories&post=42653"},{"taxonomy":"post_tag","embeddable":true,"href":"https:\/\/www.letsportsrock.com\/index.php?rest_route=%2Fwp%2Fv2%2Ftags&post=42653"}],"curies":[{"name":"wp","href":"https:\/\/api.w.org\/{rel}","templated":true}]}}