{"id":42894,"date":"2025-05-26T02:31:10","date_gmt":"2025-05-26T02:31:10","guid":{"rendered":"https:\/\/www.letsportsrock.com\/?p=42894"},"modified":"2025-05-26T02:31:10","modified_gmt":"2025-05-26T02:31:10","slug":"ce-veste-trista-pentru-cfr-cluj-in-aceasta-dimineata","status":"publish","type":"post","link":"https:\/\/www.letsportsrock.com\/?p=42894","title":{"rendered":"Ce veste trist\u0103 pentru CFR Cluj \u00een aceast\u0103 diminea\u021b\u0103 \u2026\u2026"},"content":{"rendered":"<div class=\"d79db4796efc26332eabfc3f5dafbc76\" data-index=\"1\" style=\"float: none; margin:10px 0 10px 0; text-align:center;\">\n<div class=\"hb-ad-inarticle\">\r\n    <div class=\"hb-ad-inner\"> \r\n    <div class=\"hbagency_cls\"  id=\"hbagency_space_111930\"><\/div><\/div> <\/div>\n<\/div>\n<p>\u00cen aceast\u0103 diminea\u021b\u0103, CFR Cluj a primit o veste extrem de trist\u0103, care a zguduit \u00eentreaga comunitate fotbalistic\u0103 din Rom\u00e2nia. Clubul a anun\u021bat trecerea \u00een nefiin\u021b\u0103 a unuia dintre oamenii s\u0103i de suflet, o figur\u0103 important\u0103 care a contribuit semnificativ la istoria echipei. Este vorba despre un fost oficial al clubului, respectat \u0219i iubit deopotriv\u0103 de juc\u0103tori, antrenori \u0219i suporteri.<\/p>\n<p>&nbsp;<\/p>\n<p>Comunicatul emis de CFR Cluj a transmis un mesaj emo\u021bionant, exprim\u00e2nd profunda triste\u021be a clubului \u0219i prezent\u00e2nd condolean\u021be familiei \u00eendoliate. \u201eCFR Cluj \u00ee\u0219i exprim\u0103 regretul fa\u021b\u0103 de pierderea suferit\u0103 \u0219i transmite \u00eentreaga compasiune apropia\u021bilor,\u201d se arat\u0103 \u00een mesaj.<\/p>\n<p>&nbsp;<\/p>\n<p>Aceast\u0103 veste vine \u00eentr-un moment important al sezonului, iar echipa va p\u0103\u0219i pe teren cu g\u00e2ndul la cel care a fost parte din marea familie CFR. Atmosfera de la club este una ap\u0103s\u0103toare, dar totodat\u0103 unit\u0103, \u00een jurul unei amintiri care va r\u0103m\u00e2ne vie \u00een inimile tuturor.<\/p>\n<p>&nbsp;<\/p>\n<p>CFR Cluj demonstreaz\u0103 \u00eenc\u0103 o dat\u0103 c\u0103 este mai mult dec\u00e2t o echip\u0103 \u2013 este o familie, iar pierderea unui membru las\u0103 o ran\u0103 ad\u00e2nc\u0103 \u00een sufletul tuturor.<\/p>\n<p>&nbsp;<\/p>\n<p>&nbsp;<\/p>\n\n<div style=\"font-size: 0px; height: 0px; line-height: 0px; margin: 0; padding: 0; clear: both;\"><\/div>","protected":false},"excerpt":{"rendered":"<p>\u00cen aceast\u0103 diminea\u021b\u0103, CFR Cluj a primit o veste extrem de trist\u0103, care a zguduit \u00eentreaga comunitate fotbalistic\u0103 din Rom\u00e2nia. Clubul a anun\u021bat trecerea \u00een nefiin\u021b\u0103 a unuia dintre oamenii s\u0103i de suflet, o figur\u0103 important\u0103 care a contribuit semnificativ la istoria echipei. Este vorba despre un fost oficial al clubului, respectat \u0219i iubit deopotriv\u0103 [&hellip;]<\/p>\n","protected":false},"author":1,"featured_media":42895,"comment_status":"open","ping_status":"open","sticky":false,"template":"","format":"standard","meta":{"_jetpack_memberships_contains_paid_content":false,"footnotes":""},"categories":[1],"tags":[],"class_list":["post-42894","post","type-post","status-publish","format-standard","has-post-thumbnail","hentry","category-uncategorized"],"yoast_head":"<!-- This site is optimized with the Yoast SEO plugin v27.4 - https:\/\/yoast.com\/product\/yoast-seo-wordpress\/ -->\n<title>Ce veste trist\u0103 pentru CFR Cluj \u00een aceast\u0103 diminea\u021b\u0103 \u2026\u2026<\/title>\n<meta name=\"description\" content=\"Ce veste trist\u0103 pentru CFR Cluj \u00een aceast\u0103 diminea\u021b\u0103 \u2026\u2026Ce veste trist\u0103 pentru CFR Cluj \u00een aceast\u0103 diminea\u021b\u0103 \u2026\u2026\" \/>\n<meta name=\"robots\" content=\"index, follow, max-snippet:-1, max-image-preview:large, max-video-preview:-1\" \/>\n<link rel=\"canonical\" href=\"https:\/\/www.letsportsrock.com\/?p=42894\" \/>\n<meta property=\"og:locale\" content=\"en_US\" \/>\n<meta property=\"og:type\" content=\"article\" \/>\n<meta property=\"og:title\" content=\"Ce veste trist\u0103 pentru CFR Cluj \u00een aceast\u0103 diminea\u021b\u0103 \u2026\u2026\" \/>\n<meta property=\"og:description\" content=\"Ce veste trist\u0103 pentru CFR Cluj \u00een aceast\u0103 diminea\u021b\u0103 \u2026\u2026Ce veste trist\u0103 pentru CFR Cluj \u00een aceast\u0103 diminea\u021b\u0103 \u2026\u2026\" \/>\n<meta property=\"og:url\" content=\"https:\/\/www.letsportsrock.com\/?p=42894\" \/>\n<meta property=\"og:site_name\" content=\"letsportsrock\" \/>\n<meta property=\"article:published_time\" content=\"2025-05-26T02:31:10+00:00\" \/>\n<meta property=\"og:image\" content=\"https:\/\/www.letsportsrock.com\/wp-content\/uploads\/2025\/05\/fc-cfr-1907-cluj-fc-rapid-1923-bucuresti-superliga-superbet-play-off-05-05-2024.jpg\" \/>\n\t<meta property=\"og:image:width\" content=\"1200\" \/>\n\t<meta property=\"og:image:height\" content=\"800\" \/>\n\t<meta property=\"og:image:type\" content=\"image\/jpeg\" \/>\n<meta name=\"author\" content=\"letsportsrock\" \/>\n<meta name=\"twitter:card\" content=\"summary_large_image\" \/>\n<meta name=\"twitter:label1\" content=\"Written by\" \/>\n\t<meta name=\"twitter:data1\" content=\"letsportsrock\" \/>\n\t<meta name=\"twitter:label2\" content=\"Est. reading time\" \/>\n\t<meta name=\"twitter:data2\" content=\"1 minute\" \/>\n<script type=\"application\/ld+json\" class=\"yoast-schema-graph\">{\"@context\":\"https:\\\/\\\/schema.org\",\"@graph\":[{\"@type\":\"Article\",\"@id\":\"https:\\\/\\\/www.letsportsrock.com\\\/?p=42894#article\",\"isPartOf\":{\"@id\":\"https:\\\/\\\/www.letsportsrock.com\\\/?p=42894\"},\"author\":{\"name\":\"letsportsrock\",\"@id\":\"https:\\\/\\\/www.letsportsrock.com\\\/#\\\/schema\\\/person\\\/a454ac24e58b214ddd97e4b5afb0bf01\"},\"headline\":\"Ce veste trist\u0103 pentru CFR Cluj \u00een aceast\u0103 diminea\u021b\u0103 \u2026\u2026\",\"datePublished\":\"2025-05-26T02:31:10+00:00\",\"mainEntityOfPage\":{\"@id\":\"https:\\\/\\\/www.letsportsrock.com\\\/?p=42894\"},\"wordCount\":204,\"commentCount\":0,\"image\":{\"@id\":\"https:\\\/\\\/www.letsportsrock.com\\\/?p=42894#primaryimage\"},\"thumbnailUrl\":\"https:\\\/\\\/www.letsportsrock.com\\\/wp-content\\\/uploads\\\/2025\\\/05\\\/fc-cfr-1907-cluj-fc-rapid-1923-bucuresti-superliga-superbet-play-off-05-05-2024.jpg\",\"inLanguage\":\"en-US\",\"potentialAction\":[{\"@type\":\"CommentAction\",\"name\":\"Comment\",\"target\":[\"https:\\\/\\\/www.letsportsrock.com\\\/?p=42894#respond\"]}]},{\"@type\":\"WebPage\",\"@id\":\"https:\\\/\\\/www.letsportsrock.com\\\/?p=42894\",\"url\":\"https:\\\/\\\/www.letsportsrock.com\\\/?p=42894\",\"name\":\"Ce veste trist\u0103 pentru CFR Cluj \u00een aceast\u0103 diminea\u021b\u0103 \u2026\u2026\",\"isPartOf\":{\"@id\":\"https:\\\/\\\/www.letsportsrock.com\\\/#website\"},\"primaryImageOfPage\":{\"@id\":\"https:\\\/\\\/www.letsportsrock.com\\\/?p=42894#primaryimage\"},\"image\":{\"@id\":\"https:\\\/\\\/www.letsportsrock.com\\\/?p=42894#primaryimage\"},\"thumbnailUrl\":\"https:\\\/\\\/www.letsportsrock.com\\\/wp-content\\\/uploads\\\/2025\\\/05\\\/fc-cfr-1907-cluj-fc-rapid-1923-bucuresti-superliga-superbet-play-off-05-05-2024.jpg\",\"datePublished\":\"2025-05-26T02:31:10+00:00\",\"author\":{\"@id\":\"https:\\\/\\\/www.letsportsrock.com\\\/#\\\/schema\\\/person\\\/a454ac24e58b214ddd97e4b5afb0bf01\"},\"description\":\"Ce veste trist\u0103 pentru CFR Cluj \u00een aceast\u0103 diminea\u021b\u0103 \u2026\u2026Ce veste trist\u0103 pentru CFR Cluj \u00een aceast\u0103 diminea\u021b\u0103 \u2026\u2026\",\"breadcrumb\":{\"@id\":\"https:\\\/\\\/www.letsportsrock.com\\\/?p=42894#breadcrumb\"},\"inLanguage\":\"en-US\",\"potentialAction\":[{\"@type\":\"ReadAction\",\"target\":[\"https:\\\/\\\/www.letsportsrock.com\\\/?p=42894\"]}]},{\"@type\":\"ImageObject\",\"inLanguage\":\"en-US\",\"@id\":\"https:\\\/\\\/www.letsportsrock.com\\\/?p=42894#primaryimage\",\"url\":\"https:\\\/\\\/www.letsportsrock.com\\\/wp-content\\\/uploads\\\/2025\\\/05\\\/fc-cfr-1907-cluj-fc-rapid-1923-bucuresti-superliga-superbet-play-off-05-05-2024.jpg\",\"contentUrl\":\"https:\\\/\\\/www.letsportsrock.com\\\/wp-content\\\/uploads\\\/2025\\\/05\\\/fc-cfr-1907-cluj-fc-rapid-1923-bucuresti-superliga-superbet-play-off-05-05-2024.jpg\",\"width\":1200,\"height\":800,\"caption\":\"Anton Kresic, Mario Camora (Malico Paulino Mario Jorge), Panagiotis Tachtsidis, Ciprian Ioan Deac \u0219i Karlo Muhar \u00een meciul de fotbal dintre FC CFR 1907 Cluj si FC Rapid 1923 Bucure\u0219ti, cont\u00e2nd pentru Superliga Superbet Play-Off, desf\u0103\u0219urat pe Stadionul Dr.Constantin R\u0103dulescu din Cluj-Napoca, duminic\u0103 5 mai 2024. \u00a9 FOTO: Flaviu BUBOI\\\/SPORT PICTURES\"},{\"@type\":\"BreadcrumbList\",\"@id\":\"https:\\\/\\\/www.letsportsrock.com\\\/?p=42894#breadcrumb\",\"itemListElement\":[{\"@type\":\"ListItem\",\"position\":1,\"name\":\"Home\",\"item\":\"https:\\\/\\\/www.letsportsrock.com\\\/\"},{\"@type\":\"ListItem\",\"position\":2,\"name\":\"Ce veste trist\u0103 pentru CFR Cluj \u00een aceast\u0103 diminea\u021b\u0103 \u2026\u2026\"}]},{\"@type\":\"WebSite\",\"@id\":\"https:\\\/\\\/www.letsportsrock.com\\\/#website\",\"url\":\"https:\\\/\\\/www.letsportsrock.com\\\/\",\"name\":\"letsportsrock\",\"description\":\"Sport News and Updates\",\"potentialAction\":[{\"@type\":\"SearchAction\",\"target\":{\"@type\":\"EntryPoint\",\"urlTemplate\":\"https:\\\/\\\/www.letsportsrock.com\\\/?s={search_term_string}\"},\"query-input\":{\"@type\":\"PropertyValueSpecification\",\"valueRequired\":true,\"valueName\":\"search_term_string\"}}],\"inLanguage\":\"en-US\"},{\"@type\":\"Person\",\"@id\":\"https:\\\/\\\/www.letsportsrock.com\\\/#\\\/schema\\\/person\\\/a454ac24e58b214ddd97e4b5afb0bf01\",\"name\":\"letsportsrock\",\"image\":{\"@type\":\"ImageObject\",\"inLanguage\":\"en-US\",\"@id\":\"https:\\\/\\\/secure.gravatar.com\\\/avatar\\\/f8ef950cbb7574c0bc874094b8d307659bfe2d7aa4a9d26fa6917eff010748f9?s=96&d=mm&r=g\",\"url\":\"https:\\\/\\\/secure.gravatar.com\\\/avatar\\\/f8ef950cbb7574c0bc874094b8d307659bfe2d7aa4a9d26fa6917eff010748f9?s=96&d=mm&r=g\",\"contentUrl\":\"https:\\\/\\\/secure.gravatar.com\\\/avatar\\\/f8ef950cbb7574c0bc874094b8d307659bfe2d7aa4a9d26fa6917eff010748f9?s=96&d=mm&r=g\",\"caption\":\"letsportsrock\"},\"sameAs\":[\"https:\\\/\\\/www.letsportsrock.com\"],\"url\":\"https:\\\/\\\/www.letsportsrock.com\\\/?author=1\"}]}<\/script>\n<!-- \/ Yoast SEO plugin. -->","yoast_head_json":{"title":"Ce veste trist\u0103 pentru CFR Cluj \u00een aceast\u0103 diminea\u021b\u0103 \u2026\u2026","description":"Ce veste trist\u0103 pentru CFR Cluj \u00een aceast\u0103 diminea\u021b\u0103 \u2026\u2026Ce veste trist\u0103 pentru CFR Cluj \u00een aceast\u0103 diminea\u021b\u0103 \u2026\u2026","robots":{"index":"index","follow":"follow","max-snippet":"max-snippet:-1","max-image-preview":"max-image-preview:large","max-video-preview":"max-video-preview:-1"},"canonical":"https:\/\/www.letsportsrock.com\/?p=42894","og_locale":"en_US","og_type":"article","og_title":"Ce veste trist\u0103 pentru CFR Cluj \u00een aceast\u0103 diminea\u021b\u0103 \u2026\u2026","og_description":"Ce veste trist\u0103 pentru CFR Cluj \u00een aceast\u0103 diminea\u021b\u0103 \u2026\u2026Ce veste trist\u0103 pentru CFR Cluj \u00een aceast\u0103 diminea\u021b\u0103 \u2026\u2026","og_url":"https:\/\/www.letsportsrock.com\/?p=42894","og_site_name":"letsportsrock","article_published_time":"2025-05-26T02:31:10+00:00","og_image":[{"width":1200,"height":800,"url":"https:\/\/www.letsportsrock.com\/wp-content\/uploads\/2025\/05\/fc-cfr-1907-cluj-fc-rapid-1923-bucuresti-superliga-superbet-play-off-05-05-2024.jpg","type":"image\/jpeg"}],"author":"letsportsrock","twitter_card":"summary_large_image","twitter_misc":{"Written by":"letsportsrock","Est. reading time":"1 minute"},"schema":{"@context":"https:\/\/schema.org","@graph":[{"@type":"Article","@id":"https:\/\/www.letsportsrock.com\/?p=42894#article","isPartOf":{"@id":"https:\/\/www.letsportsrock.com\/?p=42894"},"author":{"name":"letsportsrock","@id":"https:\/\/www.letsportsrock.com\/#\/schema\/person\/a454ac24e58b214ddd97e4b5afb0bf01"},"headline":"Ce veste trist\u0103 pentru CFR Cluj \u00een aceast\u0103 diminea\u021b\u0103 \u2026\u2026","datePublished":"2025-05-26T02:31:10+00:00","mainEntityOfPage":{"@id":"https:\/\/www.letsportsrock.com\/?p=42894"},"wordCount":204,"commentCount":0,"image":{"@id":"https:\/\/www.letsportsrock.com\/?p=42894#primaryimage"},"thumbnailUrl":"https:\/\/www.letsportsrock.com\/wp-content\/uploads\/2025\/05\/fc-cfr-1907-cluj-fc-rapid-1923-bucuresti-superliga-superbet-play-off-05-05-2024.jpg","inLanguage":"en-US","potentialAction":[{"@type":"CommentAction","name":"Comment","target":["https:\/\/www.letsportsrock.com\/?p=42894#respond"]}]},{"@type":"WebPage","@id":"https:\/\/www.letsportsrock.com\/?p=42894","url":"https:\/\/www.letsportsrock.com\/?p=42894","name":"Ce veste trist\u0103 pentru CFR Cluj \u00een aceast\u0103 diminea\u021b\u0103 \u2026\u2026","isPartOf":{"@id":"https:\/\/www.letsportsrock.com\/#website"},"primaryImageOfPage":{"@id":"https:\/\/www.letsportsrock.com\/?p=42894#primaryimage"},"image":{"@id":"https:\/\/www.letsportsrock.com\/?p=42894#primaryimage"},"thumbnailUrl":"https:\/\/www.letsportsrock.com\/wp-content\/uploads\/2025\/05\/fc-cfr-1907-cluj-fc-rapid-1923-bucuresti-superliga-superbet-play-off-05-05-2024.jpg","datePublished":"2025-05-26T02:31:10+00:00","author":{"@id":"https:\/\/www.letsportsrock.com\/#\/schema\/person\/a454ac24e58b214ddd97e4b5afb0bf01"},"description":"Ce veste trist\u0103 pentru CFR Cluj \u00een aceast\u0103 diminea\u021b\u0103 \u2026\u2026Ce veste trist\u0103 pentru CFR Cluj \u00een aceast\u0103 diminea\u021b\u0103 \u2026\u2026","breadcrumb":{"@id":"https:\/\/www.letsportsrock.com\/?p=42894#breadcrumb"},"inLanguage":"en-US","potentialAction":[{"@type":"ReadAction","target":["https:\/\/www.letsportsrock.com\/?p=42894"]}]},{"@type":"ImageObject","inLanguage":"en-US","@id":"https:\/\/www.letsportsrock.com\/?p=42894#primaryimage","url":"https:\/\/www.letsportsrock.com\/wp-content\/uploads\/2025\/05\/fc-cfr-1907-cluj-fc-rapid-1923-bucuresti-superliga-superbet-play-off-05-05-2024.jpg","contentUrl":"https:\/\/www.letsportsrock.com\/wp-content\/uploads\/2025\/05\/fc-cfr-1907-cluj-fc-rapid-1923-bucuresti-superliga-superbet-play-off-05-05-2024.jpg","width":1200,"height":800,"caption":"Anton Kresic, Mario Camora (Malico Paulino Mario Jorge), Panagiotis Tachtsidis, Ciprian Ioan Deac \u0219i Karlo Muhar \u00een meciul de fotbal dintre FC CFR 1907 Cluj si FC Rapid 1923 Bucure\u0219ti, cont\u00e2nd pentru Superliga Superbet Play-Off, desf\u0103\u0219urat pe Stadionul Dr.Constantin R\u0103dulescu din Cluj-Napoca, duminic\u0103 5 mai 2024. \u00a9 FOTO: Flaviu BUBOI\/SPORT PICTURES"},{"@type":"BreadcrumbList","@id":"https:\/\/www.letsportsrock.com\/?p=42894#breadcrumb","itemListElement":[{"@type":"ListItem","position":1,"name":"Home","item":"https:\/\/www.letsportsrock.com\/"},{"@type":"ListItem","position":2,"name":"Ce veste trist\u0103 pentru CFR Cluj \u00een aceast\u0103 diminea\u021b\u0103 \u2026\u2026"}]},{"@type":"WebSite","@id":"https:\/\/www.letsportsrock.com\/#website","url":"https:\/\/www.letsportsrock.com\/","name":"letsportsrock","description":"Sport News and Updates","potentialAction":[{"@type":"SearchAction","target":{"@type":"EntryPoint","urlTemplate":"https:\/\/www.letsportsrock.com\/?s={search_term_string}"},"query-input":{"@type":"PropertyValueSpecification","valueRequired":true,"valueName":"search_term_string"}}],"inLanguage":"en-US"},{"@type":"Person","@id":"https:\/\/www.letsportsrock.com\/#\/schema\/person\/a454ac24e58b214ddd97e4b5afb0bf01","name":"letsportsrock","image":{"@type":"ImageObject","inLanguage":"en-US","@id":"https:\/\/secure.gravatar.com\/avatar\/f8ef950cbb7574c0bc874094b8d307659bfe2d7aa4a9d26fa6917eff010748f9?s=96&d=mm&r=g","url":"https:\/\/secure.gravatar.com\/avatar\/f8ef950cbb7574c0bc874094b8d307659bfe2d7aa4a9d26fa6917eff010748f9?s=96&d=mm&r=g","contentUrl":"https:\/\/secure.gravatar.com\/avatar\/f8ef950cbb7574c0bc874094b8d307659bfe2d7aa4a9d26fa6917eff010748f9?s=96&d=mm&r=g","caption":"letsportsrock"},"sameAs":["https:\/\/www.letsportsrock.com"],"url":"https:\/\/www.letsportsrock.com\/?author=1"}]}},"jetpack_featured_media_url":"https:\/\/www.letsportsrock.com\/wp-content\/uploads\/2025\/05\/fc-cfr-1907-cluj-fc-rapid-1923-bucuresti-superliga-superbet-play-off-05-05-2024.jpg","jetpack_sharing_enabled":true,"_links":{"self":[{"href":"https:\/\/www.letsportsrock.com\/index.php?rest_route=\/wp\/v2\/posts\/42894","targetHints":{"allow":["GET"]}}],"collection":[{"href":"https:\/\/www.letsportsrock.com\/index.php?rest_route=\/wp\/v2\/posts"}],"about":[{"href":"https:\/\/www.letsportsrock.com\/index.php?rest_route=\/wp\/v2\/types\/post"}],"author":[{"embeddable":true,"href":"https:\/\/www.letsportsrock.com\/index.php?rest_route=\/wp\/v2\/users\/1"}],"replies":[{"embeddable":true,"href":"https:\/\/www.letsportsrock.com\/index.php?rest_route=%2Fwp%2Fv2%2Fcomments&post=42894"}],"version-history":[{"count":1,"href":"https:\/\/www.letsportsrock.com\/index.php?rest_route=\/wp\/v2\/posts\/42894\/revisions"}],"predecessor-version":[{"id":42896,"href":"https:\/\/www.letsportsrock.com\/index.php?rest_route=\/wp\/v2\/posts\/42894\/revisions\/42896"}],"wp:featuredmedia":[{"embeddable":true,"href":"https:\/\/www.letsportsrock.com\/index.php?rest_route=\/wp\/v2\/media\/42895"}],"wp:attachment":[{"href":"https:\/\/www.letsportsrock.com\/index.php?rest_route=%2Fwp%2Fv2%2Fmedia&parent=42894"}],"wp:term":[{"taxonomy":"category","embeddable":true,"href":"https:\/\/www.letsportsrock.com\/index.php?rest_route=%2Fwp%2Fv2%2Fcategories&post=42894"},{"taxonomy":"post_tag","embeddable":true,"href":"https:\/\/www.letsportsrock.com\/index.php?rest_route=%2Fwp%2Fv2%2Ftags&post=42894"}],"curies":[{"name":"wp","href":"https:\/\/api.w.org\/{rel}","templated":true}]}}