{"id":43055,"date":"2025-05-26T12:23:00","date_gmt":"2025-05-26T12:23:00","guid":{"rendered":"https:\/\/www.letsportsrock.com\/?p=43055"},"modified":"2025-05-26T12:23:00","modified_gmt":"2025-05-26T12:23:00","slug":"stiri-triste-antrenorul-principal-al-cfr-cluj-dan-petrescu-si-a-anuntat-demisia-acum-cateva-minute-din-cauza","status":"publish","type":"post","link":"https:\/\/www.letsportsrock.com\/?p=43055","title":{"rendered":"\u0218tiri triste: Antrenorul principal al CFR Cluj, Dan Petrescu, \u0219i-a anun\u021bat demisia acum c\u00e2teva minute din cauza&#8230;"},"content":{"rendered":"<div class=\"d79db4796efc26332eabfc3f5dafbc76\" data-index=\"1\" style=\"float: none; margin:10px 0 10px 0; text-align:center;\">\n<div class=\"hb-ad-inarticle\">\r\n    <div class=\"hb-ad-inner\"> \r\n    <div class=\"hbagency_cls\"  id=\"hbagency_space_111930\"><\/div><\/div> <\/div>\n<\/div>\n<blockquote><p>\u0218tiri triste: Antrenorul principal al CFR Cluj, Dan Petrescu, \u0219i-a anun\u021bat demisia acum c\u00e2teva minute din cauza&#8230;<\/p>\n<p>&nbsp;<\/p>\n<p>Antrenorul principal al echipei CFR Cluj, Dan Petrescu, \u0219i-a anun\u021bat demisia \u00een aceast\u0103 diminea\u021b\u0103, \u00een urma unei serii de evenimente tensionate care au culminat cu presiuni din partea suporterilor \u0219i a conducerii clubului.<\/p>\n<p>&nbsp;<\/p>\n<p>Ultimele luni au fost marcate de conflicte \u00eentre Petrescu \u0219i fanii echipei. Ace\u0219tia din urm\u0103 i-au cerut demisia \u00een repetate r\u00e2nduri, iar la meciul cu Farul, c\u00e2\u0219tigat de CFR Cluj cu 3-1, au strigat \u201eDemisia!\u201d . De asemenea, \u00eenfr\u00e2ngerea cu UTA Arad, scor 1-3, a generat nemul\u021bumiri \u0219i a dus la o \u0219edin\u021b\u0103 de urgen\u021b\u0103 \u00eentre antrenor \u0219i finan\u021batorul clubului, Nelu\u021bu Varga, pentru a discuta viitorul tehnicianului .([Antena Sport][1], [Fanatik.ro][2])<\/p>\n<p>&nbsp;<\/p>\n<p>\u00cen urma acestor presiuni, Dan Petrescu a decis s\u0103 \u00ee\u0219i \u00eencheie mandatul la CFR Cluj. Decizia sa a fost influen\u021bat\u0103 \u0219i de clauza de reziliere de 400.000 de euro, care ar fi fost activat\u0103 \u00een cazul unei demiteri din partea clubului .([Digi Sport][3])<\/p>\n<p>&nbsp;<\/p>\n<p>Astfel, CFR Cluj se afl\u0103 \u00eentr-o perioad\u0103 de incertitudine, iar conducerea clubului va trebui s\u0103 decid\u0103 asupra unui nou antrenor principal pentru a continua proiectul echipei.([Fanatik.ro][2])<\/p>\n<p>&nbsp;<\/p>\n<p>[1]: https:\/\/as.ro\/fotbal\/liga-1\/anunt-despre-viitorul-lui-dan-petrescu-la-cfr-cluj-dupa-ce-i-s-a-strigat-demisia-e-suparat-nu-ne-imaginam-ca-putem-castiga-ceva-486792.html?utm_source=chatgpt.com &#8220;Anun\u0163 despre viitorul lui Dan Petrescu la CFR Cluj, dup\u0103 ce i s-a strigat \\&#8221;demisia\\&#8221;: \\&#8221;E sup\u0103rat! Nu ne imagin\u0103m c\u0103 putem c\u00e2\u015ftiga ceva!\\&#8221; &#8211; Antena Sport&#8221;<\/p>\n<p>[2]: https:\/\/www.fanatik.ro\/dan-petrescu-si-nelutu-varga-sedinta-de-urgenta-la-cfr-cluj-dupa-ce-suporterii-i-au-strigat-demisia-antrenorului-nu-mai-exista-intelegere-21004195?utm_source=chatgpt.com &#8220;Dan Petrescu \u0219i Nelu\u021bu Varga, \u0219edin\u021b\u0103 de urgen\u021b\u0103 la CFR Cluj dup\u0103 ce suporterii i-au strigat demisia antrenorului: \u201eNu mai exist\u0103 \u00een\u021belegere\u201d &#8211; Fanatik.ro&#8221;<\/p>\n<p>[3]: https:\/\/www.digisport.ro\/fotbal\/liga-1\/demiterea-lui-dan-petrescu-de-la-cfr-cluj-costa-400-000-de-euro-3319943?utm_source=chatgpt.com &#8220;Demiterea lui Dan Petrescu de la CFR Cluj cost\u0103 400.000 de euro&#8221;<\/p>\n<p>&nbsp;<\/p><\/blockquote>\n\n<div style=\"font-size: 0px; height: 0px; line-height: 0px; margin: 0; padding: 0; clear: both;\"><\/div>","protected":false},"excerpt":{"rendered":"<p>\u0218tiri triste: Antrenorul principal al CFR Cluj, Dan Petrescu, \u0219i-a anun\u021bat demisia acum c\u00e2teva minute din cauza&#8230; &nbsp; Antrenorul principal al echipei CFR Cluj, Dan Petrescu, \u0219i-a anun\u021bat demisia \u00een aceast\u0103 diminea\u021b\u0103, \u00een urma unei serii de evenimente tensionate care au culminat cu presiuni din partea suporterilor \u0219i a conducerii clubului. &nbsp; Ultimele luni au [&hellip;]<\/p>\n","protected":false},"author":5,"featured_media":43059,"comment_status":"open","ping_status":"open","sticky":false,"template":"","format":"standard","meta":{"_jetpack_memberships_contains_paid_content":false,"footnotes":""},"categories":[1],"tags":[433],"class_list":["post-43055","post","type-post","status-publish","format-standard","has-post-thumbnail","hentry","category-uncategorized","tag-cfr-cluj"],"yoast_head":"<!-- This site is optimized with the Yoast SEO plugin v27.4 - https:\/\/yoast.com\/product\/yoast-seo-wordpress\/ -->\n<title>\u0218tiri triste: Antrenorul principal al CFR Cluj, Dan Petrescu, \u0219i-a anun\u021bat demisia acum c\u00e2teva minute din cauza...<\/title>\n<meta name=\"description\" content=\"\u0218tiri triste: Antrenorul principal al CFR Cluj, Dan Petrescu, \u0219i-a anun\u021bat demisia acum c\u00e2teva minute din cauza...\" \/>\n<meta name=\"robots\" content=\"index, follow, max-snippet:-1, max-image-preview:large, max-video-preview:-1\" \/>\n<link rel=\"canonical\" href=\"https:\/\/www.letsportsrock.com\/?p=43055\" \/>\n<meta property=\"og:locale\" content=\"en_US\" \/>\n<meta property=\"og:type\" content=\"article\" \/>\n<meta property=\"og:title\" content=\"\u0218tiri triste: Antrenorul principal al CFR Cluj, Dan Petrescu, \u0219i-a anun\u021bat demisia acum c\u00e2teva minute din cauza...\" \/>\n<meta property=\"og:description\" content=\"\u0218tiri triste: Antrenorul principal al CFR Cluj, Dan Petrescu, \u0219i-a anun\u021bat demisia acum c\u00e2teva minute din cauza...\" \/>\n<meta property=\"og:url\" content=\"https:\/\/www.letsportsrock.com\/?p=43055\" \/>\n<meta property=\"og:site_name\" content=\"letsportsrock\" \/>\n<meta property=\"article:published_time\" content=\"2025-05-26T12:23:00+00:00\" \/>\n<meta property=\"og:image\" content=\"https:\/\/www.letsportsrock.com\/wp-content\/uploads\/2025\/05\/images-4-12.jpeg\" \/>\n\t<meta property=\"og:image:width\" content=\"701\" \/>\n\t<meta property=\"og:image:height\" content=\"437\" \/>\n\t<meta property=\"og:image:type\" content=\"image\/jpeg\" \/>\n<meta name=\"author\" content=\"Commy Msuurshima\" \/>\n<meta name=\"twitter:card\" content=\"summary_large_image\" \/>\n<meta name=\"twitter:label1\" content=\"Written by\" \/>\n\t<meta name=\"twitter:data1\" content=\"Commy Msuurshima\" \/>\n\t<meta name=\"twitter:label2\" content=\"Est. reading time\" \/>\n\t<meta name=\"twitter:data2\" content=\"1 minute\" \/>\n<script type=\"application\/ld+json\" class=\"yoast-schema-graph\">{\"@context\":\"https:\\\/\\\/schema.org\",\"@graph\":[{\"@type\":\"Article\",\"@id\":\"https:\\\/\\\/www.letsportsrock.com\\\/?p=43055#article\",\"isPartOf\":{\"@id\":\"https:\\\/\\\/www.letsportsrock.com\\\/?p=43055\"},\"author\":{\"name\":\"Commy Msuurshima\",\"@id\":\"https:\\\/\\\/www.letsportsrock.com\\\/#\\\/schema\\\/person\\\/48a7d50d6b0e142e624de09fb01c90ed\"},\"headline\":\"\u0218tiri triste: Antrenorul principal al CFR Cluj, Dan Petrescu, \u0219i-a anun\u021bat demisia acum c\u00e2teva minute din cauza&#8230;\",\"datePublished\":\"2025-05-26T12:23:00+00:00\",\"mainEntityOfPage\":{\"@id\":\"https:\\\/\\\/www.letsportsrock.com\\\/?p=43055\"},\"wordCount\":327,\"commentCount\":0,\"image\":{\"@id\":\"https:\\\/\\\/www.letsportsrock.com\\\/?p=43055#primaryimage\"},\"thumbnailUrl\":\"https:\\\/\\\/www.letsportsrock.com\\\/wp-content\\\/uploads\\\/2025\\\/05\\\/images-4-12.jpeg\",\"keywords\":[\"CFR Cluj\"],\"inLanguage\":\"en-US\",\"potentialAction\":[{\"@type\":\"CommentAction\",\"name\":\"Comment\",\"target\":[\"https:\\\/\\\/www.letsportsrock.com\\\/?p=43055#respond\"]}]},{\"@type\":\"WebPage\",\"@id\":\"https:\\\/\\\/www.letsportsrock.com\\\/?p=43055\",\"url\":\"https:\\\/\\\/www.letsportsrock.com\\\/?p=43055\",\"name\":\"\u0218tiri triste: Antrenorul principal al CFR Cluj, Dan Petrescu, \u0219i-a anun\u021bat demisia acum c\u00e2teva minute din cauza...\",\"isPartOf\":{\"@id\":\"https:\\\/\\\/www.letsportsrock.com\\\/#website\"},\"primaryImageOfPage\":{\"@id\":\"https:\\\/\\\/www.letsportsrock.com\\\/?p=43055#primaryimage\"},\"image\":{\"@id\":\"https:\\\/\\\/www.letsportsrock.com\\\/?p=43055#primaryimage\"},\"thumbnailUrl\":\"https:\\\/\\\/www.letsportsrock.com\\\/wp-content\\\/uploads\\\/2025\\\/05\\\/images-4-12.jpeg\",\"datePublished\":\"2025-05-26T12:23:00+00:00\",\"author\":{\"@id\":\"https:\\\/\\\/www.letsportsrock.com\\\/#\\\/schema\\\/person\\\/48a7d50d6b0e142e624de09fb01c90ed\"},\"description\":\"\u0218tiri triste: Antrenorul principal al CFR Cluj, Dan Petrescu, \u0219i-a anun\u021bat demisia acum c\u00e2teva minute din cauza...\",\"breadcrumb\":{\"@id\":\"https:\\\/\\\/www.letsportsrock.com\\\/?p=43055#breadcrumb\"},\"inLanguage\":\"en-US\",\"potentialAction\":[{\"@type\":\"ReadAction\",\"target\":[\"https:\\\/\\\/www.letsportsrock.com\\\/?p=43055\"]}]},{\"@type\":\"ImageObject\",\"inLanguage\":\"en-US\",\"@id\":\"https:\\\/\\\/www.letsportsrock.com\\\/?p=43055#primaryimage\",\"url\":\"https:\\\/\\\/www.letsportsrock.com\\\/wp-content\\\/uploads\\\/2025\\\/05\\\/images-4-12.jpeg\",\"contentUrl\":\"https:\\\/\\\/www.letsportsrock.com\\\/wp-content\\\/uploads\\\/2025\\\/05\\\/images-4-12.jpeg\",\"width\":701,\"height\":437},{\"@type\":\"BreadcrumbList\",\"@id\":\"https:\\\/\\\/www.letsportsrock.com\\\/?p=43055#breadcrumb\",\"itemListElement\":[{\"@type\":\"ListItem\",\"position\":1,\"name\":\"Home\",\"item\":\"https:\\\/\\\/www.letsportsrock.com\\\/\"},{\"@type\":\"ListItem\",\"position\":2,\"name\":\"\u0218tiri triste: Antrenorul principal al CFR Cluj, Dan Petrescu, \u0219i-a anun\u021bat demisia acum c\u00e2teva minute din cauza&#8230;\"}]},{\"@type\":\"WebSite\",\"@id\":\"https:\\\/\\\/www.letsportsrock.com\\\/#website\",\"url\":\"https:\\\/\\\/www.letsportsrock.com\\\/\",\"name\":\"letsportsrock\",\"description\":\"Sport News and Updates\",\"potentialAction\":[{\"@type\":\"SearchAction\",\"target\":{\"@type\":\"EntryPoint\",\"urlTemplate\":\"https:\\\/\\\/www.letsportsrock.com\\\/?s={search_term_string}\"},\"query-input\":{\"@type\":\"PropertyValueSpecification\",\"valueRequired\":true,\"valueName\":\"search_term_string\"}}],\"inLanguage\":\"en-US\"},{\"@type\":\"Person\",\"@id\":\"https:\\\/\\\/www.letsportsrock.com\\\/#\\\/schema\\\/person\\\/48a7d50d6b0e142e624de09fb01c90ed\",\"name\":\"Commy Msuurshima\",\"image\":{\"@type\":\"ImageObject\",\"inLanguage\":\"en-US\",\"@id\":\"https:\\\/\\\/secure.gravatar.com\\\/avatar\\\/93ebd91bfe49a370e03292e81b65e6f106b4c734b18cac41570aa99a1503b409?s=96&d=mm&r=g\",\"url\":\"https:\\\/\\\/secure.gravatar.com\\\/avatar\\\/93ebd91bfe49a370e03292e81b65e6f106b4c734b18cac41570aa99a1503b409?s=96&d=mm&r=g\",\"contentUrl\":\"https:\\\/\\\/secure.gravatar.com\\\/avatar\\\/93ebd91bfe49a370e03292e81b65e6f106b4c734b18cac41570aa99a1503b409?s=96&d=mm&r=g\",\"caption\":\"Commy Msuurshima\"},\"sameAs\":[\"http:\\\/\\\/Letsportsrock.com\"],\"url\":\"https:\\\/\\\/www.letsportsrock.com\\\/?author=5\"}]}<\/script>\n<!-- \/ Yoast SEO plugin. -->","yoast_head_json":{"title":"\u0218tiri triste: Antrenorul principal al CFR Cluj, Dan Petrescu, \u0219i-a anun\u021bat demisia acum c\u00e2teva minute din cauza...","description":"\u0218tiri triste: Antrenorul principal al CFR Cluj, Dan Petrescu, \u0219i-a anun\u021bat demisia acum c\u00e2teva minute din cauza...","robots":{"index":"index","follow":"follow","max-snippet":"max-snippet:-1","max-image-preview":"max-image-preview:large","max-video-preview":"max-video-preview:-1"},"canonical":"https:\/\/www.letsportsrock.com\/?p=43055","og_locale":"en_US","og_type":"article","og_title":"\u0218tiri triste: Antrenorul principal al CFR Cluj, Dan Petrescu, \u0219i-a anun\u021bat demisia acum c\u00e2teva minute din cauza...","og_description":"\u0218tiri triste: Antrenorul principal al CFR Cluj, Dan Petrescu, \u0219i-a anun\u021bat demisia acum c\u00e2teva minute din cauza...","og_url":"https:\/\/www.letsportsrock.com\/?p=43055","og_site_name":"letsportsrock","article_published_time":"2025-05-26T12:23:00+00:00","og_image":[{"width":701,"height":437,"url":"https:\/\/www.letsportsrock.com\/wp-content\/uploads\/2025\/05\/images-4-12.jpeg","type":"image\/jpeg"}],"author":"Commy Msuurshima","twitter_card":"summary_large_image","twitter_misc":{"Written by":"Commy Msuurshima","Est. reading time":"1 minute"},"schema":{"@context":"https:\/\/schema.org","@graph":[{"@type":"Article","@id":"https:\/\/www.letsportsrock.com\/?p=43055#article","isPartOf":{"@id":"https:\/\/www.letsportsrock.com\/?p=43055"},"author":{"name":"Commy Msuurshima","@id":"https:\/\/www.letsportsrock.com\/#\/schema\/person\/48a7d50d6b0e142e624de09fb01c90ed"},"headline":"\u0218tiri triste: Antrenorul principal al CFR Cluj, Dan Petrescu, \u0219i-a anun\u021bat demisia acum c\u00e2teva minute din cauza&#8230;","datePublished":"2025-05-26T12:23:00+00:00","mainEntityOfPage":{"@id":"https:\/\/www.letsportsrock.com\/?p=43055"},"wordCount":327,"commentCount":0,"image":{"@id":"https:\/\/www.letsportsrock.com\/?p=43055#primaryimage"},"thumbnailUrl":"https:\/\/www.letsportsrock.com\/wp-content\/uploads\/2025\/05\/images-4-12.jpeg","keywords":["CFR Cluj"],"inLanguage":"en-US","potentialAction":[{"@type":"CommentAction","name":"Comment","target":["https:\/\/www.letsportsrock.com\/?p=43055#respond"]}]},{"@type":"WebPage","@id":"https:\/\/www.letsportsrock.com\/?p=43055","url":"https:\/\/www.letsportsrock.com\/?p=43055","name":"\u0218tiri triste: Antrenorul principal al CFR Cluj, Dan Petrescu, \u0219i-a anun\u021bat demisia acum c\u00e2teva minute din cauza...","isPartOf":{"@id":"https:\/\/www.letsportsrock.com\/#website"},"primaryImageOfPage":{"@id":"https:\/\/www.letsportsrock.com\/?p=43055#primaryimage"},"image":{"@id":"https:\/\/www.letsportsrock.com\/?p=43055#primaryimage"},"thumbnailUrl":"https:\/\/www.letsportsrock.com\/wp-content\/uploads\/2025\/05\/images-4-12.jpeg","datePublished":"2025-05-26T12:23:00+00:00","author":{"@id":"https:\/\/www.letsportsrock.com\/#\/schema\/person\/48a7d50d6b0e142e624de09fb01c90ed"},"description":"\u0218tiri triste: Antrenorul principal al CFR Cluj, Dan Petrescu, \u0219i-a anun\u021bat demisia acum c\u00e2teva minute din cauza...","breadcrumb":{"@id":"https:\/\/www.letsportsrock.com\/?p=43055#breadcrumb"},"inLanguage":"en-US","potentialAction":[{"@type":"ReadAction","target":["https:\/\/www.letsportsrock.com\/?p=43055"]}]},{"@type":"ImageObject","inLanguage":"en-US","@id":"https:\/\/www.letsportsrock.com\/?p=43055#primaryimage","url":"https:\/\/www.letsportsrock.com\/wp-content\/uploads\/2025\/05\/images-4-12.jpeg","contentUrl":"https:\/\/www.letsportsrock.com\/wp-content\/uploads\/2025\/05\/images-4-12.jpeg","width":701,"height":437},{"@type":"BreadcrumbList","@id":"https:\/\/www.letsportsrock.com\/?p=43055#breadcrumb","itemListElement":[{"@type":"ListItem","position":1,"name":"Home","item":"https:\/\/www.letsportsrock.com\/"},{"@type":"ListItem","position":2,"name":"\u0218tiri triste: Antrenorul principal al CFR Cluj, Dan Petrescu, \u0219i-a anun\u021bat demisia acum c\u00e2teva minute din cauza&#8230;"}]},{"@type":"WebSite","@id":"https:\/\/www.letsportsrock.com\/#website","url":"https:\/\/www.letsportsrock.com\/","name":"letsportsrock","description":"Sport News and Updates","potentialAction":[{"@type":"SearchAction","target":{"@type":"EntryPoint","urlTemplate":"https:\/\/www.letsportsrock.com\/?s={search_term_string}"},"query-input":{"@type":"PropertyValueSpecification","valueRequired":true,"valueName":"search_term_string"}}],"inLanguage":"en-US"},{"@type":"Person","@id":"https:\/\/www.letsportsrock.com\/#\/schema\/person\/48a7d50d6b0e142e624de09fb01c90ed","name":"Commy Msuurshima","image":{"@type":"ImageObject","inLanguage":"en-US","@id":"https:\/\/secure.gravatar.com\/avatar\/93ebd91bfe49a370e03292e81b65e6f106b4c734b18cac41570aa99a1503b409?s=96&d=mm&r=g","url":"https:\/\/secure.gravatar.com\/avatar\/93ebd91bfe49a370e03292e81b65e6f106b4c734b18cac41570aa99a1503b409?s=96&d=mm&r=g","contentUrl":"https:\/\/secure.gravatar.com\/avatar\/93ebd91bfe49a370e03292e81b65e6f106b4c734b18cac41570aa99a1503b409?s=96&d=mm&r=g","caption":"Commy Msuurshima"},"sameAs":["http:\/\/Letsportsrock.com"],"url":"https:\/\/www.letsportsrock.com\/?author=5"}]}},"jetpack_featured_media_url":"https:\/\/www.letsportsrock.com\/wp-content\/uploads\/2025\/05\/images-4-12.jpeg","jetpack_sharing_enabled":true,"_links":{"self":[{"href":"https:\/\/www.letsportsrock.com\/index.php?rest_route=\/wp\/v2\/posts\/43055","targetHints":{"allow":["GET"]}}],"collection":[{"href":"https:\/\/www.letsportsrock.com\/index.php?rest_route=\/wp\/v2\/posts"}],"about":[{"href":"https:\/\/www.letsportsrock.com\/index.php?rest_route=\/wp\/v2\/types\/post"}],"author":[{"embeddable":true,"href":"https:\/\/www.letsportsrock.com\/index.php?rest_route=\/wp\/v2\/users\/5"}],"replies":[{"embeddable":true,"href":"https:\/\/www.letsportsrock.com\/index.php?rest_route=%2Fwp%2Fv2%2Fcomments&post=43055"}],"version-history":[{"count":1,"href":"https:\/\/www.letsportsrock.com\/index.php?rest_route=\/wp\/v2\/posts\/43055\/revisions"}],"predecessor-version":[{"id":43061,"href":"https:\/\/www.letsportsrock.com\/index.php?rest_route=\/wp\/v2\/posts\/43055\/revisions\/43061"}],"wp:featuredmedia":[{"embeddable":true,"href":"https:\/\/www.letsportsrock.com\/index.php?rest_route=\/wp\/v2\/media\/43059"}],"wp:attachment":[{"href":"https:\/\/www.letsportsrock.com\/index.php?rest_route=%2Fwp%2Fv2%2Fmedia&parent=43055"}],"wp:term":[{"taxonomy":"category","embeddable":true,"href":"https:\/\/www.letsportsrock.com\/index.php?rest_route=%2Fwp%2Fv2%2Fcategories&post=43055"},{"taxonomy":"post_tag","embeddable":true,"href":"https:\/\/www.letsportsrock.com\/index.php?rest_route=%2Fwp%2Fv2%2Ftags&post=43055"}],"curies":[{"name":"wp","href":"https:\/\/api.w.org\/{rel}","templated":true}]}}