{"id":43272,"date":"2025-05-27T06:52:50","date_gmt":"2025-05-27T06:52:50","guid":{"rendered":"https:\/\/www.letsportsrock.com\/?p=43272"},"modified":"2025-05-27T06:52:50","modified_gmt":"2025-05-27T06:52:50","slug":"3-fotbalisti-de-la-craiova-au-prins-nationala-pentru-meciurile-cu-austria-si-cipru-pe-cine-a-convocat-mircea-lucescu","status":"publish","type":"post","link":"https:\/\/www.letsportsrock.com\/?p=43272","title":{"rendered":"3 fotbali\u0219ti de la Craiova au prins na\u021bionala pentru meciurile cu Austria \u0219i Cipru. Pe cine a convocat Mircea Lucescu&#8230;."},"content":{"rendered":"<div class=\"d79db4796efc26332eabfc3f5dafbc76\" data-index=\"1\" style=\"float: none; margin:10px 0 10px 0; text-align:center;\">\n<div class=\"hb-ad-inarticle\">\r\n    <div class=\"hb-ad-inner\"> \r\n    <div class=\"hbagency_cls\"  id=\"hbagency_space_111930\"><\/div><\/div> <\/div>\n<\/div>\n<p>3 fotbali\u0219ti de la Craiova au prins na\u021bionala pentru meciurile cu Austria \u0219i Cipru. Pe cine a convocat Mircea Lucescu&#8230;.<\/p>\n<p>&nbsp;<\/p>\n<p>Pentru meciurile amicale ale echipei na\u021bionale a Rom\u00e2niei \u00eempotriva Austriei \u0219i Ciprului, selec\u021bionerul Mircea Lucescu a decis s\u0103 mizeze \u0219i pe juc\u0103tori de la Universitatea Craiova, una dintre cele mai \u00een form\u0103 echipe din Superliga. Trei fotbali\u0219ti ai forma\u021biei oltene au fost convoca\u021bi \u0219i vor avea \u0219ansa s\u0103-\u0219i demonstreze valoarea la nivel interna\u021bional.<img loading=\"lazy\" decoding=\"async\" class=\"alignnone size-medium wp-image-43275\" src=\"https:\/\/www.letsportsrock.com\/wp-content\/uploads\/2025\/05\/images-2025-05-27T075128.876-1-300x225.jpeg\" alt=\"\" width=\"300\" height=\"225\" srcset=\"https:\/\/www.letsportsrock.com\/wp-content\/uploads\/2025\/05\/images-2025-05-27T075128.876-1-300x225.jpeg 300w, https:\/\/www.letsportsrock.com\/wp-content\/uploads\/2025\/05\/images-2025-05-27T075128.876-1.jpeg 639w\" sizes=\"auto, (max-width: 300px) 100vw, 300px\" \/><\/p>\n<p>Este vorba despre mijloca\u0219ul ofensiv Alexandru Mitri\u021b\u0103, funda\u0219ul Nicu\u0219or Bancu \u0219i t\u00e2n\u0103rul portar Lauren\u021biu Popescu. Mitri\u021b\u0103, aflat \u00eentr-o form\u0103 excelent\u0103 \u00een acest sezon, revine la echipa na\u021bional\u0103 dup\u0103 o perioad\u0103 \u00een care nu a fost convocat, iar creativitatea \u0219i viteza lui pot aduce un plus important \u00een ofensiva tricolorilor. Bancu, c\u0103pitanul Craiovei, este deja o prezen\u021b\u0103 constant\u0103 \u00een lotul na\u021bional \u0219i ofer\u0103 experien\u021b\u0103 \u0219i stabilitate pe flancul st\u00e2ng al ap\u0103r\u0103rii. \u00cen schimb, convocarea lui Popescu este o surpriz\u0103 pl\u0103cut\u0103, t\u00e2n\u0103rul portar impresion\u00e2nd \u00een ultima parte a sezonului cu parade spectaculoase.<\/p>\n<p>Prin aceste selec\u021bii, Mircea Lucescu arat\u0103 c\u0103 este atent la evolu\u021biile din campionatul intern \u0219i c\u0103 ofer\u0103 \u0219anse juc\u0103torilor care se remarc\u0103. Meciurile cu Austria \u0219i Cipru vor fi un test bun at\u00e2t pentru na\u021bional\u0103, c\u00e2t \u0219i pentru cei trei reprezentan\u021bi ai Craiovei.<\/p>\n\n<div style=\"font-size: 0px; height: 0px; line-height: 0px; margin: 0; padding: 0; clear: both;\"><\/div>","protected":false},"excerpt":{"rendered":"<p>3 fotbali\u0219ti de la Craiova au prins na\u021bionala pentru meciurile cu Austria \u0219i Cipru. Pe cine a convocat Mircea Lucescu&#8230;. &nbsp; Pentru meciurile amicale ale echipei na\u021bionale a Rom\u00e2niei \u00eempotriva Austriei \u0219i Ciprului, selec\u021bionerul Mircea Lucescu a decis s\u0103 mizeze \u0219i pe juc\u0103tori de la Universitatea Craiova, una dintre cele mai \u00een form\u0103 echipe din [&hellip;]<\/p>\n","protected":false},"author":9,"featured_media":43274,"comment_status":"open","ping_status":"open","sticky":false,"template":"","format":"standard","meta":{"_jetpack_memberships_contains_paid_content":false,"footnotes":""},"categories":[1],"tags":[682],"class_list":["post-43272","post","type-post","status-publish","format-standard","has-post-thumbnail","hentry","category-uncategorized","tag-universitatea-craiova"],"yoast_head":"<!-- This site is optimized with the Yoast SEO plugin v27.4 - https:\/\/yoast.com\/product\/yoast-seo-wordpress\/ -->\n<title>3 fotbali\u0219ti de la Craiova au prins na\u021bionala pentru meciurile cu Austria \u0219i Cipru. Pe cine a convocat Mircea Lucescu....<\/title>\n<meta name=\"description\" content=\"3 fotbali\u0219ti de la Craiova au prins na\u021bionala pentru meciurile cu Austria \u0219i Cipru. Pe cine a convocat Mircea Lucescu....\" \/>\n<meta name=\"robots\" content=\"index, follow, max-snippet:-1, max-image-preview:large, max-video-preview:-1\" \/>\n<link rel=\"canonical\" href=\"https:\/\/www.letsportsrock.com\/?p=43272\" \/>\n<meta property=\"og:locale\" content=\"en_US\" \/>\n<meta property=\"og:type\" content=\"article\" \/>\n<meta property=\"og:title\" content=\"3 fotbali\u0219ti de la Craiova au prins na\u021bionala pentru meciurile cu Austria \u0219i Cipru. Pe cine a convocat Mircea Lucescu....\" \/>\n<meta property=\"og:description\" content=\"3 fotbali\u0219ti de la Craiova au prins na\u021bionala pentru meciurile cu Austria \u0219i Cipru. Pe cine a convocat Mircea Lucescu....\" \/>\n<meta property=\"og:url\" content=\"https:\/\/www.letsportsrock.com\/?p=43272\" \/>\n<meta property=\"og:site_name\" content=\"letsportsrock\" \/>\n<meta property=\"article:published_time\" content=\"2025-05-27T06:52:50+00:00\" \/>\n<meta property=\"og:image\" content=\"https:\/\/www.letsportsrock.com\/wp-content\/uploads\/2025\/05\/images-2025-05-27T075055.384.jpeg\" \/>\n\t<meta property=\"og:image:width\" content=\"788\" \/>\n\t<meta property=\"og:image:height\" content=\"389\" \/>\n\t<meta property=\"og:image:type\" content=\"image\/jpeg\" \/>\n<meta name=\"author\" content=\"Paul Hembaor\" \/>\n<meta name=\"twitter:card\" content=\"summary_large_image\" \/>\n<meta name=\"twitter:label1\" content=\"Written by\" \/>\n\t<meta name=\"twitter:data1\" content=\"Paul Hembaor\" \/>\n\t<meta name=\"twitter:label2\" content=\"Est. reading time\" \/>\n\t<meta name=\"twitter:data2\" content=\"2 minutes\" \/>\n<script type=\"application\/ld+json\" class=\"yoast-schema-graph\">{\"@context\":\"https:\\\/\\\/schema.org\",\"@graph\":[{\"@type\":\"Article\",\"@id\":\"https:\\\/\\\/www.letsportsrock.com\\\/?p=43272#article\",\"isPartOf\":{\"@id\":\"https:\\\/\\\/www.letsportsrock.com\\\/?p=43272\"},\"author\":{\"name\":\"Paul Hembaor\",\"@id\":\"https:\\\/\\\/www.letsportsrock.com\\\/#\\\/schema\\\/person\\\/97aa0f336f5a3ca15a8ec7d78846f045\"},\"headline\":\"3 fotbali\u0219ti de la Craiova au prins na\u021bionala pentru meciurile cu Austria \u0219i Cipru. Pe cine a convocat Mircea Lucescu&#8230;.\",\"datePublished\":\"2025-05-27T06:52:50+00:00\",\"mainEntityOfPage\":{\"@id\":\"https:\\\/\\\/www.letsportsrock.com\\\/?p=43272\"},\"wordCount\":262,\"commentCount\":0,\"image\":{\"@id\":\"https:\\\/\\\/www.letsportsrock.com\\\/?p=43272#primaryimage\"},\"thumbnailUrl\":\"https:\\\/\\\/www.letsportsrock.com\\\/wp-content\\\/uploads\\\/2025\\\/05\\\/images-2025-05-27T075055.384.jpeg\",\"keywords\":[\"Universitatea Craiova\"],\"inLanguage\":\"en-US\",\"potentialAction\":[{\"@type\":\"CommentAction\",\"name\":\"Comment\",\"target\":[\"https:\\\/\\\/www.letsportsrock.com\\\/?p=43272#respond\"]}]},{\"@type\":\"WebPage\",\"@id\":\"https:\\\/\\\/www.letsportsrock.com\\\/?p=43272\",\"url\":\"https:\\\/\\\/www.letsportsrock.com\\\/?p=43272\",\"name\":\"3 fotbali\u0219ti de la Craiova au prins na\u021bionala pentru meciurile cu Austria \u0219i Cipru. Pe cine a convocat Mircea Lucescu....\",\"isPartOf\":{\"@id\":\"https:\\\/\\\/www.letsportsrock.com\\\/#website\"},\"primaryImageOfPage\":{\"@id\":\"https:\\\/\\\/www.letsportsrock.com\\\/?p=43272#primaryimage\"},\"image\":{\"@id\":\"https:\\\/\\\/www.letsportsrock.com\\\/?p=43272#primaryimage\"},\"thumbnailUrl\":\"https:\\\/\\\/www.letsportsrock.com\\\/wp-content\\\/uploads\\\/2025\\\/05\\\/images-2025-05-27T075055.384.jpeg\",\"datePublished\":\"2025-05-27T06:52:50+00:00\",\"author\":{\"@id\":\"https:\\\/\\\/www.letsportsrock.com\\\/#\\\/schema\\\/person\\\/97aa0f336f5a3ca15a8ec7d78846f045\"},\"description\":\"3 fotbali\u0219ti de la Craiova au prins na\u021bionala pentru meciurile cu Austria \u0219i Cipru. Pe cine a convocat Mircea Lucescu....\",\"breadcrumb\":{\"@id\":\"https:\\\/\\\/www.letsportsrock.com\\\/?p=43272#breadcrumb\"},\"inLanguage\":\"en-US\",\"potentialAction\":[{\"@type\":\"ReadAction\",\"target\":[\"https:\\\/\\\/www.letsportsrock.com\\\/?p=43272\"]}]},{\"@type\":\"ImageObject\",\"inLanguage\":\"en-US\",\"@id\":\"https:\\\/\\\/www.letsportsrock.com\\\/?p=43272#primaryimage\",\"url\":\"https:\\\/\\\/www.letsportsrock.com\\\/wp-content\\\/uploads\\\/2025\\\/05\\\/images-2025-05-27T075055.384.jpeg\",\"contentUrl\":\"https:\\\/\\\/www.letsportsrock.com\\\/wp-content\\\/uploads\\\/2025\\\/05\\\/images-2025-05-27T075055.384.jpeg\",\"width\":788,\"height\":389},{\"@type\":\"BreadcrumbList\",\"@id\":\"https:\\\/\\\/www.letsportsrock.com\\\/?p=43272#breadcrumb\",\"itemListElement\":[{\"@type\":\"ListItem\",\"position\":1,\"name\":\"Home\",\"item\":\"https:\\\/\\\/www.letsportsrock.com\\\/\"},{\"@type\":\"ListItem\",\"position\":2,\"name\":\"3 fotbali\u0219ti de la Craiova au prins na\u021bionala pentru meciurile cu Austria \u0219i Cipru. Pe cine a convocat Mircea Lucescu&#8230;.\"}]},{\"@type\":\"WebSite\",\"@id\":\"https:\\\/\\\/www.letsportsrock.com\\\/#website\",\"url\":\"https:\\\/\\\/www.letsportsrock.com\\\/\",\"name\":\"letsportsrock\",\"description\":\"Sport News and Updates\",\"potentialAction\":[{\"@type\":\"SearchAction\",\"target\":{\"@type\":\"EntryPoint\",\"urlTemplate\":\"https:\\\/\\\/www.letsportsrock.com\\\/?s={search_term_string}\"},\"query-input\":{\"@type\":\"PropertyValueSpecification\",\"valueRequired\":true,\"valueName\":\"search_term_string\"}}],\"inLanguage\":\"en-US\"},{\"@type\":\"Person\",\"@id\":\"https:\\\/\\\/www.letsportsrock.com\\\/#\\\/schema\\\/person\\\/97aa0f336f5a3ca15a8ec7d78846f045\",\"name\":\"Paul Hembaor\",\"image\":{\"@type\":\"ImageObject\",\"inLanguage\":\"en-US\",\"@id\":\"https:\\\/\\\/secure.gravatar.com\\\/avatar\\\/0574929a03c152e8ea7939c31311f9ea2fe2e06139cd71e2d6e698c217219d60?s=96&d=mm&r=g\",\"url\":\"https:\\\/\\\/secure.gravatar.com\\\/avatar\\\/0574929a03c152e8ea7939c31311f9ea2fe2e06139cd71e2d6e698c217219d60?s=96&d=mm&r=g\",\"contentUrl\":\"https:\\\/\\\/secure.gravatar.com\\\/avatar\\\/0574929a03c152e8ea7939c31311f9ea2fe2e06139cd71e2d6e698c217219d60?s=96&d=mm&r=g\",\"caption\":\"Paul Hembaor\"},\"sameAs\":[\"https:\\\/\\\/www.letsportsrock.com\\\/wp-admin\\\/\"],\"url\":\"https:\\\/\\\/www.letsportsrock.com\\\/?author=9\"}]}<\/script>\n<!-- \/ Yoast SEO plugin. -->","yoast_head_json":{"title":"3 fotbali\u0219ti de la Craiova au prins na\u021bionala pentru meciurile cu Austria \u0219i Cipru. Pe cine a convocat Mircea Lucescu....","description":"3 fotbali\u0219ti de la Craiova au prins na\u021bionala pentru meciurile cu Austria \u0219i Cipru. Pe cine a convocat Mircea Lucescu....","robots":{"index":"index","follow":"follow","max-snippet":"max-snippet:-1","max-image-preview":"max-image-preview:large","max-video-preview":"max-video-preview:-1"},"canonical":"https:\/\/www.letsportsrock.com\/?p=43272","og_locale":"en_US","og_type":"article","og_title":"3 fotbali\u0219ti de la Craiova au prins na\u021bionala pentru meciurile cu Austria \u0219i Cipru. Pe cine a convocat Mircea Lucescu....","og_description":"3 fotbali\u0219ti de la Craiova au prins na\u021bionala pentru meciurile cu Austria \u0219i Cipru. Pe cine a convocat Mircea Lucescu....","og_url":"https:\/\/www.letsportsrock.com\/?p=43272","og_site_name":"letsportsrock","article_published_time":"2025-05-27T06:52:50+00:00","og_image":[{"width":788,"height":389,"url":"https:\/\/www.letsportsrock.com\/wp-content\/uploads\/2025\/05\/images-2025-05-27T075055.384.jpeg","type":"image\/jpeg"}],"author":"Paul Hembaor","twitter_card":"summary_large_image","twitter_misc":{"Written by":"Paul Hembaor","Est. reading time":"2 minutes"},"schema":{"@context":"https:\/\/schema.org","@graph":[{"@type":"Article","@id":"https:\/\/www.letsportsrock.com\/?p=43272#article","isPartOf":{"@id":"https:\/\/www.letsportsrock.com\/?p=43272"},"author":{"name":"Paul Hembaor","@id":"https:\/\/www.letsportsrock.com\/#\/schema\/person\/97aa0f336f5a3ca15a8ec7d78846f045"},"headline":"3 fotbali\u0219ti de la Craiova au prins na\u021bionala pentru meciurile cu Austria \u0219i Cipru. Pe cine a convocat Mircea Lucescu&#8230;.","datePublished":"2025-05-27T06:52:50+00:00","mainEntityOfPage":{"@id":"https:\/\/www.letsportsrock.com\/?p=43272"},"wordCount":262,"commentCount":0,"image":{"@id":"https:\/\/www.letsportsrock.com\/?p=43272#primaryimage"},"thumbnailUrl":"https:\/\/www.letsportsrock.com\/wp-content\/uploads\/2025\/05\/images-2025-05-27T075055.384.jpeg","keywords":["Universitatea Craiova"],"inLanguage":"en-US","potentialAction":[{"@type":"CommentAction","name":"Comment","target":["https:\/\/www.letsportsrock.com\/?p=43272#respond"]}]},{"@type":"WebPage","@id":"https:\/\/www.letsportsrock.com\/?p=43272","url":"https:\/\/www.letsportsrock.com\/?p=43272","name":"3 fotbali\u0219ti de la Craiova au prins na\u021bionala pentru meciurile cu Austria \u0219i Cipru. Pe cine a convocat Mircea Lucescu....","isPartOf":{"@id":"https:\/\/www.letsportsrock.com\/#website"},"primaryImageOfPage":{"@id":"https:\/\/www.letsportsrock.com\/?p=43272#primaryimage"},"image":{"@id":"https:\/\/www.letsportsrock.com\/?p=43272#primaryimage"},"thumbnailUrl":"https:\/\/www.letsportsrock.com\/wp-content\/uploads\/2025\/05\/images-2025-05-27T075055.384.jpeg","datePublished":"2025-05-27T06:52:50+00:00","author":{"@id":"https:\/\/www.letsportsrock.com\/#\/schema\/person\/97aa0f336f5a3ca15a8ec7d78846f045"},"description":"3 fotbali\u0219ti de la Craiova au prins na\u021bionala pentru meciurile cu Austria \u0219i Cipru. Pe cine a convocat Mircea Lucescu....","breadcrumb":{"@id":"https:\/\/www.letsportsrock.com\/?p=43272#breadcrumb"},"inLanguage":"en-US","potentialAction":[{"@type":"ReadAction","target":["https:\/\/www.letsportsrock.com\/?p=43272"]}]},{"@type":"ImageObject","inLanguage":"en-US","@id":"https:\/\/www.letsportsrock.com\/?p=43272#primaryimage","url":"https:\/\/www.letsportsrock.com\/wp-content\/uploads\/2025\/05\/images-2025-05-27T075055.384.jpeg","contentUrl":"https:\/\/www.letsportsrock.com\/wp-content\/uploads\/2025\/05\/images-2025-05-27T075055.384.jpeg","width":788,"height":389},{"@type":"BreadcrumbList","@id":"https:\/\/www.letsportsrock.com\/?p=43272#breadcrumb","itemListElement":[{"@type":"ListItem","position":1,"name":"Home","item":"https:\/\/www.letsportsrock.com\/"},{"@type":"ListItem","position":2,"name":"3 fotbali\u0219ti de la Craiova au prins na\u021bionala pentru meciurile cu Austria \u0219i Cipru. Pe cine a convocat Mircea Lucescu&#8230;."}]},{"@type":"WebSite","@id":"https:\/\/www.letsportsrock.com\/#website","url":"https:\/\/www.letsportsrock.com\/","name":"letsportsrock","description":"Sport News and Updates","potentialAction":[{"@type":"SearchAction","target":{"@type":"EntryPoint","urlTemplate":"https:\/\/www.letsportsrock.com\/?s={search_term_string}"},"query-input":{"@type":"PropertyValueSpecification","valueRequired":true,"valueName":"search_term_string"}}],"inLanguage":"en-US"},{"@type":"Person","@id":"https:\/\/www.letsportsrock.com\/#\/schema\/person\/97aa0f336f5a3ca15a8ec7d78846f045","name":"Paul Hembaor","image":{"@type":"ImageObject","inLanguage":"en-US","@id":"https:\/\/secure.gravatar.com\/avatar\/0574929a03c152e8ea7939c31311f9ea2fe2e06139cd71e2d6e698c217219d60?s=96&d=mm&r=g","url":"https:\/\/secure.gravatar.com\/avatar\/0574929a03c152e8ea7939c31311f9ea2fe2e06139cd71e2d6e698c217219d60?s=96&d=mm&r=g","contentUrl":"https:\/\/secure.gravatar.com\/avatar\/0574929a03c152e8ea7939c31311f9ea2fe2e06139cd71e2d6e698c217219d60?s=96&d=mm&r=g","caption":"Paul Hembaor"},"sameAs":["https:\/\/www.letsportsrock.com\/wp-admin\/"],"url":"https:\/\/www.letsportsrock.com\/?author=9"}]}},"jetpack_featured_media_url":"https:\/\/www.letsportsrock.com\/wp-content\/uploads\/2025\/05\/images-2025-05-27T075055.384.jpeg","jetpack_sharing_enabled":true,"_links":{"self":[{"href":"https:\/\/www.letsportsrock.com\/index.php?rest_route=\/wp\/v2\/posts\/43272","targetHints":{"allow":["GET"]}}],"collection":[{"href":"https:\/\/www.letsportsrock.com\/index.php?rest_route=\/wp\/v2\/posts"}],"about":[{"href":"https:\/\/www.letsportsrock.com\/index.php?rest_route=\/wp\/v2\/types\/post"}],"author":[{"embeddable":true,"href":"https:\/\/www.letsportsrock.com\/index.php?rest_route=\/wp\/v2\/users\/9"}],"replies":[{"embeddable":true,"href":"https:\/\/www.letsportsrock.com\/index.php?rest_route=%2Fwp%2Fv2%2Fcomments&post=43272"}],"version-history":[{"count":1,"href":"https:\/\/www.letsportsrock.com\/index.php?rest_route=\/wp\/v2\/posts\/43272\/revisions"}],"predecessor-version":[{"id":43276,"href":"https:\/\/www.letsportsrock.com\/index.php?rest_route=\/wp\/v2\/posts\/43272\/revisions\/43276"}],"wp:featuredmedia":[{"embeddable":true,"href":"https:\/\/www.letsportsrock.com\/index.php?rest_route=\/wp\/v2\/media\/43274"}],"wp:attachment":[{"href":"https:\/\/www.letsportsrock.com\/index.php?rest_route=%2Fwp%2Fv2%2Fmedia&parent=43272"}],"wp:term":[{"taxonomy":"category","embeddable":true,"href":"https:\/\/www.letsportsrock.com\/index.php?rest_route=%2Fwp%2Fv2%2Fcategories&post=43272"},{"taxonomy":"post_tag","embeddable":true,"href":"https:\/\/www.letsportsrock.com\/index.php?rest_route=%2Fwp%2Fv2%2Ftags&post=43272"}],"curies":[{"name":"wp","href":"https:\/\/api.w.org\/{rel}","templated":true}]}}