{"id":43609,"date":"2025-05-28T16:06:35","date_gmt":"2025-05-28T16:06:35","guid":{"rendered":"https:\/\/www.letsportsrock.com\/?p=43609"},"modified":"2025-05-28T16:06:36","modified_gmt":"2025-05-28T16:06:36","slug":"vesti-triste-antrenorul-principal-al-cfr-cluj-dan-petrescu-a-anuntat-semnarea-a-doi-atacanti-vedeta-care-vor-soca-toate-cluburile-din-romania-in-cateva-minute-din-cauza","status":"publish","type":"post","link":"https:\/\/www.letsportsrock.com\/?p=43609","title":{"rendered":"Ve\u0219ti triste: Antrenorul principal al CFR Cluj, Dan Petrescu, a anun\u021bat semnarea a doi atacan\u021bi vedet\u0103 care vor \u0219oca toate cluburile din Rom\u00e2nia \u00een c\u00e2teva minute din cauza&#8230;"},"content":{"rendered":"<div class=\"d79db4796efc26332eabfc3f5dafbc76\" data-index=\"1\" style=\"float: none; margin:10px 0 10px 0; text-align:center;\">\n<div class=\"hb-ad-inarticle\">\r\n    <div class=\"hb-ad-inner\"> \r\n    <div class=\"hbagency_cls\"  id=\"hbagency_space_111930\"><\/div><\/div> <\/div>\n<\/div>\n<p>**Ve\u0219ti triste pentru rivali: Dan Petrescu anun\u021b\u0103 transferuri care vor zgudui fotbalul rom\u00e2nesc**<\/p>\n<p>&nbsp;<\/p>\n<p>Dan Petrescu, antrenorul principal al CFR Cluj, a f\u0103cut un anun\u021b nea\u0219teptat care a luat prin surprindere \u00eentreaga lume a fotbalului rom\u00e2nesc. \u00centr-o conferin\u021b\u0103 de pres\u0103 \u021binut\u0103 \u00een aceast\u0103 diminea\u021b\u0103, Petrescu a confirmat semnarea a doi atacan\u021bi de talie interna\u021bional\u0103, descriindu-i drept \u201evedete care vor \u0219oca toate cluburile din Rom\u00e2nia \u00een c\u00e2teva minute de joc\u201d.<\/p>\n<p>&nbsp;<\/p>\n<p>\u201eSunt juc\u0103tori cum nu a mai avut CFR Cluj de mult. Cu ei, schimb\u0103m tot. Vor marca, vor pasa, vor decide meciuri imediat ce intr\u0103 pe teren\u201d, a declarat Petrescu. De\u0219i nu a oferit \u00eenc\u0103 numele oficiale, surse apropiate clubului sus\u021bin c\u0103 este vorba despre un fost golgheter din Serie A \u0219i un atacant exploziv din America de Sud, ambii cu experien\u021b\u0103 \u00een competi\u021bii europene.<\/p>\n<p>&nbsp;<\/p>\n<p>Transferurile vin \u00eentr-un moment cheie, c\u00e2nd CFR Cluj vizeaz\u0103 reconstruc\u021bia lotului \u0219i revenirea \u00een fruntea clasamentului. Fanii sunt \u00een extaz, \u00een timp ce rivalii par deja \u00eengrijora\u021bi. R\u0103m\u00e2ne de v\u0103zut dac\u0103 noii veni\u021bi vor confirma a\u0219tept\u0103rile, dar, dup\u0103 cum spune Petrescu: \u201eAce\u0219tia nu vin s\u0103 joace. Vin s\u0103 c\u00e2\u0219tige.\u201d<\/p>\n<p>&nbsp;<\/p>\n\n<div style=\"font-size: 0px; height: 0px; line-height: 0px; margin: 0; padding: 0; clear: both;\"><\/div>","protected":false},"excerpt":{"rendered":"<p>**Ve\u0219ti triste pentru rivali: Dan Petrescu anun\u021b\u0103 transferuri care vor zgudui fotbalul rom\u00e2nesc** &nbsp; Dan Petrescu, antrenorul principal al CFR Cluj, a f\u0103cut un anun\u021b nea\u0219teptat care a luat prin surprindere \u00eentreaga lume a fotbalului rom\u00e2nesc. \u00centr-o conferin\u021b\u0103 de pres\u0103 \u021binut\u0103 \u00een aceast\u0103 diminea\u021b\u0103, Petrescu a confirmat semnarea a doi atacan\u021bi de talie interna\u021bional\u0103, descriindu-i [&hellip;]<\/p>\n","protected":false},"author":5,"featured_media":43613,"comment_status":"open","ping_status":"open","sticky":false,"template":"","format":"standard","meta":{"_jetpack_memberships_contains_paid_content":false,"footnotes":""},"categories":[1],"tags":[433],"class_list":["post-43609","post","type-post","status-publish","format-standard","has-post-thumbnail","hentry","category-uncategorized","tag-cfr-cluj"],"yoast_head":"<!-- This site is optimized with the Yoast SEO plugin v27.4 - https:\/\/yoast.com\/product\/yoast-seo-wordpress\/ -->\n<title>Ve\u0219ti triste: Antrenorul principal al CFR Cluj, Dan ...<\/title>\n<meta name=\"description\" content=\"Ve\u0219ti triste: Antrenorul principal al CFR Cluj, Dan Petrescu, a anun\u021bat semnarea a..........................\" \/>\n<meta name=\"robots\" content=\"index, follow, max-snippet:-1, max-image-preview:large, max-video-preview:-1\" \/>\n<link rel=\"canonical\" href=\"https:\/\/www.letsportsrock.com\/?p=43609\" \/>\n<meta property=\"og:locale\" content=\"en_US\" \/>\n<meta property=\"og:type\" content=\"article\" \/>\n<meta property=\"og:title\" content=\"Ve\u0219ti triste: Antrenorul principal al CFR Cluj, Dan ...\" \/>\n<meta property=\"og:description\" content=\"Ve\u0219ti triste: Antrenorul principal al CFR Cluj, Dan Petrescu, a anun\u021bat semnarea a..........................\" \/>\n<meta property=\"og:url\" content=\"https:\/\/www.letsportsrock.com\/?p=43609\" \/>\n<meta property=\"og:site_name\" content=\"letsportsrock\" \/>\n<meta property=\"article:published_time\" content=\"2025-05-28T16:06:35+00:00\" \/>\n<meta property=\"article:modified_time\" content=\"2025-05-28T16:06:36+00:00\" \/>\n<meta property=\"og:image\" content=\"https:\/\/www.letsportsrock.com\/wp-content\/uploads\/2025\/05\/images-9-16.jpeg\" \/>\n\t<meta property=\"og:image:width\" content=\"440\" \/>\n\t<meta property=\"og:image:height\" content=\"293\" \/>\n\t<meta property=\"og:image:type\" content=\"image\/jpeg\" \/>\n<meta name=\"author\" content=\"Commy Msuurshima\" \/>\n<meta name=\"twitter:card\" content=\"summary_large_image\" \/>\n<meta name=\"twitter:label1\" content=\"Written by\" \/>\n\t<meta name=\"twitter:data1\" content=\"Commy Msuurshima\" \/>\n\t<meta name=\"twitter:label2\" content=\"Est. reading time\" \/>\n\t<meta name=\"twitter:data2\" content=\"1 minute\" \/>\n<script type=\"application\/ld+json\" class=\"yoast-schema-graph\">{\"@context\":\"https:\\\/\\\/schema.org\",\"@graph\":[{\"@type\":\"Article\",\"@id\":\"https:\\\/\\\/www.letsportsrock.com\\\/?p=43609#article\",\"isPartOf\":{\"@id\":\"https:\\\/\\\/www.letsportsrock.com\\\/?p=43609\"},\"author\":{\"name\":\"Commy Msuurshima\",\"@id\":\"https:\\\/\\\/www.letsportsrock.com\\\/#\\\/schema\\\/person\\\/48a7d50d6b0e142e624de09fb01c90ed\"},\"headline\":\"Ve\u0219ti triste: Antrenorul principal al CFR Cluj, Dan Petrescu, a anun\u021bat semnarea a doi atacan\u021bi vedet\u0103 care vor \u0219oca toate cluburile din Rom\u00e2nia \u00een c\u00e2teva minute din cauza&#8230;\",\"datePublished\":\"2025-05-28T16:06:35+00:00\",\"dateModified\":\"2025-05-28T16:06:36+00:00\",\"mainEntityOfPage\":{\"@id\":\"https:\\\/\\\/www.letsportsrock.com\\\/?p=43609\"},\"wordCount\":244,\"commentCount\":0,\"image\":{\"@id\":\"https:\\\/\\\/www.letsportsrock.com\\\/?p=43609#primaryimage\"},\"thumbnailUrl\":\"https:\\\/\\\/www.letsportsrock.com\\\/wp-content\\\/uploads\\\/2025\\\/05\\\/images-9-16.jpeg\",\"keywords\":[\"CFR Cluj\"],\"inLanguage\":\"en-US\",\"potentialAction\":[{\"@type\":\"CommentAction\",\"name\":\"Comment\",\"target\":[\"https:\\\/\\\/www.letsportsrock.com\\\/?p=43609#respond\"]}]},{\"@type\":\"WebPage\",\"@id\":\"https:\\\/\\\/www.letsportsrock.com\\\/?p=43609\",\"url\":\"https:\\\/\\\/www.letsportsrock.com\\\/?p=43609\",\"name\":\"Ve\u0219ti triste: Antrenorul principal al CFR Cluj, Dan ...\",\"isPartOf\":{\"@id\":\"https:\\\/\\\/www.letsportsrock.com\\\/#website\"},\"primaryImageOfPage\":{\"@id\":\"https:\\\/\\\/www.letsportsrock.com\\\/?p=43609#primaryimage\"},\"image\":{\"@id\":\"https:\\\/\\\/www.letsportsrock.com\\\/?p=43609#primaryimage\"},\"thumbnailUrl\":\"https:\\\/\\\/www.letsportsrock.com\\\/wp-content\\\/uploads\\\/2025\\\/05\\\/images-9-16.jpeg\",\"datePublished\":\"2025-05-28T16:06:35+00:00\",\"dateModified\":\"2025-05-28T16:06:36+00:00\",\"author\":{\"@id\":\"https:\\\/\\\/www.letsportsrock.com\\\/#\\\/schema\\\/person\\\/48a7d50d6b0e142e624de09fb01c90ed\"},\"description\":\"Ve\u0219ti triste: Antrenorul principal al CFR Cluj, Dan Petrescu, a anun\u021bat semnarea a..........................\",\"breadcrumb\":{\"@id\":\"https:\\\/\\\/www.letsportsrock.com\\\/?p=43609#breadcrumb\"},\"inLanguage\":\"en-US\",\"potentialAction\":[{\"@type\":\"ReadAction\",\"target\":[\"https:\\\/\\\/www.letsportsrock.com\\\/?p=43609\"]}]},{\"@type\":\"ImageObject\",\"inLanguage\":\"en-US\",\"@id\":\"https:\\\/\\\/www.letsportsrock.com\\\/?p=43609#primaryimage\",\"url\":\"https:\\\/\\\/www.letsportsrock.com\\\/wp-content\\\/uploads\\\/2025\\\/05\\\/images-9-16.jpeg\",\"contentUrl\":\"https:\\\/\\\/www.letsportsrock.com\\\/wp-content\\\/uploads\\\/2025\\\/05\\\/images-9-16.jpeg\",\"width\":440,\"height\":293},{\"@type\":\"BreadcrumbList\",\"@id\":\"https:\\\/\\\/www.letsportsrock.com\\\/?p=43609#breadcrumb\",\"itemListElement\":[{\"@type\":\"ListItem\",\"position\":1,\"name\":\"Home\",\"item\":\"https:\\\/\\\/www.letsportsrock.com\\\/\"},{\"@type\":\"ListItem\",\"position\":2,\"name\":\"Ve\u0219ti triste: Antrenorul principal al CFR Cluj, Dan Petrescu, a anun\u021bat semnarea a doi atacan\u021bi vedet\u0103 care vor \u0219oca toate cluburile din Rom\u00e2nia \u00een c\u00e2teva minute din cauza&#8230;\"}]},{\"@type\":\"WebSite\",\"@id\":\"https:\\\/\\\/www.letsportsrock.com\\\/#website\",\"url\":\"https:\\\/\\\/www.letsportsrock.com\\\/\",\"name\":\"letsportsrock\",\"description\":\"Sport News and Updates\",\"potentialAction\":[{\"@type\":\"SearchAction\",\"target\":{\"@type\":\"EntryPoint\",\"urlTemplate\":\"https:\\\/\\\/www.letsportsrock.com\\\/?s={search_term_string}\"},\"query-input\":{\"@type\":\"PropertyValueSpecification\",\"valueRequired\":true,\"valueName\":\"search_term_string\"}}],\"inLanguage\":\"en-US\"},{\"@type\":\"Person\",\"@id\":\"https:\\\/\\\/www.letsportsrock.com\\\/#\\\/schema\\\/person\\\/48a7d50d6b0e142e624de09fb01c90ed\",\"name\":\"Commy Msuurshima\",\"image\":{\"@type\":\"ImageObject\",\"inLanguage\":\"en-US\",\"@id\":\"https:\\\/\\\/secure.gravatar.com\\\/avatar\\\/93ebd91bfe49a370e03292e81b65e6f106b4c734b18cac41570aa99a1503b409?s=96&d=mm&r=g\",\"url\":\"https:\\\/\\\/secure.gravatar.com\\\/avatar\\\/93ebd91bfe49a370e03292e81b65e6f106b4c734b18cac41570aa99a1503b409?s=96&d=mm&r=g\",\"contentUrl\":\"https:\\\/\\\/secure.gravatar.com\\\/avatar\\\/93ebd91bfe49a370e03292e81b65e6f106b4c734b18cac41570aa99a1503b409?s=96&d=mm&r=g\",\"caption\":\"Commy Msuurshima\"},\"sameAs\":[\"http:\\\/\\\/Letsportsrock.com\"],\"url\":\"https:\\\/\\\/www.letsportsrock.com\\\/?author=5\"}]}<\/script>\n<!-- \/ Yoast SEO plugin. -->","yoast_head_json":{"title":"Ve\u0219ti triste: Antrenorul principal al CFR Cluj, Dan ...","description":"Ve\u0219ti triste: Antrenorul principal al CFR Cluj, Dan Petrescu, a anun\u021bat semnarea a..........................","robots":{"index":"index","follow":"follow","max-snippet":"max-snippet:-1","max-image-preview":"max-image-preview:large","max-video-preview":"max-video-preview:-1"},"canonical":"https:\/\/www.letsportsrock.com\/?p=43609","og_locale":"en_US","og_type":"article","og_title":"Ve\u0219ti triste: Antrenorul principal al CFR Cluj, Dan ...","og_description":"Ve\u0219ti triste: Antrenorul principal al CFR Cluj, Dan Petrescu, a anun\u021bat semnarea a..........................","og_url":"https:\/\/www.letsportsrock.com\/?p=43609","og_site_name":"letsportsrock","article_published_time":"2025-05-28T16:06:35+00:00","article_modified_time":"2025-05-28T16:06:36+00:00","og_image":[{"width":440,"height":293,"url":"https:\/\/www.letsportsrock.com\/wp-content\/uploads\/2025\/05\/images-9-16.jpeg","type":"image\/jpeg"}],"author":"Commy Msuurshima","twitter_card":"summary_large_image","twitter_misc":{"Written by":"Commy Msuurshima","Est. reading time":"1 minute"},"schema":{"@context":"https:\/\/schema.org","@graph":[{"@type":"Article","@id":"https:\/\/www.letsportsrock.com\/?p=43609#article","isPartOf":{"@id":"https:\/\/www.letsportsrock.com\/?p=43609"},"author":{"name":"Commy Msuurshima","@id":"https:\/\/www.letsportsrock.com\/#\/schema\/person\/48a7d50d6b0e142e624de09fb01c90ed"},"headline":"Ve\u0219ti triste: Antrenorul principal al CFR Cluj, Dan Petrescu, a anun\u021bat semnarea a doi atacan\u021bi vedet\u0103 care vor \u0219oca toate cluburile din Rom\u00e2nia \u00een c\u00e2teva minute din cauza&#8230;","datePublished":"2025-05-28T16:06:35+00:00","dateModified":"2025-05-28T16:06:36+00:00","mainEntityOfPage":{"@id":"https:\/\/www.letsportsrock.com\/?p=43609"},"wordCount":244,"commentCount":0,"image":{"@id":"https:\/\/www.letsportsrock.com\/?p=43609#primaryimage"},"thumbnailUrl":"https:\/\/www.letsportsrock.com\/wp-content\/uploads\/2025\/05\/images-9-16.jpeg","keywords":["CFR Cluj"],"inLanguage":"en-US","potentialAction":[{"@type":"CommentAction","name":"Comment","target":["https:\/\/www.letsportsrock.com\/?p=43609#respond"]}]},{"@type":"WebPage","@id":"https:\/\/www.letsportsrock.com\/?p=43609","url":"https:\/\/www.letsportsrock.com\/?p=43609","name":"Ve\u0219ti triste: Antrenorul principal al CFR Cluj, Dan ...","isPartOf":{"@id":"https:\/\/www.letsportsrock.com\/#website"},"primaryImageOfPage":{"@id":"https:\/\/www.letsportsrock.com\/?p=43609#primaryimage"},"image":{"@id":"https:\/\/www.letsportsrock.com\/?p=43609#primaryimage"},"thumbnailUrl":"https:\/\/www.letsportsrock.com\/wp-content\/uploads\/2025\/05\/images-9-16.jpeg","datePublished":"2025-05-28T16:06:35+00:00","dateModified":"2025-05-28T16:06:36+00:00","author":{"@id":"https:\/\/www.letsportsrock.com\/#\/schema\/person\/48a7d50d6b0e142e624de09fb01c90ed"},"description":"Ve\u0219ti triste: Antrenorul principal al CFR Cluj, Dan Petrescu, a anun\u021bat semnarea a..........................","breadcrumb":{"@id":"https:\/\/www.letsportsrock.com\/?p=43609#breadcrumb"},"inLanguage":"en-US","potentialAction":[{"@type":"ReadAction","target":["https:\/\/www.letsportsrock.com\/?p=43609"]}]},{"@type":"ImageObject","inLanguage":"en-US","@id":"https:\/\/www.letsportsrock.com\/?p=43609#primaryimage","url":"https:\/\/www.letsportsrock.com\/wp-content\/uploads\/2025\/05\/images-9-16.jpeg","contentUrl":"https:\/\/www.letsportsrock.com\/wp-content\/uploads\/2025\/05\/images-9-16.jpeg","width":440,"height":293},{"@type":"BreadcrumbList","@id":"https:\/\/www.letsportsrock.com\/?p=43609#breadcrumb","itemListElement":[{"@type":"ListItem","position":1,"name":"Home","item":"https:\/\/www.letsportsrock.com\/"},{"@type":"ListItem","position":2,"name":"Ve\u0219ti triste: Antrenorul principal al CFR Cluj, Dan Petrescu, a anun\u021bat semnarea a doi atacan\u021bi vedet\u0103 care vor \u0219oca toate cluburile din Rom\u00e2nia \u00een c\u00e2teva minute din cauza&#8230;"}]},{"@type":"WebSite","@id":"https:\/\/www.letsportsrock.com\/#website","url":"https:\/\/www.letsportsrock.com\/","name":"letsportsrock","description":"Sport News and Updates","potentialAction":[{"@type":"SearchAction","target":{"@type":"EntryPoint","urlTemplate":"https:\/\/www.letsportsrock.com\/?s={search_term_string}"},"query-input":{"@type":"PropertyValueSpecification","valueRequired":true,"valueName":"search_term_string"}}],"inLanguage":"en-US"},{"@type":"Person","@id":"https:\/\/www.letsportsrock.com\/#\/schema\/person\/48a7d50d6b0e142e624de09fb01c90ed","name":"Commy Msuurshima","image":{"@type":"ImageObject","inLanguage":"en-US","@id":"https:\/\/secure.gravatar.com\/avatar\/93ebd91bfe49a370e03292e81b65e6f106b4c734b18cac41570aa99a1503b409?s=96&d=mm&r=g","url":"https:\/\/secure.gravatar.com\/avatar\/93ebd91bfe49a370e03292e81b65e6f106b4c734b18cac41570aa99a1503b409?s=96&d=mm&r=g","contentUrl":"https:\/\/secure.gravatar.com\/avatar\/93ebd91bfe49a370e03292e81b65e6f106b4c734b18cac41570aa99a1503b409?s=96&d=mm&r=g","caption":"Commy Msuurshima"},"sameAs":["http:\/\/Letsportsrock.com"],"url":"https:\/\/www.letsportsrock.com\/?author=5"}]}},"jetpack_featured_media_url":"https:\/\/www.letsportsrock.com\/wp-content\/uploads\/2025\/05\/images-9-16.jpeg","jetpack_sharing_enabled":true,"_links":{"self":[{"href":"https:\/\/www.letsportsrock.com\/index.php?rest_route=\/wp\/v2\/posts\/43609","targetHints":{"allow":["GET"]}}],"collection":[{"href":"https:\/\/www.letsportsrock.com\/index.php?rest_route=\/wp\/v2\/posts"}],"about":[{"href":"https:\/\/www.letsportsrock.com\/index.php?rest_route=\/wp\/v2\/types\/post"}],"author":[{"embeddable":true,"href":"https:\/\/www.letsportsrock.com\/index.php?rest_route=\/wp\/v2\/users\/5"}],"replies":[{"embeddable":true,"href":"https:\/\/www.letsportsrock.com\/index.php?rest_route=%2Fwp%2Fv2%2Fcomments&post=43609"}],"version-history":[{"count":1,"href":"https:\/\/www.letsportsrock.com\/index.php?rest_route=\/wp\/v2\/posts\/43609\/revisions"}],"predecessor-version":[{"id":43614,"href":"https:\/\/www.letsportsrock.com\/index.php?rest_route=\/wp\/v2\/posts\/43609\/revisions\/43614"}],"wp:featuredmedia":[{"embeddable":true,"href":"https:\/\/www.letsportsrock.com\/index.php?rest_route=\/wp\/v2\/media\/43613"}],"wp:attachment":[{"href":"https:\/\/www.letsportsrock.com\/index.php?rest_route=%2Fwp%2Fv2%2Fmedia&parent=43609"}],"wp:term":[{"taxonomy":"category","embeddable":true,"href":"https:\/\/www.letsportsrock.com\/index.php?rest_route=%2Fwp%2Fv2%2Fcategories&post=43609"},{"taxonomy":"post_tag","embeddable":true,"href":"https:\/\/www.letsportsrock.com\/index.php?rest_route=%2Fwp%2Fv2%2Ftags&post=43609"}],"curies":[{"name":"wp","href":"https:\/\/api.w.org\/{rel}","templated":true}]}}