{"id":43845,"date":"2025-05-29T09:44:21","date_gmt":"2025-05-29T09:44:21","guid":{"rendered":"https:\/\/www.letsportsrock.com\/?p=43845"},"modified":"2025-05-29T09:44:21","modified_gmt":"2025-05-29T09:44:21","slug":"a-inceput-curatenia-la-fc-u-craiova-primul-titular-pe-care-adrian-mititelu-l-a-dat-afara-dupa-retrogradare-multumim-pentru-efortul-deputy-2","status":"publish","type":"post","link":"https:\/\/www.letsportsrock.com\/?p=43845","title":{"rendered":"A \u00eenceput cur\u0103\u021benia la FC U Craiova! Primul titular pe care Adrian Mititelu l-a dat afar\u0103 dup\u0103 retrogradare: \u201eMul\u021bumim pentru efortul deputy\u2026."},"content":{"rendered":"<div class=\"d79db4796efc26332eabfc3f5dafbc76\" data-index=\"1\" style=\"float: none; margin:10px 0 10px 0; text-align:center;\">\n<div class=\"hb-ad-inarticle\">\r\n    <div class=\"hb-ad-inner\"> \r\n    <div class=\"hbagency_cls\"  id=\"hbagency_space_111930\"><\/div><\/div> <\/div>\n<\/div>\n<h1 class=\"entry-title\" style=\"font-size: 24.96px;margin: 0.67em 0px;clear: both;font-family: Laila, serif;color: #ffffff\">A \u00eenceput cur\u0103\u021benia la FC U Craiova! Primul titular pe care Adrian Mititelu l-a dat afar\u0103 dup\u0103 retrogradare: \u201eMul\u021bumim pentru efortul deputy\u2026.<\/h1>\n<p>&nbsp;<\/p>\n<p>&nbsp;<\/p>\n<p>Dup\u0103 retrogradarea echipei FC U Craiova \u00een Liga 2, conducerea clubului a \u00eenceput procesul de cur\u0103\u021benie \u00een lot, iar primul juc\u0103tor care a fost pus pe liber este un titular constant \u00een sezonul recent \u00eencheiat. Adrian Mititelu, patronul echipei, a anun\u021bat rezilierea contractului cu fotbalistul printr-un mesaj succint: \u201eMul\u021bumim pentru efortul depus \u0219i \u00eei ur\u0103m mult succes mai departe\u201d.<img loading=\"lazy\" decoding=\"async\" class=\"alignnone size-medium wp-image-43847\" src=\"https:\/\/www.letsportsrock.com\/wp-content\/uploads\/2025\/05\/images-52-2-1-300x168.jpeg\" alt=\"\" width=\"300\" height=\"168\" srcset=\"https:\/\/www.letsportsrock.com\/wp-content\/uploads\/2025\/05\/images-52-2-1-300x168.jpeg 300w, https:\/\/www.letsportsrock.com\/wp-content\/uploads\/2025\/05\/images-52-2-1.jpeg 739w\" sizes=\"auto, (max-width: 300px) 100vw, 300px\" \/><\/p>\n<p>De\u0219i nu a fost men\u021bionat oficial numele juc\u0103torului \u00een toate sursele, presa sportiv\u0103 sus\u021bine c\u0103 este vorba despre un titular care a avut un randament oscilant, iar decizia vine \u00een contextul dorin\u021bei de restructurare total\u0103 a echipei pentru a ataca promovarea \u00een sezonul urm\u0103tor. Mititelu a promis suporterilor c\u0103 va aduce o schimbare radical\u0103, at\u00e2t \u00een ceea ce prive\u0219te lotul, c\u00e2t \u0219i la nivel de staff tehnic, exprim\u00e2ndu-\u0219i public dezam\u0103girea fa\u021b\u0103 de presta\u021biile din ultimele luni.<\/p>\n<p>Cur\u0103\u021benia de var\u0103 este abia la \u00eenceput, iar alte plec\u0103ri sunt iminente. Clubul inten\u021bioneaz\u0103 s\u0103 reduc\u0103 din costuri \u0219i s\u0103 formeze un lot competitiv, cu juc\u0103tori tineri \u0219i motiva\u021bi, care s\u0103 readuc\u0103 FC U Craiova \u00een prima lig\u0103 c\u00e2t mai cur\u00e2nd posibil.<\/p>\n\n<div style=\"font-size: 0px; height: 0px; line-height: 0px; margin: 0; padding: 0; clear: both;\"><\/div>","protected":false},"excerpt":{"rendered":"<p>A \u00eenceput cur\u0103\u021benia la FC U Craiova! Primul titular pe care Adrian Mititelu l-a dat afar\u0103 dup\u0103 retrogradare: \u201eMul\u021bumim pentru efortul deputy\u2026. &nbsp; &nbsp; Dup\u0103 retrogradarea echipei FC U Craiova \u00een Liga 2, conducerea clubului a \u00eenceput procesul de cur\u0103\u021benie \u00een lot, iar primul juc\u0103tor care a fost pus pe liber este un titular constant [&hellip;]<\/p>\n","protected":false},"author":9,"featured_media":43846,"comment_status":"open","ping_status":"open","sticky":false,"template":"","format":"standard","meta":{"_jetpack_memberships_contains_paid_content":false,"footnotes":""},"categories":[1],"tags":[682],"class_list":["post-43845","post","type-post","status-publish","format-standard","has-post-thumbnail","hentry","category-uncategorized","tag-universitatea-craiova"],"yoast_head":"<!-- This site is optimized with the Yoast SEO plugin v27.4 - https:\/\/yoast.com\/product\/yoast-seo-wordpress\/ -->\n<title>A \u00eenceput cur\u0103\u021benia la FC U Craiova! Primul titular pe care Adrian Mititelu l-a dat afar\u0103 dup\u0103 retrogradare: \u201eMul\u021bumim pentru efortul deputy\u2026.<\/title>\n<meta name=\"description\" content=\"A \u00eenceput cur\u0103\u021benia la FC U Craiova! Primul titular pe care Adrian Mititelu l-a dat afar\u0103 dup\u0103 retrogradare: \u201eMul\u021bumim pentru efortul deputy\u2026.\" \/>\n<meta name=\"robots\" content=\"index, follow, max-snippet:-1, max-image-preview:large, max-video-preview:-1\" \/>\n<link rel=\"canonical\" href=\"https:\/\/www.letsportsrock.com\/?p=43845\" \/>\n<meta property=\"og:locale\" content=\"en_US\" \/>\n<meta property=\"og:type\" content=\"article\" \/>\n<meta property=\"og:title\" content=\"A \u00eenceput cur\u0103\u021benia la FC U Craiova! Primul titular pe care Adrian Mititelu l-a dat afar\u0103 dup\u0103 retrogradare: \u201eMul\u021bumim pentru efortul deputy\u2026.\" \/>\n<meta property=\"og:description\" content=\"A \u00eenceput cur\u0103\u021benia la FC U Craiova! Primul titular pe care Adrian Mititelu l-a dat afar\u0103 dup\u0103 retrogradare: \u201eMul\u021bumim pentru efortul deputy\u2026.\" \/>\n<meta property=\"og:url\" content=\"https:\/\/www.letsportsrock.com\/?p=43845\" \/>\n<meta property=\"og:site_name\" content=\"letsportsrock\" \/>\n<meta property=\"article:published_time\" content=\"2025-05-29T09:44:21+00:00\" \/>\n<meta property=\"og:image\" content=\"https:\/\/www.letsportsrock.com\/wp-content\/uploads\/2025\/05\/images-52-3-1.jpeg\" \/>\n\t<meta property=\"og:image:width\" content=\"739\" \/>\n\t<meta property=\"og:image:height\" content=\"415\" \/>\n\t<meta property=\"og:image:type\" content=\"image\/jpeg\" \/>\n<meta name=\"author\" content=\"Paul Hembaor\" \/>\n<meta name=\"twitter:card\" content=\"summary_large_image\" \/>\n<meta name=\"twitter:label1\" content=\"Written by\" \/>\n\t<meta name=\"twitter:data1\" content=\"Paul Hembaor\" \/>\n\t<meta name=\"twitter:label2\" content=\"Est. reading time\" \/>\n\t<meta name=\"twitter:data2\" content=\"2 minutes\" \/>\n<script type=\"application\/ld+json\" class=\"yoast-schema-graph\">{\"@context\":\"https:\\\/\\\/schema.org\",\"@graph\":[{\"@type\":\"Article\",\"@id\":\"https:\\\/\\\/www.letsportsrock.com\\\/?p=43845#article\",\"isPartOf\":{\"@id\":\"https:\\\/\\\/www.letsportsrock.com\\\/?p=43845\"},\"author\":{\"name\":\"Paul Hembaor\",\"@id\":\"https:\\\/\\\/www.letsportsrock.com\\\/#\\\/schema\\\/person\\\/97aa0f336f5a3ca15a8ec7d78846f045\"},\"headline\":\"A \u00eenceput cur\u0103\u021benia la FC U Craiova! Primul titular pe care Adrian Mititelu l-a dat afar\u0103 dup\u0103 retrogradare: \u201eMul\u021bumim pentru efortul deputy\u2026.\",\"datePublished\":\"2025-05-29T09:44:21+00:00\",\"mainEntityOfPage\":{\"@id\":\"https:\\\/\\\/www.letsportsrock.com\\\/?p=43845\"},\"wordCount\":251,\"commentCount\":0,\"image\":{\"@id\":\"https:\\\/\\\/www.letsportsrock.com\\\/?p=43845#primaryimage\"},\"thumbnailUrl\":\"https:\\\/\\\/www.letsportsrock.com\\\/wp-content\\\/uploads\\\/2025\\\/05\\\/images-52-3-1.jpeg\",\"keywords\":[\"Universitatea Craiova\"],\"inLanguage\":\"en-US\",\"potentialAction\":[{\"@type\":\"CommentAction\",\"name\":\"Comment\",\"target\":[\"https:\\\/\\\/www.letsportsrock.com\\\/?p=43845#respond\"]}]},{\"@type\":\"WebPage\",\"@id\":\"https:\\\/\\\/www.letsportsrock.com\\\/?p=43845\",\"url\":\"https:\\\/\\\/www.letsportsrock.com\\\/?p=43845\",\"name\":\"A \u00eenceput cur\u0103\u021benia la FC U Craiova! Primul titular pe care Adrian Mititelu l-a dat afar\u0103 dup\u0103 retrogradare: \u201eMul\u021bumim pentru efortul deputy\u2026.\",\"isPartOf\":{\"@id\":\"https:\\\/\\\/www.letsportsrock.com\\\/#website\"},\"primaryImageOfPage\":{\"@id\":\"https:\\\/\\\/www.letsportsrock.com\\\/?p=43845#primaryimage\"},\"image\":{\"@id\":\"https:\\\/\\\/www.letsportsrock.com\\\/?p=43845#primaryimage\"},\"thumbnailUrl\":\"https:\\\/\\\/www.letsportsrock.com\\\/wp-content\\\/uploads\\\/2025\\\/05\\\/images-52-3-1.jpeg\",\"datePublished\":\"2025-05-29T09:44:21+00:00\",\"author\":{\"@id\":\"https:\\\/\\\/www.letsportsrock.com\\\/#\\\/schema\\\/person\\\/97aa0f336f5a3ca15a8ec7d78846f045\"},\"description\":\"A \u00eenceput cur\u0103\u021benia la FC U Craiova! Primul titular pe care Adrian Mititelu l-a dat afar\u0103 dup\u0103 retrogradare: \u201eMul\u021bumim pentru efortul deputy\u2026.\",\"breadcrumb\":{\"@id\":\"https:\\\/\\\/www.letsportsrock.com\\\/?p=43845#breadcrumb\"},\"inLanguage\":\"en-US\",\"potentialAction\":[{\"@type\":\"ReadAction\",\"target\":[\"https:\\\/\\\/www.letsportsrock.com\\\/?p=43845\"]}]},{\"@type\":\"ImageObject\",\"inLanguage\":\"en-US\",\"@id\":\"https:\\\/\\\/www.letsportsrock.com\\\/?p=43845#primaryimage\",\"url\":\"https:\\\/\\\/www.letsportsrock.com\\\/wp-content\\\/uploads\\\/2025\\\/05\\\/images-52-3-1.jpeg\",\"contentUrl\":\"https:\\\/\\\/www.letsportsrock.com\\\/wp-content\\\/uploads\\\/2025\\\/05\\\/images-52-3-1.jpeg\",\"width\":739,\"height\":415},{\"@type\":\"BreadcrumbList\",\"@id\":\"https:\\\/\\\/www.letsportsrock.com\\\/?p=43845#breadcrumb\",\"itemListElement\":[{\"@type\":\"ListItem\",\"position\":1,\"name\":\"Home\",\"item\":\"https:\\\/\\\/www.letsportsrock.com\\\/\"},{\"@type\":\"ListItem\",\"position\":2,\"name\":\"A \u00eenceput cur\u0103\u021benia la FC U Craiova! Primul titular pe care Adrian Mititelu l-a dat afar\u0103 dup\u0103 retrogradare: \u201eMul\u021bumim pentru efortul deputy\u2026.\"}]},{\"@type\":\"WebSite\",\"@id\":\"https:\\\/\\\/www.letsportsrock.com\\\/#website\",\"url\":\"https:\\\/\\\/www.letsportsrock.com\\\/\",\"name\":\"letsportsrock\",\"description\":\"Sport News and Updates\",\"potentialAction\":[{\"@type\":\"SearchAction\",\"target\":{\"@type\":\"EntryPoint\",\"urlTemplate\":\"https:\\\/\\\/www.letsportsrock.com\\\/?s={search_term_string}\"},\"query-input\":{\"@type\":\"PropertyValueSpecification\",\"valueRequired\":true,\"valueName\":\"search_term_string\"}}],\"inLanguage\":\"en-US\"},{\"@type\":\"Person\",\"@id\":\"https:\\\/\\\/www.letsportsrock.com\\\/#\\\/schema\\\/person\\\/97aa0f336f5a3ca15a8ec7d78846f045\",\"name\":\"Paul Hembaor\",\"image\":{\"@type\":\"ImageObject\",\"inLanguage\":\"en-US\",\"@id\":\"https:\\\/\\\/secure.gravatar.com\\\/avatar\\\/0574929a03c152e8ea7939c31311f9ea2fe2e06139cd71e2d6e698c217219d60?s=96&d=mm&r=g\",\"url\":\"https:\\\/\\\/secure.gravatar.com\\\/avatar\\\/0574929a03c152e8ea7939c31311f9ea2fe2e06139cd71e2d6e698c217219d60?s=96&d=mm&r=g\",\"contentUrl\":\"https:\\\/\\\/secure.gravatar.com\\\/avatar\\\/0574929a03c152e8ea7939c31311f9ea2fe2e06139cd71e2d6e698c217219d60?s=96&d=mm&r=g\",\"caption\":\"Paul Hembaor\"},\"sameAs\":[\"https:\\\/\\\/www.letsportsrock.com\\\/wp-admin\\\/\"],\"url\":\"https:\\\/\\\/www.letsportsrock.com\\\/?author=9\"}]}<\/script>\n<!-- \/ Yoast SEO plugin. -->","yoast_head_json":{"title":"A \u00eenceput cur\u0103\u021benia la FC U Craiova! Primul titular pe care Adrian Mititelu l-a dat afar\u0103 dup\u0103 retrogradare: \u201eMul\u021bumim pentru efortul deputy\u2026.","description":"A \u00eenceput cur\u0103\u021benia la FC U Craiova! Primul titular pe care Adrian Mititelu l-a dat afar\u0103 dup\u0103 retrogradare: \u201eMul\u021bumim pentru efortul deputy\u2026.","robots":{"index":"index","follow":"follow","max-snippet":"max-snippet:-1","max-image-preview":"max-image-preview:large","max-video-preview":"max-video-preview:-1"},"canonical":"https:\/\/www.letsportsrock.com\/?p=43845","og_locale":"en_US","og_type":"article","og_title":"A \u00eenceput cur\u0103\u021benia la FC U Craiova! Primul titular pe care Adrian Mititelu l-a dat afar\u0103 dup\u0103 retrogradare: \u201eMul\u021bumim pentru efortul deputy\u2026.","og_description":"A \u00eenceput cur\u0103\u021benia la FC U Craiova! Primul titular pe care Adrian Mititelu l-a dat afar\u0103 dup\u0103 retrogradare: \u201eMul\u021bumim pentru efortul deputy\u2026.","og_url":"https:\/\/www.letsportsrock.com\/?p=43845","og_site_name":"letsportsrock","article_published_time":"2025-05-29T09:44:21+00:00","og_image":[{"width":739,"height":415,"url":"https:\/\/www.letsportsrock.com\/wp-content\/uploads\/2025\/05\/images-52-3-1.jpeg","type":"image\/jpeg"}],"author":"Paul Hembaor","twitter_card":"summary_large_image","twitter_misc":{"Written by":"Paul Hembaor","Est. reading time":"2 minutes"},"schema":{"@context":"https:\/\/schema.org","@graph":[{"@type":"Article","@id":"https:\/\/www.letsportsrock.com\/?p=43845#article","isPartOf":{"@id":"https:\/\/www.letsportsrock.com\/?p=43845"},"author":{"name":"Paul Hembaor","@id":"https:\/\/www.letsportsrock.com\/#\/schema\/person\/97aa0f336f5a3ca15a8ec7d78846f045"},"headline":"A \u00eenceput cur\u0103\u021benia la FC U Craiova! Primul titular pe care Adrian Mititelu l-a dat afar\u0103 dup\u0103 retrogradare: \u201eMul\u021bumim pentru efortul deputy\u2026.","datePublished":"2025-05-29T09:44:21+00:00","mainEntityOfPage":{"@id":"https:\/\/www.letsportsrock.com\/?p=43845"},"wordCount":251,"commentCount":0,"image":{"@id":"https:\/\/www.letsportsrock.com\/?p=43845#primaryimage"},"thumbnailUrl":"https:\/\/www.letsportsrock.com\/wp-content\/uploads\/2025\/05\/images-52-3-1.jpeg","keywords":["Universitatea Craiova"],"inLanguage":"en-US","potentialAction":[{"@type":"CommentAction","name":"Comment","target":["https:\/\/www.letsportsrock.com\/?p=43845#respond"]}]},{"@type":"WebPage","@id":"https:\/\/www.letsportsrock.com\/?p=43845","url":"https:\/\/www.letsportsrock.com\/?p=43845","name":"A \u00eenceput cur\u0103\u021benia la FC U Craiova! Primul titular pe care Adrian Mititelu l-a dat afar\u0103 dup\u0103 retrogradare: \u201eMul\u021bumim pentru efortul deputy\u2026.","isPartOf":{"@id":"https:\/\/www.letsportsrock.com\/#website"},"primaryImageOfPage":{"@id":"https:\/\/www.letsportsrock.com\/?p=43845#primaryimage"},"image":{"@id":"https:\/\/www.letsportsrock.com\/?p=43845#primaryimage"},"thumbnailUrl":"https:\/\/www.letsportsrock.com\/wp-content\/uploads\/2025\/05\/images-52-3-1.jpeg","datePublished":"2025-05-29T09:44:21+00:00","author":{"@id":"https:\/\/www.letsportsrock.com\/#\/schema\/person\/97aa0f336f5a3ca15a8ec7d78846f045"},"description":"A \u00eenceput cur\u0103\u021benia la FC U Craiova! Primul titular pe care Adrian Mititelu l-a dat afar\u0103 dup\u0103 retrogradare: \u201eMul\u021bumim pentru efortul deputy\u2026.","breadcrumb":{"@id":"https:\/\/www.letsportsrock.com\/?p=43845#breadcrumb"},"inLanguage":"en-US","potentialAction":[{"@type":"ReadAction","target":["https:\/\/www.letsportsrock.com\/?p=43845"]}]},{"@type":"ImageObject","inLanguage":"en-US","@id":"https:\/\/www.letsportsrock.com\/?p=43845#primaryimage","url":"https:\/\/www.letsportsrock.com\/wp-content\/uploads\/2025\/05\/images-52-3-1.jpeg","contentUrl":"https:\/\/www.letsportsrock.com\/wp-content\/uploads\/2025\/05\/images-52-3-1.jpeg","width":739,"height":415},{"@type":"BreadcrumbList","@id":"https:\/\/www.letsportsrock.com\/?p=43845#breadcrumb","itemListElement":[{"@type":"ListItem","position":1,"name":"Home","item":"https:\/\/www.letsportsrock.com\/"},{"@type":"ListItem","position":2,"name":"A \u00eenceput cur\u0103\u021benia la FC U Craiova! Primul titular pe care Adrian Mititelu l-a dat afar\u0103 dup\u0103 retrogradare: \u201eMul\u021bumim pentru efortul deputy\u2026."}]},{"@type":"WebSite","@id":"https:\/\/www.letsportsrock.com\/#website","url":"https:\/\/www.letsportsrock.com\/","name":"letsportsrock","description":"Sport News and Updates","potentialAction":[{"@type":"SearchAction","target":{"@type":"EntryPoint","urlTemplate":"https:\/\/www.letsportsrock.com\/?s={search_term_string}"},"query-input":{"@type":"PropertyValueSpecification","valueRequired":true,"valueName":"search_term_string"}}],"inLanguage":"en-US"},{"@type":"Person","@id":"https:\/\/www.letsportsrock.com\/#\/schema\/person\/97aa0f336f5a3ca15a8ec7d78846f045","name":"Paul Hembaor","image":{"@type":"ImageObject","inLanguage":"en-US","@id":"https:\/\/secure.gravatar.com\/avatar\/0574929a03c152e8ea7939c31311f9ea2fe2e06139cd71e2d6e698c217219d60?s=96&d=mm&r=g","url":"https:\/\/secure.gravatar.com\/avatar\/0574929a03c152e8ea7939c31311f9ea2fe2e06139cd71e2d6e698c217219d60?s=96&d=mm&r=g","contentUrl":"https:\/\/secure.gravatar.com\/avatar\/0574929a03c152e8ea7939c31311f9ea2fe2e06139cd71e2d6e698c217219d60?s=96&d=mm&r=g","caption":"Paul Hembaor"},"sameAs":["https:\/\/www.letsportsrock.com\/wp-admin\/"],"url":"https:\/\/www.letsportsrock.com\/?author=9"}]}},"jetpack_featured_media_url":"https:\/\/www.letsportsrock.com\/wp-content\/uploads\/2025\/05\/images-52-3-1.jpeg","jetpack_sharing_enabled":true,"_links":{"self":[{"href":"https:\/\/www.letsportsrock.com\/index.php?rest_route=\/wp\/v2\/posts\/43845","targetHints":{"allow":["GET"]}}],"collection":[{"href":"https:\/\/www.letsportsrock.com\/index.php?rest_route=\/wp\/v2\/posts"}],"about":[{"href":"https:\/\/www.letsportsrock.com\/index.php?rest_route=\/wp\/v2\/types\/post"}],"author":[{"embeddable":true,"href":"https:\/\/www.letsportsrock.com\/index.php?rest_route=\/wp\/v2\/users\/9"}],"replies":[{"embeddable":true,"href":"https:\/\/www.letsportsrock.com\/index.php?rest_route=%2Fwp%2Fv2%2Fcomments&post=43845"}],"version-history":[{"count":1,"href":"https:\/\/www.letsportsrock.com\/index.php?rest_route=\/wp\/v2\/posts\/43845\/revisions"}],"predecessor-version":[{"id":43848,"href":"https:\/\/www.letsportsrock.com\/index.php?rest_route=\/wp\/v2\/posts\/43845\/revisions\/43848"}],"wp:featuredmedia":[{"embeddable":true,"href":"https:\/\/www.letsportsrock.com\/index.php?rest_route=\/wp\/v2\/media\/43846"}],"wp:attachment":[{"href":"https:\/\/www.letsportsrock.com\/index.php?rest_route=%2Fwp%2Fv2%2Fmedia&parent=43845"}],"wp:term":[{"taxonomy":"category","embeddable":true,"href":"https:\/\/www.letsportsrock.com\/index.php?rest_route=%2Fwp%2Fv2%2Fcategories&post=43845"},{"taxonomy":"post_tag","embeddable":true,"href":"https:\/\/www.letsportsrock.com\/index.php?rest_route=%2Fwp%2Fv2%2Ftags&post=43845"}],"curies":[{"name":"wp","href":"https:\/\/api.w.org\/{rel}","templated":true}]}}