{"id":43853,"date":"2025-05-29T10:03:05","date_gmt":"2025-05-29T10:03:05","guid":{"rendered":"https:\/\/www.letsportsrock.com\/?p=43853"},"modified":"2025-05-29T10:03:05","modified_gmt":"2025-05-29T10:03:05","slug":"revin-fostul-atacant-vedeta-vasile-mogos-de-la-cfr-cluj-si-a-reziliat-contractul-cu-universitatea-craiova-declarand-ca-va-2","status":"publish","type":"post","link":"https:\/\/www.letsportsrock.com\/?p=43853","title":{"rendered":"\u201cRevin.\u201d Fostul atacant vedet\u0103 Vasile Mogo\u0219 de la CFR Cluj \u0219i-a reziliat contractul cu Universitatea Craiova, declar\u00e2nd c\u0103 va\u2026.."},"content":{"rendered":"<div class=\"d79db4796efc26332eabfc3f5dafbc76\" data-index=\"1\" style=\"float: none; margin:10px 0 10px 0; text-align:center;\">\n<div class=\"hb-ad-inarticle\">\r\n    <div class=\"hb-ad-inner\"> \r\n    <div class=\"hbagency_cls\"  id=\"hbagency_space_111930\"><\/div><\/div> <\/div>\n<\/div>\n<p class=\"entry-title\" style=\"font-size: 24.96px;margin: 0.67em 0px;clear: both;font-family: Laila, serif;color: #ffffff\">\u201cRevin.\u201d Fostul atacant vedet\u0103 Vasile Mogo\u0219 de la CFR Cluj \u0219i-a reziliat contractul cu Universitatea Craiova, declar\u00e2nd c\u0103 va\u2026..<\/p>\n<p>&nbsp;<\/p>\n<p>&nbsp;<\/p>\n<p><strong>\u201eRevin.\u201d Vasile Mogo\u0219, fostul atacant vedet\u0103 de la CFR Cluj, \u0219i-a reziliat contractul cu Universitatea Craiova<\/strong><\/p>\n<p>Vasile Mogo\u0219, fostul atacant de la CFR Cluj, a pus cap\u0103t oficial colabor\u0103rii cu Universitatea Craiova. \u00centr-un comunicat scurt, dar plin de emo\u021bie, fotbalistul a declarat: \u201eRevin. Acesta nu este un sf\u00e2r\u0219it, ci un nou \u00eenceput.\u201d<\/p>\n<p>Mogo\u0219, \u00een v\u00e2rst\u0103 de 31 de ani, a evoluat doar un sezon la Craiova, \u00eens\u0103 nu a reu\u0219it s\u0103 \u00ee\u0219i reg\u0103seasc\u0103 forma de top care l-a consacrat \u00een perioada petrecut\u0103 la CFR Cluj. Cu doar 2 goluri marcate \u00een 18 apari\u021bii, presta\u021biile sale au fost adesea criticate de suporteri, iar rela\u021bia cu stafful tehnic p\u0103rea tensionat\u0103 \u00een ultimele luni.<img loading=\"lazy\" decoding=\"async\" class=\"alignnone size-medium wp-image-43855\" src=\"https:\/\/www.letsportsrock.com\/wp-content\/uploads\/2025\/05\/images-52-7-1-300x180.jpeg\" alt=\"\" width=\"300\" height=\"180\" srcset=\"https:\/\/www.letsportsrock.com\/wp-content\/uploads\/2025\/05\/images-52-7-1-300x180.jpeg 300w, https:\/\/www.letsportsrock.com\/wp-content\/uploads\/2025\/05\/images-52-7-1.jpeg 700w\" sizes=\"auto, (max-width: 300px) 100vw, 300px\" \/><\/p>\n<p>\u201eSimt c\u0103 este momentul s\u0103 fac un pas \u00eenapoi pentru a face doi \u00eenainte. Le mul\u021bumesc celor de la Universitatea Craiova pentru \u0219ansa oferit\u0103. Acum m\u0103 concentrez pe a reveni acolo unde \u00eemi este locul\u201d, a mai spus Mogo\u0219.<\/p>\n<p>Surse apropiate fotbalistului sus\u021bin c\u0103 acesta ar putea reveni la o echip\u0103 din str\u0103in\u0103tate sau chiar la CFR Cluj, unde a cunoscut cea mai bun\u0103 perioad\u0103 a carierei. Fanii a\u0219teapt\u0103 cu interes anun\u021bul oficial privind viitorul s\u0103u.<\/p>\n\n<div style=\"font-size: 0px; height: 0px; line-height: 0px; margin: 0; padding: 0; clear: both;\"><\/div>","protected":false},"excerpt":{"rendered":"<p>\u201cRevin.\u201d Fostul atacant vedet\u0103 Vasile Mogo\u0219 de la CFR Cluj \u0219i-a reziliat contractul cu Universitatea Craiova, declar\u00e2nd c\u0103 va\u2026.. &nbsp; &nbsp; \u201eRevin.\u201d Vasile Mogo\u0219, fostul atacant vedet\u0103 de la CFR Cluj, \u0219i-a reziliat contractul cu Universitatea Craiova Vasile Mogo\u0219, fostul atacant de la CFR Cluj, a pus cap\u0103t oficial colabor\u0103rii cu Universitatea Craiova. \u00centr-un comunicat [&hellip;]<\/p>\n","protected":false},"author":9,"featured_media":43854,"comment_status":"open","ping_status":"open","sticky":false,"template":"","format":"standard","meta":{"_jetpack_memberships_contains_paid_content":false,"footnotes":""},"categories":[1],"tags":[682],"class_list":["post-43853","post","type-post","status-publish","format-standard","has-post-thumbnail","hentry","category-uncategorized","tag-universitatea-craiova"],"yoast_head":"<!-- This site is optimized with the Yoast SEO plugin v27.4 - https:\/\/yoast.com\/product\/yoast-seo-wordpress\/ -->\n<title>\u201cRevin.\u201d Fostul atacant vedet\u0103 Vasile Mogo\u0219 de la CFR Cluj \u0219i-a reziliat contractul cu Universitatea Craiova, declar\u00e2nd c\u0103 va\u2026..<\/title>\n<meta name=\"description\" content=\"\u201cRevin.\u201d Fostul atacant vedet\u0103 Vasile Mogo\u0219 de la CFR Cluj \u0219i-a reziliat contractul cu Universitatea Craiova, declar\u00e2nd c\u0103 va\u2026..\" \/>\n<meta name=\"robots\" content=\"index, follow, max-snippet:-1, max-image-preview:large, max-video-preview:-1\" \/>\n<link rel=\"canonical\" href=\"https:\/\/www.letsportsrock.com\/?p=43853\" \/>\n<meta property=\"og:locale\" content=\"en_US\" \/>\n<meta property=\"og:type\" content=\"article\" \/>\n<meta property=\"og:title\" content=\"\u201cRevin.\u201d Fostul atacant vedet\u0103 Vasile Mogo\u0219 de la CFR Cluj \u0219i-a reziliat contractul cu Universitatea Craiova, declar\u00e2nd c\u0103 va\u2026..\" \/>\n<meta property=\"og:description\" content=\"\u201cRevin.\u201d Fostul atacant vedet\u0103 Vasile Mogo\u0219 de la CFR Cluj \u0219i-a reziliat contractul cu Universitatea Craiova, declar\u00e2nd c\u0103 va\u2026..\" \/>\n<meta property=\"og:url\" content=\"https:\/\/www.letsportsrock.com\/?p=43853\" \/>\n<meta property=\"og:site_name\" content=\"letsportsrock\" \/>\n<meta property=\"article:published_time\" content=\"2025-05-29T10:03:05+00:00\" \/>\n<meta property=\"og:image\" content=\"https:\/\/www.letsportsrock.com\/wp-content\/uploads\/2025\/05\/images-52-6-1.jpeg\" \/>\n\t<meta property=\"og:image:width\" content=\"700\" \/>\n\t<meta property=\"og:image:height\" content=\"420\" \/>\n\t<meta property=\"og:image:type\" content=\"image\/jpeg\" \/>\n<meta name=\"author\" content=\"Paul Hembaor\" \/>\n<meta name=\"twitter:card\" content=\"summary_large_image\" \/>\n<meta name=\"twitter:label1\" content=\"Written by\" \/>\n\t<meta name=\"twitter:data1\" content=\"Paul Hembaor\" \/>\n\t<meta name=\"twitter:label2\" content=\"Est. reading time\" \/>\n\t<meta name=\"twitter:data2\" content=\"2 minutes\" \/>\n<script type=\"application\/ld+json\" class=\"yoast-schema-graph\">{\"@context\":\"https:\\\/\\\/schema.org\",\"@graph\":[{\"@type\":\"Article\",\"@id\":\"https:\\\/\\\/www.letsportsrock.com\\\/?p=43853#article\",\"isPartOf\":{\"@id\":\"https:\\\/\\\/www.letsportsrock.com\\\/?p=43853\"},\"author\":{\"name\":\"Paul Hembaor\",\"@id\":\"https:\\\/\\\/www.letsportsrock.com\\\/#\\\/schema\\\/person\\\/97aa0f336f5a3ca15a8ec7d78846f045\"},\"headline\":\"\u201cRevin.\u201d Fostul atacant vedet\u0103 Vasile Mogo\u0219 de la CFR Cluj \u0219i-a reziliat contractul cu Universitatea Craiova, declar\u00e2nd c\u0103 va\u2026..\",\"datePublished\":\"2025-05-29T10:03:05+00:00\",\"mainEntityOfPage\":{\"@id\":\"https:\\\/\\\/www.letsportsrock.com\\\/?p=43853\"},\"wordCount\":245,\"commentCount\":0,\"image\":{\"@id\":\"https:\\\/\\\/www.letsportsrock.com\\\/?p=43853#primaryimage\"},\"thumbnailUrl\":\"https:\\\/\\\/www.letsportsrock.com\\\/wp-content\\\/uploads\\\/2025\\\/05\\\/images-52-6-1.jpeg\",\"keywords\":[\"Universitatea Craiova\"],\"inLanguage\":\"en-US\",\"potentialAction\":[{\"@type\":\"CommentAction\",\"name\":\"Comment\",\"target\":[\"https:\\\/\\\/www.letsportsrock.com\\\/?p=43853#respond\"]}]},{\"@type\":\"WebPage\",\"@id\":\"https:\\\/\\\/www.letsportsrock.com\\\/?p=43853\",\"url\":\"https:\\\/\\\/www.letsportsrock.com\\\/?p=43853\",\"name\":\"\u201cRevin.\u201d Fostul atacant vedet\u0103 Vasile Mogo\u0219 de la CFR Cluj \u0219i-a reziliat contractul cu Universitatea Craiova, declar\u00e2nd c\u0103 va\u2026..\",\"isPartOf\":{\"@id\":\"https:\\\/\\\/www.letsportsrock.com\\\/#website\"},\"primaryImageOfPage\":{\"@id\":\"https:\\\/\\\/www.letsportsrock.com\\\/?p=43853#primaryimage\"},\"image\":{\"@id\":\"https:\\\/\\\/www.letsportsrock.com\\\/?p=43853#primaryimage\"},\"thumbnailUrl\":\"https:\\\/\\\/www.letsportsrock.com\\\/wp-content\\\/uploads\\\/2025\\\/05\\\/images-52-6-1.jpeg\",\"datePublished\":\"2025-05-29T10:03:05+00:00\",\"author\":{\"@id\":\"https:\\\/\\\/www.letsportsrock.com\\\/#\\\/schema\\\/person\\\/97aa0f336f5a3ca15a8ec7d78846f045\"},\"description\":\"\u201cRevin.\u201d Fostul atacant vedet\u0103 Vasile Mogo\u0219 de la CFR Cluj \u0219i-a reziliat contractul cu Universitatea Craiova, declar\u00e2nd c\u0103 va\u2026..\",\"breadcrumb\":{\"@id\":\"https:\\\/\\\/www.letsportsrock.com\\\/?p=43853#breadcrumb\"},\"inLanguage\":\"en-US\",\"potentialAction\":[{\"@type\":\"ReadAction\",\"target\":[\"https:\\\/\\\/www.letsportsrock.com\\\/?p=43853\"]}]},{\"@type\":\"ImageObject\",\"inLanguage\":\"en-US\",\"@id\":\"https:\\\/\\\/www.letsportsrock.com\\\/?p=43853#primaryimage\",\"url\":\"https:\\\/\\\/www.letsportsrock.com\\\/wp-content\\\/uploads\\\/2025\\\/05\\\/images-52-6-1.jpeg\",\"contentUrl\":\"https:\\\/\\\/www.letsportsrock.com\\\/wp-content\\\/uploads\\\/2025\\\/05\\\/images-52-6-1.jpeg\",\"width\":700,\"height\":420},{\"@type\":\"BreadcrumbList\",\"@id\":\"https:\\\/\\\/www.letsportsrock.com\\\/?p=43853#breadcrumb\",\"itemListElement\":[{\"@type\":\"ListItem\",\"position\":1,\"name\":\"Home\",\"item\":\"https:\\\/\\\/www.letsportsrock.com\\\/\"},{\"@type\":\"ListItem\",\"position\":2,\"name\":\"\u201cRevin.\u201d Fostul atacant vedet\u0103 Vasile Mogo\u0219 de la CFR Cluj \u0219i-a reziliat contractul cu Universitatea Craiova, declar\u00e2nd c\u0103 va\u2026..\"}]},{\"@type\":\"WebSite\",\"@id\":\"https:\\\/\\\/www.letsportsrock.com\\\/#website\",\"url\":\"https:\\\/\\\/www.letsportsrock.com\\\/\",\"name\":\"letsportsrock\",\"description\":\"Sport News and Updates\",\"potentialAction\":[{\"@type\":\"SearchAction\",\"target\":{\"@type\":\"EntryPoint\",\"urlTemplate\":\"https:\\\/\\\/www.letsportsrock.com\\\/?s={search_term_string}\"},\"query-input\":{\"@type\":\"PropertyValueSpecification\",\"valueRequired\":true,\"valueName\":\"search_term_string\"}}],\"inLanguage\":\"en-US\"},{\"@type\":\"Person\",\"@id\":\"https:\\\/\\\/www.letsportsrock.com\\\/#\\\/schema\\\/person\\\/97aa0f336f5a3ca15a8ec7d78846f045\",\"name\":\"Paul Hembaor\",\"image\":{\"@type\":\"ImageObject\",\"inLanguage\":\"en-US\",\"@id\":\"https:\\\/\\\/secure.gravatar.com\\\/avatar\\\/0574929a03c152e8ea7939c31311f9ea2fe2e06139cd71e2d6e698c217219d60?s=96&d=mm&r=g\",\"url\":\"https:\\\/\\\/secure.gravatar.com\\\/avatar\\\/0574929a03c152e8ea7939c31311f9ea2fe2e06139cd71e2d6e698c217219d60?s=96&d=mm&r=g\",\"contentUrl\":\"https:\\\/\\\/secure.gravatar.com\\\/avatar\\\/0574929a03c152e8ea7939c31311f9ea2fe2e06139cd71e2d6e698c217219d60?s=96&d=mm&r=g\",\"caption\":\"Paul Hembaor\"},\"sameAs\":[\"https:\\\/\\\/www.letsportsrock.com\\\/wp-admin\\\/\"],\"url\":\"https:\\\/\\\/www.letsportsrock.com\\\/?author=9\"}]}<\/script>\n<!-- \/ Yoast SEO plugin. -->","yoast_head_json":{"title":"\u201cRevin.\u201d Fostul atacant vedet\u0103 Vasile Mogo\u0219 de la CFR Cluj \u0219i-a reziliat contractul cu Universitatea Craiova, declar\u00e2nd c\u0103 va\u2026..","description":"\u201cRevin.\u201d Fostul atacant vedet\u0103 Vasile Mogo\u0219 de la CFR Cluj \u0219i-a reziliat contractul cu Universitatea Craiova, declar\u00e2nd c\u0103 va\u2026..","robots":{"index":"index","follow":"follow","max-snippet":"max-snippet:-1","max-image-preview":"max-image-preview:large","max-video-preview":"max-video-preview:-1"},"canonical":"https:\/\/www.letsportsrock.com\/?p=43853","og_locale":"en_US","og_type":"article","og_title":"\u201cRevin.\u201d Fostul atacant vedet\u0103 Vasile Mogo\u0219 de la CFR Cluj \u0219i-a reziliat contractul cu Universitatea Craiova, declar\u00e2nd c\u0103 va\u2026..","og_description":"\u201cRevin.\u201d Fostul atacant vedet\u0103 Vasile Mogo\u0219 de la CFR Cluj \u0219i-a reziliat contractul cu Universitatea Craiova, declar\u00e2nd c\u0103 va\u2026..","og_url":"https:\/\/www.letsportsrock.com\/?p=43853","og_site_name":"letsportsrock","article_published_time":"2025-05-29T10:03:05+00:00","og_image":[{"width":700,"height":420,"url":"https:\/\/www.letsportsrock.com\/wp-content\/uploads\/2025\/05\/images-52-6-1.jpeg","type":"image\/jpeg"}],"author":"Paul Hembaor","twitter_card":"summary_large_image","twitter_misc":{"Written by":"Paul Hembaor","Est. reading time":"2 minutes"},"schema":{"@context":"https:\/\/schema.org","@graph":[{"@type":"Article","@id":"https:\/\/www.letsportsrock.com\/?p=43853#article","isPartOf":{"@id":"https:\/\/www.letsportsrock.com\/?p=43853"},"author":{"name":"Paul Hembaor","@id":"https:\/\/www.letsportsrock.com\/#\/schema\/person\/97aa0f336f5a3ca15a8ec7d78846f045"},"headline":"\u201cRevin.\u201d Fostul atacant vedet\u0103 Vasile Mogo\u0219 de la CFR Cluj \u0219i-a reziliat contractul cu Universitatea Craiova, declar\u00e2nd c\u0103 va\u2026..","datePublished":"2025-05-29T10:03:05+00:00","mainEntityOfPage":{"@id":"https:\/\/www.letsportsrock.com\/?p=43853"},"wordCount":245,"commentCount":0,"image":{"@id":"https:\/\/www.letsportsrock.com\/?p=43853#primaryimage"},"thumbnailUrl":"https:\/\/www.letsportsrock.com\/wp-content\/uploads\/2025\/05\/images-52-6-1.jpeg","keywords":["Universitatea Craiova"],"inLanguage":"en-US","potentialAction":[{"@type":"CommentAction","name":"Comment","target":["https:\/\/www.letsportsrock.com\/?p=43853#respond"]}]},{"@type":"WebPage","@id":"https:\/\/www.letsportsrock.com\/?p=43853","url":"https:\/\/www.letsportsrock.com\/?p=43853","name":"\u201cRevin.\u201d Fostul atacant vedet\u0103 Vasile Mogo\u0219 de la CFR Cluj \u0219i-a reziliat contractul cu Universitatea Craiova, declar\u00e2nd c\u0103 va\u2026..","isPartOf":{"@id":"https:\/\/www.letsportsrock.com\/#website"},"primaryImageOfPage":{"@id":"https:\/\/www.letsportsrock.com\/?p=43853#primaryimage"},"image":{"@id":"https:\/\/www.letsportsrock.com\/?p=43853#primaryimage"},"thumbnailUrl":"https:\/\/www.letsportsrock.com\/wp-content\/uploads\/2025\/05\/images-52-6-1.jpeg","datePublished":"2025-05-29T10:03:05+00:00","author":{"@id":"https:\/\/www.letsportsrock.com\/#\/schema\/person\/97aa0f336f5a3ca15a8ec7d78846f045"},"description":"\u201cRevin.\u201d Fostul atacant vedet\u0103 Vasile Mogo\u0219 de la CFR Cluj \u0219i-a reziliat contractul cu Universitatea Craiova, declar\u00e2nd c\u0103 va\u2026..","breadcrumb":{"@id":"https:\/\/www.letsportsrock.com\/?p=43853#breadcrumb"},"inLanguage":"en-US","potentialAction":[{"@type":"ReadAction","target":["https:\/\/www.letsportsrock.com\/?p=43853"]}]},{"@type":"ImageObject","inLanguage":"en-US","@id":"https:\/\/www.letsportsrock.com\/?p=43853#primaryimage","url":"https:\/\/www.letsportsrock.com\/wp-content\/uploads\/2025\/05\/images-52-6-1.jpeg","contentUrl":"https:\/\/www.letsportsrock.com\/wp-content\/uploads\/2025\/05\/images-52-6-1.jpeg","width":700,"height":420},{"@type":"BreadcrumbList","@id":"https:\/\/www.letsportsrock.com\/?p=43853#breadcrumb","itemListElement":[{"@type":"ListItem","position":1,"name":"Home","item":"https:\/\/www.letsportsrock.com\/"},{"@type":"ListItem","position":2,"name":"\u201cRevin.\u201d Fostul atacant vedet\u0103 Vasile Mogo\u0219 de la CFR Cluj \u0219i-a reziliat contractul cu Universitatea Craiova, declar\u00e2nd c\u0103 va\u2026.."}]},{"@type":"WebSite","@id":"https:\/\/www.letsportsrock.com\/#website","url":"https:\/\/www.letsportsrock.com\/","name":"letsportsrock","description":"Sport News and Updates","potentialAction":[{"@type":"SearchAction","target":{"@type":"EntryPoint","urlTemplate":"https:\/\/www.letsportsrock.com\/?s={search_term_string}"},"query-input":{"@type":"PropertyValueSpecification","valueRequired":true,"valueName":"search_term_string"}}],"inLanguage":"en-US"},{"@type":"Person","@id":"https:\/\/www.letsportsrock.com\/#\/schema\/person\/97aa0f336f5a3ca15a8ec7d78846f045","name":"Paul Hembaor","image":{"@type":"ImageObject","inLanguage":"en-US","@id":"https:\/\/secure.gravatar.com\/avatar\/0574929a03c152e8ea7939c31311f9ea2fe2e06139cd71e2d6e698c217219d60?s=96&d=mm&r=g","url":"https:\/\/secure.gravatar.com\/avatar\/0574929a03c152e8ea7939c31311f9ea2fe2e06139cd71e2d6e698c217219d60?s=96&d=mm&r=g","contentUrl":"https:\/\/secure.gravatar.com\/avatar\/0574929a03c152e8ea7939c31311f9ea2fe2e06139cd71e2d6e698c217219d60?s=96&d=mm&r=g","caption":"Paul Hembaor"},"sameAs":["https:\/\/www.letsportsrock.com\/wp-admin\/"],"url":"https:\/\/www.letsportsrock.com\/?author=9"}]}},"jetpack_featured_media_url":"https:\/\/www.letsportsrock.com\/wp-content\/uploads\/2025\/05\/images-52-6-1.jpeg","jetpack_sharing_enabled":true,"_links":{"self":[{"href":"https:\/\/www.letsportsrock.com\/index.php?rest_route=\/wp\/v2\/posts\/43853","targetHints":{"allow":["GET"]}}],"collection":[{"href":"https:\/\/www.letsportsrock.com\/index.php?rest_route=\/wp\/v2\/posts"}],"about":[{"href":"https:\/\/www.letsportsrock.com\/index.php?rest_route=\/wp\/v2\/types\/post"}],"author":[{"embeddable":true,"href":"https:\/\/www.letsportsrock.com\/index.php?rest_route=\/wp\/v2\/users\/9"}],"replies":[{"embeddable":true,"href":"https:\/\/www.letsportsrock.com\/index.php?rest_route=%2Fwp%2Fv2%2Fcomments&post=43853"}],"version-history":[{"count":1,"href":"https:\/\/www.letsportsrock.com\/index.php?rest_route=\/wp\/v2\/posts\/43853\/revisions"}],"predecessor-version":[{"id":43856,"href":"https:\/\/www.letsportsrock.com\/index.php?rest_route=\/wp\/v2\/posts\/43853\/revisions\/43856"}],"wp:featuredmedia":[{"embeddable":true,"href":"https:\/\/www.letsportsrock.com\/index.php?rest_route=\/wp\/v2\/media\/43854"}],"wp:attachment":[{"href":"https:\/\/www.letsportsrock.com\/index.php?rest_route=%2Fwp%2Fv2%2Fmedia&parent=43853"}],"wp:term":[{"taxonomy":"category","embeddable":true,"href":"https:\/\/www.letsportsrock.com\/index.php?rest_route=%2Fwp%2Fv2%2Fcategories&post=43853"},{"taxonomy":"post_tag","embeddable":true,"href":"https:\/\/www.letsportsrock.com\/index.php?rest_route=%2Fwp%2Fv2%2Ftags&post=43853"}],"curies":[{"name":"wp","href":"https:\/\/api.w.org\/{rel}","templated":true}]}}