{"id":44214,"date":"2025-05-30T23:52:04","date_gmt":"2025-05-30T23:52:04","guid":{"rendered":"https:\/\/www.letsportsrock.com\/?p=44214"},"modified":"2025-05-30T23:52:04","modified_gmt":"2025-05-30T23:52:04","slug":"catalin-cirjan-se-alatura-cfr-cluj-intr-o-mutare-ambitioasa-pentru-consolidarea-liniei-de-mijloc","status":"publish","type":"post","link":"https:\/\/www.letsportsrock.com\/?p=44214","title":{"rendered":"C\u0103t\u0103lin C\u00eerjan se al\u0103tur\u0103 CFR Cluj \u00eentr-o mutare ambi\u021bioas\u0103 pentru consolidarea liniei de mijloc&#8230;."},"content":{"rendered":"<div class=\"d79db4796efc26332eabfc3f5dafbc76\" data-index=\"1\" style=\"float: none; margin:10px 0 10px 0; text-align:center;\">\n<div class=\"hb-ad-inarticle\">\r\n    <div class=\"hb-ad-inner\"> \r\n    <div class=\"hbagency_cls\"  id=\"hbagency_space_111930\"><\/div><\/div> <\/div>\n<\/div>\n<p>C\u0103t\u0103lin C\u00eerjan se al\u0103tur\u0103 CFR Cluj \u00eentr-o mutare ambi\u021bioas\u0103 pentru consolidarea liniei de mijloc&#8230;.<\/p>\n<p>&nbsp;<\/p>\n<p>C\u0103t\u0103lin C\u00eerjan se al\u0103tur\u0103 CFR Cluj \u00eentr-o mutare ambi\u021bioas\u0103 menit\u0103 s\u0103 \u00eent\u0103reasc\u0103 linia de mijloc a echipei ardelene. T\u00e2n\u0103rul mijloca\u0219 rom\u00e2n, fost component al academiei Arsenal \u0219i al echipei U23 a clubului londonez, vine cu un bagaj valoros de experien\u021b\u0103 interna\u021bional\u0103 \u0219i cu o dorin\u021b\u0103 clar\u0103 de afirmare \u00een Superliga Rom\u00e2niei.<\/p>\n<p><img loading=\"lazy\" decoding=\"async\" class=\"alignnone size-medium wp-image-44216\" src=\"https:\/\/www.letsportsrock.com\/wp-content\/uploads\/2025\/05\/images-56-12-300x200.jpeg\" alt=\"\" width=\"300\" height=\"200\" srcset=\"https:\/\/www.letsportsrock.com\/wp-content\/uploads\/2025\/05\/images-56-12-300x200.jpeg 300w, https:\/\/www.letsportsrock.com\/wp-content\/uploads\/2025\/05\/images-56-12.jpeg 612w\" sizes=\"auto, (max-width: 300px) 100vw, 300px\" \/><\/p>\n<p>Transferul s\u0103u este v\u0103zut ca o mi\u0219care strategic\u0103 a celor de la CFR, care \u00ee\u0219i propun s\u0103 reconstruiasc\u0103 un lot competitiv \u00een lupta pentru titlu \u0219i pentru accederea \u00een cupele europene. C\u00eerjan aduce creativitate, viziune \u00een joc \u0219i un plus de dinamism \u00een compartimentul median, calit\u0103\u021bi care se potrivesc perfect stilului impus de noul antrenor. A\u0219tept\u0103rile sunt mari, dar \u0219i \u00eencrederea \u00een poten\u021bialul s\u0103u este pe m\u0103sur\u0103.<\/p>\n<p>&nbsp;<\/p>\n<p>Pentru C\u00eerjan, aceasta este o oportunitate ideal\u0103 de relansare dup\u0103 perioada dificil\u0103 marcat\u0103 de accident\u0103ri. La doar 21 de ani, mijloca\u0219ul are \u0219ansa s\u0103 devin\u0103 un pilon esen\u021bial pentru viitorul echipei din Gruia \u0219i s\u0103 reintre \u00een circuitul echipei na\u021bionale.<\/p>\n\n<div style=\"font-size: 0px; height: 0px; line-height: 0px; margin: 0; padding: 0; clear: both;\"><\/div>","protected":false},"excerpt":{"rendered":"<p>C\u0103t\u0103lin C\u00eerjan se al\u0103tur\u0103 CFR Cluj \u00eentr-o mutare ambi\u021bioas\u0103 pentru consolidarea liniei de mijloc&#8230;. &nbsp; C\u0103t\u0103lin C\u00eerjan se al\u0103tur\u0103 CFR Cluj \u00eentr-o mutare ambi\u021bioas\u0103 menit\u0103 s\u0103 \u00eent\u0103reasc\u0103 linia de mijloc a echipei ardelene. T\u00e2n\u0103rul mijloca\u0219 rom\u00e2n, fost component al academiei Arsenal \u0219i al echipei U23 a clubului londonez, vine cu un bagaj valoros de experien\u021b\u0103 [&hellip;]<\/p>\n","protected":false},"author":15,"featured_media":44215,"comment_status":"open","ping_status":"open","sticky":false,"template":"","format":"standard","meta":{"_jetpack_memberships_contains_paid_content":false,"footnotes":""},"categories":[1],"tags":[666],"class_list":["post-44214","post","type-post","status-publish","format-standard","has-post-thumbnail","hentry","category-uncategorized","tag-cfr-istii"],"yoast_head":"<!-- This site is optimized with the Yoast SEO plugin v27.4 - https:\/\/yoast.com\/product\/yoast-seo-wordpress\/ -->\n<title>C\u0103t\u0103lin C\u00eerjan se al\u0103tur\u0103 CFR Cluj \u00eentr-o mutare ambi\u021bioas\u0103 pentru consolidarea liniei de mijloc....<\/title>\n<meta name=\"description\" content=\"C\u0103t\u0103lin C\u00eerjan se al\u0103tur\u0103 CFR Cluj \u00eentr-o mutare ambi\u021bioas\u0103 pentru consolidarea liniei de mijloc....\" \/>\n<meta name=\"robots\" content=\"index, follow, max-snippet:-1, max-image-preview:large, max-video-preview:-1\" \/>\n<link rel=\"canonical\" href=\"https:\/\/www.letsportsrock.com\/?p=44214\" \/>\n<meta property=\"og:locale\" content=\"en_US\" \/>\n<meta property=\"og:type\" content=\"article\" \/>\n<meta property=\"og:title\" content=\"C\u0103t\u0103lin C\u00eerjan se al\u0103tur\u0103 CFR Cluj \u00eentr-o mutare ambi\u021bioas\u0103 pentru consolidarea liniei de mijloc....\" \/>\n<meta property=\"og:description\" content=\"C\u0103t\u0103lin C\u00eerjan se al\u0103tur\u0103 CFR Cluj \u00eentr-o mutare ambi\u021bioas\u0103 pentru consolidarea liniei de mijloc....\" \/>\n<meta property=\"og:url\" content=\"https:\/\/www.letsportsrock.com\/?p=44214\" \/>\n<meta property=\"og:site_name\" content=\"letsportsrock\" \/>\n<meta property=\"article:published_time\" content=\"2025-05-30T23:52:04+00:00\" \/>\n<meta property=\"og:image\" content=\"https:\/\/www.letsportsrock.com\/wp-content\/uploads\/2025\/05\/images-55-11.jpeg\" \/>\n\t<meta property=\"og:image:width\" content=\"183\" \/>\n\t<meta property=\"og:image:height\" content=\"275\" \/>\n\t<meta property=\"og:image:type\" content=\"image\/jpeg\" \/>\n<meta name=\"author\" content=\"Amos Nabizo\" \/>\n<meta name=\"twitter:card\" content=\"summary_large_image\" \/>\n<meta name=\"twitter:label1\" content=\"Written by\" \/>\n\t<meta name=\"twitter:data1\" content=\"Amos Nabizo\" \/>\n\t<meta name=\"twitter:label2\" content=\"Est. reading time\" \/>\n\t<meta name=\"twitter:data2\" content=\"2 minutes\" \/>\n<script type=\"application\/ld+json\" class=\"yoast-schema-graph\">{\"@context\":\"https:\\\/\\\/schema.org\",\"@graph\":[{\"@type\":\"Article\",\"@id\":\"https:\\\/\\\/www.letsportsrock.com\\\/?p=44214#article\",\"isPartOf\":{\"@id\":\"https:\\\/\\\/www.letsportsrock.com\\\/?p=44214\"},\"author\":{\"name\":\"Amos Nabizo\",\"@id\":\"https:\\\/\\\/www.letsportsrock.com\\\/#\\\/schema\\\/person\\\/044479f72bdbd75f9523e745d3be6c30\"},\"headline\":\"C\u0103t\u0103lin C\u00eerjan se al\u0103tur\u0103 CFR Cluj \u00eentr-o mutare ambi\u021bioas\u0103 pentru consolidarea liniei de mijloc&#8230;.\",\"datePublished\":\"2025-05-30T23:52:04+00:00\",\"mainEntityOfPage\":{\"@id\":\"https:\\\/\\\/www.letsportsrock.com\\\/?p=44214\"},\"wordCount\":223,\"commentCount\":0,\"image\":{\"@id\":\"https:\\\/\\\/www.letsportsrock.com\\\/?p=44214#primaryimage\"},\"thumbnailUrl\":\"https:\\\/\\\/www.letsportsrock.com\\\/wp-content\\\/uploads\\\/2025\\\/05\\\/images-55-11.jpeg\",\"keywords\":[\"CFR I\u0218TII\"],\"inLanguage\":\"en-US\",\"potentialAction\":[{\"@type\":\"CommentAction\",\"name\":\"Comment\",\"target\":[\"https:\\\/\\\/www.letsportsrock.com\\\/?p=44214#respond\"]}]},{\"@type\":\"WebPage\",\"@id\":\"https:\\\/\\\/www.letsportsrock.com\\\/?p=44214\",\"url\":\"https:\\\/\\\/www.letsportsrock.com\\\/?p=44214\",\"name\":\"C\u0103t\u0103lin C\u00eerjan se al\u0103tur\u0103 CFR Cluj \u00eentr-o mutare ambi\u021bioas\u0103 pentru consolidarea liniei de mijloc....\",\"isPartOf\":{\"@id\":\"https:\\\/\\\/www.letsportsrock.com\\\/#website\"},\"primaryImageOfPage\":{\"@id\":\"https:\\\/\\\/www.letsportsrock.com\\\/?p=44214#primaryimage\"},\"image\":{\"@id\":\"https:\\\/\\\/www.letsportsrock.com\\\/?p=44214#primaryimage\"},\"thumbnailUrl\":\"https:\\\/\\\/www.letsportsrock.com\\\/wp-content\\\/uploads\\\/2025\\\/05\\\/images-55-11.jpeg\",\"datePublished\":\"2025-05-30T23:52:04+00:00\",\"author\":{\"@id\":\"https:\\\/\\\/www.letsportsrock.com\\\/#\\\/schema\\\/person\\\/044479f72bdbd75f9523e745d3be6c30\"},\"description\":\"C\u0103t\u0103lin C\u00eerjan se al\u0103tur\u0103 CFR Cluj \u00eentr-o mutare ambi\u021bioas\u0103 pentru consolidarea liniei de mijloc....\",\"breadcrumb\":{\"@id\":\"https:\\\/\\\/www.letsportsrock.com\\\/?p=44214#breadcrumb\"},\"inLanguage\":\"en-US\",\"potentialAction\":[{\"@type\":\"ReadAction\",\"target\":[\"https:\\\/\\\/www.letsportsrock.com\\\/?p=44214\"]}]},{\"@type\":\"ImageObject\",\"inLanguage\":\"en-US\",\"@id\":\"https:\\\/\\\/www.letsportsrock.com\\\/?p=44214#primaryimage\",\"url\":\"https:\\\/\\\/www.letsportsrock.com\\\/wp-content\\\/uploads\\\/2025\\\/05\\\/images-55-11.jpeg\",\"contentUrl\":\"https:\\\/\\\/www.letsportsrock.com\\\/wp-content\\\/uploads\\\/2025\\\/05\\\/images-55-11.jpeg\",\"width\":183,\"height\":275},{\"@type\":\"BreadcrumbList\",\"@id\":\"https:\\\/\\\/www.letsportsrock.com\\\/?p=44214#breadcrumb\",\"itemListElement\":[{\"@type\":\"ListItem\",\"position\":1,\"name\":\"Home\",\"item\":\"https:\\\/\\\/www.letsportsrock.com\\\/\"},{\"@type\":\"ListItem\",\"position\":2,\"name\":\"C\u0103t\u0103lin C\u00eerjan se al\u0103tur\u0103 CFR Cluj \u00eentr-o mutare ambi\u021bioas\u0103 pentru consolidarea liniei de mijloc&#8230;.\"}]},{\"@type\":\"WebSite\",\"@id\":\"https:\\\/\\\/www.letsportsrock.com\\\/#website\",\"url\":\"https:\\\/\\\/www.letsportsrock.com\\\/\",\"name\":\"letsportsrock\",\"description\":\"Sport News and Updates\",\"potentialAction\":[{\"@type\":\"SearchAction\",\"target\":{\"@type\":\"EntryPoint\",\"urlTemplate\":\"https:\\\/\\\/www.letsportsrock.com\\\/?s={search_term_string}\"},\"query-input\":{\"@type\":\"PropertyValueSpecification\",\"valueRequired\":true,\"valueName\":\"search_term_string\"}}],\"inLanguage\":\"en-US\"},{\"@type\":\"Person\",\"@id\":\"https:\\\/\\\/www.letsportsrock.com\\\/#\\\/schema\\\/person\\\/044479f72bdbd75f9523e745d3be6c30\",\"name\":\"Amos Nabizo\",\"image\":{\"@type\":\"ImageObject\",\"inLanguage\":\"en-US\",\"@id\":\"https:\\\/\\\/secure.gravatar.com\\\/avatar\\\/d569857c07d3899c6ca842ffea32daa1672c05549833530fe37e68ae7b521ba4?s=96&d=mm&r=g\",\"url\":\"https:\\\/\\\/secure.gravatar.com\\\/avatar\\\/d569857c07d3899c6ca842ffea32daa1672c05549833530fe37e68ae7b521ba4?s=96&d=mm&r=g\",\"contentUrl\":\"https:\\\/\\\/secure.gravatar.com\\\/avatar\\\/d569857c07d3899c6ca842ffea32daa1672c05549833530fe37e68ae7b521ba4?s=96&d=mm&r=g\",\"caption\":\"Amos Nabizo\"},\"sameAs\":[\"https:\\\/\\\/www.letsportsrock.com\\\/wp-admin\\\/\"],\"url\":\"https:\\\/\\\/www.letsportsrock.com\\\/?author=15\"}]}<\/script>\n<!-- \/ Yoast SEO plugin. -->","yoast_head_json":{"title":"C\u0103t\u0103lin C\u00eerjan se al\u0103tur\u0103 CFR Cluj \u00eentr-o mutare ambi\u021bioas\u0103 pentru consolidarea liniei de mijloc....","description":"C\u0103t\u0103lin C\u00eerjan se al\u0103tur\u0103 CFR Cluj \u00eentr-o mutare ambi\u021bioas\u0103 pentru consolidarea liniei de mijloc....","robots":{"index":"index","follow":"follow","max-snippet":"max-snippet:-1","max-image-preview":"max-image-preview:large","max-video-preview":"max-video-preview:-1"},"canonical":"https:\/\/www.letsportsrock.com\/?p=44214","og_locale":"en_US","og_type":"article","og_title":"C\u0103t\u0103lin C\u00eerjan se al\u0103tur\u0103 CFR Cluj \u00eentr-o mutare ambi\u021bioas\u0103 pentru consolidarea liniei de mijloc....","og_description":"C\u0103t\u0103lin C\u00eerjan se al\u0103tur\u0103 CFR Cluj \u00eentr-o mutare ambi\u021bioas\u0103 pentru consolidarea liniei de mijloc....","og_url":"https:\/\/www.letsportsrock.com\/?p=44214","og_site_name":"letsportsrock","article_published_time":"2025-05-30T23:52:04+00:00","og_image":[{"width":183,"height":275,"url":"https:\/\/www.letsportsrock.com\/wp-content\/uploads\/2025\/05\/images-55-11.jpeg","type":"image\/jpeg"}],"author":"Amos Nabizo","twitter_card":"summary_large_image","twitter_misc":{"Written by":"Amos Nabizo","Est. reading time":"2 minutes"},"schema":{"@context":"https:\/\/schema.org","@graph":[{"@type":"Article","@id":"https:\/\/www.letsportsrock.com\/?p=44214#article","isPartOf":{"@id":"https:\/\/www.letsportsrock.com\/?p=44214"},"author":{"name":"Amos Nabizo","@id":"https:\/\/www.letsportsrock.com\/#\/schema\/person\/044479f72bdbd75f9523e745d3be6c30"},"headline":"C\u0103t\u0103lin C\u00eerjan se al\u0103tur\u0103 CFR Cluj \u00eentr-o mutare ambi\u021bioas\u0103 pentru consolidarea liniei de mijloc&#8230;.","datePublished":"2025-05-30T23:52:04+00:00","mainEntityOfPage":{"@id":"https:\/\/www.letsportsrock.com\/?p=44214"},"wordCount":223,"commentCount":0,"image":{"@id":"https:\/\/www.letsportsrock.com\/?p=44214#primaryimage"},"thumbnailUrl":"https:\/\/www.letsportsrock.com\/wp-content\/uploads\/2025\/05\/images-55-11.jpeg","keywords":["CFR I\u0218TII"],"inLanguage":"en-US","potentialAction":[{"@type":"CommentAction","name":"Comment","target":["https:\/\/www.letsportsrock.com\/?p=44214#respond"]}]},{"@type":"WebPage","@id":"https:\/\/www.letsportsrock.com\/?p=44214","url":"https:\/\/www.letsportsrock.com\/?p=44214","name":"C\u0103t\u0103lin C\u00eerjan se al\u0103tur\u0103 CFR Cluj \u00eentr-o mutare ambi\u021bioas\u0103 pentru consolidarea liniei de mijloc....","isPartOf":{"@id":"https:\/\/www.letsportsrock.com\/#website"},"primaryImageOfPage":{"@id":"https:\/\/www.letsportsrock.com\/?p=44214#primaryimage"},"image":{"@id":"https:\/\/www.letsportsrock.com\/?p=44214#primaryimage"},"thumbnailUrl":"https:\/\/www.letsportsrock.com\/wp-content\/uploads\/2025\/05\/images-55-11.jpeg","datePublished":"2025-05-30T23:52:04+00:00","author":{"@id":"https:\/\/www.letsportsrock.com\/#\/schema\/person\/044479f72bdbd75f9523e745d3be6c30"},"description":"C\u0103t\u0103lin C\u00eerjan se al\u0103tur\u0103 CFR Cluj \u00eentr-o mutare ambi\u021bioas\u0103 pentru consolidarea liniei de mijloc....","breadcrumb":{"@id":"https:\/\/www.letsportsrock.com\/?p=44214#breadcrumb"},"inLanguage":"en-US","potentialAction":[{"@type":"ReadAction","target":["https:\/\/www.letsportsrock.com\/?p=44214"]}]},{"@type":"ImageObject","inLanguage":"en-US","@id":"https:\/\/www.letsportsrock.com\/?p=44214#primaryimage","url":"https:\/\/www.letsportsrock.com\/wp-content\/uploads\/2025\/05\/images-55-11.jpeg","contentUrl":"https:\/\/www.letsportsrock.com\/wp-content\/uploads\/2025\/05\/images-55-11.jpeg","width":183,"height":275},{"@type":"BreadcrumbList","@id":"https:\/\/www.letsportsrock.com\/?p=44214#breadcrumb","itemListElement":[{"@type":"ListItem","position":1,"name":"Home","item":"https:\/\/www.letsportsrock.com\/"},{"@type":"ListItem","position":2,"name":"C\u0103t\u0103lin C\u00eerjan se al\u0103tur\u0103 CFR Cluj \u00eentr-o mutare ambi\u021bioas\u0103 pentru consolidarea liniei de mijloc&#8230;."}]},{"@type":"WebSite","@id":"https:\/\/www.letsportsrock.com\/#website","url":"https:\/\/www.letsportsrock.com\/","name":"letsportsrock","description":"Sport News and Updates","potentialAction":[{"@type":"SearchAction","target":{"@type":"EntryPoint","urlTemplate":"https:\/\/www.letsportsrock.com\/?s={search_term_string}"},"query-input":{"@type":"PropertyValueSpecification","valueRequired":true,"valueName":"search_term_string"}}],"inLanguage":"en-US"},{"@type":"Person","@id":"https:\/\/www.letsportsrock.com\/#\/schema\/person\/044479f72bdbd75f9523e745d3be6c30","name":"Amos Nabizo","image":{"@type":"ImageObject","inLanguage":"en-US","@id":"https:\/\/secure.gravatar.com\/avatar\/d569857c07d3899c6ca842ffea32daa1672c05549833530fe37e68ae7b521ba4?s=96&d=mm&r=g","url":"https:\/\/secure.gravatar.com\/avatar\/d569857c07d3899c6ca842ffea32daa1672c05549833530fe37e68ae7b521ba4?s=96&d=mm&r=g","contentUrl":"https:\/\/secure.gravatar.com\/avatar\/d569857c07d3899c6ca842ffea32daa1672c05549833530fe37e68ae7b521ba4?s=96&d=mm&r=g","caption":"Amos Nabizo"},"sameAs":["https:\/\/www.letsportsrock.com\/wp-admin\/"],"url":"https:\/\/www.letsportsrock.com\/?author=15"}]}},"jetpack_featured_media_url":"https:\/\/www.letsportsrock.com\/wp-content\/uploads\/2025\/05\/images-55-11.jpeg","jetpack_sharing_enabled":true,"_links":{"self":[{"href":"https:\/\/www.letsportsrock.com\/index.php?rest_route=\/wp\/v2\/posts\/44214","targetHints":{"allow":["GET"]}}],"collection":[{"href":"https:\/\/www.letsportsrock.com\/index.php?rest_route=\/wp\/v2\/posts"}],"about":[{"href":"https:\/\/www.letsportsrock.com\/index.php?rest_route=\/wp\/v2\/types\/post"}],"author":[{"embeddable":true,"href":"https:\/\/www.letsportsrock.com\/index.php?rest_route=\/wp\/v2\/users\/15"}],"replies":[{"embeddable":true,"href":"https:\/\/www.letsportsrock.com\/index.php?rest_route=%2Fwp%2Fv2%2Fcomments&post=44214"}],"version-history":[{"count":1,"href":"https:\/\/www.letsportsrock.com\/index.php?rest_route=\/wp\/v2\/posts\/44214\/revisions"}],"predecessor-version":[{"id":44217,"href":"https:\/\/www.letsportsrock.com\/index.php?rest_route=\/wp\/v2\/posts\/44214\/revisions\/44217"}],"wp:featuredmedia":[{"embeddable":true,"href":"https:\/\/www.letsportsrock.com\/index.php?rest_route=\/wp\/v2\/media\/44215"}],"wp:attachment":[{"href":"https:\/\/www.letsportsrock.com\/index.php?rest_route=%2Fwp%2Fv2%2Fmedia&parent=44214"}],"wp:term":[{"taxonomy":"category","embeddable":true,"href":"https:\/\/www.letsportsrock.com\/index.php?rest_route=%2Fwp%2Fv2%2Fcategories&post=44214"},{"taxonomy":"post_tag","embeddable":true,"href":"https:\/\/www.letsportsrock.com\/index.php?rest_route=%2Fwp%2Fv2%2Ftags&post=44214"}],"curies":[{"name":"wp","href":"https:\/\/api.w.org\/{rel}","templated":true}]}}