{"id":44352,"date":"2025-05-31T10:20:53","date_gmt":"2025-05-31T10:20:53","guid":{"rendered":"https:\/\/www.letsportsrock.com\/?p=44352"},"modified":"2025-05-31T10:20:53","modified_gmt":"2025-05-31T10:20:53","slug":"trei-jucatori-olteni-au-fot-convocati-la-lotul-national-pentru-partidele-cu-austria-si-cipru-vladimir-screciu-va-insoti-pe-alexandru-mitrita-si-nicusor-bancu","status":"publish","type":"post","link":"https:\/\/www.letsportsrock.com\/?p=44352","title":{"rendered":"Trei jucatori olteni au fot convocati la lotul national, pentru partidele cu Austria si Cipru: Vladimir Screciu va insoti pe Alexandru Mitrita si Nicusor Bancu!&#8230;"},"content":{"rendered":"<div class=\"d79db4796efc26332eabfc3f5dafbc76\" data-index=\"1\" style=\"float: none; margin:10px 0 10px 0; text-align:center;\">\n<div class=\"hb-ad-inarticle\">\r\n    <div class=\"hb-ad-inner\"> \r\n    <div class=\"hbagency_cls\"  id=\"hbagency_space_111930\"><\/div><\/div> <\/div>\n<\/div>\n<p>Trei jucatori olteni au fot convocati la lotul national, pentru partidele cu Austria si Cipru: Vladimir Screciu va insoti pe Alexandru Mitrita si Nicusor Bancu!&#8230;<\/p>\n<p>&nbsp;<\/p>\n<p>Trei juc\u0103tori olteni au fost convoca\u021bi la echipa na\u021bional\u0103 a Rom\u00e2niei pentru partidele amicale \u00eempotriva Austriei \u0219i Ciprului, programate \u00een luna iunie. Este vorba despre Vladimir Screciu, Alexandru Mitri\u021b\u0103 \u0219i Nicu\u0219or Bancu, to\u021bi componen\u021bi importan\u021bi ai echipei Universitatea Craiova. Selec\u021bionerul a mizat din nou pe constan\u021ba \u0219i forma bun\u0103 ar\u0103tat\u0103 de cei trei fotbali\u0219ti \u00een sezonul recent \u00eencheiat al Superligii.<img loading=\"lazy\" decoding=\"async\" class=\"alignnone size-medium wp-image-44354\" src=\"https:\/\/www.letsportsrock.com\/wp-content\/uploads\/2025\/05\/images-46-15-300x200.jpeg\" alt=\"\" width=\"300\" height=\"200\" srcset=\"https:\/\/www.letsportsrock.com\/wp-content\/uploads\/2025\/05\/images-46-15-300x200.jpeg 300w, https:\/\/www.letsportsrock.com\/wp-content\/uploads\/2025\/05\/images-46-15.jpeg 500w\" sizes=\"auto, (max-width: 300px) 100vw, 300px\" \/><\/p>\n<p>Vladimir Screciu, mijloca\u0219 defensiv apreciat pentru siguran\u021ba oferit\u0103 \u00een fa\u021ba ap\u0103r\u0103rii, prime\u0219te o nou\u0103 \u0219ans\u0103 de a-\u0219i demonstra valoarea \u00een tricoul na\u021bionalei. Alexandru Mitri\u021b\u0103, recunoscut pentru tehnica sa \u0219i contribu\u021biile ofensive decisive, revine \u00een lot cu dorin\u021ba de a aduce un plus de creativitate. C\u0103pitanul Nicu\u0219or Bancu, cu experien\u021ba sa \u0219i versatilitatea pe partea st\u00e2ng\u0103, r\u0103m\u00e2ne un pilon de baz\u0103 \u00een planurile selec\u021bionerului.<\/p>\n<p>Convocarea celor trei reprezint\u0103 o recunoa\u0219tere a valorii fotbalului oltean \u0219i a muncii depuse la nivel de club. Fanii Universit\u0103\u021bii Craiova pot fi m\u00e2ndri c\u0103 tricolorii vor avea un puternic accent oltenesc \u00een urm\u0103toarele confrunt\u0103ri. Meciurile cu Austria \u0219i Cipru vor oferi oportunitatea perfect\u0103 pentru cei trei s\u0103 confirme forma bun\u0103 \u0219i s\u0103-\u0219i consolideze pozi\u021bia \u00een lotul na\u021bional.<\/p>\n\n<div style=\"font-size: 0px; height: 0px; line-height: 0px; margin: 0; padding: 0; clear: both;\"><\/div>","protected":false},"excerpt":{"rendered":"<p>Trei jucatori olteni au fot convocati la lotul national, pentru partidele cu Austria si Cipru: Vladimir Screciu va insoti pe Alexandru Mitrita si Nicusor Bancu!&#8230; &nbsp; Trei juc\u0103tori olteni au fost convoca\u021bi la echipa na\u021bional\u0103 a Rom\u00e2niei pentru partidele amicale \u00eempotriva Austriei \u0219i Ciprului, programate \u00een luna iunie. Este vorba despre Vladimir Screciu, Alexandru Mitri\u021b\u0103 [&hellip;]<\/p>\n","protected":false},"author":9,"featured_media":44353,"comment_status":"open","ping_status":"open","sticky":false,"template":"","format":"standard","meta":{"_jetpack_memberships_contains_paid_content":false,"footnotes":""},"categories":[1],"tags":[640],"class_list":["post-44352","post","type-post","status-publish","format-standard","has-post-thumbnail","hentry","category-uncategorized","tag-fan-andrei-ivan"],"yoast_head":"<!-- This site is optimized with the Yoast SEO plugin v27.4 - https:\/\/yoast.com\/product\/yoast-seo-wordpress\/ -->\n<title>Trei jucatori olteni au fot convocati la lotul national, pentru partidele cu Austria si Cipru: Vladimir Screciu va insoti pe Alexandru Mitrita si Nicusor Bancu!...<\/title>\n<meta name=\"description\" content=\"Trei jucatori olteni au fot convocati la lotul national, pentru partidele cu Austria si Cipru: Vladimir Screciu va insoti pe Alexandru Mitrita si Nicusor Bancu!...\" \/>\n<meta name=\"robots\" content=\"index, follow, max-snippet:-1, max-image-preview:large, max-video-preview:-1\" \/>\n<link rel=\"canonical\" href=\"https:\/\/www.letsportsrock.com\/?p=44352\" \/>\n<meta property=\"og:locale\" content=\"en_US\" \/>\n<meta property=\"og:type\" content=\"article\" \/>\n<meta property=\"og:title\" content=\"Trei jucatori olteni au fot convocati la lotul national, pentru partidele cu Austria si Cipru: Vladimir Screciu va insoti pe Alexandru Mitrita si Nicusor Bancu!...\" \/>\n<meta property=\"og:description\" content=\"Trei jucatori olteni au fot convocati la lotul national, pentru partidele cu Austria si Cipru: Vladimir Screciu va insoti pe Alexandru Mitrita si Nicusor Bancu!...\" \/>\n<meta property=\"og:url\" content=\"https:\/\/www.letsportsrock.com\/?p=44352\" \/>\n<meta property=\"og:site_name\" content=\"letsportsrock\" \/>\n<meta property=\"article:published_time\" content=\"2025-05-31T10:20:53+00:00\" \/>\n<meta property=\"og:image\" content=\"https:\/\/www.letsportsrock.com\/wp-content\/uploads\/2025\/05\/images-45-15.jpeg\" \/>\n\t<meta property=\"og:image:width\" content=\"500\" \/>\n\t<meta property=\"og:image:height\" content=\"564\" \/>\n\t<meta property=\"og:image:type\" content=\"image\/jpeg\" \/>\n<meta name=\"author\" content=\"Paul Hembaor\" \/>\n<meta name=\"twitter:card\" content=\"summary_large_image\" \/>\n<meta name=\"twitter:label1\" content=\"Written by\" \/>\n\t<meta name=\"twitter:data1\" content=\"Paul Hembaor\" \/>\n\t<meta name=\"twitter:label2\" content=\"Est. reading time\" \/>\n\t<meta name=\"twitter:data2\" content=\"2 minutes\" \/>\n<script type=\"application\/ld+json\" class=\"yoast-schema-graph\">{\"@context\":\"https:\\\/\\\/schema.org\",\"@graph\":[{\"@type\":\"Article\",\"@id\":\"https:\\\/\\\/www.letsportsrock.com\\\/?p=44352#article\",\"isPartOf\":{\"@id\":\"https:\\\/\\\/www.letsportsrock.com\\\/?p=44352\"},\"author\":{\"name\":\"Paul Hembaor\",\"@id\":\"https:\\\/\\\/www.letsportsrock.com\\\/#\\\/schema\\\/person\\\/97aa0f336f5a3ca15a8ec7d78846f045\"},\"headline\":\"Trei jucatori olteni au fot convocati la lotul national, pentru partidele cu Austria si Cipru: Vladimir Screciu va insoti pe Alexandru Mitrita si Nicusor Bancu!&#8230;\",\"datePublished\":\"2025-05-31T10:20:53+00:00\",\"mainEntityOfPage\":{\"@id\":\"https:\\\/\\\/www.letsportsrock.com\\\/?p=44352\"},\"wordCount\":269,\"commentCount\":0,\"image\":{\"@id\":\"https:\\\/\\\/www.letsportsrock.com\\\/?p=44352#primaryimage\"},\"thumbnailUrl\":\"https:\\\/\\\/www.letsportsrock.com\\\/wp-content\\\/uploads\\\/2025\\\/05\\\/images-45-15.jpeg\",\"keywords\":[\"Fan Andrei Ivan\"],\"inLanguage\":\"en-US\",\"potentialAction\":[{\"@type\":\"CommentAction\",\"name\":\"Comment\",\"target\":[\"https:\\\/\\\/www.letsportsrock.com\\\/?p=44352#respond\"]}]},{\"@type\":\"WebPage\",\"@id\":\"https:\\\/\\\/www.letsportsrock.com\\\/?p=44352\",\"url\":\"https:\\\/\\\/www.letsportsrock.com\\\/?p=44352\",\"name\":\"Trei jucatori olteni au fot convocati la lotul national, pentru partidele cu Austria si Cipru: Vladimir Screciu va insoti pe Alexandru Mitrita si Nicusor Bancu!...\",\"isPartOf\":{\"@id\":\"https:\\\/\\\/www.letsportsrock.com\\\/#website\"},\"primaryImageOfPage\":{\"@id\":\"https:\\\/\\\/www.letsportsrock.com\\\/?p=44352#primaryimage\"},\"image\":{\"@id\":\"https:\\\/\\\/www.letsportsrock.com\\\/?p=44352#primaryimage\"},\"thumbnailUrl\":\"https:\\\/\\\/www.letsportsrock.com\\\/wp-content\\\/uploads\\\/2025\\\/05\\\/images-45-15.jpeg\",\"datePublished\":\"2025-05-31T10:20:53+00:00\",\"author\":{\"@id\":\"https:\\\/\\\/www.letsportsrock.com\\\/#\\\/schema\\\/person\\\/97aa0f336f5a3ca15a8ec7d78846f045\"},\"description\":\"Trei jucatori olteni au fot convocati la lotul national, pentru partidele cu Austria si Cipru: Vladimir Screciu va insoti pe Alexandru Mitrita si Nicusor Bancu!...\",\"breadcrumb\":{\"@id\":\"https:\\\/\\\/www.letsportsrock.com\\\/?p=44352#breadcrumb\"},\"inLanguage\":\"en-US\",\"potentialAction\":[{\"@type\":\"ReadAction\",\"target\":[\"https:\\\/\\\/www.letsportsrock.com\\\/?p=44352\"]}]},{\"@type\":\"ImageObject\",\"inLanguage\":\"en-US\",\"@id\":\"https:\\\/\\\/www.letsportsrock.com\\\/?p=44352#primaryimage\",\"url\":\"https:\\\/\\\/www.letsportsrock.com\\\/wp-content\\\/uploads\\\/2025\\\/05\\\/images-45-15.jpeg\",\"contentUrl\":\"https:\\\/\\\/www.letsportsrock.com\\\/wp-content\\\/uploads\\\/2025\\\/05\\\/images-45-15.jpeg\",\"width\":500,\"height\":564},{\"@type\":\"BreadcrumbList\",\"@id\":\"https:\\\/\\\/www.letsportsrock.com\\\/?p=44352#breadcrumb\",\"itemListElement\":[{\"@type\":\"ListItem\",\"position\":1,\"name\":\"Home\",\"item\":\"https:\\\/\\\/www.letsportsrock.com\\\/\"},{\"@type\":\"ListItem\",\"position\":2,\"name\":\"Trei jucatori olteni au fot convocati la lotul national, pentru partidele cu Austria si Cipru: Vladimir Screciu va insoti pe Alexandru Mitrita si Nicusor Bancu!&#8230;\"}]},{\"@type\":\"WebSite\",\"@id\":\"https:\\\/\\\/www.letsportsrock.com\\\/#website\",\"url\":\"https:\\\/\\\/www.letsportsrock.com\\\/\",\"name\":\"letsportsrock\",\"description\":\"Sport News and Updates\",\"potentialAction\":[{\"@type\":\"SearchAction\",\"target\":{\"@type\":\"EntryPoint\",\"urlTemplate\":\"https:\\\/\\\/www.letsportsrock.com\\\/?s={search_term_string}\"},\"query-input\":{\"@type\":\"PropertyValueSpecification\",\"valueRequired\":true,\"valueName\":\"search_term_string\"}}],\"inLanguage\":\"en-US\"},{\"@type\":\"Person\",\"@id\":\"https:\\\/\\\/www.letsportsrock.com\\\/#\\\/schema\\\/person\\\/97aa0f336f5a3ca15a8ec7d78846f045\",\"name\":\"Paul Hembaor\",\"image\":{\"@type\":\"ImageObject\",\"inLanguage\":\"en-US\",\"@id\":\"https:\\\/\\\/secure.gravatar.com\\\/avatar\\\/0574929a03c152e8ea7939c31311f9ea2fe2e06139cd71e2d6e698c217219d60?s=96&d=mm&r=g\",\"url\":\"https:\\\/\\\/secure.gravatar.com\\\/avatar\\\/0574929a03c152e8ea7939c31311f9ea2fe2e06139cd71e2d6e698c217219d60?s=96&d=mm&r=g\",\"contentUrl\":\"https:\\\/\\\/secure.gravatar.com\\\/avatar\\\/0574929a03c152e8ea7939c31311f9ea2fe2e06139cd71e2d6e698c217219d60?s=96&d=mm&r=g\",\"caption\":\"Paul Hembaor\"},\"sameAs\":[\"https:\\\/\\\/www.letsportsrock.com\\\/wp-admin\\\/\"],\"url\":\"https:\\\/\\\/www.letsportsrock.com\\\/?author=9\"}]}<\/script>\n<!-- \/ Yoast SEO plugin. -->","yoast_head_json":{"title":"Trei jucatori olteni au fot convocati la lotul national, pentru partidele cu Austria si Cipru: Vladimir Screciu va insoti pe Alexandru Mitrita si Nicusor Bancu!...","description":"Trei jucatori olteni au fot convocati la lotul national, pentru partidele cu Austria si Cipru: Vladimir Screciu va insoti pe Alexandru Mitrita si Nicusor Bancu!...","robots":{"index":"index","follow":"follow","max-snippet":"max-snippet:-1","max-image-preview":"max-image-preview:large","max-video-preview":"max-video-preview:-1"},"canonical":"https:\/\/www.letsportsrock.com\/?p=44352","og_locale":"en_US","og_type":"article","og_title":"Trei jucatori olteni au fot convocati la lotul national, pentru partidele cu Austria si Cipru: Vladimir Screciu va insoti pe Alexandru Mitrita si Nicusor Bancu!...","og_description":"Trei jucatori olteni au fot convocati la lotul national, pentru partidele cu Austria si Cipru: Vladimir Screciu va insoti pe Alexandru Mitrita si Nicusor Bancu!...","og_url":"https:\/\/www.letsportsrock.com\/?p=44352","og_site_name":"letsportsrock","article_published_time":"2025-05-31T10:20:53+00:00","og_image":[{"width":500,"height":564,"url":"https:\/\/www.letsportsrock.com\/wp-content\/uploads\/2025\/05\/images-45-15.jpeg","type":"image\/jpeg"}],"author":"Paul Hembaor","twitter_card":"summary_large_image","twitter_misc":{"Written by":"Paul Hembaor","Est. reading time":"2 minutes"},"schema":{"@context":"https:\/\/schema.org","@graph":[{"@type":"Article","@id":"https:\/\/www.letsportsrock.com\/?p=44352#article","isPartOf":{"@id":"https:\/\/www.letsportsrock.com\/?p=44352"},"author":{"name":"Paul Hembaor","@id":"https:\/\/www.letsportsrock.com\/#\/schema\/person\/97aa0f336f5a3ca15a8ec7d78846f045"},"headline":"Trei jucatori olteni au fot convocati la lotul national, pentru partidele cu Austria si Cipru: Vladimir Screciu va insoti pe Alexandru Mitrita si Nicusor Bancu!&#8230;","datePublished":"2025-05-31T10:20:53+00:00","mainEntityOfPage":{"@id":"https:\/\/www.letsportsrock.com\/?p=44352"},"wordCount":269,"commentCount":0,"image":{"@id":"https:\/\/www.letsportsrock.com\/?p=44352#primaryimage"},"thumbnailUrl":"https:\/\/www.letsportsrock.com\/wp-content\/uploads\/2025\/05\/images-45-15.jpeg","keywords":["Fan Andrei Ivan"],"inLanguage":"en-US","potentialAction":[{"@type":"CommentAction","name":"Comment","target":["https:\/\/www.letsportsrock.com\/?p=44352#respond"]}]},{"@type":"WebPage","@id":"https:\/\/www.letsportsrock.com\/?p=44352","url":"https:\/\/www.letsportsrock.com\/?p=44352","name":"Trei jucatori olteni au fot convocati la lotul national, pentru partidele cu Austria si Cipru: Vladimir Screciu va insoti pe Alexandru Mitrita si Nicusor Bancu!...","isPartOf":{"@id":"https:\/\/www.letsportsrock.com\/#website"},"primaryImageOfPage":{"@id":"https:\/\/www.letsportsrock.com\/?p=44352#primaryimage"},"image":{"@id":"https:\/\/www.letsportsrock.com\/?p=44352#primaryimage"},"thumbnailUrl":"https:\/\/www.letsportsrock.com\/wp-content\/uploads\/2025\/05\/images-45-15.jpeg","datePublished":"2025-05-31T10:20:53+00:00","author":{"@id":"https:\/\/www.letsportsrock.com\/#\/schema\/person\/97aa0f336f5a3ca15a8ec7d78846f045"},"description":"Trei jucatori olteni au fot convocati la lotul national, pentru partidele cu Austria si Cipru: Vladimir Screciu va insoti pe Alexandru Mitrita si Nicusor Bancu!...","breadcrumb":{"@id":"https:\/\/www.letsportsrock.com\/?p=44352#breadcrumb"},"inLanguage":"en-US","potentialAction":[{"@type":"ReadAction","target":["https:\/\/www.letsportsrock.com\/?p=44352"]}]},{"@type":"ImageObject","inLanguage":"en-US","@id":"https:\/\/www.letsportsrock.com\/?p=44352#primaryimage","url":"https:\/\/www.letsportsrock.com\/wp-content\/uploads\/2025\/05\/images-45-15.jpeg","contentUrl":"https:\/\/www.letsportsrock.com\/wp-content\/uploads\/2025\/05\/images-45-15.jpeg","width":500,"height":564},{"@type":"BreadcrumbList","@id":"https:\/\/www.letsportsrock.com\/?p=44352#breadcrumb","itemListElement":[{"@type":"ListItem","position":1,"name":"Home","item":"https:\/\/www.letsportsrock.com\/"},{"@type":"ListItem","position":2,"name":"Trei jucatori olteni au fot convocati la lotul national, pentru partidele cu Austria si Cipru: Vladimir Screciu va insoti pe Alexandru Mitrita si Nicusor Bancu!&#8230;"}]},{"@type":"WebSite","@id":"https:\/\/www.letsportsrock.com\/#website","url":"https:\/\/www.letsportsrock.com\/","name":"letsportsrock","description":"Sport News and Updates","potentialAction":[{"@type":"SearchAction","target":{"@type":"EntryPoint","urlTemplate":"https:\/\/www.letsportsrock.com\/?s={search_term_string}"},"query-input":{"@type":"PropertyValueSpecification","valueRequired":true,"valueName":"search_term_string"}}],"inLanguage":"en-US"},{"@type":"Person","@id":"https:\/\/www.letsportsrock.com\/#\/schema\/person\/97aa0f336f5a3ca15a8ec7d78846f045","name":"Paul Hembaor","image":{"@type":"ImageObject","inLanguage":"en-US","@id":"https:\/\/secure.gravatar.com\/avatar\/0574929a03c152e8ea7939c31311f9ea2fe2e06139cd71e2d6e698c217219d60?s=96&d=mm&r=g","url":"https:\/\/secure.gravatar.com\/avatar\/0574929a03c152e8ea7939c31311f9ea2fe2e06139cd71e2d6e698c217219d60?s=96&d=mm&r=g","contentUrl":"https:\/\/secure.gravatar.com\/avatar\/0574929a03c152e8ea7939c31311f9ea2fe2e06139cd71e2d6e698c217219d60?s=96&d=mm&r=g","caption":"Paul Hembaor"},"sameAs":["https:\/\/www.letsportsrock.com\/wp-admin\/"],"url":"https:\/\/www.letsportsrock.com\/?author=9"}]}},"jetpack_featured_media_url":"https:\/\/www.letsportsrock.com\/wp-content\/uploads\/2025\/05\/images-45-15.jpeg","jetpack_sharing_enabled":true,"_links":{"self":[{"href":"https:\/\/www.letsportsrock.com\/index.php?rest_route=\/wp\/v2\/posts\/44352","targetHints":{"allow":["GET"]}}],"collection":[{"href":"https:\/\/www.letsportsrock.com\/index.php?rest_route=\/wp\/v2\/posts"}],"about":[{"href":"https:\/\/www.letsportsrock.com\/index.php?rest_route=\/wp\/v2\/types\/post"}],"author":[{"embeddable":true,"href":"https:\/\/www.letsportsrock.com\/index.php?rest_route=\/wp\/v2\/users\/9"}],"replies":[{"embeddable":true,"href":"https:\/\/www.letsportsrock.com\/index.php?rest_route=%2Fwp%2Fv2%2Fcomments&post=44352"}],"version-history":[{"count":1,"href":"https:\/\/www.letsportsrock.com\/index.php?rest_route=\/wp\/v2\/posts\/44352\/revisions"}],"predecessor-version":[{"id":44355,"href":"https:\/\/www.letsportsrock.com\/index.php?rest_route=\/wp\/v2\/posts\/44352\/revisions\/44355"}],"wp:featuredmedia":[{"embeddable":true,"href":"https:\/\/www.letsportsrock.com\/index.php?rest_route=\/wp\/v2\/media\/44353"}],"wp:attachment":[{"href":"https:\/\/www.letsportsrock.com\/index.php?rest_route=%2Fwp%2Fv2%2Fmedia&parent=44352"}],"wp:term":[{"taxonomy":"category","embeddable":true,"href":"https:\/\/www.letsportsrock.com\/index.php?rest_route=%2Fwp%2Fv2%2Fcategories&post=44352"},{"taxonomy":"post_tag","embeddable":true,"href":"https:\/\/www.letsportsrock.com\/index.php?rest_route=%2Fwp%2Fv2%2Ftags&post=44352"}],"curies":[{"name":"wp","href":"https:\/\/api.w.org\/{rel}","templated":true}]}}