{"id":44542,"date":"2025-05-31T23:42:29","date_gmt":"2025-05-31T23:42:29","guid":{"rendered":"https:\/\/www.letsportsrock.com\/?p=44542"},"modified":"2025-05-31T23:42:29","modified_gmt":"2025-05-31T23:42:29","slug":"atacantul-dorit-de-cfr-cluj-este-fanul-lui-dan-petrescu-un-stil-de-joc-care-imi-place-cifrele-vorbesc-pentru-el-de-ce-l-ar-alege-pe-bursuc-si-nu-pe-charalambous","status":"publish","type":"post","link":"https:\/\/www.letsportsrock.com\/?p=44542","title":{"rendered":"Atacantul dorit de CFR Cluj este fanul lui Dan Petrescu. \u201eUn stil de joc care \u00eemi place. Cifrele vorbesc pentru el\u201d. De ce l-ar alege pe \u201eBursuc\u201d \u0219i nu pe Charalambous. Interviu&#8230;."},"content":{"rendered":"<div class=\"d79db4796efc26332eabfc3f5dafbc76\" data-index=\"1\" style=\"float: none; margin:10px 0 10px 0; text-align:center;\">\n<div class=\"hb-ad-inarticle\">\r\n    <div class=\"hb-ad-inner\"> \r\n    <div class=\"hbagency_cls\"  id=\"hbagency_space_111930\"><\/div><\/div> <\/div>\n<\/div>\n<p>Atacantul dorit de CFR Cluj este fanul lui Dan Petrescu. \u201eUn stil de joc care \u00eemi place. Cifrele vorbesc pentru el\u201d. De ce l-ar alege pe \u201eBursuc\u201d \u0219i nu pe Charalambous. Interviu&#8230;.<\/p>\n<p>&nbsp;<\/p>\n<p>Atacantul dorit de CFR Cluj a declarat c\u0103 este un admirator al stilului de joc practicat de Dan Petrescu, pe care \u00eel consider\u0103 un antrenor complet \u0219i eficient. \u201e\u00cemi place stilul lui de joc \u2013 disciplinat, echilibrat, dar \u0219i ofensiv c\u00e2nd trebuie. Cifrele vorbesc de la sine, are un palmares impresionant\u201d, a spus juc\u0103torul \u00eentr-un interviu.<\/p>\n<p><img loading=\"lazy\" decoding=\"async\" class=\"alignnone size-medium wp-image-44550\" src=\"https:\/\/www.letsportsrock.com\/wp-content\/uploads\/2025\/05\/images-2025-06-01T004142.049-300x200.jpeg\" alt=\"\" width=\"300\" height=\"200\" srcset=\"https:\/\/www.letsportsrock.com\/wp-content\/uploads\/2025\/05\/images-2025-06-01T004142.049-300x200.jpeg 300w, https:\/\/www.letsportsrock.com\/wp-content\/uploads\/2025\/05\/images-2025-06-01T004142.049.jpeg 678w\" sizes=\"auto, (max-width: 300px) 100vw, 300px\" \/><\/p>\n<p>\u00centrebat de ce l-ar alege pe \u201eBursuc\u201d \u00een detrimentul lui Charalambous, atacantul a explicat c\u0103 experien\u021ba \u0219i succesul constant al lui Petrescu \u00eel fac o alegere mai potrivit\u0103 pentru dezvoltarea sa. \u201eCharalambous e bun, dar Dan Petrescu are o filosofie care mi se potrive\u0219te. Cred c\u0103 pot cre\u0219te mult sub comanda lui.\u201d<\/p>\n<p>&nbsp;<\/p>\n<p>Aceast\u0103 alegere ar putea \u00eenclina balan\u021ba \u00een favoarea CFR-ului \u00een cursa pentru semn\u0103tura sa.<\/p>\n\n<div style=\"font-size: 0px; height: 0px; line-height: 0px; margin: 0; padding: 0; clear: both;\"><\/div>","protected":false},"excerpt":{"rendered":"<p>Atacantul dorit de CFR Cluj este fanul lui Dan Petrescu. \u201eUn stil de joc care \u00eemi place. Cifrele vorbesc pentru el\u201d. De ce l-ar alege pe \u201eBursuc\u201d \u0219i nu pe Charalambous. Interviu&#8230;. &nbsp; Atacantul dorit de CFR Cluj a declarat c\u0103 este un admirator al stilului de joc practicat de Dan Petrescu, pe care \u00eel [&hellip;]<\/p>\n","protected":false},"author":15,"featured_media":44548,"comment_status":"open","ping_status":"open","sticky":false,"template":"","format":"standard","meta":{"_jetpack_memberships_contains_paid_content":false,"footnotes":""},"categories":[1],"tags":[666],"class_list":["post-44542","post","type-post","status-publish","format-standard","has-post-thumbnail","hentry","category-uncategorized","tag-cfr-istii"],"yoast_head":"<!-- This site is optimized with the Yoast SEO plugin v27.5 - https:\/\/yoast.com\/product\/yoast-seo-wordpress\/ -->\n<title>Atacantul dorit de CFR Cluj este fanul lui Dan Petrescu. \u201eUn stil de joc care \u00eemi place. Cifrele vorbesc pentru el\u201d. De ce l-ar alege pe \u201eBursuc\u201d \u0219i nu pe Charalambous. Interviu....<\/title>\n<meta name=\"description\" content=\"Atacantul dorit de CFR Cluj este fanul lui Dan Petrescu. \u201eUn stil de joc care \u00eemi place. Cifrele vorbesc pentru el\u201d. De ce l-ar alege pe \u201eBursuc\u201d \u0219i nu pe Charalambous. Interviu....\" \/>\n<meta name=\"robots\" content=\"index, follow, max-snippet:-1, max-image-preview:large, max-video-preview:-1\" \/>\n<link rel=\"canonical\" href=\"https:\/\/www.letsportsrock.com\/?p=44542\" \/>\n<meta property=\"og:locale\" content=\"en_US\" \/>\n<meta property=\"og:type\" content=\"article\" \/>\n<meta property=\"og:title\" content=\"Atacantul dorit de CFR Cluj este fanul lui Dan Petrescu. \u201eUn stil de joc care \u00eemi place. Cifrele vorbesc pentru el\u201d. De ce l-ar alege pe \u201eBursuc\u201d \u0219i nu pe Charalambous. Interviu....\" \/>\n<meta property=\"og:description\" content=\"Atacantul dorit de CFR Cluj este fanul lui Dan Petrescu. \u201eUn stil de joc care \u00eemi place. Cifrele vorbesc pentru el\u201d. De ce l-ar alege pe \u201eBursuc\u201d \u0219i nu pe Charalambous. Interviu....\" \/>\n<meta property=\"og:url\" content=\"https:\/\/www.letsportsrock.com\/?p=44542\" \/>\n<meta property=\"og:site_name\" content=\"letsportsrock\" \/>\n<meta property=\"article:published_time\" content=\"2025-05-31T23:42:29+00:00\" \/>\n<meta property=\"og:image\" content=\"https:\/\/www.letsportsrock.com\/wp-content\/uploads\/2025\/05\/images-2025-06-01T004132.037.jpeg\" \/>\n\t<meta property=\"og:image:width\" content=\"270\" \/>\n\t<meta property=\"og:image:height\" content=\"150\" \/>\n\t<meta property=\"og:image:type\" content=\"image\/jpeg\" \/>\n<meta name=\"author\" content=\"Amos Nabizo\" \/>\n<meta name=\"twitter:card\" content=\"summary_large_image\" \/>\n<meta name=\"twitter:label1\" content=\"Written by\" \/>\n\t<meta name=\"twitter:data1\" content=\"Amos Nabizo\" \/>\n\t<meta name=\"twitter:label2\" content=\"Est. reading time\" \/>\n\t<meta name=\"twitter:data2\" content=\"1 minute\" \/>\n<script type=\"application\/ld+json\" class=\"yoast-schema-graph\">{\"@context\":\"https:\\\/\\\/schema.org\",\"@graph\":[{\"@type\":\"Article\",\"@id\":\"https:\\\/\\\/www.letsportsrock.com\\\/?p=44542#article\",\"isPartOf\":{\"@id\":\"https:\\\/\\\/www.letsportsrock.com\\\/?p=44542\"},\"author\":{\"name\":\"Amos Nabizo\",\"@id\":\"https:\\\/\\\/www.letsportsrock.com\\\/#\\\/schema\\\/person\\\/044479f72bdbd75f9523e745d3be6c30\"},\"headline\":\"Atacantul dorit de CFR Cluj este fanul lui Dan Petrescu. \u201eUn stil de joc care \u00eemi place. Cifrele vorbesc pentru el\u201d. De ce l-ar alege pe \u201eBursuc\u201d \u0219i nu pe Charalambous. Interviu&#8230;.\",\"datePublished\":\"2025-05-31T23:42:29+00:00\",\"mainEntityOfPage\":{\"@id\":\"https:\\\/\\\/www.letsportsrock.com\\\/?p=44542\"},\"wordCount\":194,\"commentCount\":0,\"image\":{\"@id\":\"https:\\\/\\\/www.letsportsrock.com\\\/?p=44542#primaryimage\"},\"thumbnailUrl\":\"https:\\\/\\\/www.letsportsrock.com\\\/wp-content\\\/uploads\\\/2025\\\/05\\\/images-2025-06-01T004132.037.jpeg\",\"keywords\":[\"CFR I\u0218TII\"],\"inLanguage\":\"en-US\",\"potentialAction\":[{\"@type\":\"CommentAction\",\"name\":\"Comment\",\"target\":[\"https:\\\/\\\/www.letsportsrock.com\\\/?p=44542#respond\"]}]},{\"@type\":\"WebPage\",\"@id\":\"https:\\\/\\\/www.letsportsrock.com\\\/?p=44542\",\"url\":\"https:\\\/\\\/www.letsportsrock.com\\\/?p=44542\",\"name\":\"Atacantul dorit de CFR Cluj este fanul lui Dan Petrescu. \u201eUn stil de joc care \u00eemi place. Cifrele vorbesc pentru el\u201d. De ce l-ar alege pe \u201eBursuc\u201d \u0219i nu pe Charalambous. Interviu....\",\"isPartOf\":{\"@id\":\"https:\\\/\\\/www.letsportsrock.com\\\/#website\"},\"primaryImageOfPage\":{\"@id\":\"https:\\\/\\\/www.letsportsrock.com\\\/?p=44542#primaryimage\"},\"image\":{\"@id\":\"https:\\\/\\\/www.letsportsrock.com\\\/?p=44542#primaryimage\"},\"thumbnailUrl\":\"https:\\\/\\\/www.letsportsrock.com\\\/wp-content\\\/uploads\\\/2025\\\/05\\\/images-2025-06-01T004132.037.jpeg\",\"datePublished\":\"2025-05-31T23:42:29+00:00\",\"author\":{\"@id\":\"https:\\\/\\\/www.letsportsrock.com\\\/#\\\/schema\\\/person\\\/044479f72bdbd75f9523e745d3be6c30\"},\"description\":\"Atacantul dorit de CFR Cluj este fanul lui Dan Petrescu. \u201eUn stil de joc care \u00eemi place. Cifrele vorbesc pentru el\u201d. De ce l-ar alege pe \u201eBursuc\u201d \u0219i nu pe Charalambous. Interviu....\",\"breadcrumb\":{\"@id\":\"https:\\\/\\\/www.letsportsrock.com\\\/?p=44542#breadcrumb\"},\"inLanguage\":\"en-US\",\"potentialAction\":[{\"@type\":\"ReadAction\",\"target\":[\"https:\\\/\\\/www.letsportsrock.com\\\/?p=44542\"]}]},{\"@type\":\"ImageObject\",\"inLanguage\":\"en-US\",\"@id\":\"https:\\\/\\\/www.letsportsrock.com\\\/?p=44542#primaryimage\",\"url\":\"https:\\\/\\\/www.letsportsrock.com\\\/wp-content\\\/uploads\\\/2025\\\/05\\\/images-2025-06-01T004132.037.jpeg\",\"contentUrl\":\"https:\\\/\\\/www.letsportsrock.com\\\/wp-content\\\/uploads\\\/2025\\\/05\\\/images-2025-06-01T004132.037.jpeg\",\"width\":270,\"height\":150},{\"@type\":\"BreadcrumbList\",\"@id\":\"https:\\\/\\\/www.letsportsrock.com\\\/?p=44542#breadcrumb\",\"itemListElement\":[{\"@type\":\"ListItem\",\"position\":1,\"name\":\"Home\",\"item\":\"https:\\\/\\\/www.letsportsrock.com\\\/\"},{\"@type\":\"ListItem\",\"position\":2,\"name\":\"Atacantul dorit de CFR Cluj este fanul lui Dan Petrescu. \u201eUn stil de joc care \u00eemi place. Cifrele vorbesc pentru el\u201d. De ce l-ar alege pe \u201eBursuc\u201d \u0219i nu pe Charalambous. Interviu&#8230;.\"}]},{\"@type\":\"WebSite\",\"@id\":\"https:\\\/\\\/www.letsportsrock.com\\\/#website\",\"url\":\"https:\\\/\\\/www.letsportsrock.com\\\/\",\"name\":\"letsportsrock\",\"description\":\"Sport News and Updates\",\"potentialAction\":[{\"@type\":\"SearchAction\",\"target\":{\"@type\":\"EntryPoint\",\"urlTemplate\":\"https:\\\/\\\/www.letsportsrock.com\\\/?s={search_term_string}\"},\"query-input\":{\"@type\":\"PropertyValueSpecification\",\"valueRequired\":true,\"valueName\":\"search_term_string\"}}],\"inLanguage\":\"en-US\"},{\"@type\":\"Person\",\"@id\":\"https:\\\/\\\/www.letsportsrock.com\\\/#\\\/schema\\\/person\\\/044479f72bdbd75f9523e745d3be6c30\",\"name\":\"Amos Nabizo\",\"image\":{\"@type\":\"ImageObject\",\"inLanguage\":\"en-US\",\"@id\":\"https:\\\/\\\/secure.gravatar.com\\\/avatar\\\/d569857c07d3899c6ca842ffea32daa1672c05549833530fe37e68ae7b521ba4?s=96&d=mm&r=g\",\"url\":\"https:\\\/\\\/secure.gravatar.com\\\/avatar\\\/d569857c07d3899c6ca842ffea32daa1672c05549833530fe37e68ae7b521ba4?s=96&d=mm&r=g\",\"contentUrl\":\"https:\\\/\\\/secure.gravatar.com\\\/avatar\\\/d569857c07d3899c6ca842ffea32daa1672c05549833530fe37e68ae7b521ba4?s=96&d=mm&r=g\",\"caption\":\"Amos Nabizo\"},\"sameAs\":[\"https:\\\/\\\/www.letsportsrock.com\\\/wp-admin\\\/\"],\"url\":\"https:\\\/\\\/www.letsportsrock.com\\\/?author=15\"}]}<\/script>\n<!-- \/ Yoast SEO plugin. -->","yoast_head_json":{"title":"Atacantul dorit de CFR Cluj este fanul lui Dan Petrescu. \u201eUn stil de joc care \u00eemi place. Cifrele vorbesc pentru el\u201d. De ce l-ar alege pe \u201eBursuc\u201d \u0219i nu pe Charalambous. Interviu....","description":"Atacantul dorit de CFR Cluj este fanul lui Dan Petrescu. \u201eUn stil de joc care \u00eemi place. Cifrele vorbesc pentru el\u201d. De ce l-ar alege pe \u201eBursuc\u201d \u0219i nu pe Charalambous. Interviu....","robots":{"index":"index","follow":"follow","max-snippet":"max-snippet:-1","max-image-preview":"max-image-preview:large","max-video-preview":"max-video-preview:-1"},"canonical":"https:\/\/www.letsportsrock.com\/?p=44542","og_locale":"en_US","og_type":"article","og_title":"Atacantul dorit de CFR Cluj este fanul lui Dan Petrescu. \u201eUn stil de joc care \u00eemi place. Cifrele vorbesc pentru el\u201d. De ce l-ar alege pe \u201eBursuc\u201d \u0219i nu pe Charalambous. Interviu....","og_description":"Atacantul dorit de CFR Cluj este fanul lui Dan Petrescu. \u201eUn stil de joc care \u00eemi place. Cifrele vorbesc pentru el\u201d. De ce l-ar alege pe \u201eBursuc\u201d \u0219i nu pe Charalambous. Interviu....","og_url":"https:\/\/www.letsportsrock.com\/?p=44542","og_site_name":"letsportsrock","article_published_time":"2025-05-31T23:42:29+00:00","og_image":[{"width":270,"height":150,"url":"https:\/\/www.letsportsrock.com\/wp-content\/uploads\/2025\/05\/images-2025-06-01T004132.037.jpeg","type":"image\/jpeg"}],"author":"Amos Nabizo","twitter_card":"summary_large_image","twitter_misc":{"Written by":"Amos Nabizo","Est. reading time":"1 minute"},"schema":{"@context":"https:\/\/schema.org","@graph":[{"@type":"Article","@id":"https:\/\/www.letsportsrock.com\/?p=44542#article","isPartOf":{"@id":"https:\/\/www.letsportsrock.com\/?p=44542"},"author":{"name":"Amos Nabizo","@id":"https:\/\/www.letsportsrock.com\/#\/schema\/person\/044479f72bdbd75f9523e745d3be6c30"},"headline":"Atacantul dorit de CFR Cluj este fanul lui Dan Petrescu. \u201eUn stil de joc care \u00eemi place. Cifrele vorbesc pentru el\u201d. De ce l-ar alege pe \u201eBursuc\u201d \u0219i nu pe Charalambous. Interviu&#8230;.","datePublished":"2025-05-31T23:42:29+00:00","mainEntityOfPage":{"@id":"https:\/\/www.letsportsrock.com\/?p=44542"},"wordCount":194,"commentCount":0,"image":{"@id":"https:\/\/www.letsportsrock.com\/?p=44542#primaryimage"},"thumbnailUrl":"https:\/\/www.letsportsrock.com\/wp-content\/uploads\/2025\/05\/images-2025-06-01T004132.037.jpeg","keywords":["CFR I\u0218TII"],"inLanguage":"en-US","potentialAction":[{"@type":"CommentAction","name":"Comment","target":["https:\/\/www.letsportsrock.com\/?p=44542#respond"]}]},{"@type":"WebPage","@id":"https:\/\/www.letsportsrock.com\/?p=44542","url":"https:\/\/www.letsportsrock.com\/?p=44542","name":"Atacantul dorit de CFR Cluj este fanul lui Dan Petrescu. \u201eUn stil de joc care \u00eemi place. Cifrele vorbesc pentru el\u201d. De ce l-ar alege pe \u201eBursuc\u201d \u0219i nu pe Charalambous. Interviu....","isPartOf":{"@id":"https:\/\/www.letsportsrock.com\/#website"},"primaryImageOfPage":{"@id":"https:\/\/www.letsportsrock.com\/?p=44542#primaryimage"},"image":{"@id":"https:\/\/www.letsportsrock.com\/?p=44542#primaryimage"},"thumbnailUrl":"https:\/\/www.letsportsrock.com\/wp-content\/uploads\/2025\/05\/images-2025-06-01T004132.037.jpeg","datePublished":"2025-05-31T23:42:29+00:00","author":{"@id":"https:\/\/www.letsportsrock.com\/#\/schema\/person\/044479f72bdbd75f9523e745d3be6c30"},"description":"Atacantul dorit de CFR Cluj este fanul lui Dan Petrescu. \u201eUn stil de joc care \u00eemi place. Cifrele vorbesc pentru el\u201d. De ce l-ar alege pe \u201eBursuc\u201d \u0219i nu pe Charalambous. Interviu....","breadcrumb":{"@id":"https:\/\/www.letsportsrock.com\/?p=44542#breadcrumb"},"inLanguage":"en-US","potentialAction":[{"@type":"ReadAction","target":["https:\/\/www.letsportsrock.com\/?p=44542"]}]},{"@type":"ImageObject","inLanguage":"en-US","@id":"https:\/\/www.letsportsrock.com\/?p=44542#primaryimage","url":"https:\/\/www.letsportsrock.com\/wp-content\/uploads\/2025\/05\/images-2025-06-01T004132.037.jpeg","contentUrl":"https:\/\/www.letsportsrock.com\/wp-content\/uploads\/2025\/05\/images-2025-06-01T004132.037.jpeg","width":270,"height":150},{"@type":"BreadcrumbList","@id":"https:\/\/www.letsportsrock.com\/?p=44542#breadcrumb","itemListElement":[{"@type":"ListItem","position":1,"name":"Home","item":"https:\/\/www.letsportsrock.com\/"},{"@type":"ListItem","position":2,"name":"Atacantul dorit de CFR Cluj este fanul lui Dan Petrescu. \u201eUn stil de joc care \u00eemi place. Cifrele vorbesc pentru el\u201d. De ce l-ar alege pe \u201eBursuc\u201d \u0219i nu pe Charalambous. Interviu&#8230;."}]},{"@type":"WebSite","@id":"https:\/\/www.letsportsrock.com\/#website","url":"https:\/\/www.letsportsrock.com\/","name":"letsportsrock","description":"Sport News and Updates","potentialAction":[{"@type":"SearchAction","target":{"@type":"EntryPoint","urlTemplate":"https:\/\/www.letsportsrock.com\/?s={search_term_string}"},"query-input":{"@type":"PropertyValueSpecification","valueRequired":true,"valueName":"search_term_string"}}],"inLanguage":"en-US"},{"@type":"Person","@id":"https:\/\/www.letsportsrock.com\/#\/schema\/person\/044479f72bdbd75f9523e745d3be6c30","name":"Amos Nabizo","image":{"@type":"ImageObject","inLanguage":"en-US","@id":"https:\/\/secure.gravatar.com\/avatar\/d569857c07d3899c6ca842ffea32daa1672c05549833530fe37e68ae7b521ba4?s=96&d=mm&r=g","url":"https:\/\/secure.gravatar.com\/avatar\/d569857c07d3899c6ca842ffea32daa1672c05549833530fe37e68ae7b521ba4?s=96&d=mm&r=g","contentUrl":"https:\/\/secure.gravatar.com\/avatar\/d569857c07d3899c6ca842ffea32daa1672c05549833530fe37e68ae7b521ba4?s=96&d=mm&r=g","caption":"Amos Nabizo"},"sameAs":["https:\/\/www.letsportsrock.com\/wp-admin\/"],"url":"https:\/\/www.letsportsrock.com\/?author=15"}]}},"jetpack_featured_media_url":"https:\/\/www.letsportsrock.com\/wp-content\/uploads\/2025\/05\/images-2025-06-01T004132.037.jpeg","jetpack_sharing_enabled":true,"_links":{"self":[{"href":"https:\/\/www.letsportsrock.com\/index.php?rest_route=\/wp\/v2\/posts\/44542","targetHints":{"allow":["GET"]}}],"collection":[{"href":"https:\/\/www.letsportsrock.com\/index.php?rest_route=\/wp\/v2\/posts"}],"about":[{"href":"https:\/\/www.letsportsrock.com\/index.php?rest_route=\/wp\/v2\/types\/post"}],"author":[{"embeddable":true,"href":"https:\/\/www.letsportsrock.com\/index.php?rest_route=\/wp\/v2\/users\/15"}],"replies":[{"embeddable":true,"href":"https:\/\/www.letsportsrock.com\/index.php?rest_route=%2Fwp%2Fv2%2Fcomments&post=44542"}],"version-history":[{"count":1,"href":"https:\/\/www.letsportsrock.com\/index.php?rest_route=\/wp\/v2\/posts\/44542\/revisions"}],"predecessor-version":[{"id":44551,"href":"https:\/\/www.letsportsrock.com\/index.php?rest_route=\/wp\/v2\/posts\/44542\/revisions\/44551"}],"wp:featuredmedia":[{"embeddable":true,"href":"https:\/\/www.letsportsrock.com\/index.php?rest_route=\/wp\/v2\/media\/44548"}],"wp:attachment":[{"href":"https:\/\/www.letsportsrock.com\/index.php?rest_route=%2Fwp%2Fv2%2Fmedia&parent=44542"}],"wp:term":[{"taxonomy":"category","embeddable":true,"href":"https:\/\/www.letsportsrock.com\/index.php?rest_route=%2Fwp%2Fv2%2Fcategories&post=44542"},{"taxonomy":"post_tag","embeddable":true,"href":"https:\/\/www.letsportsrock.com\/index.php?rest_route=%2Fwp%2Fv2%2Ftags&post=44542"}],"curies":[{"name":"wp","href":"https:\/\/api.w.org\/{rel}","templated":true}]}}