{"id":44552,"date":"2025-05-31T23:45:23","date_gmt":"2025-05-31T23:45:23","guid":{"rendered":"https:\/\/www.letsportsrock.com\/?p=44552"},"modified":"2025-05-31T23:45:23","modified_gmt":"2025-05-31T23:45:23","slug":"noi-detalii-despre-situatia-lui-dan-petrescu-cand-ar-putea-reveni-pe-banca-la-cfr-cluj-e-la-spital-asteapta-confirmari","status":"publish","type":"post","link":"https:\/\/www.letsportsrock.com\/?p=44552","title":{"rendered":"Noi detalii despre situa\u0163ia lui Dan Petrescu. C\u00e2nd ar putea reveni pe banc\u0103 la CFR Cluj: \u201cE la spital, a\u015fteapt\u0103 confirm\u0103ri!\u201d&#8230;"},"content":{"rendered":"<div class=\"d79db4796efc26332eabfc3f5dafbc76\" data-index=\"1\" style=\"float: none; margin:10px 0 10px 0; text-align:center;\">\n<div class=\"hb-ad-inarticle\">\r\n    <div class=\"hb-ad-inner\"> \r\n    <div class=\"hbagency_cls\"  id=\"hbagency_space_111930\"><\/div><\/div> <\/div>\n<\/div>\n<p>Noi detalii despre situa\u0163ia lui Dan Petrescu. C\u00e2nd ar putea reveni pe banc\u0103 la CFR Cluj: \u201cE la spital, a\u015fteapt\u0103 confirm\u0103ri!\u201d&#8230;<\/p>\n<p>&nbsp;<\/p>\n<p>Dan Petrescu traverseaz\u0103 o perioad\u0103 dificil\u0103, at\u00e2t pe plan personal, c\u00e2t \u0219i profesional. \u00cen februarie 2025, a lipsit de pe banca tehnic\u0103 a CFR Cluj la meciurile cu Petrolul \u0219i Sepsi, fiind al\u0103turi de mama sa, internat\u0103 \u00een stare grav\u0103 la terapie intensiv\u0103. Din p\u0103cate, aceasta a decedat ulterior, afect\u00e2ndu-l profund pe antrenor.<\/p>\n<p><img loading=\"lazy\" decoding=\"async\" class=\"alignnone size-medium wp-image-44555\" src=\"https:\/\/www.letsportsrock.com\/wp-content\/uploads\/2025\/05\/images-2025-06-01T004433.128-266x300.jpeg\" alt=\"\" width=\"266\" height=\"300\" srcset=\"https:\/\/www.letsportsrock.com\/wp-content\/uploads\/2025\/05\/images-2025-06-01T004433.128-266x300.jpeg 266w, https:\/\/www.letsportsrock.com\/wp-content\/uploads\/2025\/05\/images-2025-06-01T004433.128.jpeg 521w\" sizes=\"auto, (max-width: 266px) 100vw, 266px\" \/><\/p>\n<p>Ulterior, Petrescu a \u00eent\u00e2mpinat probleme serioase de s\u0103n\u0103tate. A suferit o infec\u021bie la g\u00e2t care i-a provocat dificult\u0103\u021bi \u00een vorbire \u0219i alimenta\u021bie, necesit\u00e2nd o interven\u021bie medical\u0103 \u0219i spitalizare. Pre\u0219edintele clubului, Cristi Balaj, a confirmat c\u0103 antrenorul a fost operat \u0219i a\u0219teapt\u0103 rezultatele analizelor pentru a evalua starea sa de s\u0103n\u0103tate.<\/p>\n<p>&nbsp;<\/p>\n<p>De\u0219i a fost prezent la meciul cu Farul din semifinalele Cupei Rom\u00e2niei, comportamentul s\u0103u rezervat a reflectat starea de s\u0103n\u0103tate precar\u0103. \u00cen ciuda dificult\u0103\u021bilor, Petrescu continu\u0103 s\u0103 fie al\u0103turi de echip\u0103, particip\u00e2nd la antrenamente, \u00eens\u0103 revenirea sa complet\u0103 pe banca tehnic\u0103 depinde de evolu\u021bia st\u0103rii sale de s\u0103n\u0103tate.<\/p>\n\n<div style=\"font-size: 0px; height: 0px; line-height: 0px; margin: 0; padding: 0; clear: both;\"><\/div>","protected":false},"excerpt":{"rendered":"<p>Noi detalii despre situa\u0163ia lui Dan Petrescu. C\u00e2nd ar putea reveni pe banc\u0103 la CFR Cluj: \u201cE la spital, a\u015fteapt\u0103 confirm\u0103ri!\u201d&#8230; &nbsp; Dan Petrescu traverseaz\u0103 o perioad\u0103 dificil\u0103, at\u00e2t pe plan personal, c\u00e2t \u0219i profesional. \u00cen februarie 2025, a lipsit de pe banca tehnic\u0103 a CFR Cluj la meciurile cu Petrolul \u0219i Sepsi, fiind al\u0103turi [&hellip;]<\/p>\n","protected":false},"author":15,"featured_media":44553,"comment_status":"open","ping_status":"open","sticky":false,"template":"","format":"standard","meta":{"_jetpack_memberships_contains_paid_content":false,"footnotes":""},"categories":[1],"tags":[666],"class_list":["post-44552","post","type-post","status-publish","format-standard","has-post-thumbnail","hentry","category-uncategorized","tag-cfr-istii"],"yoast_head":"<!-- This site is optimized with the Yoast SEO plugin v27.5 - https:\/\/yoast.com\/product\/yoast-seo-wordpress\/ -->\n<title>Noi detalii despre situa\u0163ia lui Dan Petrescu. C\u00e2nd ar putea reveni pe banc\u0103 la CFR Cluj: \u201cE la spital, a\u015fteapt\u0103 confirm\u0103ri!\u201d...<\/title>\n<meta name=\"description\" content=\"Noi detalii despre situa\u0163ia lui Dan Petrescu. C\u00e2nd ar putea reveni pe banc\u0103 la CFR Cluj: \u201cE la spital, a\u015fteapt\u0103 confirm\u0103ri!\u201d...\" \/>\n<meta name=\"robots\" content=\"index, follow, max-snippet:-1, max-image-preview:large, max-video-preview:-1\" \/>\n<link rel=\"canonical\" href=\"https:\/\/www.letsportsrock.com\/?p=44552\" \/>\n<meta property=\"og:locale\" content=\"en_US\" \/>\n<meta property=\"og:type\" content=\"article\" \/>\n<meta property=\"og:title\" content=\"Noi detalii despre situa\u0163ia lui Dan Petrescu. C\u00e2nd ar putea reveni pe banc\u0103 la CFR Cluj: \u201cE la spital, a\u015fteapt\u0103 confirm\u0103ri!\u201d...\" \/>\n<meta property=\"og:description\" content=\"Noi detalii despre situa\u0163ia lui Dan Petrescu. C\u00e2nd ar putea reveni pe banc\u0103 la CFR Cluj: \u201cE la spital, a\u015fteapt\u0103 confirm\u0103ri!\u201d...\" \/>\n<meta property=\"og:url\" content=\"https:\/\/www.letsportsrock.com\/?p=44552\" \/>\n<meta property=\"og:site_name\" content=\"letsportsrock\" \/>\n<meta property=\"article:published_time\" content=\"2025-05-31T23:45:23+00:00\" \/>\n<meta property=\"og:image\" content=\"https:\/\/www.letsportsrock.com\/wp-content\/uploads\/2025\/05\/images-2025-06-01T004423.923.jpeg\" \/>\n\t<meta property=\"og:image:width\" content=\"726\" \/>\n\t<meta property=\"og:image:height\" content=\"423\" \/>\n\t<meta property=\"og:image:type\" content=\"image\/jpeg\" \/>\n<meta name=\"author\" content=\"Amos Nabizo\" \/>\n<meta name=\"twitter:card\" content=\"summary_large_image\" \/>\n<meta name=\"twitter:label1\" content=\"Written by\" \/>\n\t<meta name=\"twitter:data1\" content=\"Amos Nabizo\" \/>\n\t<meta name=\"twitter:label2\" content=\"Est. reading time\" \/>\n\t<meta name=\"twitter:data2\" content=\"1 minute\" \/>\n<script type=\"application\/ld+json\" class=\"yoast-schema-graph\">{\"@context\":\"https:\\\/\\\/schema.org\",\"@graph\":[{\"@type\":\"Article\",\"@id\":\"https:\\\/\\\/www.letsportsrock.com\\\/?p=44552#article\",\"isPartOf\":{\"@id\":\"https:\\\/\\\/www.letsportsrock.com\\\/?p=44552\"},\"author\":{\"name\":\"Amos Nabizo\",\"@id\":\"https:\\\/\\\/www.letsportsrock.com\\\/#\\\/schema\\\/person\\\/044479f72bdbd75f9523e745d3be6c30\"},\"headline\":\"Noi detalii despre situa\u0163ia lui Dan Petrescu. C\u00e2nd ar putea reveni pe banc\u0103 la CFR Cluj: \u201cE la spital, a\u015fteapt\u0103 confirm\u0103ri!\u201d&#8230;\",\"datePublished\":\"2025-05-31T23:45:23+00:00\",\"mainEntityOfPage\":{\"@id\":\"https:\\\/\\\/www.letsportsrock.com\\\/?p=44552\"},\"wordCount\":232,\"commentCount\":0,\"image\":{\"@id\":\"https:\\\/\\\/www.letsportsrock.com\\\/?p=44552#primaryimage\"},\"thumbnailUrl\":\"https:\\\/\\\/www.letsportsrock.com\\\/wp-content\\\/uploads\\\/2025\\\/05\\\/images-2025-06-01T004423.923.jpeg\",\"keywords\":[\"CFR I\u0218TII\"],\"inLanguage\":\"en-US\",\"potentialAction\":[{\"@type\":\"CommentAction\",\"name\":\"Comment\",\"target\":[\"https:\\\/\\\/www.letsportsrock.com\\\/?p=44552#respond\"]}]},{\"@type\":\"WebPage\",\"@id\":\"https:\\\/\\\/www.letsportsrock.com\\\/?p=44552\",\"url\":\"https:\\\/\\\/www.letsportsrock.com\\\/?p=44552\",\"name\":\"Noi detalii despre situa\u0163ia lui Dan Petrescu. C\u00e2nd ar putea reveni pe banc\u0103 la CFR Cluj: \u201cE la spital, a\u015fteapt\u0103 confirm\u0103ri!\u201d...\",\"isPartOf\":{\"@id\":\"https:\\\/\\\/www.letsportsrock.com\\\/#website\"},\"primaryImageOfPage\":{\"@id\":\"https:\\\/\\\/www.letsportsrock.com\\\/?p=44552#primaryimage\"},\"image\":{\"@id\":\"https:\\\/\\\/www.letsportsrock.com\\\/?p=44552#primaryimage\"},\"thumbnailUrl\":\"https:\\\/\\\/www.letsportsrock.com\\\/wp-content\\\/uploads\\\/2025\\\/05\\\/images-2025-06-01T004423.923.jpeg\",\"datePublished\":\"2025-05-31T23:45:23+00:00\",\"author\":{\"@id\":\"https:\\\/\\\/www.letsportsrock.com\\\/#\\\/schema\\\/person\\\/044479f72bdbd75f9523e745d3be6c30\"},\"description\":\"Noi detalii despre situa\u0163ia lui Dan Petrescu. C\u00e2nd ar putea reveni pe banc\u0103 la CFR Cluj: \u201cE la spital, a\u015fteapt\u0103 confirm\u0103ri!\u201d...\",\"breadcrumb\":{\"@id\":\"https:\\\/\\\/www.letsportsrock.com\\\/?p=44552#breadcrumb\"},\"inLanguage\":\"en-US\",\"potentialAction\":[{\"@type\":\"ReadAction\",\"target\":[\"https:\\\/\\\/www.letsportsrock.com\\\/?p=44552\"]}]},{\"@type\":\"ImageObject\",\"inLanguage\":\"en-US\",\"@id\":\"https:\\\/\\\/www.letsportsrock.com\\\/?p=44552#primaryimage\",\"url\":\"https:\\\/\\\/www.letsportsrock.com\\\/wp-content\\\/uploads\\\/2025\\\/05\\\/images-2025-06-01T004423.923.jpeg\",\"contentUrl\":\"https:\\\/\\\/www.letsportsrock.com\\\/wp-content\\\/uploads\\\/2025\\\/05\\\/images-2025-06-01T004423.923.jpeg\",\"width\":726,\"height\":423},{\"@type\":\"BreadcrumbList\",\"@id\":\"https:\\\/\\\/www.letsportsrock.com\\\/?p=44552#breadcrumb\",\"itemListElement\":[{\"@type\":\"ListItem\",\"position\":1,\"name\":\"Home\",\"item\":\"https:\\\/\\\/www.letsportsrock.com\\\/\"},{\"@type\":\"ListItem\",\"position\":2,\"name\":\"Noi detalii despre situa\u0163ia lui Dan Petrescu. C\u00e2nd ar putea reveni pe banc\u0103 la CFR Cluj: \u201cE la spital, a\u015fteapt\u0103 confirm\u0103ri!\u201d&#8230;\"}]},{\"@type\":\"WebSite\",\"@id\":\"https:\\\/\\\/www.letsportsrock.com\\\/#website\",\"url\":\"https:\\\/\\\/www.letsportsrock.com\\\/\",\"name\":\"letsportsrock\",\"description\":\"Sport News and Updates\",\"potentialAction\":[{\"@type\":\"SearchAction\",\"target\":{\"@type\":\"EntryPoint\",\"urlTemplate\":\"https:\\\/\\\/www.letsportsrock.com\\\/?s={search_term_string}\"},\"query-input\":{\"@type\":\"PropertyValueSpecification\",\"valueRequired\":true,\"valueName\":\"search_term_string\"}}],\"inLanguage\":\"en-US\"},{\"@type\":\"Person\",\"@id\":\"https:\\\/\\\/www.letsportsrock.com\\\/#\\\/schema\\\/person\\\/044479f72bdbd75f9523e745d3be6c30\",\"name\":\"Amos Nabizo\",\"image\":{\"@type\":\"ImageObject\",\"inLanguage\":\"en-US\",\"@id\":\"https:\\\/\\\/secure.gravatar.com\\\/avatar\\\/d569857c07d3899c6ca842ffea32daa1672c05549833530fe37e68ae7b521ba4?s=96&d=mm&r=g\",\"url\":\"https:\\\/\\\/secure.gravatar.com\\\/avatar\\\/d569857c07d3899c6ca842ffea32daa1672c05549833530fe37e68ae7b521ba4?s=96&d=mm&r=g\",\"contentUrl\":\"https:\\\/\\\/secure.gravatar.com\\\/avatar\\\/d569857c07d3899c6ca842ffea32daa1672c05549833530fe37e68ae7b521ba4?s=96&d=mm&r=g\",\"caption\":\"Amos Nabizo\"},\"sameAs\":[\"https:\\\/\\\/www.letsportsrock.com\\\/wp-admin\\\/\"],\"url\":\"https:\\\/\\\/www.letsportsrock.com\\\/?author=15\"}]}<\/script>\n<!-- \/ Yoast SEO plugin. -->","yoast_head_json":{"title":"Noi detalii despre situa\u0163ia lui Dan Petrescu. C\u00e2nd ar putea reveni pe banc\u0103 la CFR Cluj: \u201cE la spital, a\u015fteapt\u0103 confirm\u0103ri!\u201d...","description":"Noi detalii despre situa\u0163ia lui Dan Petrescu. C\u00e2nd ar putea reveni pe banc\u0103 la CFR Cluj: \u201cE la spital, a\u015fteapt\u0103 confirm\u0103ri!\u201d...","robots":{"index":"index","follow":"follow","max-snippet":"max-snippet:-1","max-image-preview":"max-image-preview:large","max-video-preview":"max-video-preview:-1"},"canonical":"https:\/\/www.letsportsrock.com\/?p=44552","og_locale":"en_US","og_type":"article","og_title":"Noi detalii despre situa\u0163ia lui Dan Petrescu. C\u00e2nd ar putea reveni pe banc\u0103 la CFR Cluj: \u201cE la spital, a\u015fteapt\u0103 confirm\u0103ri!\u201d...","og_description":"Noi detalii despre situa\u0163ia lui Dan Petrescu. C\u00e2nd ar putea reveni pe banc\u0103 la CFR Cluj: \u201cE la spital, a\u015fteapt\u0103 confirm\u0103ri!\u201d...","og_url":"https:\/\/www.letsportsrock.com\/?p=44552","og_site_name":"letsportsrock","article_published_time":"2025-05-31T23:45:23+00:00","og_image":[{"width":726,"height":423,"url":"https:\/\/www.letsportsrock.com\/wp-content\/uploads\/2025\/05\/images-2025-06-01T004423.923.jpeg","type":"image\/jpeg"}],"author":"Amos Nabizo","twitter_card":"summary_large_image","twitter_misc":{"Written by":"Amos Nabizo","Est. reading time":"1 minute"},"schema":{"@context":"https:\/\/schema.org","@graph":[{"@type":"Article","@id":"https:\/\/www.letsportsrock.com\/?p=44552#article","isPartOf":{"@id":"https:\/\/www.letsportsrock.com\/?p=44552"},"author":{"name":"Amos Nabizo","@id":"https:\/\/www.letsportsrock.com\/#\/schema\/person\/044479f72bdbd75f9523e745d3be6c30"},"headline":"Noi detalii despre situa\u0163ia lui Dan Petrescu. C\u00e2nd ar putea reveni pe banc\u0103 la CFR Cluj: \u201cE la spital, a\u015fteapt\u0103 confirm\u0103ri!\u201d&#8230;","datePublished":"2025-05-31T23:45:23+00:00","mainEntityOfPage":{"@id":"https:\/\/www.letsportsrock.com\/?p=44552"},"wordCount":232,"commentCount":0,"image":{"@id":"https:\/\/www.letsportsrock.com\/?p=44552#primaryimage"},"thumbnailUrl":"https:\/\/www.letsportsrock.com\/wp-content\/uploads\/2025\/05\/images-2025-06-01T004423.923.jpeg","keywords":["CFR I\u0218TII"],"inLanguage":"en-US","potentialAction":[{"@type":"CommentAction","name":"Comment","target":["https:\/\/www.letsportsrock.com\/?p=44552#respond"]}]},{"@type":"WebPage","@id":"https:\/\/www.letsportsrock.com\/?p=44552","url":"https:\/\/www.letsportsrock.com\/?p=44552","name":"Noi detalii despre situa\u0163ia lui Dan Petrescu. C\u00e2nd ar putea reveni pe banc\u0103 la CFR Cluj: \u201cE la spital, a\u015fteapt\u0103 confirm\u0103ri!\u201d...","isPartOf":{"@id":"https:\/\/www.letsportsrock.com\/#website"},"primaryImageOfPage":{"@id":"https:\/\/www.letsportsrock.com\/?p=44552#primaryimage"},"image":{"@id":"https:\/\/www.letsportsrock.com\/?p=44552#primaryimage"},"thumbnailUrl":"https:\/\/www.letsportsrock.com\/wp-content\/uploads\/2025\/05\/images-2025-06-01T004423.923.jpeg","datePublished":"2025-05-31T23:45:23+00:00","author":{"@id":"https:\/\/www.letsportsrock.com\/#\/schema\/person\/044479f72bdbd75f9523e745d3be6c30"},"description":"Noi detalii despre situa\u0163ia lui Dan Petrescu. C\u00e2nd ar putea reveni pe banc\u0103 la CFR Cluj: \u201cE la spital, a\u015fteapt\u0103 confirm\u0103ri!\u201d...","breadcrumb":{"@id":"https:\/\/www.letsportsrock.com\/?p=44552#breadcrumb"},"inLanguage":"en-US","potentialAction":[{"@type":"ReadAction","target":["https:\/\/www.letsportsrock.com\/?p=44552"]}]},{"@type":"ImageObject","inLanguage":"en-US","@id":"https:\/\/www.letsportsrock.com\/?p=44552#primaryimage","url":"https:\/\/www.letsportsrock.com\/wp-content\/uploads\/2025\/05\/images-2025-06-01T004423.923.jpeg","contentUrl":"https:\/\/www.letsportsrock.com\/wp-content\/uploads\/2025\/05\/images-2025-06-01T004423.923.jpeg","width":726,"height":423},{"@type":"BreadcrumbList","@id":"https:\/\/www.letsportsrock.com\/?p=44552#breadcrumb","itemListElement":[{"@type":"ListItem","position":1,"name":"Home","item":"https:\/\/www.letsportsrock.com\/"},{"@type":"ListItem","position":2,"name":"Noi detalii despre situa\u0163ia lui Dan Petrescu. C\u00e2nd ar putea reveni pe banc\u0103 la CFR Cluj: \u201cE la spital, a\u015fteapt\u0103 confirm\u0103ri!\u201d&#8230;"}]},{"@type":"WebSite","@id":"https:\/\/www.letsportsrock.com\/#website","url":"https:\/\/www.letsportsrock.com\/","name":"letsportsrock","description":"Sport News and Updates","potentialAction":[{"@type":"SearchAction","target":{"@type":"EntryPoint","urlTemplate":"https:\/\/www.letsportsrock.com\/?s={search_term_string}"},"query-input":{"@type":"PropertyValueSpecification","valueRequired":true,"valueName":"search_term_string"}}],"inLanguage":"en-US"},{"@type":"Person","@id":"https:\/\/www.letsportsrock.com\/#\/schema\/person\/044479f72bdbd75f9523e745d3be6c30","name":"Amos Nabizo","image":{"@type":"ImageObject","inLanguage":"en-US","@id":"https:\/\/secure.gravatar.com\/avatar\/d569857c07d3899c6ca842ffea32daa1672c05549833530fe37e68ae7b521ba4?s=96&d=mm&r=g","url":"https:\/\/secure.gravatar.com\/avatar\/d569857c07d3899c6ca842ffea32daa1672c05549833530fe37e68ae7b521ba4?s=96&d=mm&r=g","contentUrl":"https:\/\/secure.gravatar.com\/avatar\/d569857c07d3899c6ca842ffea32daa1672c05549833530fe37e68ae7b521ba4?s=96&d=mm&r=g","caption":"Amos Nabizo"},"sameAs":["https:\/\/www.letsportsrock.com\/wp-admin\/"],"url":"https:\/\/www.letsportsrock.com\/?author=15"}]}},"jetpack_featured_media_url":"https:\/\/www.letsportsrock.com\/wp-content\/uploads\/2025\/05\/images-2025-06-01T004423.923.jpeg","jetpack_sharing_enabled":true,"_links":{"self":[{"href":"https:\/\/www.letsportsrock.com\/index.php?rest_route=\/wp\/v2\/posts\/44552","targetHints":{"allow":["GET"]}}],"collection":[{"href":"https:\/\/www.letsportsrock.com\/index.php?rest_route=\/wp\/v2\/posts"}],"about":[{"href":"https:\/\/www.letsportsrock.com\/index.php?rest_route=\/wp\/v2\/types\/post"}],"author":[{"embeddable":true,"href":"https:\/\/www.letsportsrock.com\/index.php?rest_route=\/wp\/v2\/users\/15"}],"replies":[{"embeddable":true,"href":"https:\/\/www.letsportsrock.com\/index.php?rest_route=%2Fwp%2Fv2%2Fcomments&post=44552"}],"version-history":[{"count":1,"href":"https:\/\/www.letsportsrock.com\/index.php?rest_route=\/wp\/v2\/posts\/44552\/revisions"}],"predecessor-version":[{"id":44556,"href":"https:\/\/www.letsportsrock.com\/index.php?rest_route=\/wp\/v2\/posts\/44552\/revisions\/44556"}],"wp:featuredmedia":[{"embeddable":true,"href":"https:\/\/www.letsportsrock.com\/index.php?rest_route=\/wp\/v2\/media\/44553"}],"wp:attachment":[{"href":"https:\/\/www.letsportsrock.com\/index.php?rest_route=%2Fwp%2Fv2%2Fmedia&parent=44552"}],"wp:term":[{"taxonomy":"category","embeddable":true,"href":"https:\/\/www.letsportsrock.com\/index.php?rest_route=%2Fwp%2Fv2%2Fcategories&post=44552"},{"taxonomy":"post_tag","embeddable":true,"href":"https:\/\/www.letsportsrock.com\/index.php?rest_route=%2Fwp%2Fv2%2Ftags&post=44552"}],"curies":[{"name":"wp","href":"https:\/\/api.w.org\/{rel}","templated":true}]}}