{"id":44558,"date":"2025-05-31T23:48:17","date_gmt":"2025-05-31T23:48:17","guid":{"rendered":"https:\/\/www.letsportsrock.com\/?p=44558"},"modified":"2025-05-31T23:48:17","modified_gmt":"2025-05-31T23:48:17","slug":"asa-joc-urat-n-am-vazut-in-viata-mea-dan-petrescu-facut-praf-pentru-cum-a-transformat-o-pe-cfr-cluj","status":"publish","type":"post","link":"https:\/\/www.letsportsrock.com\/?p=44558","title":{"rendered":"A\u015fa joc ur\u00e2t n-am v\u0103zut \u00een via\u021ba mea\u201d. Dan Petrescu, f\u0103cut praf pentru cum a transformat-o pe CFR Cluj&#8230;"},"content":{"rendered":"<div class=\"d79db4796efc26332eabfc3f5dafbc76\" data-index=\"1\" style=\"float: none; margin:10px 0 10px 0; text-align:center;\">\n<div class=\"hb-ad-inarticle\">\r\n    <div class=\"hb-ad-inner\"> \r\n    <div class=\"hbagency_cls\"  id=\"hbagency_space_111930\"><\/div><\/div> <\/div>\n<\/div>\n<p>\u201eA\u0219a joc ur\u00e2t n-am v\u0103zut \u00een via\u021ba mea\u201d \u2013 Dan Petrescu, criticat dur pentru stilul de joc al CFR Cluj<\/p>\n<p>&nbsp;<\/p>\n<p>CFR Cluj, odinioar\u0103 un simbol al eficien\u021bei \u00een fotbalul rom\u00e2nesc, pare c\u0103 a devenit sinonim cu jocul lipsit de spectacol sub comanda lui Dan Petrescu. Declara\u021bia tran\u0219ant\u0103 \u201eA\u0219a joc ur\u00e2t n-am v\u0103zut \u00een via\u021ba mea\u201d reflect\u0103 frustrarea tot mai mare a suporterilor \u0219i speciali\u0219tilor, care acuz\u0103 un stil pragmatic dus la extrem.<\/p>\n<p><img loading=\"lazy\" decoding=\"async\" class=\"alignnone size-medium wp-image-44560\" src=\"https:\/\/www.letsportsrock.com\/wp-content\/uploads\/2025\/05\/images-2025-06-01T004724.924-300x211.jpeg\" alt=\"\" width=\"300\" height=\"211\" srcset=\"https:\/\/www.letsportsrock.com\/wp-content\/uploads\/2025\/05\/images-2025-06-01T004724.924-300x211.jpeg 300w, https:\/\/www.letsportsrock.com\/wp-content\/uploads\/2025\/05\/images-2025-06-01T004724.924.jpeg 661w\" sizes=\"auto, (max-width: 300px) 100vw, 300px\" \/><\/p>\n<p>Petrescu, cunoscut pentru filosofia sa ultra-defensiv\u0103, a transformat CFR \u00eentr-o echip\u0103 care prioritizeaz\u0103 rezultatul \u00een detrimentul spectacolului. Posese reduse, mingi lungi, ap\u0103r\u0103ri compacte \u0219i lipsa creativit\u0103\u021bii sunt constantele unui joc considerat de mul\u021bi plictisitor. De\u0219i echipa a ob\u021binut performan\u021be notabile \u00een trecut, actualele presta\u021bii dezam\u0103gesc chiar \u0219i atunci c\u00e2nd vin cu puncte.<\/p>\n<p>&nbsp;<\/p>\n<p>Criticile nu vizeaz\u0103 doar estetica jocului, ci \u0219i lipsa de progres. Fanii cer schimb\u0103ri, iar presa sugereaz\u0103 c\u0103 timpul \u201eBursucului\u201d la Cluj se apropie de final. Cu toate acestea, Dan Petrescu r\u0103m\u00e2ne fidel stilului s\u0103u, ignor\u00e2nd vocile care cer fotbal modern, ofensiv \u0219i atractiv.<\/p>\n\n<div style=\"font-size: 0px; height: 0px; line-height: 0px; margin: 0; padding: 0; clear: both;\"><\/div>","protected":false},"excerpt":{"rendered":"<p>\u201eA\u0219a joc ur\u00e2t n-am v\u0103zut \u00een via\u021ba mea\u201d \u2013 Dan Petrescu, criticat dur pentru stilul de joc al CFR Cluj &nbsp; CFR Cluj, odinioar\u0103 un simbol al eficien\u021bei \u00een fotbalul rom\u00e2nesc, pare c\u0103 a devenit sinonim cu jocul lipsit de spectacol sub comanda lui Dan Petrescu. Declara\u021bia tran\u0219ant\u0103 \u201eA\u0219a joc ur\u00e2t n-am v\u0103zut \u00een via\u021ba [&hellip;]<\/p>\n","protected":false},"author":15,"featured_media":44559,"comment_status":"open","ping_status":"open","sticky":false,"template":"","format":"standard","meta":{"_jetpack_memberships_contains_paid_content":false,"footnotes":""},"categories":[1],"tags":[666],"class_list":["post-44558","post","type-post","status-publish","format-standard","has-post-thumbnail","hentry","category-uncategorized","tag-cfr-istii"],"yoast_head":"<!-- This site is optimized with the Yoast SEO plugin v27.5 - https:\/\/yoast.com\/product\/yoast-seo-wordpress\/ -->\n<title>A\u015fa joc ur\u00e2t n-am v\u0103zut \u00een via\u021ba mea\u201d. Dan Petrescu, f\u0103cut praf pentru cum a transformat-o pe CFR Cluj...<\/title>\n<meta name=\"description\" content=\"A\u015fa joc ur\u00e2t n-am v\u0103zut \u00een via\u021ba mea\u201d. Dan Petrescu, f\u0103cut praf pentru cum a transformat-o pe CFR Cluj.....\" \/>\n<meta name=\"robots\" content=\"index, follow, max-snippet:-1, max-image-preview:large, max-video-preview:-1\" \/>\n<link rel=\"canonical\" href=\"https:\/\/www.letsportsrock.com\/?p=44558\" \/>\n<meta property=\"og:locale\" content=\"en_US\" \/>\n<meta property=\"og:type\" content=\"article\" \/>\n<meta property=\"og:title\" content=\"A\u015fa joc ur\u00e2t n-am v\u0103zut \u00een via\u021ba mea\u201d. Dan Petrescu, f\u0103cut praf pentru cum a transformat-o pe CFR Cluj...\" \/>\n<meta property=\"og:description\" content=\"A\u015fa joc ur\u00e2t n-am v\u0103zut \u00een via\u021ba mea\u201d. Dan Petrescu, f\u0103cut praf pentru cum a transformat-o pe CFR Cluj.....\" \/>\n<meta property=\"og:url\" content=\"https:\/\/www.letsportsrock.com\/?p=44558\" \/>\n<meta property=\"og:site_name\" content=\"letsportsrock\" \/>\n<meta property=\"article:published_time\" content=\"2025-05-31T23:48:17+00:00\" \/>\n<meta property=\"og:image\" content=\"https:\/\/www.letsportsrock.com\/wp-content\/uploads\/2025\/05\/images-2025-06-01T004718.096.jpeg\" \/>\n\t<meta property=\"og:image:width\" content=\"739\" \/>\n\t<meta property=\"og:image:height\" content=\"415\" \/>\n\t<meta property=\"og:image:type\" content=\"image\/jpeg\" \/>\n<meta name=\"author\" content=\"Amos Nabizo\" \/>\n<meta name=\"twitter:card\" content=\"summary_large_image\" \/>\n<meta name=\"twitter:label1\" content=\"Written by\" \/>\n\t<meta name=\"twitter:data1\" content=\"Amos Nabizo\" \/>\n\t<meta name=\"twitter:label2\" content=\"Est. reading time\" \/>\n\t<meta name=\"twitter:data2\" content=\"2 minutes\" \/>\n<script type=\"application\/ld+json\" class=\"yoast-schema-graph\">{\"@context\":\"https:\\\/\\\/schema.org\",\"@graph\":[{\"@type\":\"Article\",\"@id\":\"https:\\\/\\\/www.letsportsrock.com\\\/?p=44558#article\",\"isPartOf\":{\"@id\":\"https:\\\/\\\/www.letsportsrock.com\\\/?p=44558\"},\"author\":{\"name\":\"Amos Nabizo\",\"@id\":\"https:\\\/\\\/www.letsportsrock.com\\\/#\\\/schema\\\/person\\\/044479f72bdbd75f9523e745d3be6c30\"},\"headline\":\"A\u015fa joc ur\u00e2t n-am v\u0103zut \u00een via\u021ba mea\u201d. Dan Petrescu, f\u0103cut praf pentru cum a transformat-o pe CFR Cluj&#8230;\",\"datePublished\":\"2025-05-31T23:48:17+00:00\",\"mainEntityOfPage\":{\"@id\":\"https:\\\/\\\/www.letsportsrock.com\\\/?p=44558\"},\"wordCount\":221,\"commentCount\":0,\"image\":{\"@id\":\"https:\\\/\\\/www.letsportsrock.com\\\/?p=44558#primaryimage\"},\"thumbnailUrl\":\"https:\\\/\\\/www.letsportsrock.com\\\/wp-content\\\/uploads\\\/2025\\\/05\\\/images-2025-06-01T004718.096.jpeg\",\"keywords\":[\"CFR I\u0218TII\"],\"inLanguage\":\"en-US\",\"potentialAction\":[{\"@type\":\"CommentAction\",\"name\":\"Comment\",\"target\":[\"https:\\\/\\\/www.letsportsrock.com\\\/?p=44558#respond\"]}]},{\"@type\":\"WebPage\",\"@id\":\"https:\\\/\\\/www.letsportsrock.com\\\/?p=44558\",\"url\":\"https:\\\/\\\/www.letsportsrock.com\\\/?p=44558\",\"name\":\"A\u015fa joc ur\u00e2t n-am v\u0103zut \u00een via\u021ba mea\u201d. Dan Petrescu, f\u0103cut praf pentru cum a transformat-o pe CFR Cluj...\",\"isPartOf\":{\"@id\":\"https:\\\/\\\/www.letsportsrock.com\\\/#website\"},\"primaryImageOfPage\":{\"@id\":\"https:\\\/\\\/www.letsportsrock.com\\\/?p=44558#primaryimage\"},\"image\":{\"@id\":\"https:\\\/\\\/www.letsportsrock.com\\\/?p=44558#primaryimage\"},\"thumbnailUrl\":\"https:\\\/\\\/www.letsportsrock.com\\\/wp-content\\\/uploads\\\/2025\\\/05\\\/images-2025-06-01T004718.096.jpeg\",\"datePublished\":\"2025-05-31T23:48:17+00:00\",\"author\":{\"@id\":\"https:\\\/\\\/www.letsportsrock.com\\\/#\\\/schema\\\/person\\\/044479f72bdbd75f9523e745d3be6c30\"},\"description\":\"A\u015fa joc ur\u00e2t n-am v\u0103zut \u00een via\u021ba mea\u201d. Dan Petrescu, f\u0103cut praf pentru cum a transformat-o pe CFR Cluj.....\",\"breadcrumb\":{\"@id\":\"https:\\\/\\\/www.letsportsrock.com\\\/?p=44558#breadcrumb\"},\"inLanguage\":\"en-US\",\"potentialAction\":[{\"@type\":\"ReadAction\",\"target\":[\"https:\\\/\\\/www.letsportsrock.com\\\/?p=44558\"]}]},{\"@type\":\"ImageObject\",\"inLanguage\":\"en-US\",\"@id\":\"https:\\\/\\\/www.letsportsrock.com\\\/?p=44558#primaryimage\",\"url\":\"https:\\\/\\\/www.letsportsrock.com\\\/wp-content\\\/uploads\\\/2025\\\/05\\\/images-2025-06-01T004718.096.jpeg\",\"contentUrl\":\"https:\\\/\\\/www.letsportsrock.com\\\/wp-content\\\/uploads\\\/2025\\\/05\\\/images-2025-06-01T004718.096.jpeg\",\"width\":739,\"height\":415},{\"@type\":\"BreadcrumbList\",\"@id\":\"https:\\\/\\\/www.letsportsrock.com\\\/?p=44558#breadcrumb\",\"itemListElement\":[{\"@type\":\"ListItem\",\"position\":1,\"name\":\"Home\",\"item\":\"https:\\\/\\\/www.letsportsrock.com\\\/\"},{\"@type\":\"ListItem\",\"position\":2,\"name\":\"A\u015fa joc ur\u00e2t n-am v\u0103zut \u00een via\u021ba mea\u201d. Dan Petrescu, f\u0103cut praf pentru cum a transformat-o pe CFR Cluj&#8230;\"}]},{\"@type\":\"WebSite\",\"@id\":\"https:\\\/\\\/www.letsportsrock.com\\\/#website\",\"url\":\"https:\\\/\\\/www.letsportsrock.com\\\/\",\"name\":\"letsportsrock\",\"description\":\"Sport News and Updates\",\"potentialAction\":[{\"@type\":\"SearchAction\",\"target\":{\"@type\":\"EntryPoint\",\"urlTemplate\":\"https:\\\/\\\/www.letsportsrock.com\\\/?s={search_term_string}\"},\"query-input\":{\"@type\":\"PropertyValueSpecification\",\"valueRequired\":true,\"valueName\":\"search_term_string\"}}],\"inLanguage\":\"en-US\"},{\"@type\":\"Person\",\"@id\":\"https:\\\/\\\/www.letsportsrock.com\\\/#\\\/schema\\\/person\\\/044479f72bdbd75f9523e745d3be6c30\",\"name\":\"Amos Nabizo\",\"image\":{\"@type\":\"ImageObject\",\"inLanguage\":\"en-US\",\"@id\":\"https:\\\/\\\/secure.gravatar.com\\\/avatar\\\/d569857c07d3899c6ca842ffea32daa1672c05549833530fe37e68ae7b521ba4?s=96&d=mm&r=g\",\"url\":\"https:\\\/\\\/secure.gravatar.com\\\/avatar\\\/d569857c07d3899c6ca842ffea32daa1672c05549833530fe37e68ae7b521ba4?s=96&d=mm&r=g\",\"contentUrl\":\"https:\\\/\\\/secure.gravatar.com\\\/avatar\\\/d569857c07d3899c6ca842ffea32daa1672c05549833530fe37e68ae7b521ba4?s=96&d=mm&r=g\",\"caption\":\"Amos Nabizo\"},\"sameAs\":[\"https:\\\/\\\/www.letsportsrock.com\\\/wp-admin\\\/\"],\"url\":\"https:\\\/\\\/www.letsportsrock.com\\\/?author=15\"}]}<\/script>\n<!-- \/ Yoast SEO plugin. -->","yoast_head_json":{"title":"A\u015fa joc ur\u00e2t n-am v\u0103zut \u00een via\u021ba mea\u201d. Dan Petrescu, f\u0103cut praf pentru cum a transformat-o pe CFR Cluj...","description":"A\u015fa joc ur\u00e2t n-am v\u0103zut \u00een via\u021ba mea\u201d. Dan Petrescu, f\u0103cut praf pentru cum a transformat-o pe CFR Cluj.....","robots":{"index":"index","follow":"follow","max-snippet":"max-snippet:-1","max-image-preview":"max-image-preview:large","max-video-preview":"max-video-preview:-1"},"canonical":"https:\/\/www.letsportsrock.com\/?p=44558","og_locale":"en_US","og_type":"article","og_title":"A\u015fa joc ur\u00e2t n-am v\u0103zut \u00een via\u021ba mea\u201d. Dan Petrescu, f\u0103cut praf pentru cum a transformat-o pe CFR Cluj...","og_description":"A\u015fa joc ur\u00e2t n-am v\u0103zut \u00een via\u021ba mea\u201d. Dan Petrescu, f\u0103cut praf pentru cum a transformat-o pe CFR Cluj.....","og_url":"https:\/\/www.letsportsrock.com\/?p=44558","og_site_name":"letsportsrock","article_published_time":"2025-05-31T23:48:17+00:00","og_image":[{"width":739,"height":415,"url":"https:\/\/www.letsportsrock.com\/wp-content\/uploads\/2025\/05\/images-2025-06-01T004718.096.jpeg","type":"image\/jpeg"}],"author":"Amos Nabizo","twitter_card":"summary_large_image","twitter_misc":{"Written by":"Amos Nabizo","Est. reading time":"2 minutes"},"schema":{"@context":"https:\/\/schema.org","@graph":[{"@type":"Article","@id":"https:\/\/www.letsportsrock.com\/?p=44558#article","isPartOf":{"@id":"https:\/\/www.letsportsrock.com\/?p=44558"},"author":{"name":"Amos Nabizo","@id":"https:\/\/www.letsportsrock.com\/#\/schema\/person\/044479f72bdbd75f9523e745d3be6c30"},"headline":"A\u015fa joc ur\u00e2t n-am v\u0103zut \u00een via\u021ba mea\u201d. Dan Petrescu, f\u0103cut praf pentru cum a transformat-o pe CFR Cluj&#8230;","datePublished":"2025-05-31T23:48:17+00:00","mainEntityOfPage":{"@id":"https:\/\/www.letsportsrock.com\/?p=44558"},"wordCount":221,"commentCount":0,"image":{"@id":"https:\/\/www.letsportsrock.com\/?p=44558#primaryimage"},"thumbnailUrl":"https:\/\/www.letsportsrock.com\/wp-content\/uploads\/2025\/05\/images-2025-06-01T004718.096.jpeg","keywords":["CFR I\u0218TII"],"inLanguage":"en-US","potentialAction":[{"@type":"CommentAction","name":"Comment","target":["https:\/\/www.letsportsrock.com\/?p=44558#respond"]}]},{"@type":"WebPage","@id":"https:\/\/www.letsportsrock.com\/?p=44558","url":"https:\/\/www.letsportsrock.com\/?p=44558","name":"A\u015fa joc ur\u00e2t n-am v\u0103zut \u00een via\u021ba mea\u201d. Dan Petrescu, f\u0103cut praf pentru cum a transformat-o pe CFR Cluj...","isPartOf":{"@id":"https:\/\/www.letsportsrock.com\/#website"},"primaryImageOfPage":{"@id":"https:\/\/www.letsportsrock.com\/?p=44558#primaryimage"},"image":{"@id":"https:\/\/www.letsportsrock.com\/?p=44558#primaryimage"},"thumbnailUrl":"https:\/\/www.letsportsrock.com\/wp-content\/uploads\/2025\/05\/images-2025-06-01T004718.096.jpeg","datePublished":"2025-05-31T23:48:17+00:00","author":{"@id":"https:\/\/www.letsportsrock.com\/#\/schema\/person\/044479f72bdbd75f9523e745d3be6c30"},"description":"A\u015fa joc ur\u00e2t n-am v\u0103zut \u00een via\u021ba mea\u201d. Dan Petrescu, f\u0103cut praf pentru cum a transformat-o pe CFR Cluj.....","breadcrumb":{"@id":"https:\/\/www.letsportsrock.com\/?p=44558#breadcrumb"},"inLanguage":"en-US","potentialAction":[{"@type":"ReadAction","target":["https:\/\/www.letsportsrock.com\/?p=44558"]}]},{"@type":"ImageObject","inLanguage":"en-US","@id":"https:\/\/www.letsportsrock.com\/?p=44558#primaryimage","url":"https:\/\/www.letsportsrock.com\/wp-content\/uploads\/2025\/05\/images-2025-06-01T004718.096.jpeg","contentUrl":"https:\/\/www.letsportsrock.com\/wp-content\/uploads\/2025\/05\/images-2025-06-01T004718.096.jpeg","width":739,"height":415},{"@type":"BreadcrumbList","@id":"https:\/\/www.letsportsrock.com\/?p=44558#breadcrumb","itemListElement":[{"@type":"ListItem","position":1,"name":"Home","item":"https:\/\/www.letsportsrock.com\/"},{"@type":"ListItem","position":2,"name":"A\u015fa joc ur\u00e2t n-am v\u0103zut \u00een via\u021ba mea\u201d. Dan Petrescu, f\u0103cut praf pentru cum a transformat-o pe CFR Cluj&#8230;"}]},{"@type":"WebSite","@id":"https:\/\/www.letsportsrock.com\/#website","url":"https:\/\/www.letsportsrock.com\/","name":"letsportsrock","description":"Sport News and Updates","potentialAction":[{"@type":"SearchAction","target":{"@type":"EntryPoint","urlTemplate":"https:\/\/www.letsportsrock.com\/?s={search_term_string}"},"query-input":{"@type":"PropertyValueSpecification","valueRequired":true,"valueName":"search_term_string"}}],"inLanguage":"en-US"},{"@type":"Person","@id":"https:\/\/www.letsportsrock.com\/#\/schema\/person\/044479f72bdbd75f9523e745d3be6c30","name":"Amos Nabizo","image":{"@type":"ImageObject","inLanguage":"en-US","@id":"https:\/\/secure.gravatar.com\/avatar\/d569857c07d3899c6ca842ffea32daa1672c05549833530fe37e68ae7b521ba4?s=96&d=mm&r=g","url":"https:\/\/secure.gravatar.com\/avatar\/d569857c07d3899c6ca842ffea32daa1672c05549833530fe37e68ae7b521ba4?s=96&d=mm&r=g","contentUrl":"https:\/\/secure.gravatar.com\/avatar\/d569857c07d3899c6ca842ffea32daa1672c05549833530fe37e68ae7b521ba4?s=96&d=mm&r=g","caption":"Amos Nabizo"},"sameAs":["https:\/\/www.letsportsrock.com\/wp-admin\/"],"url":"https:\/\/www.letsportsrock.com\/?author=15"}]}},"jetpack_featured_media_url":"https:\/\/www.letsportsrock.com\/wp-content\/uploads\/2025\/05\/images-2025-06-01T004718.096.jpeg","jetpack_sharing_enabled":true,"_links":{"self":[{"href":"https:\/\/www.letsportsrock.com\/index.php?rest_route=\/wp\/v2\/posts\/44558","targetHints":{"allow":["GET"]}}],"collection":[{"href":"https:\/\/www.letsportsrock.com\/index.php?rest_route=\/wp\/v2\/posts"}],"about":[{"href":"https:\/\/www.letsportsrock.com\/index.php?rest_route=\/wp\/v2\/types\/post"}],"author":[{"embeddable":true,"href":"https:\/\/www.letsportsrock.com\/index.php?rest_route=\/wp\/v2\/users\/15"}],"replies":[{"embeddable":true,"href":"https:\/\/www.letsportsrock.com\/index.php?rest_route=%2Fwp%2Fv2%2Fcomments&post=44558"}],"version-history":[{"count":1,"href":"https:\/\/www.letsportsrock.com\/index.php?rest_route=\/wp\/v2\/posts\/44558\/revisions"}],"predecessor-version":[{"id":44562,"href":"https:\/\/www.letsportsrock.com\/index.php?rest_route=\/wp\/v2\/posts\/44558\/revisions\/44562"}],"wp:featuredmedia":[{"embeddable":true,"href":"https:\/\/www.letsportsrock.com\/index.php?rest_route=\/wp\/v2\/media\/44559"}],"wp:attachment":[{"href":"https:\/\/www.letsportsrock.com\/index.php?rest_route=%2Fwp%2Fv2%2Fmedia&parent=44558"}],"wp:term":[{"taxonomy":"category","embeddable":true,"href":"https:\/\/www.letsportsrock.com\/index.php?rest_route=%2Fwp%2Fv2%2Fcategories&post=44558"},{"taxonomy":"post_tag","embeddable":true,"href":"https:\/\/www.letsportsrock.com\/index.php?rest_route=%2Fwp%2Fv2%2Ftags&post=44558"}],"curies":[{"name":"wp","href":"https:\/\/api.w.org\/{rel}","templated":true}]}}