{"id":44563,"date":"2025-05-31T23:51:19","date_gmt":"2025-05-31T23:51:19","guid":{"rendered":"https:\/\/www.letsportsrock.com\/?p=44563"},"modified":"2025-05-31T23:51:19","modified_gmt":"2025-05-31T23:51:19","slug":"va-fi-dat-afara-dan-petrescu-de-la-cfr-cluj-anuntul-conducerii-atunci-vom-trage-linie","status":"publish","type":"post","link":"https:\/\/www.letsportsrock.com\/?p=44563","title":{"rendered":"Va fi dat afar\u0103 Dan Petrescu de la CFR Cluj? Anun\u021bul conducerii: \u201eAtunci vom trage linie!\u201d&#8230;"},"content":{"rendered":"<div class=\"d79db4796efc26332eabfc3f5dafbc76\" data-index=\"1\" style=\"float: none; margin:10px 0 10px 0; text-align:center;\">\n<div class=\"hb-ad-inarticle\">\r\n    <div class=\"hb-ad-inner\"> \r\n    <div class=\"hbagency_cls\"  id=\"hbagency_space_111930\"><\/div><\/div> <\/div>\n<\/div>\n<p>Va fi dat afar\u0103 Dan Petrescu de la CFR Cluj? Anun\u021bul conducerii: \u201eAtunci vom trage linie!\u201d&#8230;<\/p>\n<p>&nbsp;<\/p>\n<p>Situa\u021bia lui Dan Petrescu la CFR Cluj este tensionat\u0103, dar nu s-a luat \u00eenc\u0103 o decizie oficial\u0103 privind demiterea sa.<\/p>\n<p><img loading=\"lazy\" decoding=\"async\" class=\"alignnone size-full wp-image-44567\" src=\"https:\/\/www.letsportsrock.com\/wp-content\/uploads\/2025\/05\/images-2025-06-01T005033.654.jpeg\" alt=\"\" width=\"300\" height=\"300\" srcset=\"https:\/\/www.letsportsrock.com\/wp-content\/uploads\/2025\/05\/images-2025-06-01T005033.654.jpeg 300w, https:\/\/www.letsportsrock.com\/wp-content\/uploads\/2025\/05\/images-2025-06-01T005033.654-150x150.jpeg 150w\" sizes=\"auto, (max-width: 300px) 100vw, 300px\" \/><\/p>\n<p>\u00cen februarie 2025, patronul Nelu\u021bu Varga \u0219i-a exprimat public nemul\u021bumirea fa\u021b\u0103 de antrenor, dup\u0103 un egal cu Poli Ia\u0219i, declar\u00e2nd: \u201eS\u0103-\u0219i fac\u0103 bagajele \u0219i s\u0103 plece! Fur\u0103 curent, m-am s\u0103turat!\u201d Aceast\u0103 reac\u021bie a venit \u00een contextul unor rezultate slabe \u0219i a criticilor lui Petrescu la adresa politicii de transferuri a clubului.<\/p>\n<p>&nbsp;<\/p>\n<p>De\u0219i pre\u0219edintele clubului, Cristi Balaj, a negat ini\u021bial zvonurile privind o posibil\u0103 plecare a lui Petrescu, afirm\u00e2nd c\u0103 sunt \u201edezinform\u0103ri\u201d menite s\u0103 destabilizeze echipa , ulterior a recunoscut existen\u021ba tensiunilor \u0219i a men\u021bionat c\u0103 decizia final\u0103 apar\u021bine patronului Varga .<\/p>\n<p>&nbsp;<\/p>\n<p>\u00cen decembrie 2024, Petrescu a declarat c\u0103 nu are cuno\u0219tin\u021b\u0103 despre o posibil\u0103 demitere \u0219i c\u0103 mai are 2 ani \u0219i jum\u0103tate de contract, subliniind c\u0103 decizia apar\u021bine conducerii clubului .<\/p>\n<p>&nbsp;<\/p>\n<p>\u00cen concluzie, de\u0219i exist\u0103 tensiuni \u00eentre Dan Petrescu \u0219i conducerea CFR Cluj, o decizie oficial\u0103 privind viitorul s\u0103u nu a fost anun\u021bat\u0103. Este posibil ca o hot\u0103r\u00e2re s\u0103 fie luat\u0103 dup\u0103 \u00eencheierea sezonului, \u00een func\u021bie de rezultatele echipei \u0219i de discu\u021biile dintre antrenor \u0219i conducere.<\/p>\n\n<div style=\"font-size: 0px; height: 0px; line-height: 0px; margin: 0; padding: 0; clear: both;\"><\/div>","protected":false},"excerpt":{"rendered":"<p>Va fi dat afar\u0103 Dan Petrescu de la CFR Cluj? Anun\u021bul conducerii: \u201eAtunci vom trage linie!\u201d&#8230; &nbsp; Situa\u021bia lui Dan Petrescu la CFR Cluj este tensionat\u0103, dar nu s-a luat \u00eenc\u0103 o decizie oficial\u0103 privind demiterea sa. \u00cen februarie 2025, patronul Nelu\u021bu Varga \u0219i-a exprimat public nemul\u021bumirea fa\u021b\u0103 de antrenor, dup\u0103 un egal cu Poli [&hellip;]<\/p>\n","protected":false},"author":15,"featured_media":44566,"comment_status":"open","ping_status":"open","sticky":false,"template":"","format":"standard","meta":{"_jetpack_memberships_contains_paid_content":false,"footnotes":""},"categories":[1],"tags":[666],"class_list":["post-44563","post","type-post","status-publish","format-standard","has-post-thumbnail","hentry","category-uncategorized","tag-cfr-istii"],"yoast_head":"<!-- This site is optimized with the Yoast SEO plugin v27.5 - https:\/\/yoast.com\/product\/yoast-seo-wordpress\/ -->\n<title>Va fi dat afar\u0103 Dan Petrescu de la CFR Cluj? Anun\u021bul conducerii: \u201eAtunci vom trage linie!\u201d...<\/title>\n<meta name=\"description\" content=\"Va fi dat afar\u0103 Dan Petrescu de la CFR Cluj? Anun\u021bul conducerii: \u201eAtunci vom trage linie!\u201d...................\" \/>\n<meta name=\"robots\" content=\"index, follow, max-snippet:-1, max-image-preview:large, max-video-preview:-1\" \/>\n<link rel=\"canonical\" href=\"https:\/\/www.letsportsrock.com\/?p=44563\" \/>\n<meta property=\"og:locale\" content=\"en_US\" \/>\n<meta property=\"og:type\" content=\"article\" \/>\n<meta property=\"og:title\" content=\"Va fi dat afar\u0103 Dan Petrescu de la CFR Cluj? Anun\u021bul conducerii: \u201eAtunci vom trage linie!\u201d...\" \/>\n<meta property=\"og:description\" content=\"Va fi dat afar\u0103 Dan Petrescu de la CFR Cluj? Anun\u021bul conducerii: \u201eAtunci vom trage linie!\u201d...................\" \/>\n<meta property=\"og:url\" content=\"https:\/\/www.letsportsrock.com\/?p=44563\" \/>\n<meta property=\"og:site_name\" content=\"letsportsrock\" \/>\n<meta property=\"article:published_time\" content=\"2025-05-31T23:51:19+00:00\" \/>\n<meta property=\"og:image\" content=\"https:\/\/www.letsportsrock.com\/wp-content\/uploads\/2025\/05\/images-2025-06-01T005019.382.jpeg\" \/>\n\t<meta property=\"og:image:width\" content=\"732\" \/>\n\t<meta property=\"og:image:height\" content=\"419\" \/>\n\t<meta property=\"og:image:type\" content=\"image\/jpeg\" \/>\n<meta name=\"author\" content=\"Amos Nabizo\" \/>\n<meta name=\"twitter:card\" content=\"summary_large_image\" \/>\n<meta name=\"twitter:label1\" content=\"Written by\" \/>\n\t<meta name=\"twitter:data1\" content=\"Amos Nabizo\" \/>\n\t<meta name=\"twitter:label2\" content=\"Est. reading time\" \/>\n\t<meta name=\"twitter:data2\" content=\"2 minutes\" \/>\n<script type=\"application\/ld+json\" class=\"yoast-schema-graph\">{\"@context\":\"https:\\\/\\\/schema.org\",\"@graph\":[{\"@type\":\"Article\",\"@id\":\"https:\\\/\\\/www.letsportsrock.com\\\/?p=44563#article\",\"isPartOf\":{\"@id\":\"https:\\\/\\\/www.letsportsrock.com\\\/?p=44563\"},\"author\":{\"name\":\"Amos Nabizo\",\"@id\":\"https:\\\/\\\/www.letsportsrock.com\\\/#\\\/schema\\\/person\\\/044479f72bdbd75f9523e745d3be6c30\"},\"headline\":\"Va fi dat afar\u0103 Dan Petrescu de la CFR Cluj? Anun\u021bul conducerii: \u201eAtunci vom trage linie!\u201d&#8230;\",\"datePublished\":\"2025-05-31T23:51:19+00:00\",\"mainEntityOfPage\":{\"@id\":\"https:\\\/\\\/www.letsportsrock.com\\\/?p=44563\"},\"wordCount\":246,\"commentCount\":0,\"image\":{\"@id\":\"https:\\\/\\\/www.letsportsrock.com\\\/?p=44563#primaryimage\"},\"thumbnailUrl\":\"https:\\\/\\\/www.letsportsrock.com\\\/wp-content\\\/uploads\\\/2025\\\/05\\\/images-2025-06-01T005019.382.jpeg\",\"keywords\":[\"CFR I\u0218TII\"],\"inLanguage\":\"en-US\",\"potentialAction\":[{\"@type\":\"CommentAction\",\"name\":\"Comment\",\"target\":[\"https:\\\/\\\/www.letsportsrock.com\\\/?p=44563#respond\"]}]},{\"@type\":\"WebPage\",\"@id\":\"https:\\\/\\\/www.letsportsrock.com\\\/?p=44563\",\"url\":\"https:\\\/\\\/www.letsportsrock.com\\\/?p=44563\",\"name\":\"Va fi dat afar\u0103 Dan Petrescu de la CFR Cluj? Anun\u021bul conducerii: \u201eAtunci vom trage linie!\u201d...\",\"isPartOf\":{\"@id\":\"https:\\\/\\\/www.letsportsrock.com\\\/#website\"},\"primaryImageOfPage\":{\"@id\":\"https:\\\/\\\/www.letsportsrock.com\\\/?p=44563#primaryimage\"},\"image\":{\"@id\":\"https:\\\/\\\/www.letsportsrock.com\\\/?p=44563#primaryimage\"},\"thumbnailUrl\":\"https:\\\/\\\/www.letsportsrock.com\\\/wp-content\\\/uploads\\\/2025\\\/05\\\/images-2025-06-01T005019.382.jpeg\",\"datePublished\":\"2025-05-31T23:51:19+00:00\",\"author\":{\"@id\":\"https:\\\/\\\/www.letsportsrock.com\\\/#\\\/schema\\\/person\\\/044479f72bdbd75f9523e745d3be6c30\"},\"description\":\"Va fi dat afar\u0103 Dan Petrescu de la CFR Cluj? Anun\u021bul conducerii: \u201eAtunci vom trage linie!\u201d...................\",\"breadcrumb\":{\"@id\":\"https:\\\/\\\/www.letsportsrock.com\\\/?p=44563#breadcrumb\"},\"inLanguage\":\"en-US\",\"potentialAction\":[{\"@type\":\"ReadAction\",\"target\":[\"https:\\\/\\\/www.letsportsrock.com\\\/?p=44563\"]}]},{\"@type\":\"ImageObject\",\"inLanguage\":\"en-US\",\"@id\":\"https:\\\/\\\/www.letsportsrock.com\\\/?p=44563#primaryimage\",\"url\":\"https:\\\/\\\/www.letsportsrock.com\\\/wp-content\\\/uploads\\\/2025\\\/05\\\/images-2025-06-01T005019.382.jpeg\",\"contentUrl\":\"https:\\\/\\\/www.letsportsrock.com\\\/wp-content\\\/uploads\\\/2025\\\/05\\\/images-2025-06-01T005019.382.jpeg\",\"width\":732,\"height\":419},{\"@type\":\"BreadcrumbList\",\"@id\":\"https:\\\/\\\/www.letsportsrock.com\\\/?p=44563#breadcrumb\",\"itemListElement\":[{\"@type\":\"ListItem\",\"position\":1,\"name\":\"Home\",\"item\":\"https:\\\/\\\/www.letsportsrock.com\\\/\"},{\"@type\":\"ListItem\",\"position\":2,\"name\":\"Va fi dat afar\u0103 Dan Petrescu de la CFR Cluj? Anun\u021bul conducerii: \u201eAtunci vom trage linie!\u201d&#8230;\"}]},{\"@type\":\"WebSite\",\"@id\":\"https:\\\/\\\/www.letsportsrock.com\\\/#website\",\"url\":\"https:\\\/\\\/www.letsportsrock.com\\\/\",\"name\":\"letsportsrock\",\"description\":\"Sport News and Updates\",\"potentialAction\":[{\"@type\":\"SearchAction\",\"target\":{\"@type\":\"EntryPoint\",\"urlTemplate\":\"https:\\\/\\\/www.letsportsrock.com\\\/?s={search_term_string}\"},\"query-input\":{\"@type\":\"PropertyValueSpecification\",\"valueRequired\":true,\"valueName\":\"search_term_string\"}}],\"inLanguage\":\"en-US\"},{\"@type\":\"Person\",\"@id\":\"https:\\\/\\\/www.letsportsrock.com\\\/#\\\/schema\\\/person\\\/044479f72bdbd75f9523e745d3be6c30\",\"name\":\"Amos Nabizo\",\"image\":{\"@type\":\"ImageObject\",\"inLanguage\":\"en-US\",\"@id\":\"https:\\\/\\\/secure.gravatar.com\\\/avatar\\\/d569857c07d3899c6ca842ffea32daa1672c05549833530fe37e68ae7b521ba4?s=96&d=mm&r=g\",\"url\":\"https:\\\/\\\/secure.gravatar.com\\\/avatar\\\/d569857c07d3899c6ca842ffea32daa1672c05549833530fe37e68ae7b521ba4?s=96&d=mm&r=g\",\"contentUrl\":\"https:\\\/\\\/secure.gravatar.com\\\/avatar\\\/d569857c07d3899c6ca842ffea32daa1672c05549833530fe37e68ae7b521ba4?s=96&d=mm&r=g\",\"caption\":\"Amos Nabizo\"},\"sameAs\":[\"https:\\\/\\\/www.letsportsrock.com\\\/wp-admin\\\/\"],\"url\":\"https:\\\/\\\/www.letsportsrock.com\\\/?author=15\"}]}<\/script>\n<!-- \/ Yoast SEO plugin. -->","yoast_head_json":{"title":"Va fi dat afar\u0103 Dan Petrescu de la CFR Cluj? Anun\u021bul conducerii: \u201eAtunci vom trage linie!\u201d...","description":"Va fi dat afar\u0103 Dan Petrescu de la CFR Cluj? Anun\u021bul conducerii: \u201eAtunci vom trage linie!\u201d...................","robots":{"index":"index","follow":"follow","max-snippet":"max-snippet:-1","max-image-preview":"max-image-preview:large","max-video-preview":"max-video-preview:-1"},"canonical":"https:\/\/www.letsportsrock.com\/?p=44563","og_locale":"en_US","og_type":"article","og_title":"Va fi dat afar\u0103 Dan Petrescu de la CFR Cluj? Anun\u021bul conducerii: \u201eAtunci vom trage linie!\u201d...","og_description":"Va fi dat afar\u0103 Dan Petrescu de la CFR Cluj? Anun\u021bul conducerii: \u201eAtunci vom trage linie!\u201d...................","og_url":"https:\/\/www.letsportsrock.com\/?p=44563","og_site_name":"letsportsrock","article_published_time":"2025-05-31T23:51:19+00:00","og_image":[{"width":732,"height":419,"url":"https:\/\/www.letsportsrock.com\/wp-content\/uploads\/2025\/05\/images-2025-06-01T005019.382.jpeg","type":"image\/jpeg"}],"author":"Amos Nabizo","twitter_card":"summary_large_image","twitter_misc":{"Written by":"Amos Nabizo","Est. reading time":"2 minutes"},"schema":{"@context":"https:\/\/schema.org","@graph":[{"@type":"Article","@id":"https:\/\/www.letsportsrock.com\/?p=44563#article","isPartOf":{"@id":"https:\/\/www.letsportsrock.com\/?p=44563"},"author":{"name":"Amos Nabizo","@id":"https:\/\/www.letsportsrock.com\/#\/schema\/person\/044479f72bdbd75f9523e745d3be6c30"},"headline":"Va fi dat afar\u0103 Dan Petrescu de la CFR Cluj? Anun\u021bul conducerii: \u201eAtunci vom trage linie!\u201d&#8230;","datePublished":"2025-05-31T23:51:19+00:00","mainEntityOfPage":{"@id":"https:\/\/www.letsportsrock.com\/?p=44563"},"wordCount":246,"commentCount":0,"image":{"@id":"https:\/\/www.letsportsrock.com\/?p=44563#primaryimage"},"thumbnailUrl":"https:\/\/www.letsportsrock.com\/wp-content\/uploads\/2025\/05\/images-2025-06-01T005019.382.jpeg","keywords":["CFR I\u0218TII"],"inLanguage":"en-US","potentialAction":[{"@type":"CommentAction","name":"Comment","target":["https:\/\/www.letsportsrock.com\/?p=44563#respond"]}]},{"@type":"WebPage","@id":"https:\/\/www.letsportsrock.com\/?p=44563","url":"https:\/\/www.letsportsrock.com\/?p=44563","name":"Va fi dat afar\u0103 Dan Petrescu de la CFR Cluj? Anun\u021bul conducerii: \u201eAtunci vom trage linie!\u201d...","isPartOf":{"@id":"https:\/\/www.letsportsrock.com\/#website"},"primaryImageOfPage":{"@id":"https:\/\/www.letsportsrock.com\/?p=44563#primaryimage"},"image":{"@id":"https:\/\/www.letsportsrock.com\/?p=44563#primaryimage"},"thumbnailUrl":"https:\/\/www.letsportsrock.com\/wp-content\/uploads\/2025\/05\/images-2025-06-01T005019.382.jpeg","datePublished":"2025-05-31T23:51:19+00:00","author":{"@id":"https:\/\/www.letsportsrock.com\/#\/schema\/person\/044479f72bdbd75f9523e745d3be6c30"},"description":"Va fi dat afar\u0103 Dan Petrescu de la CFR Cluj? Anun\u021bul conducerii: \u201eAtunci vom trage linie!\u201d...................","breadcrumb":{"@id":"https:\/\/www.letsportsrock.com\/?p=44563#breadcrumb"},"inLanguage":"en-US","potentialAction":[{"@type":"ReadAction","target":["https:\/\/www.letsportsrock.com\/?p=44563"]}]},{"@type":"ImageObject","inLanguage":"en-US","@id":"https:\/\/www.letsportsrock.com\/?p=44563#primaryimage","url":"https:\/\/www.letsportsrock.com\/wp-content\/uploads\/2025\/05\/images-2025-06-01T005019.382.jpeg","contentUrl":"https:\/\/www.letsportsrock.com\/wp-content\/uploads\/2025\/05\/images-2025-06-01T005019.382.jpeg","width":732,"height":419},{"@type":"BreadcrumbList","@id":"https:\/\/www.letsportsrock.com\/?p=44563#breadcrumb","itemListElement":[{"@type":"ListItem","position":1,"name":"Home","item":"https:\/\/www.letsportsrock.com\/"},{"@type":"ListItem","position":2,"name":"Va fi dat afar\u0103 Dan Petrescu de la CFR Cluj? Anun\u021bul conducerii: \u201eAtunci vom trage linie!\u201d&#8230;"}]},{"@type":"WebSite","@id":"https:\/\/www.letsportsrock.com\/#website","url":"https:\/\/www.letsportsrock.com\/","name":"letsportsrock","description":"Sport News and Updates","potentialAction":[{"@type":"SearchAction","target":{"@type":"EntryPoint","urlTemplate":"https:\/\/www.letsportsrock.com\/?s={search_term_string}"},"query-input":{"@type":"PropertyValueSpecification","valueRequired":true,"valueName":"search_term_string"}}],"inLanguage":"en-US"},{"@type":"Person","@id":"https:\/\/www.letsportsrock.com\/#\/schema\/person\/044479f72bdbd75f9523e745d3be6c30","name":"Amos Nabizo","image":{"@type":"ImageObject","inLanguage":"en-US","@id":"https:\/\/secure.gravatar.com\/avatar\/d569857c07d3899c6ca842ffea32daa1672c05549833530fe37e68ae7b521ba4?s=96&d=mm&r=g","url":"https:\/\/secure.gravatar.com\/avatar\/d569857c07d3899c6ca842ffea32daa1672c05549833530fe37e68ae7b521ba4?s=96&d=mm&r=g","contentUrl":"https:\/\/secure.gravatar.com\/avatar\/d569857c07d3899c6ca842ffea32daa1672c05549833530fe37e68ae7b521ba4?s=96&d=mm&r=g","caption":"Amos Nabizo"},"sameAs":["https:\/\/www.letsportsrock.com\/wp-admin\/"],"url":"https:\/\/www.letsportsrock.com\/?author=15"}]}},"jetpack_featured_media_url":"https:\/\/www.letsportsrock.com\/wp-content\/uploads\/2025\/05\/images-2025-06-01T005019.382.jpeg","jetpack_sharing_enabled":true,"_links":{"self":[{"href":"https:\/\/www.letsportsrock.com\/index.php?rest_route=\/wp\/v2\/posts\/44563","targetHints":{"allow":["GET"]}}],"collection":[{"href":"https:\/\/www.letsportsrock.com\/index.php?rest_route=\/wp\/v2\/posts"}],"about":[{"href":"https:\/\/www.letsportsrock.com\/index.php?rest_route=\/wp\/v2\/types\/post"}],"author":[{"embeddable":true,"href":"https:\/\/www.letsportsrock.com\/index.php?rest_route=\/wp\/v2\/users\/15"}],"replies":[{"embeddable":true,"href":"https:\/\/www.letsportsrock.com\/index.php?rest_route=%2Fwp%2Fv2%2Fcomments&post=44563"}],"version-history":[{"count":1,"href":"https:\/\/www.letsportsrock.com\/index.php?rest_route=\/wp\/v2\/posts\/44563\/revisions"}],"predecessor-version":[{"id":44568,"href":"https:\/\/www.letsportsrock.com\/index.php?rest_route=\/wp\/v2\/posts\/44563\/revisions\/44568"}],"wp:featuredmedia":[{"embeddable":true,"href":"https:\/\/www.letsportsrock.com\/index.php?rest_route=\/wp\/v2\/media\/44566"}],"wp:attachment":[{"href":"https:\/\/www.letsportsrock.com\/index.php?rest_route=%2Fwp%2Fv2%2Fmedia&parent=44563"}],"wp:term":[{"taxonomy":"category","embeddable":true,"href":"https:\/\/www.letsportsrock.com\/index.php?rest_route=%2Fwp%2Fv2%2Fcategories&post=44563"},{"taxonomy":"post_tag","embeddable":true,"href":"https:\/\/www.letsportsrock.com\/index.php?rest_route=%2Fwp%2Fv2%2Ftags&post=44563"}],"curies":[{"name":"wp","href":"https:\/\/api.w.org\/{rel}","templated":true}]}}