{"id":44569,"date":"2025-05-31T23:54:02","date_gmt":"2025-05-31T23:54:02","guid":{"rendered":"https:\/\/www.letsportsrock.com\/?p=44569"},"modified":"2025-05-31T23:54:02","modified_gmt":"2025-05-31T23:54:02","slug":"bucurie-uriasa-pentru-dan-petrescu-cfr-cluj-loveste-primul-pe-piata-transferurilor-se-freaca-pe-maini-de-satisfactie","status":"publish","type":"post","link":"https:\/\/www.letsportsrock.com\/?p=44569","title":{"rendered":"\u201eBucurie uria\u0219\u0103 pentru Dan Petrescu! CFR Cluj love\u0219te primul pe pia\u021ba transferurilor \u2013 Se freac\u0103 pe m\u00e2ini de satisfac\u021bie!&#8230;"},"content":{"rendered":"<div class=\"d79db4796efc26332eabfc3f5dafbc76\" data-index=\"1\" style=\"float: none; margin:10px 0 10px 0; text-align:center;\">\n<div class=\"hb-ad-inarticle\">\r\n    <div class=\"hb-ad-inner\"> \r\n    <div class=\"hbagency_cls\"  id=\"hbagency_space_111930\"><\/div><\/div> <\/div>\n<\/div>\n<p>Bucurie uria\u0219\u0103 pentru Dan Petrescu! CFR Cluj love\u0219te primul pe pia\u021ba transferurilor \u2013 Se freac\u0103 pe m\u00e2ini de satisfac\u021bie!<\/p>\n<p>&nbsp;<\/p>\n<p>CFR Cluj d\u0103 lovitura pe pia\u021ba transferurilor \u0219i \u00eei ofer\u0103 antrenorului Dan Petrescu un motiv uria\u0219 de satisfac\u021bie \u00eenaintea startului noului sezon. Echipa ardelean\u0103 a reu\u0219it s\u0103 semneze cu un juc\u0103tor de top, mult r\u00e2vnit at\u00e2t \u00een Liga 1, c\u00e2t \u0219i \u00een str\u0103in\u0103tate. Este vorba despre un mijloca\u0219 central cu experien\u021b\u0103 interna\u021bional\u0103, capabil s\u0103 aduc\u0103 un plus de consisten\u021b\u0103 \u0219i viziune \u00een jocul echipei.<\/p>\n<p><img loading=\"lazy\" decoding=\"async\" class=\"alignnone size-medium wp-image-44572\" src=\"https:\/\/www.letsportsrock.com\/wp-content\/uploads\/2025\/05\/images-2025-06-01T005312.416-300x169.jpeg\" alt=\"\" width=\"300\" height=\"169\" srcset=\"https:\/\/www.letsportsrock.com\/wp-content\/uploads\/2025\/05\/images-2025-06-01T005312.416-300x169.jpeg 300w, https:\/\/www.letsportsrock.com\/wp-content\/uploads\/2025\/05\/images-2025-06-01T005312.416.jpeg 400w\" sizes=\"auto, (max-width: 300px) 100vw, 300px\" \/><\/p>\n<p>Transferul vine \u00eentr-un moment cheie, c\u00e2nd CFR \u00ee\u0219i propune s\u0103 revin\u0103 \u00een fruntea fotbalului rom\u00e2nesc \u0219i s\u0103 aib\u0103 un parcurs remarcabil \u00een cupele europene. Dan Petrescu, cunoscut pentru exigen\u021ba sa \u00een privin\u021ba transferurilor, ar fi insistat personal pentru aducerea juc\u0103torului, iar conducerea clubului s-a mi\u0219cat rapid pentru a-i \u00eendeplini dorin\u021ba.<\/p>\n<p>&nbsp;<\/p>\n<p>Atmosfera \u00een vestiar este una de entuziasm, iar fanii viseaz\u0103 deja la trofee. Cu un lot tot mai solid \u0219i cu un antrenor experimentat pe banc\u0103, CFR Cluj transmite un semnal clar rivalelor: lupta pentru titlu a \u00eenceput, iar ardelenii sunt gata de atac.<\/p>\n\n<div style=\"font-size: 0px; height: 0px; line-height: 0px; margin: 0; padding: 0; clear: both;\"><\/div>","protected":false},"excerpt":{"rendered":"<p>Bucurie uria\u0219\u0103 pentru Dan Petrescu! CFR Cluj love\u0219te primul pe pia\u021ba transferurilor \u2013 Se freac\u0103 pe m\u00e2ini de satisfac\u021bie! &nbsp; CFR Cluj d\u0103 lovitura pe pia\u021ba transferurilor \u0219i \u00eei ofer\u0103 antrenorului Dan Petrescu un motiv uria\u0219 de satisfac\u021bie \u00eenaintea startului noului sezon. Echipa ardelean\u0103 a reu\u0219it s\u0103 semneze cu un juc\u0103tor de top, mult r\u00e2vnit [&hellip;]<\/p>\n","protected":false},"author":15,"featured_media":44571,"comment_status":"open","ping_status":"open","sticky":false,"template":"","format":"standard","meta":{"_jetpack_memberships_contains_paid_content":false,"footnotes":""},"categories":[1],"tags":[666],"class_list":["post-44569","post","type-post","status-publish","format-standard","has-post-thumbnail","hentry","category-uncategorized","tag-cfr-istii"],"yoast_head":"<!-- This site is optimized with the Yoast SEO plugin v27.5 - https:\/\/yoast.com\/product\/yoast-seo-wordpress\/ -->\n<title>\u201eBucurie uria\u0219\u0103 pentru Dan Petrescu! CFR Cluj love\u0219te primul pe pia\u021ba transferurilor \u2013 Se freac\u0103 pe m\u00e2ini de satisfac\u021bie!...<\/title>\n<meta name=\"description\" content=\"\u201eBucurie uria\u0219\u0103 pentru Dan Petrescu! CFR Cluj love\u0219te primul pe pia\u021ba transferurilor \u2013 Se freac\u0103 pe m\u00e2ini de satisfac\u021bie!...\" \/>\n<meta name=\"robots\" content=\"index, follow, max-snippet:-1, max-image-preview:large, max-video-preview:-1\" \/>\n<link rel=\"canonical\" href=\"https:\/\/www.letsportsrock.com\/?p=44569\" \/>\n<meta property=\"og:locale\" content=\"en_US\" \/>\n<meta property=\"og:type\" content=\"article\" \/>\n<meta property=\"og:title\" content=\"\u201eBucurie uria\u0219\u0103 pentru Dan Petrescu! CFR Cluj love\u0219te primul pe pia\u021ba transferurilor \u2013 Se freac\u0103 pe m\u00e2ini de satisfac\u021bie!...\" \/>\n<meta property=\"og:description\" content=\"\u201eBucurie uria\u0219\u0103 pentru Dan Petrescu! CFR Cluj love\u0219te primul pe pia\u021ba transferurilor \u2013 Se freac\u0103 pe m\u00e2ini de satisfac\u021bie!...\" \/>\n<meta property=\"og:url\" content=\"https:\/\/www.letsportsrock.com\/?p=44569\" \/>\n<meta property=\"og:site_name\" content=\"letsportsrock\" \/>\n<meta property=\"article:published_time\" content=\"2025-05-31T23:54:02+00:00\" \/>\n<meta property=\"og:image\" content=\"https:\/\/www.letsportsrock.com\/wp-content\/uploads\/2025\/05\/images-2025-06-01T005303.042.jpeg\" \/>\n\t<meta property=\"og:image:width\" content=\"500\" \/>\n\t<meta property=\"og:image:height\" content=\"333\" \/>\n\t<meta property=\"og:image:type\" content=\"image\/jpeg\" \/>\n<meta name=\"author\" content=\"Amos Nabizo\" \/>\n<meta name=\"twitter:card\" content=\"summary_large_image\" \/>\n<meta name=\"twitter:label1\" content=\"Written by\" \/>\n\t<meta name=\"twitter:data1\" content=\"Amos Nabizo\" \/>\n\t<meta name=\"twitter:label2\" content=\"Est. reading time\" \/>\n\t<meta name=\"twitter:data2\" content=\"1 minute\" \/>\n<script type=\"application\/ld+json\" class=\"yoast-schema-graph\">{\"@context\":\"https:\\\/\\\/schema.org\",\"@graph\":[{\"@type\":\"Article\",\"@id\":\"https:\\\/\\\/www.letsportsrock.com\\\/?p=44569#article\",\"isPartOf\":{\"@id\":\"https:\\\/\\\/www.letsportsrock.com\\\/?p=44569\"},\"author\":{\"name\":\"Amos Nabizo\",\"@id\":\"https:\\\/\\\/www.letsportsrock.com\\\/#\\\/schema\\\/person\\\/044479f72bdbd75f9523e745d3be6c30\"},\"headline\":\"\u201eBucurie uria\u0219\u0103 pentru Dan Petrescu! CFR Cluj love\u0219te primul pe pia\u021ba transferurilor \u2013 Se freac\u0103 pe m\u00e2ini de satisfac\u021bie!&#8230;\",\"datePublished\":\"2025-05-31T23:54:02+00:00\",\"mainEntityOfPage\":{\"@id\":\"https:\\\/\\\/www.letsportsrock.com\\\/?p=44569\"},\"wordCount\":220,\"commentCount\":0,\"image\":{\"@id\":\"https:\\\/\\\/www.letsportsrock.com\\\/?p=44569#primaryimage\"},\"thumbnailUrl\":\"https:\\\/\\\/www.letsportsrock.com\\\/wp-content\\\/uploads\\\/2025\\\/05\\\/images-2025-06-01T005303.042.jpeg\",\"keywords\":[\"CFR I\u0218TII\"],\"inLanguage\":\"en-US\",\"potentialAction\":[{\"@type\":\"CommentAction\",\"name\":\"Comment\",\"target\":[\"https:\\\/\\\/www.letsportsrock.com\\\/?p=44569#respond\"]}]},{\"@type\":\"WebPage\",\"@id\":\"https:\\\/\\\/www.letsportsrock.com\\\/?p=44569\",\"url\":\"https:\\\/\\\/www.letsportsrock.com\\\/?p=44569\",\"name\":\"\u201eBucurie uria\u0219\u0103 pentru Dan Petrescu! CFR Cluj love\u0219te primul pe pia\u021ba transferurilor \u2013 Se freac\u0103 pe m\u00e2ini de satisfac\u021bie!...\",\"isPartOf\":{\"@id\":\"https:\\\/\\\/www.letsportsrock.com\\\/#website\"},\"primaryImageOfPage\":{\"@id\":\"https:\\\/\\\/www.letsportsrock.com\\\/?p=44569#primaryimage\"},\"image\":{\"@id\":\"https:\\\/\\\/www.letsportsrock.com\\\/?p=44569#primaryimage\"},\"thumbnailUrl\":\"https:\\\/\\\/www.letsportsrock.com\\\/wp-content\\\/uploads\\\/2025\\\/05\\\/images-2025-06-01T005303.042.jpeg\",\"datePublished\":\"2025-05-31T23:54:02+00:00\",\"author\":{\"@id\":\"https:\\\/\\\/www.letsportsrock.com\\\/#\\\/schema\\\/person\\\/044479f72bdbd75f9523e745d3be6c30\"},\"description\":\"\u201eBucurie uria\u0219\u0103 pentru Dan Petrescu! CFR Cluj love\u0219te primul pe pia\u021ba transferurilor \u2013 Se freac\u0103 pe m\u00e2ini de satisfac\u021bie!...\",\"breadcrumb\":{\"@id\":\"https:\\\/\\\/www.letsportsrock.com\\\/?p=44569#breadcrumb\"},\"inLanguage\":\"en-US\",\"potentialAction\":[{\"@type\":\"ReadAction\",\"target\":[\"https:\\\/\\\/www.letsportsrock.com\\\/?p=44569\"]}]},{\"@type\":\"ImageObject\",\"inLanguage\":\"en-US\",\"@id\":\"https:\\\/\\\/www.letsportsrock.com\\\/?p=44569#primaryimage\",\"url\":\"https:\\\/\\\/www.letsportsrock.com\\\/wp-content\\\/uploads\\\/2025\\\/05\\\/images-2025-06-01T005303.042.jpeg\",\"contentUrl\":\"https:\\\/\\\/www.letsportsrock.com\\\/wp-content\\\/uploads\\\/2025\\\/05\\\/images-2025-06-01T005303.042.jpeg\",\"width\":500,\"height\":333},{\"@type\":\"BreadcrumbList\",\"@id\":\"https:\\\/\\\/www.letsportsrock.com\\\/?p=44569#breadcrumb\",\"itemListElement\":[{\"@type\":\"ListItem\",\"position\":1,\"name\":\"Home\",\"item\":\"https:\\\/\\\/www.letsportsrock.com\\\/\"},{\"@type\":\"ListItem\",\"position\":2,\"name\":\"\u201eBucurie uria\u0219\u0103 pentru Dan Petrescu! CFR Cluj love\u0219te primul pe pia\u021ba transferurilor \u2013 Se freac\u0103 pe m\u00e2ini de satisfac\u021bie!&#8230;\"}]},{\"@type\":\"WebSite\",\"@id\":\"https:\\\/\\\/www.letsportsrock.com\\\/#website\",\"url\":\"https:\\\/\\\/www.letsportsrock.com\\\/\",\"name\":\"letsportsrock\",\"description\":\"Sport News and Updates\",\"potentialAction\":[{\"@type\":\"SearchAction\",\"target\":{\"@type\":\"EntryPoint\",\"urlTemplate\":\"https:\\\/\\\/www.letsportsrock.com\\\/?s={search_term_string}\"},\"query-input\":{\"@type\":\"PropertyValueSpecification\",\"valueRequired\":true,\"valueName\":\"search_term_string\"}}],\"inLanguage\":\"en-US\"},{\"@type\":\"Person\",\"@id\":\"https:\\\/\\\/www.letsportsrock.com\\\/#\\\/schema\\\/person\\\/044479f72bdbd75f9523e745d3be6c30\",\"name\":\"Amos Nabizo\",\"image\":{\"@type\":\"ImageObject\",\"inLanguage\":\"en-US\",\"@id\":\"https:\\\/\\\/secure.gravatar.com\\\/avatar\\\/d569857c07d3899c6ca842ffea32daa1672c05549833530fe37e68ae7b521ba4?s=96&d=mm&r=g\",\"url\":\"https:\\\/\\\/secure.gravatar.com\\\/avatar\\\/d569857c07d3899c6ca842ffea32daa1672c05549833530fe37e68ae7b521ba4?s=96&d=mm&r=g\",\"contentUrl\":\"https:\\\/\\\/secure.gravatar.com\\\/avatar\\\/d569857c07d3899c6ca842ffea32daa1672c05549833530fe37e68ae7b521ba4?s=96&d=mm&r=g\",\"caption\":\"Amos Nabizo\"},\"sameAs\":[\"https:\\\/\\\/www.letsportsrock.com\\\/wp-admin\\\/\"],\"url\":\"https:\\\/\\\/www.letsportsrock.com\\\/?author=15\"}]}<\/script>\n<!-- \/ Yoast SEO plugin. -->","yoast_head_json":{"title":"\u201eBucurie uria\u0219\u0103 pentru Dan Petrescu! CFR Cluj love\u0219te primul pe pia\u021ba transferurilor \u2013 Se freac\u0103 pe m\u00e2ini de satisfac\u021bie!...","description":"\u201eBucurie uria\u0219\u0103 pentru Dan Petrescu! CFR Cluj love\u0219te primul pe pia\u021ba transferurilor \u2013 Se freac\u0103 pe m\u00e2ini de satisfac\u021bie!...","robots":{"index":"index","follow":"follow","max-snippet":"max-snippet:-1","max-image-preview":"max-image-preview:large","max-video-preview":"max-video-preview:-1"},"canonical":"https:\/\/www.letsportsrock.com\/?p=44569","og_locale":"en_US","og_type":"article","og_title":"\u201eBucurie uria\u0219\u0103 pentru Dan Petrescu! CFR Cluj love\u0219te primul pe pia\u021ba transferurilor \u2013 Se freac\u0103 pe m\u00e2ini de satisfac\u021bie!...","og_description":"\u201eBucurie uria\u0219\u0103 pentru Dan Petrescu! CFR Cluj love\u0219te primul pe pia\u021ba transferurilor \u2013 Se freac\u0103 pe m\u00e2ini de satisfac\u021bie!...","og_url":"https:\/\/www.letsportsrock.com\/?p=44569","og_site_name":"letsportsrock","article_published_time":"2025-05-31T23:54:02+00:00","og_image":[{"width":500,"height":333,"url":"https:\/\/www.letsportsrock.com\/wp-content\/uploads\/2025\/05\/images-2025-06-01T005303.042.jpeg","type":"image\/jpeg"}],"author":"Amos Nabizo","twitter_card":"summary_large_image","twitter_misc":{"Written by":"Amos Nabizo","Est. reading time":"1 minute"},"schema":{"@context":"https:\/\/schema.org","@graph":[{"@type":"Article","@id":"https:\/\/www.letsportsrock.com\/?p=44569#article","isPartOf":{"@id":"https:\/\/www.letsportsrock.com\/?p=44569"},"author":{"name":"Amos Nabizo","@id":"https:\/\/www.letsportsrock.com\/#\/schema\/person\/044479f72bdbd75f9523e745d3be6c30"},"headline":"\u201eBucurie uria\u0219\u0103 pentru Dan Petrescu! CFR Cluj love\u0219te primul pe pia\u021ba transferurilor \u2013 Se freac\u0103 pe m\u00e2ini de satisfac\u021bie!&#8230;","datePublished":"2025-05-31T23:54:02+00:00","mainEntityOfPage":{"@id":"https:\/\/www.letsportsrock.com\/?p=44569"},"wordCount":220,"commentCount":0,"image":{"@id":"https:\/\/www.letsportsrock.com\/?p=44569#primaryimage"},"thumbnailUrl":"https:\/\/www.letsportsrock.com\/wp-content\/uploads\/2025\/05\/images-2025-06-01T005303.042.jpeg","keywords":["CFR I\u0218TII"],"inLanguage":"en-US","potentialAction":[{"@type":"CommentAction","name":"Comment","target":["https:\/\/www.letsportsrock.com\/?p=44569#respond"]}]},{"@type":"WebPage","@id":"https:\/\/www.letsportsrock.com\/?p=44569","url":"https:\/\/www.letsportsrock.com\/?p=44569","name":"\u201eBucurie uria\u0219\u0103 pentru Dan Petrescu! CFR Cluj love\u0219te primul pe pia\u021ba transferurilor \u2013 Se freac\u0103 pe m\u00e2ini de satisfac\u021bie!...","isPartOf":{"@id":"https:\/\/www.letsportsrock.com\/#website"},"primaryImageOfPage":{"@id":"https:\/\/www.letsportsrock.com\/?p=44569#primaryimage"},"image":{"@id":"https:\/\/www.letsportsrock.com\/?p=44569#primaryimage"},"thumbnailUrl":"https:\/\/www.letsportsrock.com\/wp-content\/uploads\/2025\/05\/images-2025-06-01T005303.042.jpeg","datePublished":"2025-05-31T23:54:02+00:00","author":{"@id":"https:\/\/www.letsportsrock.com\/#\/schema\/person\/044479f72bdbd75f9523e745d3be6c30"},"description":"\u201eBucurie uria\u0219\u0103 pentru Dan Petrescu! CFR Cluj love\u0219te primul pe pia\u021ba transferurilor \u2013 Se freac\u0103 pe m\u00e2ini de satisfac\u021bie!...","breadcrumb":{"@id":"https:\/\/www.letsportsrock.com\/?p=44569#breadcrumb"},"inLanguage":"en-US","potentialAction":[{"@type":"ReadAction","target":["https:\/\/www.letsportsrock.com\/?p=44569"]}]},{"@type":"ImageObject","inLanguage":"en-US","@id":"https:\/\/www.letsportsrock.com\/?p=44569#primaryimage","url":"https:\/\/www.letsportsrock.com\/wp-content\/uploads\/2025\/05\/images-2025-06-01T005303.042.jpeg","contentUrl":"https:\/\/www.letsportsrock.com\/wp-content\/uploads\/2025\/05\/images-2025-06-01T005303.042.jpeg","width":500,"height":333},{"@type":"BreadcrumbList","@id":"https:\/\/www.letsportsrock.com\/?p=44569#breadcrumb","itemListElement":[{"@type":"ListItem","position":1,"name":"Home","item":"https:\/\/www.letsportsrock.com\/"},{"@type":"ListItem","position":2,"name":"\u201eBucurie uria\u0219\u0103 pentru Dan Petrescu! CFR Cluj love\u0219te primul pe pia\u021ba transferurilor \u2013 Se freac\u0103 pe m\u00e2ini de satisfac\u021bie!&#8230;"}]},{"@type":"WebSite","@id":"https:\/\/www.letsportsrock.com\/#website","url":"https:\/\/www.letsportsrock.com\/","name":"letsportsrock","description":"Sport News and Updates","potentialAction":[{"@type":"SearchAction","target":{"@type":"EntryPoint","urlTemplate":"https:\/\/www.letsportsrock.com\/?s={search_term_string}"},"query-input":{"@type":"PropertyValueSpecification","valueRequired":true,"valueName":"search_term_string"}}],"inLanguage":"en-US"},{"@type":"Person","@id":"https:\/\/www.letsportsrock.com\/#\/schema\/person\/044479f72bdbd75f9523e745d3be6c30","name":"Amos Nabizo","image":{"@type":"ImageObject","inLanguage":"en-US","@id":"https:\/\/secure.gravatar.com\/avatar\/d569857c07d3899c6ca842ffea32daa1672c05549833530fe37e68ae7b521ba4?s=96&d=mm&r=g","url":"https:\/\/secure.gravatar.com\/avatar\/d569857c07d3899c6ca842ffea32daa1672c05549833530fe37e68ae7b521ba4?s=96&d=mm&r=g","contentUrl":"https:\/\/secure.gravatar.com\/avatar\/d569857c07d3899c6ca842ffea32daa1672c05549833530fe37e68ae7b521ba4?s=96&d=mm&r=g","caption":"Amos Nabizo"},"sameAs":["https:\/\/www.letsportsrock.com\/wp-admin\/"],"url":"https:\/\/www.letsportsrock.com\/?author=15"}]}},"jetpack_featured_media_url":"https:\/\/www.letsportsrock.com\/wp-content\/uploads\/2025\/05\/images-2025-06-01T005303.042.jpeg","jetpack_sharing_enabled":true,"_links":{"self":[{"href":"https:\/\/www.letsportsrock.com\/index.php?rest_route=\/wp\/v2\/posts\/44569","targetHints":{"allow":["GET"]}}],"collection":[{"href":"https:\/\/www.letsportsrock.com\/index.php?rest_route=\/wp\/v2\/posts"}],"about":[{"href":"https:\/\/www.letsportsrock.com\/index.php?rest_route=\/wp\/v2\/types\/post"}],"author":[{"embeddable":true,"href":"https:\/\/www.letsportsrock.com\/index.php?rest_route=\/wp\/v2\/users\/15"}],"replies":[{"embeddable":true,"href":"https:\/\/www.letsportsrock.com\/index.php?rest_route=%2Fwp%2Fv2%2Fcomments&post=44569"}],"version-history":[{"count":1,"href":"https:\/\/www.letsportsrock.com\/index.php?rest_route=\/wp\/v2\/posts\/44569\/revisions"}],"predecessor-version":[{"id":44573,"href":"https:\/\/www.letsportsrock.com\/index.php?rest_route=\/wp\/v2\/posts\/44569\/revisions\/44573"}],"wp:featuredmedia":[{"embeddable":true,"href":"https:\/\/www.letsportsrock.com\/index.php?rest_route=\/wp\/v2\/media\/44571"}],"wp:attachment":[{"href":"https:\/\/www.letsportsrock.com\/index.php?rest_route=%2Fwp%2Fv2%2Fmedia&parent=44569"}],"wp:term":[{"taxonomy":"category","embeddable":true,"href":"https:\/\/www.letsportsrock.com\/index.php?rest_route=%2Fwp%2Fv2%2Fcategories&post=44569"},{"taxonomy":"post_tag","embeddable":true,"href":"https:\/\/www.letsportsrock.com\/index.php?rest_route=%2Fwp%2Fv2%2Ftags&post=44569"}],"curies":[{"name":"wp","href":"https:\/\/api.w.org\/{rel}","templated":true}]}}