{"id":45228,"date":"2025-06-04T12:50:44","date_gmt":"2025-06-04T12:50:44","guid":{"rendered":"https:\/\/www.letsportsrock.com\/?p=45228"},"modified":"2025-06-04T12:50:44","modified_gmt":"2025-06-04T12:50:44","slug":"experti-din-spania-olanda-germania-si-ungaria-vor-evalua-de-azi-situatia-de-la-pride","status":"publish","type":"post","link":"https:\/\/www.letsportsrock.com\/?p=45228","title":{"rendered":"Exper\u021bi din Spania, Olanda, Germania \u0219i Ungaria vor evalua de azi situa\u021bia de la Pride&#8230;.."},"content":{"rendered":"<div class=\"d79db4796efc26332eabfc3f5dafbc76\" data-index=\"1\" style=\"float: none; margin:10px 0 10px 0; text-align:center;\">\n<div class=\"hb-ad-inarticle\">\r\n    <div class=\"hb-ad-inner\"> \r\n    <div class=\"hbagency_cls\"  id=\"hbagency_space_111930\"><\/div><\/div> <\/div>\n<\/div>\n<p>Exper\u021bi din Spania, Olanda, Germania \u0219i Ungaria vor evalua de azi situa\u021bia de la Pride&#8230;..<\/p>\n<p>&nbsp;<\/p>\n<p>Exper\u021bi din Spania, Olanda, Germania \u0219i Ungaria au sosit \u00een Rom\u00e2nia pentru a evalua, \u00eencep\u00e2nd de ast\u0103zi, situa\u021bia privind organizarea \u0219i desf\u0103\u0219urarea evenimentelor Pride. Misiunea acestora are ca scop principal monitorizarea modului \u00een care sunt respectate drepturile omului, libertatea de exprimare \u0219i siguran\u021ba participan\u021bilor \u00een timpul manifesta\u021biilor dedicate comunit\u0103\u021bii LGBTQ+.<\/p>\n<p><img loading=\"lazy\" decoding=\"async\" class=\"alignnone size-medium wp-image-45230\" src=\"https:\/\/www.letsportsrock.com\/wp-content\/uploads\/2025\/06\/nicusor-dan-3-2-1920x1028-1-300x161.jpg\" alt=\"\" width=\"300\" height=\"161\" srcset=\"https:\/\/www.letsportsrock.com\/wp-content\/uploads\/2025\/06\/nicusor-dan-3-2-1920x1028-1-300x161.jpg 300w, https:\/\/www.letsportsrock.com\/wp-content\/uploads\/2025\/06\/nicusor-dan-3-2-1920x1028-1-1024x548.jpg 1024w, https:\/\/www.letsportsrock.com\/wp-content\/uploads\/2025\/06\/nicusor-dan-3-2-1920x1028-1-768x411.jpg 768w, https:\/\/www.letsportsrock.com\/wp-content\/uploads\/2025\/06\/nicusor-dan-3-2-1920x1028-1-1536x822.jpg 1536w, https:\/\/www.letsportsrock.com\/wp-content\/uploads\/2025\/06\/nicusor-dan-3-2-1920x1028-1.jpg 1920w\" sizes=\"auto, (max-width: 300px) 100vw, 300px\" \/><\/p>\n<p>Vizita exper\u021bilor interna\u021bionali vine \u00een contextul unor tensiuni \u0219i controverse legate de organizarea Pride-ului \u00een ultimii ani, marcate de reac\u021bii negative din partea unor grupuri conservatoare \u0219i de o implicare par\u021bial\u0103 a autorit\u0103\u021bilor locale \u00een asigurarea protec\u021biei necesare. Echipa va avea \u00eent\u00e2lniri cu reprezentan\u021bi ai ONG-urilor, autorit\u0103\u021bilor, organizatorilor Pride \u0219i ai comunit\u0103\u021bii, pentru a analiza condi\u021biile existente.<\/p>\n<p>&nbsp;<\/p>\n<p>Aceast\u0103 evaluare interna\u021bional\u0103 este considerat\u0103 un pas important \u00een direc\u021bia promov\u0103rii standardelor europene privind drepturile minorit\u0103\u021bilor \u0219i libert\u0103\u021bile fundamentale \u00een Rom\u00e2nia. La finalul misiunii, exper\u021bii vor redacta un raport cu recomand\u0103ri pentru \u00eembun\u0103t\u0103\u021birea climatului social \u0219i juridic privind evenimentele Pride.<\/p>\n\n<div style=\"font-size: 0px; height: 0px; line-height: 0px; margin: 0; padding: 0; clear: both;\"><\/div>","protected":false},"excerpt":{"rendered":"<p>Exper\u021bi din Spania, Olanda, Germania \u0219i Ungaria vor evalua de azi situa\u021bia de la Pride&#8230;.. &nbsp; Exper\u021bi din Spania, Olanda, Germania \u0219i Ungaria au sosit \u00een Rom\u00e2nia pentru a evalua, \u00eencep\u00e2nd de ast\u0103zi, situa\u021bia privind organizarea \u0219i desf\u0103\u0219urarea evenimentelor Pride. Misiunea acestora are ca scop principal monitorizarea modului \u00een care sunt respectate drepturile omului, libertatea [&hellip;]<\/p>\n","protected":false},"author":15,"featured_media":45229,"comment_status":"open","ping_status":"open","sticky":false,"template":"","format":"standard","meta":{"_jetpack_memberships_contains_paid_content":false,"footnotes":""},"categories":[1],"tags":[640],"class_list":["post-45228","post","type-post","status-publish","format-standard","has-post-thumbnail","hentry","category-uncategorized","tag-fan-andrei-ivan"],"yoast_head":"<!-- This site is optimized with the Yoast SEO plugin v27.4 - https:\/\/yoast.com\/product\/yoast-seo-wordpress\/ -->\n<title>Exper\u021bi din Spania, Olanda, Germania \u0219i Ungaria vor evalua de azi situa\u021bia de la Pride.....<\/title>\n<meta name=\"description\" content=\"Exper\u021bi din Spania, Olanda, Germania \u0219i Ungaria vor evalua de azi situa\u021bia de la Pride...........................\" \/>\n<meta name=\"robots\" content=\"index, follow, max-snippet:-1, max-image-preview:large, max-video-preview:-1\" \/>\n<link rel=\"canonical\" href=\"https:\/\/www.letsportsrock.com\/?p=45228\" \/>\n<meta property=\"og:locale\" content=\"en_US\" \/>\n<meta property=\"og:type\" content=\"article\" \/>\n<meta property=\"og:title\" content=\"Exper\u021bi din Spania, Olanda, Germania \u0219i Ungaria vor evalua de azi situa\u021bia de la Pride.....\" \/>\n<meta property=\"og:description\" content=\"Exper\u021bi din Spania, Olanda, Germania \u0219i Ungaria vor evalua de azi situa\u021bia de la Pride...........................\" \/>\n<meta property=\"og:url\" content=\"https:\/\/www.letsportsrock.com\/?p=45228\" \/>\n<meta property=\"og:site_name\" content=\"letsportsrock\" \/>\n<meta property=\"article:published_time\" content=\"2025-06-04T12:50:44+00:00\" \/>\n<meta property=\"og:image\" content=\"https:\/\/www.letsportsrock.com\/wp-content\/uploads\/2025\/06\/images-2025-06-04T134926.346.jpeg\" \/>\n\t<meta property=\"og:image:width\" content=\"738\" \/>\n\t<meta property=\"og:image:height\" content=\"415\" \/>\n\t<meta property=\"og:image:type\" content=\"image\/jpeg\" \/>\n<meta name=\"author\" content=\"Amos Nabizo\" \/>\n<meta name=\"twitter:card\" content=\"summary_large_image\" \/>\n<meta name=\"twitter:label1\" content=\"Written by\" \/>\n\t<meta name=\"twitter:data1\" content=\"Amos Nabizo\" \/>\n\t<meta name=\"twitter:label2\" content=\"Est. reading time\" \/>\n\t<meta name=\"twitter:data2\" content=\"2 minutes\" \/>\n<script type=\"application\/ld+json\" class=\"yoast-schema-graph\">{\"@context\":\"https:\\\/\\\/schema.org\",\"@graph\":[{\"@type\":\"Article\",\"@id\":\"https:\\\/\\\/www.letsportsrock.com\\\/?p=45228#article\",\"isPartOf\":{\"@id\":\"https:\\\/\\\/www.letsportsrock.com\\\/?p=45228\"},\"author\":{\"name\":\"Amos Nabizo\",\"@id\":\"https:\\\/\\\/www.letsportsrock.com\\\/#\\\/schema\\\/person\\\/044479f72bdbd75f9523e745d3be6c30\"},\"headline\":\"Exper\u021bi din Spania, Olanda, Germania \u0219i Ungaria vor evalua de azi situa\u021bia de la Pride&#8230;..\",\"datePublished\":\"2025-06-04T12:50:44+00:00\",\"mainEntityOfPage\":{\"@id\":\"https:\\\/\\\/www.letsportsrock.com\\\/?p=45228\"},\"wordCount\":214,\"commentCount\":0,\"image\":{\"@id\":\"https:\\\/\\\/www.letsportsrock.com\\\/?p=45228#primaryimage\"},\"thumbnailUrl\":\"https:\\\/\\\/www.letsportsrock.com\\\/wp-content\\\/uploads\\\/2025\\\/06\\\/images-2025-06-04T134926.346.jpeg\",\"keywords\":[\"Fan Andrei Ivan\"],\"inLanguage\":\"en-US\",\"potentialAction\":[{\"@type\":\"CommentAction\",\"name\":\"Comment\",\"target\":[\"https:\\\/\\\/www.letsportsrock.com\\\/?p=45228#respond\"]}]},{\"@type\":\"WebPage\",\"@id\":\"https:\\\/\\\/www.letsportsrock.com\\\/?p=45228\",\"url\":\"https:\\\/\\\/www.letsportsrock.com\\\/?p=45228\",\"name\":\"Exper\u021bi din Spania, Olanda, Germania \u0219i Ungaria vor evalua de azi situa\u021bia de la Pride.....\",\"isPartOf\":{\"@id\":\"https:\\\/\\\/www.letsportsrock.com\\\/#website\"},\"primaryImageOfPage\":{\"@id\":\"https:\\\/\\\/www.letsportsrock.com\\\/?p=45228#primaryimage\"},\"image\":{\"@id\":\"https:\\\/\\\/www.letsportsrock.com\\\/?p=45228#primaryimage\"},\"thumbnailUrl\":\"https:\\\/\\\/www.letsportsrock.com\\\/wp-content\\\/uploads\\\/2025\\\/06\\\/images-2025-06-04T134926.346.jpeg\",\"datePublished\":\"2025-06-04T12:50:44+00:00\",\"author\":{\"@id\":\"https:\\\/\\\/www.letsportsrock.com\\\/#\\\/schema\\\/person\\\/044479f72bdbd75f9523e745d3be6c30\"},\"description\":\"Exper\u021bi din Spania, Olanda, Germania \u0219i Ungaria vor evalua de azi situa\u021bia de la Pride...........................\",\"breadcrumb\":{\"@id\":\"https:\\\/\\\/www.letsportsrock.com\\\/?p=45228#breadcrumb\"},\"inLanguage\":\"en-US\",\"potentialAction\":[{\"@type\":\"ReadAction\",\"target\":[\"https:\\\/\\\/www.letsportsrock.com\\\/?p=45228\"]}]},{\"@type\":\"ImageObject\",\"inLanguage\":\"en-US\",\"@id\":\"https:\\\/\\\/www.letsportsrock.com\\\/?p=45228#primaryimage\",\"url\":\"https:\\\/\\\/www.letsportsrock.com\\\/wp-content\\\/uploads\\\/2025\\\/06\\\/images-2025-06-04T134926.346.jpeg\",\"contentUrl\":\"https:\\\/\\\/www.letsportsrock.com\\\/wp-content\\\/uploads\\\/2025\\\/06\\\/images-2025-06-04T134926.346.jpeg\",\"width\":738,\"height\":415},{\"@type\":\"BreadcrumbList\",\"@id\":\"https:\\\/\\\/www.letsportsrock.com\\\/?p=45228#breadcrumb\",\"itemListElement\":[{\"@type\":\"ListItem\",\"position\":1,\"name\":\"Home\",\"item\":\"https:\\\/\\\/www.letsportsrock.com\\\/\"},{\"@type\":\"ListItem\",\"position\":2,\"name\":\"Exper\u021bi din Spania, Olanda, Germania \u0219i Ungaria vor evalua de azi situa\u021bia de la Pride&#8230;..\"}]},{\"@type\":\"WebSite\",\"@id\":\"https:\\\/\\\/www.letsportsrock.com\\\/#website\",\"url\":\"https:\\\/\\\/www.letsportsrock.com\\\/\",\"name\":\"letsportsrock\",\"description\":\"Sport News and Updates\",\"potentialAction\":[{\"@type\":\"SearchAction\",\"target\":{\"@type\":\"EntryPoint\",\"urlTemplate\":\"https:\\\/\\\/www.letsportsrock.com\\\/?s={search_term_string}\"},\"query-input\":{\"@type\":\"PropertyValueSpecification\",\"valueRequired\":true,\"valueName\":\"search_term_string\"}}],\"inLanguage\":\"en-US\"},{\"@type\":\"Person\",\"@id\":\"https:\\\/\\\/www.letsportsrock.com\\\/#\\\/schema\\\/person\\\/044479f72bdbd75f9523e745d3be6c30\",\"name\":\"Amos Nabizo\",\"image\":{\"@type\":\"ImageObject\",\"inLanguage\":\"en-US\",\"@id\":\"https:\\\/\\\/secure.gravatar.com\\\/avatar\\\/d569857c07d3899c6ca842ffea32daa1672c05549833530fe37e68ae7b521ba4?s=96&d=mm&r=g\",\"url\":\"https:\\\/\\\/secure.gravatar.com\\\/avatar\\\/d569857c07d3899c6ca842ffea32daa1672c05549833530fe37e68ae7b521ba4?s=96&d=mm&r=g\",\"contentUrl\":\"https:\\\/\\\/secure.gravatar.com\\\/avatar\\\/d569857c07d3899c6ca842ffea32daa1672c05549833530fe37e68ae7b521ba4?s=96&d=mm&r=g\",\"caption\":\"Amos Nabizo\"},\"sameAs\":[\"https:\\\/\\\/www.letsportsrock.com\\\/wp-admin\\\/\"],\"url\":\"https:\\\/\\\/www.letsportsrock.com\\\/?author=15\"}]}<\/script>\n<!-- \/ Yoast SEO plugin. -->","yoast_head_json":{"title":"Exper\u021bi din Spania, Olanda, Germania \u0219i Ungaria vor evalua de azi situa\u021bia de la Pride.....","description":"Exper\u021bi din Spania, Olanda, Germania \u0219i Ungaria vor evalua de azi situa\u021bia de la Pride...........................","robots":{"index":"index","follow":"follow","max-snippet":"max-snippet:-1","max-image-preview":"max-image-preview:large","max-video-preview":"max-video-preview:-1"},"canonical":"https:\/\/www.letsportsrock.com\/?p=45228","og_locale":"en_US","og_type":"article","og_title":"Exper\u021bi din Spania, Olanda, Germania \u0219i Ungaria vor evalua de azi situa\u021bia de la Pride.....","og_description":"Exper\u021bi din Spania, Olanda, Germania \u0219i Ungaria vor evalua de azi situa\u021bia de la Pride...........................","og_url":"https:\/\/www.letsportsrock.com\/?p=45228","og_site_name":"letsportsrock","article_published_time":"2025-06-04T12:50:44+00:00","og_image":[{"width":738,"height":415,"url":"https:\/\/www.letsportsrock.com\/wp-content\/uploads\/2025\/06\/images-2025-06-04T134926.346.jpeg","type":"image\/jpeg"}],"author":"Amos Nabizo","twitter_card":"summary_large_image","twitter_misc":{"Written by":"Amos Nabizo","Est. reading time":"2 minutes"},"schema":{"@context":"https:\/\/schema.org","@graph":[{"@type":"Article","@id":"https:\/\/www.letsportsrock.com\/?p=45228#article","isPartOf":{"@id":"https:\/\/www.letsportsrock.com\/?p=45228"},"author":{"name":"Amos Nabizo","@id":"https:\/\/www.letsportsrock.com\/#\/schema\/person\/044479f72bdbd75f9523e745d3be6c30"},"headline":"Exper\u021bi din Spania, Olanda, Germania \u0219i Ungaria vor evalua de azi situa\u021bia de la Pride&#8230;..","datePublished":"2025-06-04T12:50:44+00:00","mainEntityOfPage":{"@id":"https:\/\/www.letsportsrock.com\/?p=45228"},"wordCount":214,"commentCount":0,"image":{"@id":"https:\/\/www.letsportsrock.com\/?p=45228#primaryimage"},"thumbnailUrl":"https:\/\/www.letsportsrock.com\/wp-content\/uploads\/2025\/06\/images-2025-06-04T134926.346.jpeg","keywords":["Fan Andrei Ivan"],"inLanguage":"en-US","potentialAction":[{"@type":"CommentAction","name":"Comment","target":["https:\/\/www.letsportsrock.com\/?p=45228#respond"]}]},{"@type":"WebPage","@id":"https:\/\/www.letsportsrock.com\/?p=45228","url":"https:\/\/www.letsportsrock.com\/?p=45228","name":"Exper\u021bi din Spania, Olanda, Germania \u0219i Ungaria vor evalua de azi situa\u021bia de la Pride.....","isPartOf":{"@id":"https:\/\/www.letsportsrock.com\/#website"},"primaryImageOfPage":{"@id":"https:\/\/www.letsportsrock.com\/?p=45228#primaryimage"},"image":{"@id":"https:\/\/www.letsportsrock.com\/?p=45228#primaryimage"},"thumbnailUrl":"https:\/\/www.letsportsrock.com\/wp-content\/uploads\/2025\/06\/images-2025-06-04T134926.346.jpeg","datePublished":"2025-06-04T12:50:44+00:00","author":{"@id":"https:\/\/www.letsportsrock.com\/#\/schema\/person\/044479f72bdbd75f9523e745d3be6c30"},"description":"Exper\u021bi din Spania, Olanda, Germania \u0219i Ungaria vor evalua de azi situa\u021bia de la Pride...........................","breadcrumb":{"@id":"https:\/\/www.letsportsrock.com\/?p=45228#breadcrumb"},"inLanguage":"en-US","potentialAction":[{"@type":"ReadAction","target":["https:\/\/www.letsportsrock.com\/?p=45228"]}]},{"@type":"ImageObject","inLanguage":"en-US","@id":"https:\/\/www.letsportsrock.com\/?p=45228#primaryimage","url":"https:\/\/www.letsportsrock.com\/wp-content\/uploads\/2025\/06\/images-2025-06-04T134926.346.jpeg","contentUrl":"https:\/\/www.letsportsrock.com\/wp-content\/uploads\/2025\/06\/images-2025-06-04T134926.346.jpeg","width":738,"height":415},{"@type":"BreadcrumbList","@id":"https:\/\/www.letsportsrock.com\/?p=45228#breadcrumb","itemListElement":[{"@type":"ListItem","position":1,"name":"Home","item":"https:\/\/www.letsportsrock.com\/"},{"@type":"ListItem","position":2,"name":"Exper\u021bi din Spania, Olanda, Germania \u0219i Ungaria vor evalua de azi situa\u021bia de la Pride&#8230;.."}]},{"@type":"WebSite","@id":"https:\/\/www.letsportsrock.com\/#website","url":"https:\/\/www.letsportsrock.com\/","name":"letsportsrock","description":"Sport News and Updates","potentialAction":[{"@type":"SearchAction","target":{"@type":"EntryPoint","urlTemplate":"https:\/\/www.letsportsrock.com\/?s={search_term_string}"},"query-input":{"@type":"PropertyValueSpecification","valueRequired":true,"valueName":"search_term_string"}}],"inLanguage":"en-US"},{"@type":"Person","@id":"https:\/\/www.letsportsrock.com\/#\/schema\/person\/044479f72bdbd75f9523e745d3be6c30","name":"Amos Nabizo","image":{"@type":"ImageObject","inLanguage":"en-US","@id":"https:\/\/secure.gravatar.com\/avatar\/d569857c07d3899c6ca842ffea32daa1672c05549833530fe37e68ae7b521ba4?s=96&d=mm&r=g","url":"https:\/\/secure.gravatar.com\/avatar\/d569857c07d3899c6ca842ffea32daa1672c05549833530fe37e68ae7b521ba4?s=96&d=mm&r=g","contentUrl":"https:\/\/secure.gravatar.com\/avatar\/d569857c07d3899c6ca842ffea32daa1672c05549833530fe37e68ae7b521ba4?s=96&d=mm&r=g","caption":"Amos Nabizo"},"sameAs":["https:\/\/www.letsportsrock.com\/wp-admin\/"],"url":"https:\/\/www.letsportsrock.com\/?author=15"}]}},"jetpack_featured_media_url":"https:\/\/www.letsportsrock.com\/wp-content\/uploads\/2025\/06\/images-2025-06-04T134926.346.jpeg","jetpack_sharing_enabled":true,"_links":{"self":[{"href":"https:\/\/www.letsportsrock.com\/index.php?rest_route=\/wp\/v2\/posts\/45228","targetHints":{"allow":["GET"]}}],"collection":[{"href":"https:\/\/www.letsportsrock.com\/index.php?rest_route=\/wp\/v2\/posts"}],"about":[{"href":"https:\/\/www.letsportsrock.com\/index.php?rest_route=\/wp\/v2\/types\/post"}],"author":[{"embeddable":true,"href":"https:\/\/www.letsportsrock.com\/index.php?rest_route=\/wp\/v2\/users\/15"}],"replies":[{"embeddable":true,"href":"https:\/\/www.letsportsrock.com\/index.php?rest_route=%2Fwp%2Fv2%2Fcomments&post=45228"}],"version-history":[{"count":1,"href":"https:\/\/www.letsportsrock.com\/index.php?rest_route=\/wp\/v2\/posts\/45228\/revisions"}],"predecessor-version":[{"id":45231,"href":"https:\/\/www.letsportsrock.com\/index.php?rest_route=\/wp\/v2\/posts\/45228\/revisions\/45231"}],"wp:featuredmedia":[{"embeddable":true,"href":"https:\/\/www.letsportsrock.com\/index.php?rest_route=\/wp\/v2\/media\/45229"}],"wp:attachment":[{"href":"https:\/\/www.letsportsrock.com\/index.php?rest_route=%2Fwp%2Fv2%2Fmedia&parent=45228"}],"wp:term":[{"taxonomy":"category","embeddable":true,"href":"https:\/\/www.letsportsrock.com\/index.php?rest_route=%2Fwp%2Fv2%2Fcategories&post=45228"},{"taxonomy":"post_tag","embeddable":true,"href":"https:\/\/www.letsportsrock.com\/index.php?rest_route=%2Fwp%2Fv2%2Ftags&post=45228"}],"curies":[{"name":"wp","href":"https:\/\/api.w.org\/{rel}","templated":true}]}}