{"id":45297,"date":"2025-06-05T08:14:04","date_gmt":"2025-06-05T08:14:04","guid":{"rendered":"https:\/\/www.letsportsrock.com\/?p=45297"},"modified":"2025-06-05T08:14:04","modified_gmt":"2025-06-05T08:14:04","slug":"andrei-ivan-anunta-data-nuntii-si-face-un-apel-emotionant-va-rog-sa-fiti-alaturi-de-mine-in-ziua-in-care-imi-unesc-destinul-cu-aleasa-inimii-ceremonia-va-avea-loc-dupa-cum-urmeaza","status":"publish","type":"post","link":"https:\/\/www.letsportsrock.com\/?p=45297","title":{"rendered":"Andrei Ivan anun\u021b\u0103 data nun\u021bii \u0219i face un apel emo\u021bionant: \u201eV\u0103 rog s\u0103 fi\u021bi al\u0103turi de mine \u00een ziua \u00een care \u00eemi unesc destinul cu aleasa inimii.\u201d Ceremonia va avea loc dup\u0103 cum urmeaz\u0103\u2026"},"content":{"rendered":"<div class=\"d79db4796efc26332eabfc3f5dafbc76\" data-index=\"1\" style=\"float: none; margin:10px 0 10px 0; text-align:center;\">\n<div class=\"hb-ad-inarticle\">\r\n    <div class=\"hb-ad-inner\"> \r\n    <div class=\"hbagency_cls\"  id=\"hbagency_space_111930\"><\/div><\/div> <\/div>\n<\/div>\n<p>Andrei Ivan anun\u021b\u0103 data nun\u021bii \u0219i face un apel emo\u021bionant: \u201eV\u0103 rog s\u0103 fi\u021bi al\u0103turi de mine \u00een ziua \u00een care \u00eemi unesc destinul cu aleasa inimii.\u201d Ceremonia va avea loc dup\u0103 cum urmeaz\u0103\u2026<\/p>\n<p>&nbsp;<\/p>\n<p>Andrei Ivan, cunoscutul fotbalist rom\u00e2n, a f\u0103cut un anun\u021b emo\u021bionant care a st\u00e2rnit valuri de entuziasm printre fani \u0219i apropia\u021bi. Acesta \u0219i-a dezv\u0103luit public data nun\u021bii \u0219i a lansat un apel plin de emo\u021bie: \u201eV\u0103 rog s\u0103 fi\u021bi al\u0103turi de mine \u00een ziua \u00een care \u00eemi unesc destinul cu aleasa inimii. Este un moment unic \u00een via\u021ba mea, iar prezen\u021ba voastr\u0103 \u00eel va face cu adev\u0103rat special.\u201d<\/p>\n<p><img loading=\"lazy\" decoding=\"async\" class=\"alignnone size-full wp-image-45299\" src=\"https:\/\/www.letsportsrock.com\/wp-content\/uploads\/2025\/06\/images-2025-06-05T091312.189.jpeg\" alt=\"\" width=\"300\" height=\"168\" \/><\/p>\n<p>Ceremonia de c\u0103s\u0103torie va avea loc \u00eentr-un cadru de poveste, pe data de 15 august, \u00eentr-o loca\u021bie elegant\u0103 din apropierea ora\u0219ului natal al fotbalistului. Evenimentul promite s\u0103 fie unul memorabil, cu invita\u021bi de seam\u0103 din lumea sportului, prieteni apropia\u021bi \u0219i familie.<\/p>\n<p>&nbsp;<\/p>\n<p>Andrei \u0219i logodnica sa, a c\u0103rei identitate a fost discret p\u0103strat\u0103 departe de ochii publicului, formeaz\u0103 un cuplu solid de mai mul\u021bi ani, iar vestea nun\u021bii a fost primit\u0103 cu mult\u0103 bucurie de fanii fotbalistului. Mesajele de felicitare au \u00eenceput s\u0103 curg\u0103 imediat dup\u0103 anun\u021bul oficial.<\/p>\n\n<div style=\"font-size: 0px; height: 0px; line-height: 0px; margin: 0; padding: 0; clear: both;\"><\/div>","protected":false},"excerpt":{"rendered":"<p>Andrei Ivan anun\u021b\u0103 data nun\u021bii \u0219i face un apel emo\u021bionant: \u201eV\u0103 rog s\u0103 fi\u021bi al\u0103turi de mine \u00een ziua \u00een care \u00eemi unesc destinul cu aleasa inimii.\u201d Ceremonia va avea loc dup\u0103 cum urmeaz\u0103\u2026 &nbsp; Andrei Ivan, cunoscutul fotbalist rom\u00e2n, a f\u0103cut un anun\u021b emo\u021bionant care a st\u00e2rnit valuri de entuziasm printre fani \u0219i apropia\u021bi. [&hellip;]<\/p>\n","protected":false},"author":15,"featured_media":45298,"comment_status":"open","ping_status":"open","sticky":false,"template":"","format":"standard","meta":{"_jetpack_memberships_contains_paid_content":false,"footnotes":""},"categories":[1],"tags":[640],"class_list":["post-45297","post","type-post","status-publish","format-standard","has-post-thumbnail","hentry","category-uncategorized","tag-fan-andrei-ivan"],"yoast_head":"<!-- This site is optimized with the Yoast SEO plugin v27.4 - https:\/\/yoast.com\/product\/yoast-seo-wordpress\/ -->\n<title>Andrei Ivan anun\u021b\u0103 data nun\u021bii \u0219i face un apel emo\u021bionant: \u201eV\u0103 rog s\u0103 fi\u021bi al\u0103turi de mine \u00een ziua \u00een care \u00eemi unesc destinul cu aleasa inimii.\u201d Ceremonia va avea loc dup\u0103 cum urmeaz\u0103\u2026<\/title>\n<meta name=\"description\" content=\"Andrei Ivan anun\u021b\u0103 data nun\u021bii \u0219i face un apel emo\u021bionant: \u201eV\u0103 rog s\u0103 fi\u021bi al\u0103turi de mine \u00een ziua \u00een care \u00eemi unesc destinul cu aleasa inimii.\u201d Ceremonia va avea loc dup\u0103 cum urmeaz\u0103\u2026\" \/>\n<meta name=\"robots\" content=\"index, follow, max-snippet:-1, max-image-preview:large, max-video-preview:-1\" \/>\n<link rel=\"canonical\" href=\"https:\/\/www.letsportsrock.com\/?p=45297\" \/>\n<meta property=\"og:locale\" content=\"en_US\" \/>\n<meta property=\"og:type\" content=\"article\" \/>\n<meta property=\"og:title\" content=\"Andrei Ivan anun\u021b\u0103 data nun\u021bii \u0219i face un apel emo\u021bionant: \u201eV\u0103 rog s\u0103 fi\u021bi al\u0103turi de mine \u00een ziua \u00een care \u00eemi unesc destinul cu aleasa inimii.\u201d Ceremonia va avea loc dup\u0103 cum urmeaz\u0103\u2026\" \/>\n<meta property=\"og:description\" content=\"Andrei Ivan anun\u021b\u0103 data nun\u021bii \u0219i face un apel emo\u021bionant: \u201eV\u0103 rog s\u0103 fi\u021bi al\u0103turi de mine \u00een ziua \u00een care \u00eemi unesc destinul cu aleasa inimii.\u201d Ceremonia va avea loc dup\u0103 cum urmeaz\u0103\u2026\" \/>\n<meta property=\"og:url\" content=\"https:\/\/www.letsportsrock.com\/?p=45297\" \/>\n<meta property=\"og:site_name\" content=\"letsportsrock\" \/>\n<meta property=\"article:published_time\" content=\"2025-06-05T08:14:04+00:00\" \/>\n<meta property=\"og:image\" content=\"https:\/\/www.letsportsrock.com\/wp-content\/uploads\/2025\/06\/images-2025-06-05T091300.436.jpeg\" \/>\n\t<meta property=\"og:image:width\" content=\"275\" \/>\n\t<meta property=\"og:image:height\" content=\"183\" \/>\n\t<meta property=\"og:image:type\" content=\"image\/jpeg\" \/>\n<meta name=\"author\" content=\"Amos Nabizo\" \/>\n<meta name=\"twitter:card\" content=\"summary_large_image\" \/>\n<meta name=\"twitter:label1\" content=\"Written by\" \/>\n\t<meta name=\"twitter:data1\" content=\"Amos Nabizo\" \/>\n\t<meta name=\"twitter:label2\" content=\"Est. reading time\" \/>\n\t<meta name=\"twitter:data2\" content=\"2 minutes\" \/>\n<script type=\"application\/ld+json\" class=\"yoast-schema-graph\">{\"@context\":\"https:\\\/\\\/schema.org\",\"@graph\":[{\"@type\":\"Article\",\"@id\":\"https:\\\/\\\/www.letsportsrock.com\\\/?p=45297#article\",\"isPartOf\":{\"@id\":\"https:\\\/\\\/www.letsportsrock.com\\\/?p=45297\"},\"author\":{\"name\":\"Amos Nabizo\",\"@id\":\"https:\\\/\\\/www.letsportsrock.com\\\/#\\\/schema\\\/person\\\/044479f72bdbd75f9523e745d3be6c30\"},\"headline\":\"Andrei Ivan anun\u021b\u0103 data nun\u021bii \u0219i face un apel emo\u021bionant: \u201eV\u0103 rog s\u0103 fi\u021bi al\u0103turi de mine \u00een ziua \u00een care \u00eemi unesc destinul cu aleasa inimii.\u201d Ceremonia va avea loc dup\u0103 cum urmeaz\u0103\u2026\",\"datePublished\":\"2025-06-05T08:14:04+00:00\",\"mainEntityOfPage\":{\"@id\":\"https:\\\/\\\/www.letsportsrock.com\\\/?p=45297\"},\"wordCount\":255,\"commentCount\":0,\"image\":{\"@id\":\"https:\\\/\\\/www.letsportsrock.com\\\/?p=45297#primaryimage\"},\"thumbnailUrl\":\"https:\\\/\\\/www.letsportsrock.com\\\/wp-content\\\/uploads\\\/2025\\\/06\\\/images-2025-06-05T091300.436.jpeg\",\"keywords\":[\"Fan Andrei Ivan\"],\"inLanguage\":\"en-US\",\"potentialAction\":[{\"@type\":\"CommentAction\",\"name\":\"Comment\",\"target\":[\"https:\\\/\\\/www.letsportsrock.com\\\/?p=45297#respond\"]}]},{\"@type\":\"WebPage\",\"@id\":\"https:\\\/\\\/www.letsportsrock.com\\\/?p=45297\",\"url\":\"https:\\\/\\\/www.letsportsrock.com\\\/?p=45297\",\"name\":\"Andrei Ivan anun\u021b\u0103 data nun\u021bii \u0219i face un apel emo\u021bionant: \u201eV\u0103 rog s\u0103 fi\u021bi al\u0103turi de mine \u00een ziua \u00een care \u00eemi unesc destinul cu aleasa inimii.\u201d Ceremonia va avea loc dup\u0103 cum urmeaz\u0103\u2026\",\"isPartOf\":{\"@id\":\"https:\\\/\\\/www.letsportsrock.com\\\/#website\"},\"primaryImageOfPage\":{\"@id\":\"https:\\\/\\\/www.letsportsrock.com\\\/?p=45297#primaryimage\"},\"image\":{\"@id\":\"https:\\\/\\\/www.letsportsrock.com\\\/?p=45297#primaryimage\"},\"thumbnailUrl\":\"https:\\\/\\\/www.letsportsrock.com\\\/wp-content\\\/uploads\\\/2025\\\/06\\\/images-2025-06-05T091300.436.jpeg\",\"datePublished\":\"2025-06-05T08:14:04+00:00\",\"author\":{\"@id\":\"https:\\\/\\\/www.letsportsrock.com\\\/#\\\/schema\\\/person\\\/044479f72bdbd75f9523e745d3be6c30\"},\"description\":\"Andrei Ivan anun\u021b\u0103 data nun\u021bii \u0219i face un apel emo\u021bionant: \u201eV\u0103 rog s\u0103 fi\u021bi al\u0103turi de mine \u00een ziua \u00een care \u00eemi unesc destinul cu aleasa inimii.\u201d Ceremonia va avea loc dup\u0103 cum urmeaz\u0103\u2026\",\"breadcrumb\":{\"@id\":\"https:\\\/\\\/www.letsportsrock.com\\\/?p=45297#breadcrumb\"},\"inLanguage\":\"en-US\",\"potentialAction\":[{\"@type\":\"ReadAction\",\"target\":[\"https:\\\/\\\/www.letsportsrock.com\\\/?p=45297\"]}]},{\"@type\":\"ImageObject\",\"inLanguage\":\"en-US\",\"@id\":\"https:\\\/\\\/www.letsportsrock.com\\\/?p=45297#primaryimage\",\"url\":\"https:\\\/\\\/www.letsportsrock.com\\\/wp-content\\\/uploads\\\/2025\\\/06\\\/images-2025-06-05T091300.436.jpeg\",\"contentUrl\":\"https:\\\/\\\/www.letsportsrock.com\\\/wp-content\\\/uploads\\\/2025\\\/06\\\/images-2025-06-05T091300.436.jpeg\",\"width\":275,\"height\":183},{\"@type\":\"BreadcrumbList\",\"@id\":\"https:\\\/\\\/www.letsportsrock.com\\\/?p=45297#breadcrumb\",\"itemListElement\":[{\"@type\":\"ListItem\",\"position\":1,\"name\":\"Home\",\"item\":\"https:\\\/\\\/www.letsportsrock.com\\\/\"},{\"@type\":\"ListItem\",\"position\":2,\"name\":\"Andrei Ivan anun\u021b\u0103 data nun\u021bii \u0219i face un apel emo\u021bionant: \u201eV\u0103 rog s\u0103 fi\u021bi al\u0103turi de mine \u00een ziua \u00een care \u00eemi unesc destinul cu aleasa inimii.\u201d Ceremonia va avea loc dup\u0103 cum urmeaz\u0103\u2026\"}]},{\"@type\":\"WebSite\",\"@id\":\"https:\\\/\\\/www.letsportsrock.com\\\/#website\",\"url\":\"https:\\\/\\\/www.letsportsrock.com\\\/\",\"name\":\"letsportsrock\",\"description\":\"Sport News and Updates\",\"potentialAction\":[{\"@type\":\"SearchAction\",\"target\":{\"@type\":\"EntryPoint\",\"urlTemplate\":\"https:\\\/\\\/www.letsportsrock.com\\\/?s={search_term_string}\"},\"query-input\":{\"@type\":\"PropertyValueSpecification\",\"valueRequired\":true,\"valueName\":\"search_term_string\"}}],\"inLanguage\":\"en-US\"},{\"@type\":\"Person\",\"@id\":\"https:\\\/\\\/www.letsportsrock.com\\\/#\\\/schema\\\/person\\\/044479f72bdbd75f9523e745d3be6c30\",\"name\":\"Amos Nabizo\",\"image\":{\"@type\":\"ImageObject\",\"inLanguage\":\"en-US\",\"@id\":\"https:\\\/\\\/secure.gravatar.com\\\/avatar\\\/d569857c07d3899c6ca842ffea32daa1672c05549833530fe37e68ae7b521ba4?s=96&d=mm&r=g\",\"url\":\"https:\\\/\\\/secure.gravatar.com\\\/avatar\\\/d569857c07d3899c6ca842ffea32daa1672c05549833530fe37e68ae7b521ba4?s=96&d=mm&r=g\",\"contentUrl\":\"https:\\\/\\\/secure.gravatar.com\\\/avatar\\\/d569857c07d3899c6ca842ffea32daa1672c05549833530fe37e68ae7b521ba4?s=96&d=mm&r=g\",\"caption\":\"Amos Nabizo\"},\"sameAs\":[\"https:\\\/\\\/www.letsportsrock.com\\\/wp-admin\\\/\"],\"url\":\"https:\\\/\\\/www.letsportsrock.com\\\/?author=15\"}]}<\/script>\n<!-- \/ Yoast SEO plugin. -->","yoast_head_json":{"title":"Andrei Ivan anun\u021b\u0103 data nun\u021bii \u0219i face un apel emo\u021bionant: \u201eV\u0103 rog s\u0103 fi\u021bi al\u0103turi de mine \u00een ziua \u00een care \u00eemi unesc destinul cu aleasa inimii.\u201d Ceremonia va avea loc dup\u0103 cum urmeaz\u0103\u2026","description":"Andrei Ivan anun\u021b\u0103 data nun\u021bii \u0219i face un apel emo\u021bionant: \u201eV\u0103 rog s\u0103 fi\u021bi al\u0103turi de mine \u00een ziua \u00een care \u00eemi unesc destinul cu aleasa inimii.\u201d Ceremonia va avea loc dup\u0103 cum urmeaz\u0103\u2026","robots":{"index":"index","follow":"follow","max-snippet":"max-snippet:-1","max-image-preview":"max-image-preview:large","max-video-preview":"max-video-preview:-1"},"canonical":"https:\/\/www.letsportsrock.com\/?p=45297","og_locale":"en_US","og_type":"article","og_title":"Andrei Ivan anun\u021b\u0103 data nun\u021bii \u0219i face un apel emo\u021bionant: \u201eV\u0103 rog s\u0103 fi\u021bi al\u0103turi de mine \u00een ziua \u00een care \u00eemi unesc destinul cu aleasa inimii.\u201d Ceremonia va avea loc dup\u0103 cum urmeaz\u0103\u2026","og_description":"Andrei Ivan anun\u021b\u0103 data nun\u021bii \u0219i face un apel emo\u021bionant: \u201eV\u0103 rog s\u0103 fi\u021bi al\u0103turi de mine \u00een ziua \u00een care \u00eemi unesc destinul cu aleasa inimii.\u201d Ceremonia va avea loc dup\u0103 cum urmeaz\u0103\u2026","og_url":"https:\/\/www.letsportsrock.com\/?p=45297","og_site_name":"letsportsrock","article_published_time":"2025-06-05T08:14:04+00:00","og_image":[{"width":275,"height":183,"url":"https:\/\/www.letsportsrock.com\/wp-content\/uploads\/2025\/06\/images-2025-06-05T091300.436.jpeg","type":"image\/jpeg"}],"author":"Amos Nabizo","twitter_card":"summary_large_image","twitter_misc":{"Written by":"Amos Nabizo","Est. reading time":"2 minutes"},"schema":{"@context":"https:\/\/schema.org","@graph":[{"@type":"Article","@id":"https:\/\/www.letsportsrock.com\/?p=45297#article","isPartOf":{"@id":"https:\/\/www.letsportsrock.com\/?p=45297"},"author":{"name":"Amos Nabizo","@id":"https:\/\/www.letsportsrock.com\/#\/schema\/person\/044479f72bdbd75f9523e745d3be6c30"},"headline":"Andrei Ivan anun\u021b\u0103 data nun\u021bii \u0219i face un apel emo\u021bionant: \u201eV\u0103 rog s\u0103 fi\u021bi al\u0103turi de mine \u00een ziua \u00een care \u00eemi unesc destinul cu aleasa inimii.\u201d Ceremonia va avea loc dup\u0103 cum urmeaz\u0103\u2026","datePublished":"2025-06-05T08:14:04+00:00","mainEntityOfPage":{"@id":"https:\/\/www.letsportsrock.com\/?p=45297"},"wordCount":255,"commentCount":0,"image":{"@id":"https:\/\/www.letsportsrock.com\/?p=45297#primaryimage"},"thumbnailUrl":"https:\/\/www.letsportsrock.com\/wp-content\/uploads\/2025\/06\/images-2025-06-05T091300.436.jpeg","keywords":["Fan Andrei Ivan"],"inLanguage":"en-US","potentialAction":[{"@type":"CommentAction","name":"Comment","target":["https:\/\/www.letsportsrock.com\/?p=45297#respond"]}]},{"@type":"WebPage","@id":"https:\/\/www.letsportsrock.com\/?p=45297","url":"https:\/\/www.letsportsrock.com\/?p=45297","name":"Andrei Ivan anun\u021b\u0103 data nun\u021bii \u0219i face un apel emo\u021bionant: \u201eV\u0103 rog s\u0103 fi\u021bi al\u0103turi de mine \u00een ziua \u00een care \u00eemi unesc destinul cu aleasa inimii.\u201d Ceremonia va avea loc dup\u0103 cum urmeaz\u0103\u2026","isPartOf":{"@id":"https:\/\/www.letsportsrock.com\/#website"},"primaryImageOfPage":{"@id":"https:\/\/www.letsportsrock.com\/?p=45297#primaryimage"},"image":{"@id":"https:\/\/www.letsportsrock.com\/?p=45297#primaryimage"},"thumbnailUrl":"https:\/\/www.letsportsrock.com\/wp-content\/uploads\/2025\/06\/images-2025-06-05T091300.436.jpeg","datePublished":"2025-06-05T08:14:04+00:00","author":{"@id":"https:\/\/www.letsportsrock.com\/#\/schema\/person\/044479f72bdbd75f9523e745d3be6c30"},"description":"Andrei Ivan anun\u021b\u0103 data nun\u021bii \u0219i face un apel emo\u021bionant: \u201eV\u0103 rog s\u0103 fi\u021bi al\u0103turi de mine \u00een ziua \u00een care \u00eemi unesc destinul cu aleasa inimii.\u201d Ceremonia va avea loc dup\u0103 cum urmeaz\u0103\u2026","breadcrumb":{"@id":"https:\/\/www.letsportsrock.com\/?p=45297#breadcrumb"},"inLanguage":"en-US","potentialAction":[{"@type":"ReadAction","target":["https:\/\/www.letsportsrock.com\/?p=45297"]}]},{"@type":"ImageObject","inLanguage":"en-US","@id":"https:\/\/www.letsportsrock.com\/?p=45297#primaryimage","url":"https:\/\/www.letsportsrock.com\/wp-content\/uploads\/2025\/06\/images-2025-06-05T091300.436.jpeg","contentUrl":"https:\/\/www.letsportsrock.com\/wp-content\/uploads\/2025\/06\/images-2025-06-05T091300.436.jpeg","width":275,"height":183},{"@type":"BreadcrumbList","@id":"https:\/\/www.letsportsrock.com\/?p=45297#breadcrumb","itemListElement":[{"@type":"ListItem","position":1,"name":"Home","item":"https:\/\/www.letsportsrock.com\/"},{"@type":"ListItem","position":2,"name":"Andrei Ivan anun\u021b\u0103 data nun\u021bii \u0219i face un apel emo\u021bionant: \u201eV\u0103 rog s\u0103 fi\u021bi al\u0103turi de mine \u00een ziua \u00een care \u00eemi unesc destinul cu aleasa inimii.\u201d Ceremonia va avea loc dup\u0103 cum urmeaz\u0103\u2026"}]},{"@type":"WebSite","@id":"https:\/\/www.letsportsrock.com\/#website","url":"https:\/\/www.letsportsrock.com\/","name":"letsportsrock","description":"Sport News and Updates","potentialAction":[{"@type":"SearchAction","target":{"@type":"EntryPoint","urlTemplate":"https:\/\/www.letsportsrock.com\/?s={search_term_string}"},"query-input":{"@type":"PropertyValueSpecification","valueRequired":true,"valueName":"search_term_string"}}],"inLanguage":"en-US"},{"@type":"Person","@id":"https:\/\/www.letsportsrock.com\/#\/schema\/person\/044479f72bdbd75f9523e745d3be6c30","name":"Amos Nabizo","image":{"@type":"ImageObject","inLanguage":"en-US","@id":"https:\/\/secure.gravatar.com\/avatar\/d569857c07d3899c6ca842ffea32daa1672c05549833530fe37e68ae7b521ba4?s=96&d=mm&r=g","url":"https:\/\/secure.gravatar.com\/avatar\/d569857c07d3899c6ca842ffea32daa1672c05549833530fe37e68ae7b521ba4?s=96&d=mm&r=g","contentUrl":"https:\/\/secure.gravatar.com\/avatar\/d569857c07d3899c6ca842ffea32daa1672c05549833530fe37e68ae7b521ba4?s=96&d=mm&r=g","caption":"Amos Nabizo"},"sameAs":["https:\/\/www.letsportsrock.com\/wp-admin\/"],"url":"https:\/\/www.letsportsrock.com\/?author=15"}]}},"jetpack_featured_media_url":"https:\/\/www.letsportsrock.com\/wp-content\/uploads\/2025\/06\/images-2025-06-05T091300.436.jpeg","jetpack_sharing_enabled":true,"_links":{"self":[{"href":"https:\/\/www.letsportsrock.com\/index.php?rest_route=\/wp\/v2\/posts\/45297","targetHints":{"allow":["GET"]}}],"collection":[{"href":"https:\/\/www.letsportsrock.com\/index.php?rest_route=\/wp\/v2\/posts"}],"about":[{"href":"https:\/\/www.letsportsrock.com\/index.php?rest_route=\/wp\/v2\/types\/post"}],"author":[{"embeddable":true,"href":"https:\/\/www.letsportsrock.com\/index.php?rest_route=\/wp\/v2\/users\/15"}],"replies":[{"embeddable":true,"href":"https:\/\/www.letsportsrock.com\/index.php?rest_route=%2Fwp%2Fv2%2Fcomments&post=45297"}],"version-history":[{"count":1,"href":"https:\/\/www.letsportsrock.com\/index.php?rest_route=\/wp\/v2\/posts\/45297\/revisions"}],"predecessor-version":[{"id":45300,"href":"https:\/\/www.letsportsrock.com\/index.php?rest_route=\/wp\/v2\/posts\/45297\/revisions\/45300"}],"wp:featuredmedia":[{"embeddable":true,"href":"https:\/\/www.letsportsrock.com\/index.php?rest_route=\/wp\/v2\/media\/45298"}],"wp:attachment":[{"href":"https:\/\/www.letsportsrock.com\/index.php?rest_route=%2Fwp%2Fv2%2Fmedia&parent=45297"}],"wp:term":[{"taxonomy":"category","embeddable":true,"href":"https:\/\/www.letsportsrock.com\/index.php?rest_route=%2Fwp%2Fv2%2Fcategories&post=45297"},{"taxonomy":"post_tag","embeddable":true,"href":"https:\/\/www.letsportsrock.com\/index.php?rest_route=%2Fwp%2Fv2%2Ftags&post=45297"}],"curies":[{"name":"wp","href":"https:\/\/api.w.org\/{rel}","templated":true}]}}