{"id":45313,"date":"2025-06-05T17:19:07","date_gmt":"2025-06-05T17:19:07","guid":{"rendered":"https:\/\/www.letsportsrock.com\/?p=45313"},"modified":"2025-06-05T17:19:07","modified_gmt":"2025-06-05T17:19:07","slug":"cristi-chivu-va-prelua-inter-maine-semneaza-un-contract-pe-doi-ani-cu-vicecampioana-italiei-formatia-unde-a-scris-istorie-ca-jucator","status":"publish","type":"post","link":"https:\/\/www.letsportsrock.com\/?p=45313","title":{"rendered":"Cristi Chivu va prelua Inter, m\u00e2ine semneaz\u0103 un contract pe doi ani cu vicecampioana Italiei, forma\u021bia unde a scris istorie ca juc\u0103tor&#8230;."},"content":{"rendered":"<div class=\"d79db4796efc26332eabfc3f5dafbc76\" data-index=\"1\" style=\"float: none; margin:10px 0 10px 0; text-align:center;\">\n<div class=\"hb-ad-inarticle\">\r\n    <div class=\"hb-ad-inner\"> \r\n    <div class=\"hbagency_cls\"  id=\"hbagency_space_111930\"><\/div><\/div> <\/div>\n<\/div>\n<p>Cristi Chivu va prelua Inter, m\u00e2ine semneaz\u0103 un contract pe doi ani cu vicecampioana Italiei, forma\u021bia unde a scris istorie ca juc\u0103tor&#8230;.<\/p>\n<p>&nbsp;<\/p>\n<p>Cristi Chivu a fost numit oficial antrenor principal al echipei Parma din Serie A, semn\u00e2nd un contract valabil p\u00e2n\u0103 \u00een vara anului 2026. Aceasta este prima sa experien\u021b\u0103 ca antrenor al unei echipe de seniori, dup\u0103 ce a preg\u0103tit echipele de tineret ale lui Inter Milano \u00eentre 2018 \u0219i 2024, inclusiv forma\u021bia Primavera, cu care a c\u00e2\u0219tigat titlul de campion la prima \u00eencercare .<\/p>\n<p><img loading=\"lazy\" decoding=\"async\" class=\"alignnone size-medium wp-image-45315\" src=\"https:\/\/www.letsportsrock.com\/wp-content\/uploads\/2025\/06\/images-2025-06-05T181802.055-300x168.jpeg\" alt=\"\" width=\"300\" height=\"168\" srcset=\"https:\/\/www.letsportsrock.com\/wp-content\/uploads\/2025\/06\/images-2025-06-05T181802.055-300x168.jpeg 300w, https:\/\/www.letsportsrock.com\/wp-content\/uploads\/2025\/06\/images-2025-06-05T181802.055.jpeg 739w\" sizes=\"auto, (max-width: 300px) 100vw, 300px\" \/><\/p>\n<p>Parma traverseaz\u0103 o perioad\u0103 dificil\u0103, afl\u00e2ndu-se pe locul 18 \u00een clasament, cu doar 20 de puncte \u00een 25 de meciuri . Obiectivul principal al lui Chivu este salvarea echipei de la retrogradare. El \u00eei va avea sub comand\u0103 pe juc\u0103torii rom\u00e2ni Dennis Man \u0219i Valentin Mih\u0103il\u0103 .<\/p>\n<p>&nbsp;<\/p>\n<p>Chivu a fost preferat de conducerea Parmei \u00een detrimentul altor candida\u021bi, precum Andrea Pirlo \u0219i Igor Tudor. Pre\u0219edintele executiv Federico Cherubini l-a considerat pe Chivu un pariu promi\u021b\u0103tor pentru redresarea echipei .<\/p>\n<p>&nbsp;<\/p>\n<p>Fostul interna\u021bional rom\u00e2n a fost prezentat oficial \u0219i a condus deja primul antrenament al echipei. Debutul s\u0103u pe banca tehnic\u0103 va avea loc \u00een meciul cu Bologna, programat s\u00e2mb\u0103t\u0103, 22 februarie 2025, de la ora 16:00, \u00een etapa a 26-a din Serie A .<\/p>\n<p>&nbsp;<\/p>\n<p>Dac\u0103 va reu\u0219i s\u0103 men\u021bin\u0103 Parma \u00een prima lig\u0103, Chivu ar putea deveni un candidat serios pentru postul de antrenor al lui Inter Milano, club la care a evoluat ca juc\u0103tor \u00eentre 2007 \u0219i 2014 \u0219i unde a c\u00e2\u0219tigat Liga Campionilor \u00een 2010<\/p>\n\n<div style=\"font-size: 0px; height: 0px; line-height: 0px; margin: 0; padding: 0; clear: both;\"><\/div>","protected":false},"excerpt":{"rendered":"<p>Cristi Chivu va prelua Inter, m\u00e2ine semneaz\u0103 un contract pe doi ani cu vicecampioana Italiei, forma\u021bia unde a scris istorie ca juc\u0103tor&#8230;. &nbsp; Cristi Chivu a fost numit oficial antrenor principal al echipei Parma din Serie A, semn\u00e2nd un contract valabil p\u00e2n\u0103 \u00een vara anului 2026. Aceasta este prima sa experien\u021b\u0103 ca antrenor al unei [&hellip;]<\/p>\n","protected":false},"author":15,"featured_media":45314,"comment_status":"open","ping_status":"open","sticky":false,"template":"","format":"standard","meta":{"_jetpack_memberships_contains_paid_content":false,"footnotes":""},"categories":[1],"tags":[666],"class_list":["post-45313","post","type-post","status-publish","format-standard","has-post-thumbnail","hentry","category-uncategorized","tag-cfr-istii"],"yoast_head":"<!-- This site is optimized with the Yoast SEO plugin v27.4 - https:\/\/yoast.com\/product\/yoast-seo-wordpress\/ -->\n<title>Cristi Chivu va prelua Inter, m\u00e2ine semneaz\u0103 un contract pe doi ani cu vicecampioana Italiei, forma\u021bia unde a scris istorie ca juc\u0103tor....<\/title>\n<meta name=\"description\" content=\"Cristi Chivu va prelua Inter, m\u00e2ine semneaz\u0103 un contract pe doi ani cu vicecampioana Italiei, forma\u021bia unde a scris istorie ca juc\u0103tor....\" \/>\n<meta name=\"robots\" content=\"index, follow, max-snippet:-1, max-image-preview:large, max-video-preview:-1\" \/>\n<link rel=\"canonical\" href=\"https:\/\/www.letsportsrock.com\/?p=45313\" \/>\n<meta property=\"og:locale\" content=\"en_US\" \/>\n<meta property=\"og:type\" content=\"article\" \/>\n<meta property=\"og:title\" content=\"Cristi Chivu va prelua Inter, m\u00e2ine semneaz\u0103 un contract pe doi ani cu vicecampioana Italiei, forma\u021bia unde a scris istorie ca juc\u0103tor....\" \/>\n<meta property=\"og:description\" content=\"Cristi Chivu va prelua Inter, m\u00e2ine semneaz\u0103 un contract pe doi ani cu vicecampioana Italiei, forma\u021bia unde a scris istorie ca juc\u0103tor....\" \/>\n<meta property=\"og:url\" content=\"https:\/\/www.letsportsrock.com\/?p=45313\" \/>\n<meta property=\"og:site_name\" content=\"letsportsrock\" \/>\n<meta property=\"article:published_time\" content=\"2025-06-05T17:19:07+00:00\" \/>\n<meta property=\"og:image\" content=\"https:\/\/www.letsportsrock.com\/wp-content\/uploads\/2025\/06\/profimedia-1003416957.jpg\" \/>\n\t<meta property=\"og:image:width\" content=\"960\" \/>\n\t<meta property=\"og:image:height\" content=\"640\" \/>\n\t<meta property=\"og:image:type\" content=\"image\/jpeg\" \/>\n<meta name=\"author\" content=\"Amos Nabizo\" \/>\n<meta name=\"twitter:card\" content=\"summary_large_image\" \/>\n<meta name=\"twitter:label1\" content=\"Written by\" \/>\n\t<meta name=\"twitter:data1\" content=\"Amos Nabizo\" \/>\n\t<meta name=\"twitter:label2\" content=\"Est. reading time\" \/>\n\t<meta name=\"twitter:data2\" content=\"2 minutes\" \/>\n<script type=\"application\/ld+json\" class=\"yoast-schema-graph\">{\"@context\":\"https:\\\/\\\/schema.org\",\"@graph\":[{\"@type\":\"Article\",\"@id\":\"https:\\\/\\\/www.letsportsrock.com\\\/?p=45313#article\",\"isPartOf\":{\"@id\":\"https:\\\/\\\/www.letsportsrock.com\\\/?p=45313\"},\"author\":{\"name\":\"Amos Nabizo\",\"@id\":\"https:\\\/\\\/www.letsportsrock.com\\\/#\\\/schema\\\/person\\\/044479f72bdbd75f9523e745d3be6c30\"},\"headline\":\"Cristi Chivu va prelua Inter, m\u00e2ine semneaz\u0103 un contract pe doi ani cu vicecampioana Italiei, forma\u021bia unde a scris istorie ca juc\u0103tor&#8230;.\",\"datePublished\":\"2025-06-05T17:19:07+00:00\",\"mainEntityOfPage\":{\"@id\":\"https:\\\/\\\/www.letsportsrock.com\\\/?p=45313\"},\"wordCount\":288,\"commentCount\":0,\"image\":{\"@id\":\"https:\\\/\\\/www.letsportsrock.com\\\/?p=45313#primaryimage\"},\"thumbnailUrl\":\"https:\\\/\\\/www.letsportsrock.com\\\/wp-content\\\/uploads\\\/2025\\\/06\\\/profimedia-1003416957.jpg\",\"keywords\":[\"CFR I\u0218TII\"],\"inLanguage\":\"en-US\",\"potentialAction\":[{\"@type\":\"CommentAction\",\"name\":\"Comment\",\"target\":[\"https:\\\/\\\/www.letsportsrock.com\\\/?p=45313#respond\"]}]},{\"@type\":\"WebPage\",\"@id\":\"https:\\\/\\\/www.letsportsrock.com\\\/?p=45313\",\"url\":\"https:\\\/\\\/www.letsportsrock.com\\\/?p=45313\",\"name\":\"Cristi Chivu va prelua Inter, m\u00e2ine semneaz\u0103 un contract pe doi ani cu vicecampioana Italiei, forma\u021bia unde a scris istorie ca juc\u0103tor....\",\"isPartOf\":{\"@id\":\"https:\\\/\\\/www.letsportsrock.com\\\/#website\"},\"primaryImageOfPage\":{\"@id\":\"https:\\\/\\\/www.letsportsrock.com\\\/?p=45313#primaryimage\"},\"image\":{\"@id\":\"https:\\\/\\\/www.letsportsrock.com\\\/?p=45313#primaryimage\"},\"thumbnailUrl\":\"https:\\\/\\\/www.letsportsrock.com\\\/wp-content\\\/uploads\\\/2025\\\/06\\\/profimedia-1003416957.jpg\",\"datePublished\":\"2025-06-05T17:19:07+00:00\",\"author\":{\"@id\":\"https:\\\/\\\/www.letsportsrock.com\\\/#\\\/schema\\\/person\\\/044479f72bdbd75f9523e745d3be6c30\"},\"description\":\"Cristi Chivu va prelua Inter, m\u00e2ine semneaz\u0103 un contract pe doi ani cu vicecampioana Italiei, forma\u021bia unde a scris istorie ca juc\u0103tor....\",\"breadcrumb\":{\"@id\":\"https:\\\/\\\/www.letsportsrock.com\\\/?p=45313#breadcrumb\"},\"inLanguage\":\"en-US\",\"potentialAction\":[{\"@type\":\"ReadAction\",\"target\":[\"https:\\\/\\\/www.letsportsrock.com\\\/?p=45313\"]}]},{\"@type\":\"ImageObject\",\"inLanguage\":\"en-US\",\"@id\":\"https:\\\/\\\/www.letsportsrock.com\\\/?p=45313#primaryimage\",\"url\":\"https:\\\/\\\/www.letsportsrock.com\\\/wp-content\\\/uploads\\\/2025\\\/06\\\/profimedia-1003416957.jpg\",\"contentUrl\":\"https:\\\/\\\/www.letsportsrock.com\\\/wp-content\\\/uploads\\\/2025\\\/06\\\/profimedia-1003416957.jpg\",\"width\":960,\"height\":640,\"caption\":\"May 25, 2025, Bergamo, Italy: Cristian Chivu (Head Coach Parma Calcio) greets the fans after the match during Atalanta BC vs Parma Calcio, Italian soccer Serie A match in Bergamo, Italy, May 25 2025,Image: 1003416957, License: Rights-managed, Restrictions: * Italy Rights Out *, Model Release: no\"},{\"@type\":\"BreadcrumbList\",\"@id\":\"https:\\\/\\\/www.letsportsrock.com\\\/?p=45313#breadcrumb\",\"itemListElement\":[{\"@type\":\"ListItem\",\"position\":1,\"name\":\"Home\",\"item\":\"https:\\\/\\\/www.letsportsrock.com\\\/\"},{\"@type\":\"ListItem\",\"position\":2,\"name\":\"Cristi Chivu va prelua Inter, m\u00e2ine semneaz\u0103 un contract pe doi ani cu vicecampioana Italiei, forma\u021bia unde a scris istorie ca juc\u0103tor&#8230;.\"}]},{\"@type\":\"WebSite\",\"@id\":\"https:\\\/\\\/www.letsportsrock.com\\\/#website\",\"url\":\"https:\\\/\\\/www.letsportsrock.com\\\/\",\"name\":\"letsportsrock\",\"description\":\"Sport News and Updates\",\"potentialAction\":[{\"@type\":\"SearchAction\",\"target\":{\"@type\":\"EntryPoint\",\"urlTemplate\":\"https:\\\/\\\/www.letsportsrock.com\\\/?s={search_term_string}\"},\"query-input\":{\"@type\":\"PropertyValueSpecification\",\"valueRequired\":true,\"valueName\":\"search_term_string\"}}],\"inLanguage\":\"en-US\"},{\"@type\":\"Person\",\"@id\":\"https:\\\/\\\/www.letsportsrock.com\\\/#\\\/schema\\\/person\\\/044479f72bdbd75f9523e745d3be6c30\",\"name\":\"Amos Nabizo\",\"image\":{\"@type\":\"ImageObject\",\"inLanguage\":\"en-US\",\"@id\":\"https:\\\/\\\/secure.gravatar.com\\\/avatar\\\/d569857c07d3899c6ca842ffea32daa1672c05549833530fe37e68ae7b521ba4?s=96&d=mm&r=g\",\"url\":\"https:\\\/\\\/secure.gravatar.com\\\/avatar\\\/d569857c07d3899c6ca842ffea32daa1672c05549833530fe37e68ae7b521ba4?s=96&d=mm&r=g\",\"contentUrl\":\"https:\\\/\\\/secure.gravatar.com\\\/avatar\\\/d569857c07d3899c6ca842ffea32daa1672c05549833530fe37e68ae7b521ba4?s=96&d=mm&r=g\",\"caption\":\"Amos Nabizo\"},\"sameAs\":[\"https:\\\/\\\/www.letsportsrock.com\\\/wp-admin\\\/\"],\"url\":\"https:\\\/\\\/www.letsportsrock.com\\\/?author=15\"}]}<\/script>\n<!-- \/ Yoast SEO plugin. -->","yoast_head_json":{"title":"Cristi Chivu va prelua Inter, m\u00e2ine semneaz\u0103 un contract pe doi ani cu vicecampioana Italiei, forma\u021bia unde a scris istorie ca juc\u0103tor....","description":"Cristi Chivu va prelua Inter, m\u00e2ine semneaz\u0103 un contract pe doi ani cu vicecampioana Italiei, forma\u021bia unde a scris istorie ca juc\u0103tor....","robots":{"index":"index","follow":"follow","max-snippet":"max-snippet:-1","max-image-preview":"max-image-preview:large","max-video-preview":"max-video-preview:-1"},"canonical":"https:\/\/www.letsportsrock.com\/?p=45313","og_locale":"en_US","og_type":"article","og_title":"Cristi Chivu va prelua Inter, m\u00e2ine semneaz\u0103 un contract pe doi ani cu vicecampioana Italiei, forma\u021bia unde a scris istorie ca juc\u0103tor....","og_description":"Cristi Chivu va prelua Inter, m\u00e2ine semneaz\u0103 un contract pe doi ani cu vicecampioana Italiei, forma\u021bia unde a scris istorie ca juc\u0103tor....","og_url":"https:\/\/www.letsportsrock.com\/?p=45313","og_site_name":"letsportsrock","article_published_time":"2025-06-05T17:19:07+00:00","og_image":[{"width":960,"height":640,"url":"https:\/\/www.letsportsrock.com\/wp-content\/uploads\/2025\/06\/profimedia-1003416957.jpg","type":"image\/jpeg"}],"author":"Amos Nabizo","twitter_card":"summary_large_image","twitter_misc":{"Written by":"Amos Nabizo","Est. reading time":"2 minutes"},"schema":{"@context":"https:\/\/schema.org","@graph":[{"@type":"Article","@id":"https:\/\/www.letsportsrock.com\/?p=45313#article","isPartOf":{"@id":"https:\/\/www.letsportsrock.com\/?p=45313"},"author":{"name":"Amos Nabizo","@id":"https:\/\/www.letsportsrock.com\/#\/schema\/person\/044479f72bdbd75f9523e745d3be6c30"},"headline":"Cristi Chivu va prelua Inter, m\u00e2ine semneaz\u0103 un contract pe doi ani cu vicecampioana Italiei, forma\u021bia unde a scris istorie ca juc\u0103tor&#8230;.","datePublished":"2025-06-05T17:19:07+00:00","mainEntityOfPage":{"@id":"https:\/\/www.letsportsrock.com\/?p=45313"},"wordCount":288,"commentCount":0,"image":{"@id":"https:\/\/www.letsportsrock.com\/?p=45313#primaryimage"},"thumbnailUrl":"https:\/\/www.letsportsrock.com\/wp-content\/uploads\/2025\/06\/profimedia-1003416957.jpg","keywords":["CFR I\u0218TII"],"inLanguage":"en-US","potentialAction":[{"@type":"CommentAction","name":"Comment","target":["https:\/\/www.letsportsrock.com\/?p=45313#respond"]}]},{"@type":"WebPage","@id":"https:\/\/www.letsportsrock.com\/?p=45313","url":"https:\/\/www.letsportsrock.com\/?p=45313","name":"Cristi Chivu va prelua Inter, m\u00e2ine semneaz\u0103 un contract pe doi ani cu vicecampioana Italiei, forma\u021bia unde a scris istorie ca juc\u0103tor....","isPartOf":{"@id":"https:\/\/www.letsportsrock.com\/#website"},"primaryImageOfPage":{"@id":"https:\/\/www.letsportsrock.com\/?p=45313#primaryimage"},"image":{"@id":"https:\/\/www.letsportsrock.com\/?p=45313#primaryimage"},"thumbnailUrl":"https:\/\/www.letsportsrock.com\/wp-content\/uploads\/2025\/06\/profimedia-1003416957.jpg","datePublished":"2025-06-05T17:19:07+00:00","author":{"@id":"https:\/\/www.letsportsrock.com\/#\/schema\/person\/044479f72bdbd75f9523e745d3be6c30"},"description":"Cristi Chivu va prelua Inter, m\u00e2ine semneaz\u0103 un contract pe doi ani cu vicecampioana Italiei, forma\u021bia unde a scris istorie ca juc\u0103tor....","breadcrumb":{"@id":"https:\/\/www.letsportsrock.com\/?p=45313#breadcrumb"},"inLanguage":"en-US","potentialAction":[{"@type":"ReadAction","target":["https:\/\/www.letsportsrock.com\/?p=45313"]}]},{"@type":"ImageObject","inLanguage":"en-US","@id":"https:\/\/www.letsportsrock.com\/?p=45313#primaryimage","url":"https:\/\/www.letsportsrock.com\/wp-content\/uploads\/2025\/06\/profimedia-1003416957.jpg","contentUrl":"https:\/\/www.letsportsrock.com\/wp-content\/uploads\/2025\/06\/profimedia-1003416957.jpg","width":960,"height":640,"caption":"May 25, 2025, Bergamo, Italy: Cristian Chivu (Head Coach Parma Calcio) greets the fans after the match during Atalanta BC vs Parma Calcio, Italian soccer Serie A match in Bergamo, Italy, May 25 2025,Image: 1003416957, License: Rights-managed, Restrictions: * Italy Rights Out *, Model Release: no"},{"@type":"BreadcrumbList","@id":"https:\/\/www.letsportsrock.com\/?p=45313#breadcrumb","itemListElement":[{"@type":"ListItem","position":1,"name":"Home","item":"https:\/\/www.letsportsrock.com\/"},{"@type":"ListItem","position":2,"name":"Cristi Chivu va prelua Inter, m\u00e2ine semneaz\u0103 un contract pe doi ani cu vicecampioana Italiei, forma\u021bia unde a scris istorie ca juc\u0103tor&#8230;."}]},{"@type":"WebSite","@id":"https:\/\/www.letsportsrock.com\/#website","url":"https:\/\/www.letsportsrock.com\/","name":"letsportsrock","description":"Sport News and Updates","potentialAction":[{"@type":"SearchAction","target":{"@type":"EntryPoint","urlTemplate":"https:\/\/www.letsportsrock.com\/?s={search_term_string}"},"query-input":{"@type":"PropertyValueSpecification","valueRequired":true,"valueName":"search_term_string"}}],"inLanguage":"en-US"},{"@type":"Person","@id":"https:\/\/www.letsportsrock.com\/#\/schema\/person\/044479f72bdbd75f9523e745d3be6c30","name":"Amos Nabizo","image":{"@type":"ImageObject","inLanguage":"en-US","@id":"https:\/\/secure.gravatar.com\/avatar\/d569857c07d3899c6ca842ffea32daa1672c05549833530fe37e68ae7b521ba4?s=96&d=mm&r=g","url":"https:\/\/secure.gravatar.com\/avatar\/d569857c07d3899c6ca842ffea32daa1672c05549833530fe37e68ae7b521ba4?s=96&d=mm&r=g","contentUrl":"https:\/\/secure.gravatar.com\/avatar\/d569857c07d3899c6ca842ffea32daa1672c05549833530fe37e68ae7b521ba4?s=96&d=mm&r=g","caption":"Amos Nabizo"},"sameAs":["https:\/\/www.letsportsrock.com\/wp-admin\/"],"url":"https:\/\/www.letsportsrock.com\/?author=15"}]}},"jetpack_featured_media_url":"https:\/\/www.letsportsrock.com\/wp-content\/uploads\/2025\/06\/profimedia-1003416957.jpg","jetpack_sharing_enabled":true,"_links":{"self":[{"href":"https:\/\/www.letsportsrock.com\/index.php?rest_route=\/wp\/v2\/posts\/45313","targetHints":{"allow":["GET"]}}],"collection":[{"href":"https:\/\/www.letsportsrock.com\/index.php?rest_route=\/wp\/v2\/posts"}],"about":[{"href":"https:\/\/www.letsportsrock.com\/index.php?rest_route=\/wp\/v2\/types\/post"}],"author":[{"embeddable":true,"href":"https:\/\/www.letsportsrock.com\/index.php?rest_route=\/wp\/v2\/users\/15"}],"replies":[{"embeddable":true,"href":"https:\/\/www.letsportsrock.com\/index.php?rest_route=%2Fwp%2Fv2%2Fcomments&post=45313"}],"version-history":[{"count":1,"href":"https:\/\/www.letsportsrock.com\/index.php?rest_route=\/wp\/v2\/posts\/45313\/revisions"}],"predecessor-version":[{"id":45317,"href":"https:\/\/www.letsportsrock.com\/index.php?rest_route=\/wp\/v2\/posts\/45313\/revisions\/45317"}],"wp:featuredmedia":[{"embeddable":true,"href":"https:\/\/www.letsportsrock.com\/index.php?rest_route=\/wp\/v2\/media\/45314"}],"wp:attachment":[{"href":"https:\/\/www.letsportsrock.com\/index.php?rest_route=%2Fwp%2Fv2%2Fmedia&parent=45313"}],"wp:term":[{"taxonomy":"category","embeddable":true,"href":"https:\/\/www.letsportsrock.com\/index.php?rest_route=%2Fwp%2Fv2%2Fcategories&post=45313"},{"taxonomy":"post_tag","embeddable":true,"href":"https:\/\/www.letsportsrock.com\/index.php?rest_route=%2Fwp%2Fv2%2Ftags&post=45313"}],"curies":[{"name":"wp","href":"https:\/\/api.w.org\/{rel}","templated":true}]}}