{"id":45702,"date":"2025-06-06T07:22:41","date_gmt":"2025-06-06T07:22:41","guid":{"rendered":"https:\/\/www.letsportsrock.com\/?p=45702"},"modified":"2025-06-06T07:22:41","modified_gmt":"2025-06-06T07:22:41","slug":"se-face-transferul-lui-ionut-gurau-fostul-portar-de-la-fcu-craiova-am-si-discutat-cu-el","status":"publish","type":"post","link":"https:\/\/www.letsportsrock.com\/?p=45702","title":{"rendered":"Se face transferul lui Ionu\u021b Gur\u0103u, fostul portar de la FCU Craiova: \u201eAm \u0219i discutat cu el\u201d&#8230;.."},"content":{"rendered":"<div class=\"d79db4796efc26332eabfc3f5dafbc76\" data-index=\"1\" style=\"float: none; margin:10px 0 10px 0; text-align:center;\">\n<div class=\"hb-ad-inarticle\">\r\n    <div class=\"hb-ad-inner\"> \r\n    <div class=\"hbagency_cls\"  id=\"hbagency_space_111930\"><\/div><\/div> <\/div>\n<\/div>\n<p>Se face transferul lui Ionu\u021b Gur\u0103u, fostul portar de la FCU Craiova: \u201eAm \u0219i discutat cu el\u201d&#8230;..<\/p>\n<p>&nbsp;<\/p>\n<p>&nbsp;<\/p>\n<p>Ionu\u021b Gur\u0103u, fostul portar al echipei FCU Craiova, este foarte aproape de a-\u0219i g\u0103si un nou angajament, dup\u0103 ce s-a desp\u0103r\u021bit de forma\u021bia oltean\u0103. Transferul s\u0103u pare iminent, iar surse din apropierea negocierilor confirm\u0103 faptul c\u0103 discu\u021biile sunt \u00eentr-un stadiu avansat. Un oficial al noului club interesat a declarat: \u201eAm \u0219i discutat cu el, este deschis \u0219i dornic s\u0103 revin\u0103 pe teren c\u00e2t mai repede. Ne dorim s\u0103-l avem al\u0103turi, este un portar cu experien\u021b\u0103 \u0219i calit\u0103\u021bi reale.\u201d<img loading=\"lazy\" decoding=\"async\" class=\"alignnone size-medium wp-image-45703\" src=\"https:\/\/www.letsportsrock.com\/wp-content\/uploads\/2025\/06\/images-89-2-300x201.jpeg\" alt=\"\" width=\"300\" height=\"201\" srcset=\"https:\/\/www.letsportsrock.com\/wp-content\/uploads\/2025\/06\/images-89-2-300x201.jpeg 300w, https:\/\/www.letsportsrock.com\/wp-content\/uploads\/2025\/06\/images-89-2.jpeg 500w\" sizes=\"auto, (max-width: 300px) 100vw, 300px\" \/><\/p>\n<p>Gur\u0103u, \u00een v\u00e2rst\u0103 de 27 de ani, a evoluat pentru FCU Craiova \u00een mai multe r\u00e2nduri, contribuind la promovarea echipei \u00een Liga 1 \u0219i av\u00e2nd presta\u021bii apreciate \u00een poart\u0103. Cu toate acestea, ultimele sezoane au fost mai dificile pentru el, din cauza concuren\u021bei \u0219i accident\u0103rilor. Acum, mutarea sa \u00eentr-un nou proiect ar putea reprezenta un nou \u00eenceput.<\/p>\n<p>Se pare c\u0103 echipa interesat\u0103 activeaz\u0103 \u00een Liga 2, \u00eens\u0103 nu este exclus ca portarul s\u0103 ajung\u0103 \u0219i \u00een prima lig\u0103, \u00een func\u021bie de cum evolueaz\u0103 negocierile. Transferul ar putea fi oficializat \u00een urm\u0103toarele zile, iar Gur\u0103u ar urma s\u0103 se al\u0103ture lotului \u00een perioada de preg\u0103tire de var\u0103.<\/p>\n\n<div style=\"font-size: 0px; height: 0px; line-height: 0px; margin: 0; padding: 0; clear: both;\"><\/div>","protected":false},"excerpt":{"rendered":"<p>Se face transferul lui Ionu\u021b Gur\u0103u, fostul portar de la FCU Craiova: \u201eAm \u0219i discutat cu el\u201d&#8230;.. &nbsp; &nbsp; Ionu\u021b Gur\u0103u, fostul portar al echipei FCU Craiova, este foarte aproape de a-\u0219i g\u0103si un nou angajament, dup\u0103 ce s-a desp\u0103r\u021bit de forma\u021bia oltean\u0103. Transferul s\u0103u pare iminent, iar surse din apropierea negocierilor confirm\u0103 faptul c\u0103 [&hellip;]<\/p>\n","protected":false},"author":9,"featured_media":45704,"comment_status":"open","ping_status":"open","sticky":false,"template":"","format":"standard","meta":{"_jetpack_memberships_contains_paid_content":false,"footnotes":""},"categories":[1],"tags":[682],"class_list":["post-45702","post","type-post","status-publish","format-standard","has-post-thumbnail","hentry","category-uncategorized","tag-universitatea-craiova"],"yoast_head":"<!-- This site is optimized with the Yoast SEO plugin v27.4 - https:\/\/yoast.com\/product\/yoast-seo-wordpress\/ -->\n<title>Se face transferul lui Ionu\u021b Gur\u0103u, fostul portar de la FCU Craiova: \u201eAm \u0219i discutat cu el\u201d.....<\/title>\n<meta name=\"description\" content=\"Se face transferul lui Ionu\u021b Gur\u0103u, fostul portar de la FCU Craiova: \u201eAm \u0219i discutat cu el\u201d.....\" \/>\n<meta name=\"robots\" content=\"index, follow, max-snippet:-1, max-image-preview:large, max-video-preview:-1\" \/>\n<link rel=\"canonical\" href=\"https:\/\/www.letsportsrock.com\/?p=45702\" \/>\n<meta property=\"og:locale\" content=\"en_US\" \/>\n<meta property=\"og:type\" content=\"article\" \/>\n<meta property=\"og:title\" content=\"Se face transferul lui Ionu\u021b Gur\u0103u, fostul portar de la FCU Craiova: \u201eAm \u0219i discutat cu el\u201d.....\" \/>\n<meta property=\"og:description\" content=\"Se face transferul lui Ionu\u021b Gur\u0103u, fostul portar de la FCU Craiova: \u201eAm \u0219i discutat cu el\u201d.....\" \/>\n<meta property=\"og:url\" content=\"https:\/\/www.letsportsrock.com\/?p=45702\" \/>\n<meta property=\"og:site_name\" content=\"letsportsrock\" \/>\n<meta property=\"article:published_time\" content=\"2025-06-06T07:22:41+00:00\" \/>\n<meta property=\"og:image\" content=\"https:\/\/www.letsportsrock.com\/wp-content\/uploads\/2025\/06\/images-88-2.jpeg\" \/>\n\t<meta property=\"og:image:width\" content=\"739\" \/>\n\t<meta property=\"og:image:height\" content=\"415\" \/>\n\t<meta property=\"og:image:type\" content=\"image\/jpeg\" \/>\n<meta name=\"author\" content=\"Paul Hembaor\" \/>\n<meta name=\"twitter:card\" content=\"summary_large_image\" \/>\n<meta name=\"twitter:label1\" content=\"Written by\" \/>\n\t<meta name=\"twitter:data1\" content=\"Paul Hembaor\" \/>\n\t<meta name=\"twitter:label2\" content=\"Est. reading time\" \/>\n\t<meta name=\"twitter:data2\" content=\"2 minutes\" \/>\n<script type=\"application\/ld+json\" class=\"yoast-schema-graph\">{\"@context\":\"https:\\\/\\\/schema.org\",\"@graph\":[{\"@type\":\"Article\",\"@id\":\"https:\\\/\\\/www.letsportsrock.com\\\/?p=45702#article\",\"isPartOf\":{\"@id\":\"https:\\\/\\\/www.letsportsrock.com\\\/?p=45702\"},\"author\":{\"name\":\"Paul Hembaor\",\"@id\":\"https:\\\/\\\/www.letsportsrock.com\\\/#\\\/schema\\\/person\\\/97aa0f336f5a3ca15a8ec7d78846f045\"},\"headline\":\"Se face transferul lui Ionu\u021b Gur\u0103u, fostul portar de la FCU Craiova: \u201eAm \u0219i discutat cu el\u201d&#8230;..\",\"datePublished\":\"2025-06-06T07:22:41+00:00\",\"mainEntityOfPage\":{\"@id\":\"https:\\\/\\\/www.letsportsrock.com\\\/?p=45702\"},\"wordCount\":243,\"commentCount\":0,\"image\":{\"@id\":\"https:\\\/\\\/www.letsportsrock.com\\\/?p=45702#primaryimage\"},\"thumbnailUrl\":\"https:\\\/\\\/www.letsportsrock.com\\\/wp-content\\\/uploads\\\/2025\\\/06\\\/images-88-2.jpeg\",\"keywords\":[\"Universitatea Craiova\"],\"inLanguage\":\"en-US\",\"potentialAction\":[{\"@type\":\"CommentAction\",\"name\":\"Comment\",\"target\":[\"https:\\\/\\\/www.letsportsrock.com\\\/?p=45702#respond\"]}]},{\"@type\":\"WebPage\",\"@id\":\"https:\\\/\\\/www.letsportsrock.com\\\/?p=45702\",\"url\":\"https:\\\/\\\/www.letsportsrock.com\\\/?p=45702\",\"name\":\"Se face transferul lui Ionu\u021b Gur\u0103u, fostul portar de la FCU Craiova: \u201eAm \u0219i discutat cu el\u201d.....\",\"isPartOf\":{\"@id\":\"https:\\\/\\\/www.letsportsrock.com\\\/#website\"},\"primaryImageOfPage\":{\"@id\":\"https:\\\/\\\/www.letsportsrock.com\\\/?p=45702#primaryimage\"},\"image\":{\"@id\":\"https:\\\/\\\/www.letsportsrock.com\\\/?p=45702#primaryimage\"},\"thumbnailUrl\":\"https:\\\/\\\/www.letsportsrock.com\\\/wp-content\\\/uploads\\\/2025\\\/06\\\/images-88-2.jpeg\",\"datePublished\":\"2025-06-06T07:22:41+00:00\",\"author\":{\"@id\":\"https:\\\/\\\/www.letsportsrock.com\\\/#\\\/schema\\\/person\\\/97aa0f336f5a3ca15a8ec7d78846f045\"},\"description\":\"Se face transferul lui Ionu\u021b Gur\u0103u, fostul portar de la FCU Craiova: \u201eAm \u0219i discutat cu el\u201d.....\",\"breadcrumb\":{\"@id\":\"https:\\\/\\\/www.letsportsrock.com\\\/?p=45702#breadcrumb\"},\"inLanguage\":\"en-US\",\"potentialAction\":[{\"@type\":\"ReadAction\",\"target\":[\"https:\\\/\\\/www.letsportsrock.com\\\/?p=45702\"]}]},{\"@type\":\"ImageObject\",\"inLanguage\":\"en-US\",\"@id\":\"https:\\\/\\\/www.letsportsrock.com\\\/?p=45702#primaryimage\",\"url\":\"https:\\\/\\\/www.letsportsrock.com\\\/wp-content\\\/uploads\\\/2025\\\/06\\\/images-88-2.jpeg\",\"contentUrl\":\"https:\\\/\\\/www.letsportsrock.com\\\/wp-content\\\/uploads\\\/2025\\\/06\\\/images-88-2.jpeg\",\"width\":739,\"height\":415},{\"@type\":\"BreadcrumbList\",\"@id\":\"https:\\\/\\\/www.letsportsrock.com\\\/?p=45702#breadcrumb\",\"itemListElement\":[{\"@type\":\"ListItem\",\"position\":1,\"name\":\"Home\",\"item\":\"https:\\\/\\\/www.letsportsrock.com\\\/\"},{\"@type\":\"ListItem\",\"position\":2,\"name\":\"Se face transferul lui Ionu\u021b Gur\u0103u, fostul portar de la FCU Craiova: \u201eAm \u0219i discutat cu el\u201d&#8230;..\"}]},{\"@type\":\"WebSite\",\"@id\":\"https:\\\/\\\/www.letsportsrock.com\\\/#website\",\"url\":\"https:\\\/\\\/www.letsportsrock.com\\\/\",\"name\":\"letsportsrock\",\"description\":\"Sport News and Updates\",\"potentialAction\":[{\"@type\":\"SearchAction\",\"target\":{\"@type\":\"EntryPoint\",\"urlTemplate\":\"https:\\\/\\\/www.letsportsrock.com\\\/?s={search_term_string}\"},\"query-input\":{\"@type\":\"PropertyValueSpecification\",\"valueRequired\":true,\"valueName\":\"search_term_string\"}}],\"inLanguage\":\"en-US\"},{\"@type\":\"Person\",\"@id\":\"https:\\\/\\\/www.letsportsrock.com\\\/#\\\/schema\\\/person\\\/97aa0f336f5a3ca15a8ec7d78846f045\",\"name\":\"Paul Hembaor\",\"image\":{\"@type\":\"ImageObject\",\"inLanguage\":\"en-US\",\"@id\":\"https:\\\/\\\/secure.gravatar.com\\\/avatar\\\/0574929a03c152e8ea7939c31311f9ea2fe2e06139cd71e2d6e698c217219d60?s=96&d=mm&r=g\",\"url\":\"https:\\\/\\\/secure.gravatar.com\\\/avatar\\\/0574929a03c152e8ea7939c31311f9ea2fe2e06139cd71e2d6e698c217219d60?s=96&d=mm&r=g\",\"contentUrl\":\"https:\\\/\\\/secure.gravatar.com\\\/avatar\\\/0574929a03c152e8ea7939c31311f9ea2fe2e06139cd71e2d6e698c217219d60?s=96&d=mm&r=g\",\"caption\":\"Paul Hembaor\"},\"sameAs\":[\"https:\\\/\\\/www.letsportsrock.com\\\/wp-admin\\\/\"],\"url\":\"https:\\\/\\\/www.letsportsrock.com\\\/?author=9\"}]}<\/script>\n<!-- \/ Yoast SEO plugin. -->","yoast_head_json":{"title":"Se face transferul lui Ionu\u021b Gur\u0103u, fostul portar de la FCU Craiova: \u201eAm \u0219i discutat cu el\u201d.....","description":"Se face transferul lui Ionu\u021b Gur\u0103u, fostul portar de la FCU Craiova: \u201eAm \u0219i discutat cu el\u201d.....","robots":{"index":"index","follow":"follow","max-snippet":"max-snippet:-1","max-image-preview":"max-image-preview:large","max-video-preview":"max-video-preview:-1"},"canonical":"https:\/\/www.letsportsrock.com\/?p=45702","og_locale":"en_US","og_type":"article","og_title":"Se face transferul lui Ionu\u021b Gur\u0103u, fostul portar de la FCU Craiova: \u201eAm \u0219i discutat cu el\u201d.....","og_description":"Se face transferul lui Ionu\u021b Gur\u0103u, fostul portar de la FCU Craiova: \u201eAm \u0219i discutat cu el\u201d.....","og_url":"https:\/\/www.letsportsrock.com\/?p=45702","og_site_name":"letsportsrock","article_published_time":"2025-06-06T07:22:41+00:00","og_image":[{"width":739,"height":415,"url":"https:\/\/www.letsportsrock.com\/wp-content\/uploads\/2025\/06\/images-88-2.jpeg","type":"image\/jpeg"}],"author":"Paul Hembaor","twitter_card":"summary_large_image","twitter_misc":{"Written by":"Paul Hembaor","Est. reading time":"2 minutes"},"schema":{"@context":"https:\/\/schema.org","@graph":[{"@type":"Article","@id":"https:\/\/www.letsportsrock.com\/?p=45702#article","isPartOf":{"@id":"https:\/\/www.letsportsrock.com\/?p=45702"},"author":{"name":"Paul Hembaor","@id":"https:\/\/www.letsportsrock.com\/#\/schema\/person\/97aa0f336f5a3ca15a8ec7d78846f045"},"headline":"Se face transferul lui Ionu\u021b Gur\u0103u, fostul portar de la FCU Craiova: \u201eAm \u0219i discutat cu el\u201d&#8230;..","datePublished":"2025-06-06T07:22:41+00:00","mainEntityOfPage":{"@id":"https:\/\/www.letsportsrock.com\/?p=45702"},"wordCount":243,"commentCount":0,"image":{"@id":"https:\/\/www.letsportsrock.com\/?p=45702#primaryimage"},"thumbnailUrl":"https:\/\/www.letsportsrock.com\/wp-content\/uploads\/2025\/06\/images-88-2.jpeg","keywords":["Universitatea Craiova"],"inLanguage":"en-US","potentialAction":[{"@type":"CommentAction","name":"Comment","target":["https:\/\/www.letsportsrock.com\/?p=45702#respond"]}]},{"@type":"WebPage","@id":"https:\/\/www.letsportsrock.com\/?p=45702","url":"https:\/\/www.letsportsrock.com\/?p=45702","name":"Se face transferul lui Ionu\u021b Gur\u0103u, fostul portar de la FCU Craiova: \u201eAm \u0219i discutat cu el\u201d.....","isPartOf":{"@id":"https:\/\/www.letsportsrock.com\/#website"},"primaryImageOfPage":{"@id":"https:\/\/www.letsportsrock.com\/?p=45702#primaryimage"},"image":{"@id":"https:\/\/www.letsportsrock.com\/?p=45702#primaryimage"},"thumbnailUrl":"https:\/\/www.letsportsrock.com\/wp-content\/uploads\/2025\/06\/images-88-2.jpeg","datePublished":"2025-06-06T07:22:41+00:00","author":{"@id":"https:\/\/www.letsportsrock.com\/#\/schema\/person\/97aa0f336f5a3ca15a8ec7d78846f045"},"description":"Se face transferul lui Ionu\u021b Gur\u0103u, fostul portar de la FCU Craiova: \u201eAm \u0219i discutat cu el\u201d.....","breadcrumb":{"@id":"https:\/\/www.letsportsrock.com\/?p=45702#breadcrumb"},"inLanguage":"en-US","potentialAction":[{"@type":"ReadAction","target":["https:\/\/www.letsportsrock.com\/?p=45702"]}]},{"@type":"ImageObject","inLanguage":"en-US","@id":"https:\/\/www.letsportsrock.com\/?p=45702#primaryimage","url":"https:\/\/www.letsportsrock.com\/wp-content\/uploads\/2025\/06\/images-88-2.jpeg","contentUrl":"https:\/\/www.letsportsrock.com\/wp-content\/uploads\/2025\/06\/images-88-2.jpeg","width":739,"height":415},{"@type":"BreadcrumbList","@id":"https:\/\/www.letsportsrock.com\/?p=45702#breadcrumb","itemListElement":[{"@type":"ListItem","position":1,"name":"Home","item":"https:\/\/www.letsportsrock.com\/"},{"@type":"ListItem","position":2,"name":"Se face transferul lui Ionu\u021b Gur\u0103u, fostul portar de la FCU Craiova: \u201eAm \u0219i discutat cu el\u201d&#8230;.."}]},{"@type":"WebSite","@id":"https:\/\/www.letsportsrock.com\/#website","url":"https:\/\/www.letsportsrock.com\/","name":"letsportsrock","description":"Sport News and Updates","potentialAction":[{"@type":"SearchAction","target":{"@type":"EntryPoint","urlTemplate":"https:\/\/www.letsportsrock.com\/?s={search_term_string}"},"query-input":{"@type":"PropertyValueSpecification","valueRequired":true,"valueName":"search_term_string"}}],"inLanguage":"en-US"},{"@type":"Person","@id":"https:\/\/www.letsportsrock.com\/#\/schema\/person\/97aa0f336f5a3ca15a8ec7d78846f045","name":"Paul Hembaor","image":{"@type":"ImageObject","inLanguage":"en-US","@id":"https:\/\/secure.gravatar.com\/avatar\/0574929a03c152e8ea7939c31311f9ea2fe2e06139cd71e2d6e698c217219d60?s=96&d=mm&r=g","url":"https:\/\/secure.gravatar.com\/avatar\/0574929a03c152e8ea7939c31311f9ea2fe2e06139cd71e2d6e698c217219d60?s=96&d=mm&r=g","contentUrl":"https:\/\/secure.gravatar.com\/avatar\/0574929a03c152e8ea7939c31311f9ea2fe2e06139cd71e2d6e698c217219d60?s=96&d=mm&r=g","caption":"Paul Hembaor"},"sameAs":["https:\/\/www.letsportsrock.com\/wp-admin\/"],"url":"https:\/\/www.letsportsrock.com\/?author=9"}]}},"jetpack_featured_media_url":"https:\/\/www.letsportsrock.com\/wp-content\/uploads\/2025\/06\/images-88-2.jpeg","jetpack_sharing_enabled":true,"_links":{"self":[{"href":"https:\/\/www.letsportsrock.com\/index.php?rest_route=\/wp\/v2\/posts\/45702","targetHints":{"allow":["GET"]}}],"collection":[{"href":"https:\/\/www.letsportsrock.com\/index.php?rest_route=\/wp\/v2\/posts"}],"about":[{"href":"https:\/\/www.letsportsrock.com\/index.php?rest_route=\/wp\/v2\/types\/post"}],"author":[{"embeddable":true,"href":"https:\/\/www.letsportsrock.com\/index.php?rest_route=\/wp\/v2\/users\/9"}],"replies":[{"embeddable":true,"href":"https:\/\/www.letsportsrock.com\/index.php?rest_route=%2Fwp%2Fv2%2Fcomments&post=45702"}],"version-history":[{"count":1,"href":"https:\/\/www.letsportsrock.com\/index.php?rest_route=\/wp\/v2\/posts\/45702\/revisions"}],"predecessor-version":[{"id":45705,"href":"https:\/\/www.letsportsrock.com\/index.php?rest_route=\/wp\/v2\/posts\/45702\/revisions\/45705"}],"wp:featuredmedia":[{"embeddable":true,"href":"https:\/\/www.letsportsrock.com\/index.php?rest_route=\/wp\/v2\/media\/45704"}],"wp:attachment":[{"href":"https:\/\/www.letsportsrock.com\/index.php?rest_route=%2Fwp%2Fv2%2Fmedia&parent=45702"}],"wp:term":[{"taxonomy":"category","embeddable":true,"href":"https:\/\/www.letsportsrock.com\/index.php?rest_route=%2Fwp%2Fv2%2Fcategories&post=45702"},{"taxonomy":"post_tag","embeddable":true,"href":"https:\/\/www.letsportsrock.com\/index.php?rest_route=%2Fwp%2Fv2%2Ftags&post=45702"}],"curies":[{"name":"wp","href":"https:\/\/api.w.org\/{rel}","templated":true}]}}